{"id":8222,"date":"2026-04-07T14:10:51","date_gmt":"2026-04-07T12:10:51","guid":{"rendered":"https:\/\/www.muzeumtrebisov.sk\/?p=8222"},"modified":"2026-04-08T11:15:31","modified_gmt":"2026-04-08T09:15:31","slug":"zachrana-tradicnych-zenskych-dievcenskych-a-muzskych-deregalov-lajbikov-lajblikov-zivotikov-ii-etapa","status":"publish","type":"post","link":"https:\/\/www.muzeumtrebisov.sk\/hu\/blog\/zachrana-tradicnych-zenskych-dievcenskych-a-muzskych-deregalov-lajbikov-lajblikov-zivotikov-ii-etapa\/","title":{"rendered":"\u201eZ\u00e1chrana tradi\u010dn\u00fdch \u017eensk\u00fdch, diev\u010densk\u00fdch a\u00a0mu\u017esk\u00fdch derega\u013eov\/lajb\u00edkov\/lajbl\u00edkov\/\u017eiv\u00f4tikov\u201c &#8211; II. etapa"},"content":{"rendered":"<section class=\"kc-elm kc-css-163750 kc_row\"><div class=\"kc-row-container  kc-container\"><div class=\"kc-wrap-columns\"><div class=\"kc-elm kc-css-857292 kc_col-sm-12 kc_column kc_col-sm-12\"><div class=\"kc-col-container\">\n<div class=\"kc-elm kc-css-891302 kc-title-wrap\">\n\n\t<h1 class=\"kc_title\">\u201eZ\u00e1chrana tradi\u010dn\u00fdch \u017eensk\u00fdch, diev\u010densk\u00fdch a mu\u017esk\u00fdch derega\u013eov\/lajb\u00edkov\/lajbl\u00edkov\/\u017eiv\u00f4tikov\u201c - II. etapa<\/h1>\n<\/div>\n<div class=\"kc-elm kc-css-1229\" style=\"height: 59px; clear: both; width:100%;\"><\/div><div class=\"kc-image-gallery kc-elm kc-css-349497 kc-animated kc-animate-eff-fadeIn\"><h3 class=\"kc-title image-gallery-title\">Projekt podporili: <\/h3>\n<div class=\"kc_image_gallery kc-carousel-image kc-grid\" data-image_masonry=\"yes\">\n<div class=\"item-grid grid-5\"><img src=\"https:\/\/www.muzeumtrebisov.sk\/wp-content\/uploads\/2025\/04\/ksk.png\" alt=\"\"\/><\/div><div class=\"item-grid grid-5\"><img src=\"https:\/\/www.muzeumtrebisov.sk\/wp-content\/uploads\/2025\/04\/fpu.png\" alt=\"\"\/><\/div><\/div>\n<\/div>\n<div class=\"kc-elm kc-css-85063 kc-title-wrap\">\n\n\t<h1 class=\"kc_title\">Postup zakonzervovania s\u00faboru 6 zbierkov\u00fdch predmetov  - lajbl\u00edkov poch\u00e1dzaj\u00facich z obdobia konca 19. storo\u010dia a za\u010diatku 20. storo\u010dia<\/h1>\n<\/div>\n<div class=\"kc-elm kc-css-475160\" style=\"height: 59px; clear: both; width:100%;\"><\/div><div class=\"kc-elm kc-css-600247 kc_row kc_row_inner\"><div class=\"kc-elm kc-css-240819 kc_col-sm-6 kc_column_inner kc_col-sm-6\"><div class=\"kc_wrapper kc-col-inner-container\"><div class=\"kc-elm kc-css-506563 kc_text_block\"><\/p>\n<p class=\"MsoNormal\" style=\"text-align: justify;\"><span style=\"font-size: 18pt; line-height: 107%; font-family: &#039;Open Sans&#039;;\">Opis s\u00faboru zbierkov\u00fdch predmetov<\/span><\/p>\n<p class=\"MsoNormal\" style=\"text-align: justify;\"><span style=\"font-size: 14pt;\"><span style=\"font-family: &#039;Open Sans&#039;;\"><span style=\"line-height: 107%;\">\u017densk\u00e9, diev\u010densk\u00e9 a\u00a0mu\u017esk\u00e9 lajbl\u00edky, miestne ozna\u010dovan\u00e9 aj ako \u201ederega\u013ee, lajbiky a\u00a0\u017eiv\u00f4tiky poch\u00e1dzaj\u00face z\u00a0oblasti ju\u017en\u00e9ho Zempl\u00edna \u2013 konkr\u00e9tne z\u00a0mesta Trebi\u0161ov a\u00a0dediniek \u00dapor a\u00a0Zempl\u00ednske Hradi\u0161te, boli u\u0161it\u00e9 z\u00a0jednotliv\u00fdch l\u00e1tok <span style=\"mso-spacerun: yes;\">\u00a0<\/span>ako napr\u00edklad zo sat\u00e9nov\u00e9ho brok\u00e1tu, zamatu, vlnenej a\u00a0krepovitej tkaniny. Bohato zdoben\u00e9 flitrami, kovov\u00fdmi vlnit\u00fdmi pr\u00e1mikmi, gomb\u00edkmi na\u0161it\u00fdmi v\u00a0nieko\u013ek\u00fdch radoch pod sebou, \u010di zdoben\u00e9 vytkan\u00fdm leskl\u00fdm mot\u00edvom lupe\u0148ovit\u00fdch kvetov a\u00a0listov, pr\u00edpadne s\u00a0efektom \u201estriekan\u00e9ho\u201c \u010diernobieleho \u010diarkovan\u00e9ho vzoru.<\/span> V<\/span><span style=\"line-height: 107%; font-family: &#039;Times New Roman&#039;, serif;\"><span style=\"font-family: &#039;Open Sans&#039;;\">zory na lajbl\u00edkoch boli \u0161it\u00e9 strojov\u00fdm aj ru\u010dn\u00fdm stehom. Z vn\u00fatorn\u00fdch str\u00e1n boli lajbl\u00edky pod\u0161it\u00e9 tkaninami, preva\u017ene bielych \u013eanov\u00fdch pl\u00e1ten.<\/span><\/span><\/span><\/p>\n<p>\n<\/div><\/div><\/div><div class=\"kc-elm kc-css-754026 kc_col-sm-6 kc_column_inner kc_col-sm-6\"><div class=\"kc_wrapper kc-col-inner-container\"><div class=\"kc-elm kc-css-779202 kc_shortcode kc_single_image\">\n\n        <a rel=\"prettyPhoto\" class=\"kc-pretty-photo\" href=\"https:\/\/www.muzeumtrebisov.sk\/wp-content\/uploads\/2026\/04\/1-scaled.jpg\" title=\"\" target=\"\">\n        <img src=\"https:\/\/www.muzeumtrebisov.sk\/wp-content\/uploads\/2026\/04\/1-scaled.jpg\" class=\"\" alt=\"\" \/>    <\/a>\n    <\/div>\n<\/div><\/div><\/div><div class=\"kc-elm kc-css-373995\" style=\"height: 59px; clear: both; width:100%;\"><\/div><div class=\"kc-elm kc-css-507665 kc_row kc_row_inner\"><div class=\"kc-elm kc-css-897373 kc_col-sm-6 kc_column_inner kc_col-sm-6\"><div class=\"kc_wrapper kc-col-inner-container\"><div class=\"kc-elm kc-css-466557 kc_text_block\"><\/p>\n<p class=\"MsoNormal\" style=\"text-align: justify;\"><span style=\"font-size: 14pt; line-height: 107%; font-family: &#039;Open Sans&#039;;\"><span style=\"font-size: 18pt;\">Stav s\u00faboru lajbl\u00edkov pred konzervovan\u00edm<\/span> <\/span><\/p>\n<p class=\"MsoNormal\" style=\"text-align: justify;\"><span style=\"font-size: 14pt; line-height: 107%; font-family: &#039;Open Sans&#039;;\">S\u00fabor lajbl\u00edkov bol v\u00a0stave, ktor\u00fd si vy\u017eadoval komplexn\u00fd konzerv\u00e1torsk\u00fd z\u00e1sah. Pred konzervovan\u00edm sa lajbl\u00edky nach\u00e1dzali v relat\u00edvne<span style=\"mso-spacerun: yes;\">\u00a0 <\/span>kompaktnom, zachovalom stave, av\u0161ak na nieko\u013ek\u00fdch miestach bolo vidite\u013ene zne\u010distenia a\u00a0po\u0161kodenia ako pohryzenie od mol\u00ed, vidite\u013en\u00e9 zne\u010distenie pod\u0161\u00edvky najm\u00e4 v\u00a0oblasti prieramkoch, za\u017eltnutie, v\u00a0oblasti spojovac\u00edch \u0161v\u00edkov bolo vidite\u013en\u00e9 uvo\u013enenie, rozp\u00e1ranie a\u017e roztrhnutie nit\u00ed. <\/span><\/p>\n<p>\n<\/div><\/div><\/div><div class=\"kc-elm kc-css-460377 kc_col-sm-6 kc_column_inner kc_col-sm-6\"><div class=\"kc_wrapper kc-col-inner-container\"><div class=\"kc-elm kc-css-660561 kc_shortcode kc_single_image\">\n\n        <a rel=\"prettyPhoto\" class=\"kc-pretty-photo\" href=\"https:\/\/www.muzeumtrebisov.sk\/wp-content\/uploads\/2026\/04\/2-scaled.jpg\" title=\"\" target=\"\">\n        <img src=\"https:\/\/www.muzeumtrebisov.sk\/wp-content\/uploads\/2026\/04\/2-scaled.jpg\" class=\"\" alt=\"\" \/>    <\/a>\n    <\/div>\n<\/div><\/div><\/div><div class=\"kc-elm kc-css-800978\" style=\"height: 59px; clear: both; width:100%;\"><\/div><div class=\"kc-elm kc-css-902960 kc_row kc_row_inner\"><div class=\"kc-elm kc-css-712676 kc_col-sm-6 kc_column_inner kc_col-sm-6\"><div class=\"kc_wrapper kc-col-inner-container\"><div class=\"kc-elm kc-css-234155 kc_text_block\"><\/p>\n<p class=\"MsoNormal\" style=\"text-align: justify;\"><span style=\"font-size: 14pt; line-height: 107%; font-family: &#039;Open Sans&#039;;\"><span style=\"font-size: 18pt;\">Zd\u00f4vodnenie n\u00e1vrhu na konzervovanie<\/span> <\/span><\/p>\n<p class=\"MsoNormal\" style=\"text-align: justify;\"><span style=\"font-size: 14pt; line-height: 107%; font-family: &#039;Open Sans&#039;;\">\u201eS\u00fabor \u0161iestich lajbl\u00edkov je v s\u00fa\u010dasnosti v stave, ktor\u00fd znehodnocuje ich historick\u00fa aj v\u00fdpovedn\u00fa hodnotu odevu \u013eudovej kult\u00fary, a nie je mo\u017en\u00e9 ich vyu\u017ei\u0165 na expozi\u010dn\u00e9 \u00fa\u010dely. <span style=\"mso-spacerun: yes;\">\u00a0\u00a0<\/span><\/span><\/p>\n<p class=\"MsoNormal\" style=\"text-align: justify;\"><span style=\"font-size: 14pt; line-height: 107%; font-family: &#039;Open Sans&#039;;\">Konzerv\u00e1torsk\u00fdm z\u00e1sahom bud\u00fa text\u00edlie o\u010disten\u00e9, stabilizovan\u00e9 a bude im prinavr\u00e1ten\u00e1 p\u00f4vodn\u00e1 podoba do takej miery, aby po estetickej str\u00e1nke mohli plnohodnotne plni\u0165 svoju funkciu a ostali \u201e\u017eiv\u00fdm\u201c dokumentom \u013eudov\u00e9ho odievania v\u00fdchodoslovensk\u00e9ho regi\u00f3nu, konkr\u00e9tne z ju\u017en\u00e9ho Zempl\u00edna.\u201c<\/span><\/p>\n<p>\n<\/div><\/div><\/div><div class=\"kc-elm kc-css-266536 kc_col-sm-6 kc_column_inner kc_col-sm-6\"><div class=\"kc_wrapper kc-col-inner-container\"><div class=\"kc-elm kc-css-947731 kc_shortcode kc_single_image\">\n\n        <a rel=\"prettyPhoto\" class=\"kc-pretty-photo\" href=\"https:\/\/www.muzeumtrebisov.sk\/wp-content\/uploads\/2026\/04\/3-scaled.jpg\" title=\"\" target=\"\">\n        <img src=\"https:\/\/www.muzeumtrebisov.sk\/wp-content\/uploads\/2026\/04\/3-scaled.jpg\" class=\"\" alt=\"\" \/>    <\/a>\n    <\/div>\n<\/div><\/div><\/div><div class=\"kc-elm kc-css-406084\" style=\"height: 59px; clear: both; width:100%;\"><\/div><div class=\"kc-elm kc-css-170656 kc_row kc_row_inner\"><div class=\"kc-elm kc-css-462113 kc_col-sm-6 kc_column_inner kc_col-sm-6\"><div class=\"kc_wrapper kc-col-inner-container\"><div class=\"kc-elm kc-css-453945 kc_text_block\"><\/p>\n<p class=\"MsoNormal\" style=\"text-align: justify;\"><span style=\"font-size: 14pt; line-height: 107%; font-family: &#039;Open Sans&#039;;\"><span style=\"font-size: 18pt;\">Postup konzerv\u00e1torsk\u00fdch pr\u00e1c<\/span> <\/span><\/p>\n<p class=\"MsoNormal\" style=\"text-align: justify;\"><span style=\"font-size: 14pt; line-height: 107%; font-family: &#039;Open Sans&#039;;\">Konzerv\u00e1torsk\u00e9 pr\u00e1ce prebiehali v s\u00falade s N\u00e1vrhmi a postupmi konzervovania. V prv\u00fdch etap\u00e1ch bolo nevyhnutn\u00e9 s\u00fabor lajbl\u00edkov stabilizova\u0165 tak, aby nedoch\u00e1dzalo k ich \u010fal\u0161ej de\u0161trukcii. N\u00e1sledne sa vykonali jednotliv\u00e9 konzerv\u00e1torsk\u00e9 prieskumy, anal\u00fdza materi\u00e1lov a\u00a0techn\u00edk, n\u00e1vrhy na odborn\u00e9 o\u010distenie, strihov\u00e9 z\u00e1kresy, sk\u00fa\u0161ky farebnej a tvarovej st\u00e1losti vl\u00e1kien.<\/span><\/p>\n<p class=\"MsoNormal\" style=\"text-align: justify;\"><span style=\"font-size: 14pt; line-height: 107%; font-family: &#039;Open Sans&#039;;\">V druhej f\u00e1ze sa realizovala celoplo\u0161n\u00e9 such\u00e9 a\u00a0mokr\u00e9 \u010distenie zahr\u0148uj\u00face mechanick\u00e9 odstr\u00e1nenie prachu a\u00a0in\u00fdch povrchov\u00fdch ne\u010dist\u00f4t. Pred mokr\u00fdm \u010disten\u00edm sa uskuto\u010dnila sk\u00fa\u0161ka pevnosti aj farebnej st\u00e1losti materi\u00e1lu spolo\u010dne s\u00a0fixa\u010dnou pr\u00edpravou jednotliv\u00fdch dielov pred samotn\u00fdm lok\u00e1lnym \u010disten\u00edm \u0161kv\u0155n z\u00a0textiln\u00fdch materi\u00e1lov.<span style=\"mso-spacerun: yes;\">\u00a0\u00a0 <\/span><\/span><\/p>\n<p class=\"MsoNormal\" style=\"text-align: justify;\"><span style=\"font-size: 14pt; line-height: 107%; font-family: &#039;Open Sans&#039;;\">Tretia f\u00e1za zah\u0155\u0148ala \u00fapravu a\u00a0tvarovanie odevu. Vyhladzovanie z\u00e1hybov, deform\u00e1cii a\u00a0pokr\u010den\u00fdch miest miernym pre\u017eehlen\u00edm cez ochrann\u00fa vrstvu. Rozp\u00e1ran\u00e9 \u0161vy a\u00a0uvo\u013enen\u00e9 netextiln\u00e9 s\u00fa\u010diastky ako kovov\u00e9 n\u00e1\u0161ivky a\u00a0podobne boli ru\u010dne pripevnen\u00e9 ni\u0165ou a\u00a0upraven\u00e9 do p\u00f4vodn\u00e9ho stavu. <\/span><\/p>\n<p>\n<\/div><\/div><\/div><div class=\"kc-elm kc-css-954649 kc_col-sm-6 kc_column_inner kc_col-sm-6\"><div class=\"kc_wrapper kc-col-inner-container\"><div class=\"kc-elm kc-css-260247 kc_shortcode kc_single_image\">\n\n        <a rel=\"prettyPhoto\" class=\"kc-pretty-photo\" href=\"https:\/\/www.muzeumtrebisov.sk\/wp-content\/uploads\/2026\/04\/4-scaled.jpg\" title=\"\" target=\"\">\n        <img src=\"https:\/\/www.muzeumtrebisov.sk\/wp-content\/uploads\/2026\/04\/4-scaled.jpg\" class=\"\" alt=\"\" \/>    <\/a>\n    <\/div>\n<div class=\"kc-elm kc-css-506237 kc_shortcode kc_single_image\">\n\n        <a rel=\"prettyPhoto\" class=\"kc-pretty-photo\" href=\"https:\/\/www.muzeumtrebisov.sk\/wp-content\/uploads\/2026\/04\/5-scaled.jpg\" title=\"\" target=\"\">\n        <img src=\"https:\/\/www.muzeumtrebisov.sk\/wp-content\/uploads\/2026\/04\/5-scaled.jpg\" class=\"\" alt=\"\" \/>    <\/a>\n    <\/div>\n<\/div><\/div><\/div><div class=\"kc-elm kc-css-751574\" style=\"height: 59px; clear: both; width:100%;\"><\/div><div class=\"kc-elm kc-css-211749 kc_row kc_row_inner\"><div class=\"kc-elm kc-css-161797 kc_col-sm-6 kc_column_inner kc_col-sm-6\"><div class=\"kc_wrapper kc-col-inner-container\"><div class=\"kc-elm kc-css-429038 kc_text_block\"><\/p>\n<p class=\"MsoNormal\" style=\"text-align: justify;\"><span style=\"color: #333333; font-family: Verdana, Geneva, sans-serif; font-size: 24pt; text-align: start;\">Z verejn\u00fdch zdrojov podporil Fond na podporu umenia<\/span><\/p>\n<p>\n<\/div><div class=\"kc-elm kc-css-283119\" style=\"height: 59px; clear: both; width:100%;\"><\/div><div class=\"kc-elm kc-css-639717 kc_text_block\"><\/p>\n<p class=\"MsoNormal\" style=\"text-align: justify;\"><span style=\"font-size: 14pt; line-height: 107%; font-family: &#039;Open Sans&#039;;\"><span style=\"font-size: 18pt;\">Financovanie konzervovania<\/span><\/span><\/p>\n<p class=\"MsoNormal\" style=\"text-align: justify;\"><span style=\"font-size: 14pt; line-height: 107%; font-family: &#039;Open Sans&#039;;\">M\u00fazeum a Kult\u00farne centrum ju\u017en\u00e9ho Zempl\u00edna v Trebi\u0161ove, kult\u00farne zariadenie Ko\u0161ick\u00e9ho samospr\u00e1vneho kraja, sa v roku 2025<span style=\"mso-spacerun: yes;\">\u00a0 <\/span>zapojilo do v\u00fdzvy 6\/2025 (5.4. Re\u0161taurovanie a o\u0161etrenie zbierkov\u00fdch fondov), v ktorej <span style=\"mso-spacerun: yes;\">\u00a0<\/span>uspelo a z Fondu na podporu umenia n\u00e1m boli poskytnut\u00e9 finan\u010dn\u00e9 prostriedky vo v\u00fd\u0161ke 2100,00 \u20ac. Spolufinancovanie a dofinancovanie konzervovania v celkovej v\u00fd\u0161ke 850,00 \u20ac n\u00e1m poskytol n\u00e1\u0161 zria\u010fovate\u013e, Ko\u0161ick\u00fd samospr\u00e1vny kraj. Celkov\u00e1 suma konzerv\u00e1torsk\u00fdch pr\u00e1c sa vy\u0161plhala na sumu 2950,00 \u20ac. Konzervovanie vz\u00e1cneho s\u00faboru tradi\u010dn\u00fdch lajbl\u00edkov z oblasti ju\u017en\u00e9ho Zempl\u00edna vykonala Mgr. art. Anna Blonsk\u00e1, \u010dlenka Komory re\u0161taur\u00e1torov.<\/span><\/p>\n<p>\n<\/div><\/div><\/div><div class=\"kc-elm kc-css-598215 kc_col-sm-6 kc_column_inner kc_col-sm-6\"><div class=\"kc_wrapper kc-col-inner-container\"><div class=\"kc-elm kc-css-989676 kc_shortcode kc_single_image\">\n\n        <a rel=\"prettyPhoto\" class=\"kc-pretty-photo\" href=\"https:\/\/www.muzeumtrebisov.sk\/wp-content\/uploads\/2026\/04\/6-scaled.jpg\" title=\"\" target=\"\">\n        <img src=\"https:\/\/www.muzeumtrebisov.sk\/wp-content\/uploads\/2026\/04\/6-scaled.jpg\" class=\"\" alt=\"\" \/>    <\/a>\n    <\/div>\n<\/div><\/div><\/div><div class=\"kc-elm kc-css-332993\" style=\"height: 22px; clear: both; width:100%;\"><\/div><div class=\"kc-elm kc-css-598712 kc_row kc_row_inner\"><div class=\"kc-elm kc-css-720212 kc_col-sm-6 kc_column_inner kc_col-sm-6\"><div class=\"kc_wrapper kc-col-inner-container\"><div class=\"kc-elm kc-css-807747 kc_shortcode kc_single_image\">\n\n        <a rel=\"prettyPhoto\" class=\"kc-pretty-photo\" href=\"https:\/\/www.muzeumtrebisov.sk\/wp-content\/uploads\/2026\/04\/IMG_2737-scaled.jpeg\" title=\"\" target=\"\">\n        <img src=\"https:\/\/www.muzeumtrebisov.sk\/wp-content\/uploads\/2026\/04\/IMG_2737-scaled.jpeg\" class=\"\" alt=\"\" \/>    <\/a>\n    <\/div>\n<\/div><\/div><div class=\"kc-elm kc-css-803989 kc_col-sm-6 kc_column_inner kc_col-sm-6\"><div class=\"kc_wrapper kc-col-inner-container\"><div class=\"kc-elm kc-css-499703 kc_shortcode kc_single_image\">\n\n        <a rel=\"prettyPhoto\" class=\"kc-pretty-photo\" href=\"https:\/\/www.muzeumtrebisov.sk\/wp-content\/uploads\/2026\/04\/IMG_2739-scaled.jpeg\" title=\"\" target=\"\">\n        <img src=\"https:\/\/www.muzeumtrebisov.sk\/wp-content\/uploads\/2026\/04\/IMG_2739-scaled.jpeg\" class=\"\" alt=\"\" \/>    <\/a>\n    <\/div>\n<\/div><\/div><\/div><div class=\"kc-elm kc-css-792531\" style=\"height: 49px; clear: both; width:100%;\"><\/div><\/div><\/div><\/div><\/div><\/section>","protected":false},"excerpt":{"rendered":"","protected":false},"author":1,"featured_media":8245,"comment_status":"open","ping_status":"open","sticky":false,"template":"tpl-king_composer.php","format":"standard","meta":{"om_disable_all_campaigns":false,"_vp_format_video_url":"","_vp_image_focal_point":[]},"categories":[20,73],"tags":[],"aioseo_notices":[],"yoast_head":"<!-- This site is optimized with the Yoast SEO plugin v18.5.1 - https:\/\/yoast.com\/wordpress\/plugins\/seo\/ -->\n<title>\u201eZ\u00e1chrana tradi\u010dn\u00fdch \u017eensk\u00fdch, diev\u010densk\u00fdch a\u00a0mu\u017esk\u00fdch derega\u013eov\/lajb\u00edkov\/lajbl\u00edkov\/\u017eiv\u00f4tikov\u201c - II. etapa | M\u00fazeum Trebi\u0161ov - Ka\u0161tie\u013e Andr\u00e1ssyovcov<\/title>\n<meta name=\"robots\" content=\"index, follow, max-snippet:-1, max-image-preview:large, max-video-preview:-1\" \/>\n<link rel=\"canonical\" href=\"https:\/\/www.muzeumtrebisov.sk\/hu\/blog\/zachrana-tradicnych-zenskych-dievcenskych-a-muzskych-deregalov-lajbikov-lajblikov-zivotikov-ii-etapa\/\" \/>\n<meta property=\"og:locale\" content=\"hu_HU\" \/>\n<meta property=\"og:type\" content=\"article\" \/>\n<meta property=\"og:title\" content=\"\u201eZ\u00e1chrana tradi\u010dn\u00fdch \u017eensk\u00fdch, diev\u010densk\u00fdch a\u00a0mu\u017esk\u00fdch derega\u013eov\/lajb\u00edkov\/lajbl\u00edkov\/\u017eiv\u00f4tikov\u201c - II. etapa | M\u00fazeum Trebi\u0161ov - Ka\u0161tie\u013e Andr\u00e1ssyovcov\" \/>\n<meta property=\"og:description\" content=\"\u201eZ\u00e1chrana tradi\u010dn\u00fdch \u017eensk\u00fdch, diev\u010densk\u00fdch a mu\u017esk\u00fdch derega\u013eov\/lajb\u00edkov\/lajbl\u00edkov\/\u017eiv\u00f4tikov\u201c &#8211; II. etapa Projekt podporili: Postup zakonzervovania s\u00faboru 6 zbierkov\u00fdch predmetov &#8211; lajbl\u00edkov poch\u00e1dzaj\u00facich z obdobia konca 19. storo\u010dia a za\u010diatku 20. storo\u010dia Opis s\u00faboru zbierkov\u00fdch predmetov \u017densk\u00e9, diev\u010densk\u00e9 a\u00a0mu\u017esk\u00e9 lajbl\u00edky, miestne ozna\u010dovan\u00e9 aj ako \u201ederega\u013ee, lajbiky a\u00a0\u017eiv\u00f4tiky poch\u00e1dzaj\u00face z\u00a0oblasti ju\u017en\u00e9ho Zempl\u00edna \u2013 konkr\u00e9tne z\u00a0mesta Trebi\u0161ov a\u00a0dediniek \u00dapor\" \/>\n<meta property=\"og:url\" content=\"https:\/\/www.muzeumtrebisov.sk\/hu\/blog\/zachrana-tradicnych-zenskych-dievcenskych-a-muzskych-deregalov-lajbikov-lajblikov-zivotikov-ii-etapa\/\" \/>\n<meta property=\"og:site_name\" content=\"M\u00fazeum Trebi\u0161ov - Ka\u0161tie\u013e Andr\u00e1ssyovcov\" \/>\n<meta property=\"article:publisher\" content=\"https:\/\/www.facebook.com\/muzeumtvkastielandrassyovcov\" \/>\n<meta property=\"article:published_time\" content=\"2026-04-07T12:10:51+00:00\" \/>\n<meta property=\"article:modified_time\" content=\"2026-04-08T09:15:31+00:00\" \/>\n<meta property=\"og:image\" content=\"https:\/\/www.muzeumtrebisov.sk\/wp-content\/uploads\/2026\/04\/IMG_2737-scaled.jpeg\" \/>\n\t<meta property=\"og:image:width\" content=\"2560\" \/>\n\t<meta property=\"og:image:height\" content=\"1440\" \/>\n\t<meta property=\"og:image:type\" content=\"image\/jpeg\" \/>\n<meta name=\"twitter:card\" content=\"summary_large_image\" \/>\n<meta name=\"twitter:label1\" content=\"Szerz\u0151:\" \/>\n\t<meta name=\"twitter:data1\" content=\"muzeumtvadmin\" \/>\n<script type=\"application\/ld+json\" class=\"yoast-schema-graph\">{\"@context\":\"https:\/\/schema.org\",\"@graph\":[{\"@type\":\"Organization\",\"@id\":\"https:\/\/www.muzeumtrebisov.sk\/#organization\",\"name\":\"M\u00fazeum Trebi\u0161ov - Ka\u0161tie\u013e Andr\u00e1ssyovcov\",\"url\":\"https:\/\/www.muzeumtrebisov.sk\/\",\"sameAs\":[\"https:\/\/www.facebook.com\/muzeumtvkastielandrassyovcov\",\"https:\/\/www.instagram.com\/muzeumtrebisovkastielandrassy\/\",\"https:\/\/www.youtube.com\/channel\/UCprfZHvPNIxqZ2IHCDwfv1w\"],\"logo\":{\"@type\":\"ImageObject\",\"@id\":\"https:\/\/www.muzeumtrebisov.sk\/#logo\",\"inLanguage\":\"hu\",\"url\":\"https:\/\/www.muzeumtrebisov.sk\/wp-content\/uploads\/2022\/04\/dual-logo-color-hor.png\",\"contentUrl\":\"https:\/\/www.muzeumtrebisov.sk\/wp-content\/uploads\/2022\/04\/dual-logo-color-hor.png\",\"width\":749,\"height\":140,\"caption\":\"M\u00fazeum Trebi\u0161ov - Ka\u0161tie\u013e Andr\u00e1ssyovcov\"},\"image\":{\"@id\":\"https:\/\/www.muzeumtrebisov.sk\/#logo\"}},{\"@type\":\"WebSite\",\"@id\":\"https:\/\/www.muzeumtrebisov.sk\/#website\",\"url\":\"https:\/\/www.muzeumtrebisov.sk\/\",\"name\":\"M\u00fazeum Trebi\u0161ov - Ka\u0161tie\u013e Andr\u00e1ssyovcov\",\"description\":\"Hist\u00f3ria Andr\u00e1ssyovcov a ju\u017en\u00e9ho Zempl\u00edna\",\"publisher\":{\"@id\":\"https:\/\/www.muzeumtrebisov.sk\/#organization\"},\"potentialAction\":[{\"@type\":\"SearchAction\",\"target\":{\"@type\":\"EntryPoint\",\"urlTemplate\":\"https:\/\/www.muzeumtrebisov.sk\/?s={search_term_string}\"},\"query-input\":\"required name=search_term_string\"}],\"inLanguage\":\"hu\"},{\"@type\":\"ImageObject\",\"@id\":\"https:\/\/www.muzeumtrebisov.sk\/blog\/zachrana-tradicnych-zenskych-dievcenskych-a-muzskych-deregalov-lajbikov-lajblikov-zivotikov-ii-etapa\/#primaryimage\",\"inLanguage\":\"hu\",\"url\":\"https:\/\/www.muzeumtrebisov.sk\/wp-content\/uploads\/2026\/04\/IMG_2737-scaled.jpeg\",\"contentUrl\":\"https:\/\/www.muzeumtrebisov.sk\/wp-content\/uploads\/2026\/04\/IMG_2737-scaled.jpeg\",\"width\":2560,\"height\":1440},{\"@type\":\"WebPage\",\"@id\":\"https:\/\/www.muzeumtrebisov.sk\/blog\/zachrana-tradicnych-zenskych-dievcenskych-a-muzskych-deregalov-lajbikov-lajblikov-zivotikov-ii-etapa\/#webpage\",\"url\":\"https:\/\/www.muzeumtrebisov.sk\/blog\/zachrana-tradicnych-zenskych-dievcenskych-a-muzskych-deregalov-lajbikov-lajblikov-zivotikov-ii-etapa\/\",\"name\":\"\u201eZ\u00e1chrana tradi\u010dn\u00fdch \u017eensk\u00fdch, diev\u010densk\u00fdch a\u00a0mu\u017esk\u00fdch derega\u013eov\/lajb\u00edkov\/lajbl\u00edkov\/\u017eiv\u00f4tikov\u201c - II. etapa | M\u00fazeum Trebi\u0161ov - Ka\u0161tie\u013e Andr\u00e1ssyovcov\",\"isPartOf\":{\"@id\":\"https:\/\/www.muzeumtrebisov.sk\/#website\"},\"primaryImageOfPage\":{\"@id\":\"https:\/\/www.muzeumtrebisov.sk\/blog\/zachrana-tradicnych-zenskych-dievcenskych-a-muzskych-deregalov-lajbikov-lajblikov-zivotikov-ii-etapa\/#primaryimage\"},\"datePublished\":\"2026-04-07T12:10:51+00:00\",\"dateModified\":\"2026-04-08T09:15:31+00:00\",\"breadcrumb\":{\"@id\":\"https:\/\/www.muzeumtrebisov.sk\/blog\/zachrana-tradicnych-zenskych-dievcenskych-a-muzskych-deregalov-lajbikov-lajblikov-zivotikov-ii-etapa\/#breadcrumb\"},\"inLanguage\":\"hu\",\"potentialAction\":[{\"@type\":\"ReadAction\",\"target\":[\"https:\/\/www.muzeumtrebisov.sk\/blog\/zachrana-tradicnych-zenskych-dievcenskych-a-muzskych-deregalov-lajbikov-lajblikov-zivotikov-ii-etapa\/\"]}]},{\"@type\":\"BreadcrumbList\",\"@id\":\"https:\/\/www.muzeumtrebisov.sk\/blog\/zachrana-tradicnych-zenskych-dievcenskych-a-muzskych-deregalov-lajbikov-lajblikov-zivotikov-ii-etapa\/#breadcrumb\",\"itemListElement\":[{\"@type\":\"ListItem\",\"position\":1,\"name\":\"Home\",\"item\":\"https:\/\/www.muzeumtrebisov.sk\/\"},{\"@type\":\"ListItem\",\"position\":2,\"name\":\"\u201eZ\u00e1chrana tradi\u010dn\u00fdch \u017eensk\u00fdch, diev\u010densk\u00fdch a\u00a0mu\u017esk\u00fdch derega\u013eov\/lajb\u00edkov\/lajbl\u00edkov\/\u017eiv\u00f4tikov\u201c &#8211; II. etapa\"}]},{\"@type\":\"Article\",\"@id\":\"https:\/\/www.muzeumtrebisov.sk\/blog\/zachrana-tradicnych-zenskych-dievcenskych-a-muzskych-deregalov-lajbikov-lajblikov-zivotikov-ii-etapa\/#article\",\"isPartOf\":{\"@id\":\"https:\/\/www.muzeumtrebisov.sk\/blog\/zachrana-tradicnych-zenskych-dievcenskych-a-muzskych-deregalov-lajbikov-lajblikov-zivotikov-ii-etapa\/#webpage\"},\"author\":{\"@id\":\"https:\/\/www.muzeumtrebisov.sk\/#\/schema\/person\/e020f4c0852b191613d063438d60ae6b\"},\"headline\":\"\u201eZ\u00e1chrana tradi\u010dn\u00fdch \u017eensk\u00fdch, diev\u010densk\u00fdch a\u00a0mu\u017esk\u00fdch derega\u013eov\/lajb\u00edkov\/lajbl\u00edkov\/\u017eiv\u00f4tikov\u201c &#8211; II. etapa\",\"datePublished\":\"2026-04-07T12:10:51+00:00\",\"dateModified\":\"2026-04-08T09:15:31+00:00\",\"mainEntityOfPage\":{\"@id\":\"https:\/\/www.muzeumtrebisov.sk\/blog\/zachrana-tradicnych-zenskych-dievcenskych-a-muzskych-deregalov-lajbikov-lajblikov-zivotikov-ii-etapa\/#webpage\"},\"wordCount\":725,\"commentCount\":0,\"publisher\":{\"@id\":\"https:\/\/www.muzeumtrebisov.sk\/#organization\"},\"image\":{\"@id\":\"https:\/\/www.muzeumtrebisov.sk\/blog\/zachrana-tradicnych-zenskych-dievcenskych-a-muzskych-deregalov-lajbikov-lajblikov-zivotikov-ii-etapa\/#primaryimage\"},\"thumbnailUrl\":\"https:\/\/www.muzeumtrebisov.sk\/wp-content\/uploads\/2026\/04\/IMG_2737-scaled.jpeg\",\"articleSection\":[\"Blog\",\"M\u00fazeum\"],\"inLanguage\":\"hu\",\"potentialAction\":[{\"@type\":\"CommentAction\",\"name\":\"Comment\",\"target\":[\"https:\/\/www.muzeumtrebisov.sk\/blog\/zachrana-tradicnych-zenskych-dievcenskych-a-muzskych-deregalov-lajbikov-lajblikov-zivotikov-ii-etapa\/#respond\"]}]},{\"@type\":\"Person\",\"@id\":\"https:\/\/www.muzeumtrebisov.sk\/#\/schema\/person\/e020f4c0852b191613d063438d60ae6b\",\"name\":\"muzeumtvadmin\",\"image\":{\"@type\":\"ImageObject\",\"@id\":\"https:\/\/www.muzeumtrebisov.sk\/#personlogo\",\"inLanguage\":\"hu\",\"url\":\"https:\/\/secure.gravatar.com\/avatar\/115030f8384675efad0cc99183d7cd51?s=96&d=mm&r=g\",\"contentUrl\":\"https:\/\/secure.gravatar.com\/avatar\/115030f8384675efad0cc99183d7cd51?s=96&d=mm&r=g\",\"caption\":\"muzeumtvadmin\"},\"sameAs\":[\"https:\/\/www.muzeumtrebisov.sk\"],\"url\":\"https:\/\/www.muzeumtrebisov.sk\/hu\/author\/muzeumtvadmin\/\"}]}<\/script>\n<!-- \/ Yoast SEO plugin. -->","yoast_head_json":{"title":"\u201eZ\u00e1chrana tradi\u010dn\u00fdch \u017eensk\u00fdch, diev\u010densk\u00fdch a\u00a0mu\u017esk\u00fdch derega\u013eov\/lajb\u00edkov\/lajbl\u00edkov\/\u017eiv\u00f4tikov\u201c - II. etapa | M\u00fazeum Trebi\u0161ov - Ka\u0161tie\u013e Andr\u00e1ssyovcov","robots":{"index":"index","follow":"follow","max-snippet":"max-snippet:-1","max-image-preview":"max-image-preview:large","max-video-preview":"max-video-preview:-1"},"canonical":"https:\/\/www.muzeumtrebisov.sk\/hu\/blog\/zachrana-tradicnych-zenskych-dievcenskych-a-muzskych-deregalov-lajbikov-lajblikov-zivotikov-ii-etapa\/","og_locale":"hu_HU","og_type":"article","og_title":"\u201eZ\u00e1chrana tradi\u010dn\u00fdch \u017eensk\u00fdch, diev\u010densk\u00fdch a\u00a0mu\u017esk\u00fdch derega\u013eov\/lajb\u00edkov\/lajbl\u00edkov\/\u017eiv\u00f4tikov\u201c - II. etapa | M\u00fazeum Trebi\u0161ov - Ka\u0161tie\u013e Andr\u00e1ssyovcov","og_description":"\u201eZ\u00e1chrana tradi\u010dn\u00fdch \u017eensk\u00fdch, diev\u010densk\u00fdch a mu\u017esk\u00fdch derega\u013eov\/lajb\u00edkov\/lajbl\u00edkov\/\u017eiv\u00f4tikov\u201c &#8211; II. etapa Projekt podporili: Postup zakonzervovania s\u00faboru 6 zbierkov\u00fdch predmetov &#8211; lajbl\u00edkov poch\u00e1dzaj\u00facich z obdobia konca 19. storo\u010dia a za\u010diatku 20. storo\u010dia Opis s\u00faboru zbierkov\u00fdch predmetov \u017densk\u00e9, diev\u010densk\u00e9 a\u00a0mu\u017esk\u00e9 lajbl\u00edky, miestne ozna\u010dovan\u00e9 aj ako \u201ederega\u013ee, lajbiky a\u00a0\u017eiv\u00f4tiky poch\u00e1dzaj\u00face z\u00a0oblasti ju\u017en\u00e9ho Zempl\u00edna \u2013 konkr\u00e9tne z\u00a0mesta Trebi\u0161ov a\u00a0dediniek \u00dapor","og_url":"https:\/\/www.muzeumtrebisov.sk\/hu\/blog\/zachrana-tradicnych-zenskych-dievcenskych-a-muzskych-deregalov-lajbikov-lajblikov-zivotikov-ii-etapa\/","og_site_name":"M\u00fazeum Trebi\u0161ov - Ka\u0161tie\u013e Andr\u00e1ssyovcov","article_publisher":"https:\/\/www.facebook.com\/muzeumtvkastielandrassyovcov","article_published_time":"2026-04-07T12:10:51+00:00","article_modified_time":"2026-04-08T09:15:31+00:00","og_image":[{"width":2560,"height":1440,"url":"https:\/\/www.muzeumtrebisov.sk\/wp-content\/uploads\/2026\/04\/IMG_2737-scaled.jpeg","type":"image\/jpeg"}],"twitter_card":"summary_large_image","twitter_misc":{"Szerz\u0151:":"muzeumtvadmin"},"schema":{"@context":"https:\/\/schema.org","@graph":[{"@type":"Organization","@id":"https:\/\/www.muzeumtrebisov.sk\/#organization","name":"M\u00fazeum Trebi\u0161ov - Ka\u0161tie\u013e Andr\u00e1ssyovcov","url":"https:\/\/www.muzeumtrebisov.sk\/","sameAs":["https:\/\/www.facebook.com\/muzeumtvkastielandrassyovcov","https:\/\/www.instagram.com\/muzeumtrebisovkastielandrassy\/","https:\/\/www.youtube.com\/channel\/UCprfZHvPNIxqZ2IHCDwfv1w"],"logo":{"@type":"ImageObject","@id":"https:\/\/www.muzeumtrebisov.sk\/#logo","inLanguage":"hu","url":"https:\/\/www.muzeumtrebisov.sk\/wp-content\/uploads\/2022\/04\/dual-logo-color-hor.png","contentUrl":"https:\/\/www.muzeumtrebisov.sk\/wp-content\/uploads\/2022\/04\/dual-logo-color-hor.png","width":749,"height":140,"caption":"M\u00fazeum Trebi\u0161ov - Ka\u0161tie\u013e Andr\u00e1ssyovcov"},"image":{"@id":"https:\/\/www.muzeumtrebisov.sk\/#logo"}},{"@type":"WebSite","@id":"https:\/\/www.muzeumtrebisov.sk\/#website","url":"https:\/\/www.muzeumtrebisov.sk\/","name":"M\u00fazeum Trebi\u0161ov - Ka\u0161tie\u013e Andr\u00e1ssyovcov","description":"Hist\u00f3ria Andr\u00e1ssyovcov a ju\u017en\u00e9ho Zempl\u00edna","publisher":{"@id":"https:\/\/www.muzeumtrebisov.sk\/#organization"},"potentialAction":[{"@type":"SearchAction","target":{"@type":"EntryPoint","urlTemplate":"https:\/\/www.muzeumtrebisov.sk\/?s={search_term_string}"},"query-input":"required name=search_term_string"}],"inLanguage":"hu"},{"@type":"ImageObject","@id":"https:\/\/www.muzeumtrebisov.sk\/blog\/zachrana-tradicnych-zenskych-dievcenskych-a-muzskych-deregalov-lajbikov-lajblikov-zivotikov-ii-etapa\/#primaryimage","inLanguage":"hu","url":"https:\/\/www.muzeumtrebisov.sk\/wp-content\/uploads\/2026\/04\/IMG_2737-scaled.jpeg","contentUrl":"https:\/\/www.muzeumtrebisov.sk\/wp-content\/uploads\/2026\/04\/IMG_2737-scaled.jpeg","width":2560,"height":1440},{"@type":"WebPage","@id":"https:\/\/www.muzeumtrebisov.sk\/blog\/zachrana-tradicnych-zenskych-dievcenskych-a-muzskych-deregalov-lajbikov-lajblikov-zivotikov-ii-etapa\/#webpage","url":"https:\/\/www.muzeumtrebisov.sk\/blog\/zachrana-tradicnych-zenskych-dievcenskych-a-muzskych-deregalov-lajbikov-lajblikov-zivotikov-ii-etapa\/","name":"\u201eZ\u00e1chrana tradi\u010dn\u00fdch \u017eensk\u00fdch, diev\u010densk\u00fdch a\u00a0mu\u017esk\u00fdch derega\u013eov\/lajb\u00edkov\/lajbl\u00edkov\/\u017eiv\u00f4tikov\u201c - II. etapa | M\u00fazeum Trebi\u0161ov - Ka\u0161tie\u013e Andr\u00e1ssyovcov","isPartOf":{"@id":"https:\/\/www.muzeumtrebisov.sk\/#website"},"primaryImageOfPage":{"@id":"https:\/\/www.muzeumtrebisov.sk\/blog\/zachrana-tradicnych-zenskych-dievcenskych-a-muzskych-deregalov-lajbikov-lajblikov-zivotikov-ii-etapa\/#primaryimage"},"datePublished":"2026-04-07T12:10:51+00:00","dateModified":"2026-04-08T09:15:31+00:00","breadcrumb":{"@id":"https:\/\/www.muzeumtrebisov.sk\/blog\/zachrana-tradicnych-zenskych-dievcenskych-a-muzskych-deregalov-lajbikov-lajblikov-zivotikov-ii-etapa\/#breadcrumb"},"inLanguage":"hu","potentialAction":[{"@type":"ReadAction","target":["https:\/\/www.muzeumtrebisov.sk\/blog\/zachrana-tradicnych-zenskych-dievcenskych-a-muzskych-deregalov-lajbikov-lajblikov-zivotikov-ii-etapa\/"]}]},{"@type":"BreadcrumbList","@id":"https:\/\/www.muzeumtrebisov.sk\/blog\/zachrana-tradicnych-zenskych-dievcenskych-a-muzskych-deregalov-lajbikov-lajblikov-zivotikov-ii-etapa\/#breadcrumb","itemListElement":[{"@type":"ListItem","position":1,"name":"Home","item":"https:\/\/www.muzeumtrebisov.sk\/"},{"@type":"ListItem","position":2,"name":"\u201eZ\u00e1chrana tradi\u010dn\u00fdch \u017eensk\u00fdch, diev\u010densk\u00fdch a\u00a0mu\u017esk\u00fdch derega\u013eov\/lajb\u00edkov\/lajbl\u00edkov\/\u017eiv\u00f4tikov\u201c &#8211; II. etapa"}]},{"@type":"Article","@id":"https:\/\/www.muzeumtrebisov.sk\/blog\/zachrana-tradicnych-zenskych-dievcenskych-a-muzskych-deregalov-lajbikov-lajblikov-zivotikov-ii-etapa\/#article","isPartOf":{"@id":"https:\/\/www.muzeumtrebisov.sk\/blog\/zachrana-tradicnych-zenskych-dievcenskych-a-muzskych-deregalov-lajbikov-lajblikov-zivotikov-ii-etapa\/#webpage"},"author":{"@id":"https:\/\/www.muzeumtrebisov.sk\/#\/schema\/person\/e020f4c0852b191613d063438d60ae6b"},"headline":"\u201eZ\u00e1chrana tradi\u010dn\u00fdch \u017eensk\u00fdch, diev\u010densk\u00fdch a\u00a0mu\u017esk\u00fdch derega\u013eov\/lajb\u00edkov\/lajbl\u00edkov\/\u017eiv\u00f4tikov\u201c &#8211; II. etapa","datePublished":"2026-04-07T12:10:51+00:00","dateModified":"2026-04-08T09:15:31+00:00","mainEntityOfPage":{"@id":"https:\/\/www.muzeumtrebisov.sk\/blog\/zachrana-tradicnych-zenskych-dievcenskych-a-muzskych-deregalov-lajbikov-lajblikov-zivotikov-ii-etapa\/#webpage"},"wordCount":725,"commentCount":0,"publisher":{"@id":"https:\/\/www.muzeumtrebisov.sk\/#organization"},"image":{"@id":"https:\/\/www.muzeumtrebisov.sk\/blog\/zachrana-tradicnych-zenskych-dievcenskych-a-muzskych-deregalov-lajbikov-lajblikov-zivotikov-ii-etapa\/#primaryimage"},"thumbnailUrl":"https:\/\/www.muzeumtrebisov.sk\/wp-content\/uploads\/2026\/04\/IMG_2737-scaled.jpeg","articleSection":["Blog","M\u00fazeum"],"inLanguage":"hu","potentialAction":[{"@type":"CommentAction","name":"Comment","target":["https:\/\/www.muzeumtrebisov.sk\/blog\/zachrana-tradicnych-zenskych-dievcenskych-a-muzskych-deregalov-lajbikov-lajblikov-zivotikov-ii-etapa\/#respond"]}]},{"@type":"Person","@id":"https:\/\/www.muzeumtrebisov.sk\/#\/schema\/person\/e020f4c0852b191613d063438d60ae6b","name":"muzeumtvadmin","image":{"@type":"ImageObject","@id":"https:\/\/www.muzeumtrebisov.sk\/#personlogo","inLanguage":"hu","url":"https:\/\/secure.gravatar.com\/avatar\/115030f8384675efad0cc99183d7cd51?s=96&d=mm&r=g","contentUrl":"https:\/\/secure.gravatar.com\/avatar\/115030f8384675efad0cc99183d7cd51?s=96&d=mm&r=g","caption":"muzeumtvadmin"},"sameAs":["https:\/\/www.muzeumtrebisov.sk"],"url":"https:\/\/www.muzeumtrebisov.sk\/hu\/author\/muzeumtvadmin\/"}]}},"_links":{"self":[{"href":"https:\/\/www.muzeumtrebisov.sk\/hu\/wp-json\/wp\/v2\/posts\/8222"}],"collection":[{"href":"https:\/\/www.muzeumtrebisov.sk\/hu\/wp-json\/wp\/v2\/posts"}],"about":[{"href":"https:\/\/www.muzeumtrebisov.sk\/hu\/wp-json\/wp\/v2\/types\/post"}],"author":[{"embeddable":true,"href":"https:\/\/www.muzeumtrebisov.sk\/hu\/wp-json\/wp\/v2\/users\/1"}],"replies":[{"embeddable":true,"href":"https:\/\/www.muzeumtrebisov.sk\/hu\/wp-json\/wp\/v2\/comments?post=8222"}],"version-history":[{"count":6,"href":"https:\/\/www.muzeumtrebisov.sk\/hu\/wp-json\/wp\/v2\/posts\/8222\/revisions"}],"predecessor-version":[{"id":8266,"href":"https:\/\/www.muzeumtrebisov.sk\/hu\/wp-json\/wp\/v2\/posts\/8222\/revisions\/8266"}],"wp:featuredmedia":[{"embeddable":true,"href":"https:\/\/www.muzeumtrebisov.sk\/hu\/wp-json\/wp\/v2\/media\/8245"}],"wp:attachment":[{"href":"https:\/\/www.muzeumtrebisov.sk\/hu\/wp-json\/wp\/v2\/media?parent=8222"}],"wp:term":[{"taxonomy":"category","embeddable":true,"href":"https:\/\/www.muzeumtrebisov.sk\/hu\/wp-json\/wp\/v2\/categories?post=8222"},{"taxonomy":"post_tag","embeddable":true,"href":"https:\/\/www.muzeumtrebisov.sk\/hu\/wp-json\/wp\/v2\/tags?post=8222"}],"curies":[{"name":"wp","href":"https:\/\/api.w.org\/{rel}","templated":true}]}}