{"id":8118,"date":"2026-03-12T11:37:54","date_gmt":"2026-03-12T10:37:54","guid":{"rendered":"https:\/\/www.muzeumtrebisov.sk\/?p=8118"},"modified":"2026-03-12T11:38:13","modified_gmt":"2026-03-12T10:38:13","slug":"hviezdoslavov-kubin-2026-2","status":"publish","type":"post","link":"https:\/\/www.muzeumtrebisov.sk\/hu\/kulturne-centrum\/hviezdoslavov-kubin-2026-2\/","title":{"rendered":"Hviezdoslavov Kub\u00edn 2026"},"content":{"rendered":"<p style=\"font-size:30px\"><strong>Okresn\u00e9 kolo 72. ro\u010dn\u00edka Hviezdoslavovho Kub\u00edna v Trebi\u0161ove<\/strong><\/p>\n\n\n\n<p>V priestoroch <strong>M\u00fazea a Kult\u00farneho centra ju\u017en\u00e9ho Zempl\u00edna v Trebi\u0161ove<\/strong> sa v d\u0148och <strong>10. a 11. marca 2026<\/strong> uskuto\u010dnilo <strong>okresn\u00e9 kolo<\/strong> <strong>72. ro\u010dn\u00edka Hviezdoslavovho Kub\u00edna<\/strong>, celo\u0161t\u00e1tnej postupovej s\u00fa\u0165a\u017ee v umeleckom prednese po\u00e9zie a pr\u00f3zy.<\/p>\n\n\n\n<p>Po\u010das dvoch s\u00fa\u0165a\u017en\u00fdch dn\u00ed sa predstavili deti a ml\u00e1de\u017e v piatich kateg\u00f3ri\u00e1ch. <strong>10. marca<\/strong> s\u00fa\u0165a\u017eili recit\u00e1tori v <strong>I. a II. kateg\u00f3rii<\/strong>, druh\u00fd de\u0148 patril \u00fa\u010dinkuj\u00facim v <strong>III., IV. a V. kateg\u00f3rii<\/strong>.<\/p>\n\n\n\n<p>V\u00fdkony s\u00fa\u0165a\u017eiacich hodnotili odborn\u00e9 poroty. Porotu pre po\u00e9ziu tvorili <strong>Mgr. Silvia Pavl\u00edkov\u00e1, PaedDr. Petra Tothov\u00e1 a Mgr. Jela Timkov\u00e1 (predsedn\u00ed\u010dka poroty)<\/strong>. Porotu pre pr\u00f3zu tvorili <strong>PhDr. M\u00e1ria Ruttkayov\u00e1, PaedDr. Lenka Jakub\u010diakov\u00e1 a PhDr. Miroslava Lauffov\u00e1 (predsedn\u00ed\u010dka poroty)<\/strong>.<\/p>\n\n\n\n<p>S\u00fa\u0165a\u017eiaci priniesli pestr\u00fa \u0161k\u00e1lu textov od klasick\u00fdch autorov a\u017e po s\u00fa\u010dasn\u00fa literat\u00faru. Porota ocenila najm\u00e4 technick\u00fa pripravenos\u0165 recit\u00e1torov, cit pre interpret\u00e1ciu textu a autentickos\u0165 prednesu.<\/p>\n\n\n\n<p><strong>V\u00ed\u0165azi jednotliv\u00fdch kateg\u00f3ri\u00ed postupuj\u00fa do krajsk\u00e9ho kola s\u00fa\u0165a\u017ee Hviezdoslavov Kub\u00edn.<\/strong><\/p>\n\n\n\n<p><\/p>\n\n\n\n<p>Organiz\u00e1tori podujatia \u010fakuj\u00fa v\u0161etk\u00fdm s\u00fa\u0165a\u017eiacim, pedag\u00f3gom a porotcom za ich \u00fa\u010das\u0165, pr\u00edpravu a podporu umeleck\u00e9ho prednesu. Hviezdoslavov Kub\u00edn aj na\u010falej potvrdzuje svoj v\u00fdznam ako d\u00f4le\u017eit\u00e1 platforma na rozvoj liter\u00e1rneho c\u00edtenia, tvorivosti a prezenta\u010dn\u00fdch schopnost\u00ed det\u00ed a ml\u00e1de\u017ee.<\/p>\n\n\n\n<p><\/p>\n\n\n\n<p><\/p>\n\n\n<div class=\"wp-block-image\">\n<figure class=\"aligncenter size-large is-resized\"><img loading=\"lazy\" src=\"https:\/\/www.muzeumtrebisov.sk\/wp-content\/uploads\/2026\/03\/vysledky-2-594x1024.jpg\" alt=\"\" class=\"wp-image-8123\" width=\"767\" height=\"1322\" srcset=\"https:\/\/www.muzeumtrebisov.sk\/wp-content\/uploads\/2026\/03\/vysledky-2-594x1024.jpg 594w, https:\/\/www.muzeumtrebisov.sk\/wp-content\/uploads\/2026\/03\/vysledky-2-174x300.jpg 174w, https:\/\/www.muzeumtrebisov.sk\/wp-content\/uploads\/2026\/03\/vysledky-2-768x1324.jpg 768w, https:\/\/www.muzeumtrebisov.sk\/wp-content\/uploads\/2026\/03\/vysledky-2-891x1536.jpg 891w, https:\/\/www.muzeumtrebisov.sk\/wp-content\/uploads\/2026\/03\/vysledky-2-1188x2048.jpg 1188w, https:\/\/www.muzeumtrebisov.sk\/wp-content\/uploads\/2026\/03\/vysledky-2-7x12.jpg 7w, https:\/\/www.muzeumtrebisov.sk\/wp-content\/uploads\/2026\/03\/vysledky-2-500x862.jpg 500w, https:\/\/www.muzeumtrebisov.sk\/wp-content\/uploads\/2026\/03\/vysledky-2-800x1380.jpg 800w, https:\/\/www.muzeumtrebisov.sk\/wp-content\/uploads\/2026\/03\/vysledky-2-1280x2207.jpg 1280w, https:\/\/www.muzeumtrebisov.sk\/wp-content\/uploads\/2026\/03\/vysledky-2-1920x3311.jpg 1920w, https:\/\/www.muzeumtrebisov.sk\/wp-content\/uploads\/2026\/03\/vysledky-2-600x1035.jpg 600w, https:\/\/www.muzeumtrebisov.sk\/wp-content\/uploads\/2026\/03\/vysledky-2-scaled.jpg 1485w\" sizes=\"(max-width: 767px) 100vw, 767px\" \/><\/figure><\/div>","protected":false},"excerpt":{"rendered":"<p>Okresn\u00e9 kolo 72. ro\u010dn\u00edka Hviezdoslavovho Kub\u00edna v Trebi\u0161ove V priestoroch M\u00fazea a Kult\u00farneho centra ju\u017en\u00e9ho Zempl\u00edna v Trebi\u0161ove sa v d\u0148och 10. a 11. marca 2026 uskuto\u010dnilo okresn\u00e9 kolo 72. ro\u010dn\u00edka Hviezdoslavovho Kub\u00edna, celo\u0161t\u00e1tnej postupovej s\u00fa\u0165a\u017ee v umeleckom prednese po\u00e9zie a pr\u00f3zy. Po\u010das dvoch s\u00fa\u0165a\u017en\u00fdch dn\u00ed sa predstavili deti a ml\u00e1de\u017e v piatich kateg\u00f3ri\u00e1ch. 10.<\/p>","protected":false},"author":1,"featured_media":8093,"comment_status":"open","ping_status":"open","sticky":false,"template":"","format":"standard","meta":{"om_disable_all_campaigns":false,"_vp_format_video_url":"","_vp_image_focal_point":[]},"categories":[71],"tags":[],"aioseo_notices":[],"yoast_head":"<!-- This site is optimized with the Yoast SEO plugin v18.5.1 - https:\/\/yoast.com\/wordpress\/plugins\/seo\/ -->\n<title>Hviezdoslavov Kub\u00edn 2026 | M\u00fazeum Trebi\u0161ov - Ka\u0161tie\u013e Andr\u00e1ssyovcov<\/title>\n<meta name=\"robots\" content=\"index, follow, max-snippet:-1, max-image-preview:large, max-video-preview:-1\" \/>\n<link rel=\"canonical\" href=\"https:\/\/www.muzeumtrebisov.sk\/hu\/kulturne-centrum\/hviezdoslavov-kubin-2026-2\/\" \/>\n<meta property=\"og:locale\" content=\"hu_HU\" \/>\n<meta property=\"og:type\" content=\"article\" \/>\n<meta property=\"og:title\" content=\"Hviezdoslavov Kub\u00edn 2026 | M\u00fazeum Trebi\u0161ov - Ka\u0161tie\u013e Andr\u00e1ssyovcov\" \/>\n<meta property=\"og:description\" content=\"Okresn\u00e9 kolo 72. ro\u010dn\u00edka Hviezdoslavovho Kub\u00edna v Trebi\u0161ove V priestoroch M\u00fazea a Kult\u00farneho centra ju\u017en\u00e9ho Zempl\u00edna v Trebi\u0161ove sa v d\u0148och 10. a 11. marca 2026 uskuto\u010dnilo okresn\u00e9 kolo 72. ro\u010dn\u00edka Hviezdoslavovho Kub\u00edna, celo\u0161t\u00e1tnej postupovej s\u00fa\u0165a\u017ee v umeleckom prednese po\u00e9zie a pr\u00f3zy. Po\u010das dvoch s\u00fa\u0165a\u017en\u00fdch dn\u00ed sa predstavili deti a ml\u00e1de\u017e v piatich kateg\u00f3ri\u00e1ch. 10.\" \/>\n<meta property=\"og:url\" content=\"https:\/\/www.muzeumtrebisov.sk\/hu\/kulturne-centrum\/hviezdoslavov-kubin-2026-2\/\" \/>\n<meta property=\"og:site_name\" content=\"M\u00fazeum Trebi\u0161ov - Ka\u0161tie\u013e Andr\u00e1ssyovcov\" \/>\n<meta property=\"article:publisher\" content=\"https:\/\/www.facebook.com\/muzeumtvkastielandrassyovcov\" \/>\n<meta property=\"article:published_time\" content=\"2026-03-12T10:37:54+00:00\" \/>\n<meta property=\"article:modified_time\" content=\"2026-03-12T10:38:13+00:00\" \/>\n<meta property=\"og:image\" content=\"https:\/\/www.muzeumtrebisov.sk\/wp-content\/uploads\/2026\/03\/Hviezdoslavov-Kubin-2026-plagat-podla-DM-scaled.jpg\" \/>\n\t<meta property=\"og:image:width\" content=\"1810\" \/>\n\t<meta property=\"og:image:height\" content=\"2560\" \/>\n\t<meta property=\"og:image:type\" content=\"image\/jpeg\" \/>\n<meta name=\"twitter:card\" content=\"summary_large_image\" \/>\n<meta name=\"twitter:label1\" content=\"Szerz\u0151:\" \/>\n\t<meta name=\"twitter:data1\" content=\"muzeumtvadmin\" \/>\n\t<meta name=\"twitter:label2\" content=\"Becs\u00fclt olvas\u00e1si id\u0151\" \/>\n\t<meta name=\"twitter:data2\" content=\"2 perc\" \/>\n<script type=\"application\/ld+json\" class=\"yoast-schema-graph\">{\"@context\":\"https:\/\/schema.org\",\"@graph\":[{\"@type\":\"Organization\",\"@id\":\"https:\/\/www.muzeumtrebisov.sk\/#organization\",\"name\":\"M\u00fazeum Trebi\u0161ov - Ka\u0161tie\u013e Andr\u00e1ssyovcov\",\"url\":\"https:\/\/www.muzeumtrebisov.sk\/\",\"sameAs\":[\"https:\/\/www.facebook.com\/muzeumtvkastielandrassyovcov\",\"https:\/\/www.instagram.com\/muzeumtrebisovkastielandrassy\/\",\"https:\/\/www.youtube.com\/channel\/UCprfZHvPNIxqZ2IHCDwfv1w\"],\"logo\":{\"@type\":\"ImageObject\",\"@id\":\"https:\/\/www.muzeumtrebisov.sk\/#logo\",\"inLanguage\":\"hu\",\"url\":\"https:\/\/www.muzeumtrebisov.sk\/wp-content\/uploads\/2022\/04\/dual-logo-color-hor.png\",\"contentUrl\":\"https:\/\/www.muzeumtrebisov.sk\/wp-content\/uploads\/2022\/04\/dual-logo-color-hor.png\",\"width\":749,\"height\":140,\"caption\":\"M\u00fazeum Trebi\u0161ov - Ka\u0161tie\u013e Andr\u00e1ssyovcov\"},\"image\":{\"@id\":\"https:\/\/www.muzeumtrebisov.sk\/#logo\"}},{\"@type\":\"WebSite\",\"@id\":\"https:\/\/www.muzeumtrebisov.sk\/#website\",\"url\":\"https:\/\/www.muzeumtrebisov.sk\/\",\"name\":\"M\u00fazeum Trebi\u0161ov - Ka\u0161tie\u013e Andr\u00e1ssyovcov\",\"description\":\"Hist\u00f3ria Andr\u00e1ssyovcov a ju\u017en\u00e9ho Zempl\u00edna\",\"publisher\":{\"@id\":\"https:\/\/www.muzeumtrebisov.sk\/#organization\"},\"potentialAction\":[{\"@type\":\"SearchAction\",\"target\":{\"@type\":\"EntryPoint\",\"urlTemplate\":\"https:\/\/www.muzeumtrebisov.sk\/?s={search_term_string}\"},\"query-input\":\"required name=search_term_string\"}],\"inLanguage\":\"hu\"},{\"@type\":\"ImageObject\",\"@id\":\"https:\/\/www.muzeumtrebisov.sk\/kulturne-centrum\/hviezdoslavov-kubin-2026-2\/#primaryimage\",\"inLanguage\":\"hu\",\"url\":\"https:\/\/www.muzeumtrebisov.sk\/wp-content\/uploads\/2026\/03\/Hviezdoslavov-Kubin-2026-plagat-podla-DM-scaled.jpg\",\"contentUrl\":\"https:\/\/www.muzeumtrebisov.sk\/wp-content\/uploads\/2026\/03\/Hviezdoslavov-Kubin-2026-plagat-podla-DM-scaled.jpg\",\"width\":1810,\"height\":2560},{\"@type\":\"WebPage\",\"@id\":\"https:\/\/www.muzeumtrebisov.sk\/kulturne-centrum\/hviezdoslavov-kubin-2026-2\/#webpage\",\"url\":\"https:\/\/www.muzeumtrebisov.sk\/kulturne-centrum\/hviezdoslavov-kubin-2026-2\/\",\"name\":\"Hviezdoslavov Kub\u00edn 2026 | M\u00fazeum Trebi\u0161ov - Ka\u0161tie\u013e Andr\u00e1ssyovcov\",\"isPartOf\":{\"@id\":\"https:\/\/www.muzeumtrebisov.sk\/#website\"},\"primaryImageOfPage\":{\"@id\":\"https:\/\/www.muzeumtrebisov.sk\/kulturne-centrum\/hviezdoslavov-kubin-2026-2\/#primaryimage\"},\"datePublished\":\"2026-03-12T10:37:54+00:00\",\"dateModified\":\"2026-03-12T10:38:13+00:00\",\"breadcrumb\":{\"@id\":\"https:\/\/www.muzeumtrebisov.sk\/kulturne-centrum\/hviezdoslavov-kubin-2026-2\/#breadcrumb\"},\"inLanguage\":\"hu\",\"potentialAction\":[{\"@type\":\"ReadAction\",\"target\":[\"https:\/\/www.muzeumtrebisov.sk\/kulturne-centrum\/hviezdoslavov-kubin-2026-2\/\"]}]},{\"@type\":\"BreadcrumbList\",\"@id\":\"https:\/\/www.muzeumtrebisov.sk\/kulturne-centrum\/hviezdoslavov-kubin-2026-2\/#breadcrumb\",\"itemListElement\":[{\"@type\":\"ListItem\",\"position\":1,\"name\":\"Home\",\"item\":\"https:\/\/www.muzeumtrebisov.sk\/\"},{\"@type\":\"ListItem\",\"position\":2,\"name\":\"Hviezdoslavov Kub\u00edn 2026\"}]},{\"@type\":\"Article\",\"@id\":\"https:\/\/www.muzeumtrebisov.sk\/kulturne-centrum\/hviezdoslavov-kubin-2026-2\/#article\",\"isPartOf\":{\"@id\":\"https:\/\/www.muzeumtrebisov.sk\/kulturne-centrum\/hviezdoslavov-kubin-2026-2\/#webpage\"},\"author\":{\"@id\":\"https:\/\/www.muzeumtrebisov.sk\/#\/schema\/person\/e020f4c0852b191613d063438d60ae6b\"},\"headline\":\"Hviezdoslavov Kub\u00edn 2026\",\"datePublished\":\"2026-03-12T10:37:54+00:00\",\"dateModified\":\"2026-03-12T10:38:13+00:00\",\"mainEntityOfPage\":{\"@id\":\"https:\/\/www.muzeumtrebisov.sk\/kulturne-centrum\/hviezdoslavov-kubin-2026-2\/#webpage\"},\"wordCount\":257,\"commentCount\":0,\"publisher\":{\"@id\":\"https:\/\/www.muzeumtrebisov.sk\/#organization\"},\"image\":{\"@id\":\"https:\/\/www.muzeumtrebisov.sk\/kulturne-centrum\/hviezdoslavov-kubin-2026-2\/#primaryimage\"},\"thumbnailUrl\":\"https:\/\/www.muzeumtrebisov.sk\/wp-content\/uploads\/2026\/03\/Hviezdoslavov-Kubin-2026-plagat-podla-DM-scaled.jpg\",\"articleSection\":[\"Kult\u00farne centrum\"],\"inLanguage\":\"hu\",\"potentialAction\":[{\"@type\":\"CommentAction\",\"name\":\"Comment\",\"target\":[\"https:\/\/www.muzeumtrebisov.sk\/kulturne-centrum\/hviezdoslavov-kubin-2026-2\/#respond\"]}]},{\"@type\":\"Person\",\"@id\":\"https:\/\/www.muzeumtrebisov.sk\/#\/schema\/person\/e020f4c0852b191613d063438d60ae6b\",\"name\":\"muzeumtvadmin\",\"image\":{\"@type\":\"ImageObject\",\"@id\":\"https:\/\/www.muzeumtrebisov.sk\/#personlogo\",\"inLanguage\":\"hu\",\"url\":\"https:\/\/secure.gravatar.com\/avatar\/115030f8384675efad0cc99183d7cd51?s=96&d=mm&r=g\",\"contentUrl\":\"https:\/\/secure.gravatar.com\/avatar\/115030f8384675efad0cc99183d7cd51?s=96&d=mm&r=g\",\"caption\":\"muzeumtvadmin\"},\"sameAs\":[\"https:\/\/www.muzeumtrebisov.sk\"],\"url\":\"https:\/\/www.muzeumtrebisov.sk\/hu\/author\/muzeumtvadmin\/\"}]}<\/script>\n<!-- \/ Yoast SEO plugin. -->","yoast_head_json":{"title":"Hviezdoslavov Kub\u00edn 2026 | M\u00fazeum Trebi\u0161ov - Ka\u0161tie\u013e Andr\u00e1ssyovcov","robots":{"index":"index","follow":"follow","max-snippet":"max-snippet:-1","max-image-preview":"max-image-preview:large","max-video-preview":"max-video-preview:-1"},"canonical":"https:\/\/www.muzeumtrebisov.sk\/hu\/kulturne-centrum\/hviezdoslavov-kubin-2026-2\/","og_locale":"hu_HU","og_type":"article","og_title":"Hviezdoslavov Kub\u00edn 2026 | M\u00fazeum Trebi\u0161ov - Ka\u0161tie\u013e Andr\u00e1ssyovcov","og_description":"Okresn\u00e9 kolo 72. ro\u010dn\u00edka Hviezdoslavovho Kub\u00edna v Trebi\u0161ove V priestoroch M\u00fazea a Kult\u00farneho centra ju\u017en\u00e9ho Zempl\u00edna v Trebi\u0161ove sa v d\u0148och 10. a 11. marca 2026 uskuto\u010dnilo okresn\u00e9 kolo 72. ro\u010dn\u00edka Hviezdoslavovho Kub\u00edna, celo\u0161t\u00e1tnej postupovej s\u00fa\u0165a\u017ee v umeleckom prednese po\u00e9zie a pr\u00f3zy. Po\u010das dvoch s\u00fa\u0165a\u017en\u00fdch dn\u00ed sa predstavili deti a ml\u00e1de\u017e v piatich kateg\u00f3ri\u00e1ch. 10.","og_url":"https:\/\/www.muzeumtrebisov.sk\/hu\/kulturne-centrum\/hviezdoslavov-kubin-2026-2\/","og_site_name":"M\u00fazeum Trebi\u0161ov - Ka\u0161tie\u013e Andr\u00e1ssyovcov","article_publisher":"https:\/\/www.facebook.com\/muzeumtvkastielandrassyovcov","article_published_time":"2026-03-12T10:37:54+00:00","article_modified_time":"2026-03-12T10:38:13+00:00","og_image":[{"width":1810,"height":2560,"url":"https:\/\/www.muzeumtrebisov.sk\/wp-content\/uploads\/2026\/03\/Hviezdoslavov-Kubin-2026-plagat-podla-DM-scaled.jpg","type":"image\/jpeg"}],"twitter_card":"summary_large_image","twitter_misc":{"Szerz\u0151:":"muzeumtvadmin","Becs\u00fclt olvas\u00e1si id\u0151":"2 perc"},"schema":{"@context":"https:\/\/schema.org","@graph":[{"@type":"Organization","@id":"https:\/\/www.muzeumtrebisov.sk\/#organization","name":"M\u00fazeum Trebi\u0161ov - Ka\u0161tie\u013e Andr\u00e1ssyovcov","url":"https:\/\/www.muzeumtrebisov.sk\/","sameAs":["https:\/\/www.facebook.com\/muzeumtvkastielandrassyovcov","https:\/\/www.instagram.com\/muzeumtrebisovkastielandrassy\/","https:\/\/www.youtube.com\/channel\/UCprfZHvPNIxqZ2IHCDwfv1w"],"logo":{"@type":"ImageObject","@id":"https:\/\/www.muzeumtrebisov.sk\/#logo","inLanguage":"hu","url":"https:\/\/www.muzeumtrebisov.sk\/wp-content\/uploads\/2022\/04\/dual-logo-color-hor.png","contentUrl":"https:\/\/www.muzeumtrebisov.sk\/wp-content\/uploads\/2022\/04\/dual-logo-color-hor.png","width":749,"height":140,"caption":"M\u00fazeum Trebi\u0161ov - Ka\u0161tie\u013e Andr\u00e1ssyovcov"},"image":{"@id":"https:\/\/www.muzeumtrebisov.sk\/#logo"}},{"@type":"WebSite","@id":"https:\/\/www.muzeumtrebisov.sk\/#website","url":"https:\/\/www.muzeumtrebisov.sk\/","name":"M\u00fazeum Trebi\u0161ov - Ka\u0161tie\u013e Andr\u00e1ssyovcov","description":"Hist\u00f3ria Andr\u00e1ssyovcov a ju\u017en\u00e9ho Zempl\u00edna","publisher":{"@id":"https:\/\/www.muzeumtrebisov.sk\/#organization"},"potentialAction":[{"@type":"SearchAction","target":{"@type":"EntryPoint","urlTemplate":"https:\/\/www.muzeumtrebisov.sk\/?s={search_term_string}"},"query-input":"required name=search_term_string"}],"inLanguage":"hu"},{"@type":"ImageObject","@id":"https:\/\/www.muzeumtrebisov.sk\/kulturne-centrum\/hviezdoslavov-kubin-2026-2\/#primaryimage","inLanguage":"hu","url":"https:\/\/www.muzeumtrebisov.sk\/wp-content\/uploads\/2026\/03\/Hviezdoslavov-Kubin-2026-plagat-podla-DM-scaled.jpg","contentUrl":"https:\/\/www.muzeumtrebisov.sk\/wp-content\/uploads\/2026\/03\/Hviezdoslavov-Kubin-2026-plagat-podla-DM-scaled.jpg","width":1810,"height":2560},{"@type":"WebPage","@id":"https:\/\/www.muzeumtrebisov.sk\/kulturne-centrum\/hviezdoslavov-kubin-2026-2\/#webpage","url":"https:\/\/www.muzeumtrebisov.sk\/kulturne-centrum\/hviezdoslavov-kubin-2026-2\/","name":"Hviezdoslavov Kub\u00edn 2026 | M\u00fazeum Trebi\u0161ov - Ka\u0161tie\u013e Andr\u00e1ssyovcov","isPartOf":{"@id":"https:\/\/www.muzeumtrebisov.sk\/#website"},"primaryImageOfPage":{"@id":"https:\/\/www.muzeumtrebisov.sk\/kulturne-centrum\/hviezdoslavov-kubin-2026-2\/#primaryimage"},"datePublished":"2026-03-12T10:37:54+00:00","dateModified":"2026-03-12T10:38:13+00:00","breadcrumb":{"@id":"https:\/\/www.muzeumtrebisov.sk\/kulturne-centrum\/hviezdoslavov-kubin-2026-2\/#breadcrumb"},"inLanguage":"hu","potentialAction":[{"@type":"ReadAction","target":["https:\/\/www.muzeumtrebisov.sk\/kulturne-centrum\/hviezdoslavov-kubin-2026-2\/"]}]},{"@type":"BreadcrumbList","@id":"https:\/\/www.muzeumtrebisov.sk\/kulturne-centrum\/hviezdoslavov-kubin-2026-2\/#breadcrumb","itemListElement":[{"@type":"ListItem","position":1,"name":"Home","item":"https:\/\/www.muzeumtrebisov.sk\/"},{"@type":"ListItem","position":2,"name":"Hviezdoslavov Kub\u00edn 2026"}]},{"@type":"Article","@id":"https:\/\/www.muzeumtrebisov.sk\/kulturne-centrum\/hviezdoslavov-kubin-2026-2\/#article","isPartOf":{"@id":"https:\/\/www.muzeumtrebisov.sk\/kulturne-centrum\/hviezdoslavov-kubin-2026-2\/#webpage"},"author":{"@id":"https:\/\/www.muzeumtrebisov.sk\/#\/schema\/person\/e020f4c0852b191613d063438d60ae6b"},"headline":"Hviezdoslavov Kub\u00edn 2026","datePublished":"2026-03-12T10:37:54+00:00","dateModified":"2026-03-12T10:38:13+00:00","mainEntityOfPage":{"@id":"https:\/\/www.muzeumtrebisov.sk\/kulturne-centrum\/hviezdoslavov-kubin-2026-2\/#webpage"},"wordCount":257,"commentCount":0,"publisher":{"@id":"https:\/\/www.muzeumtrebisov.sk\/#organization"},"image":{"@id":"https:\/\/www.muzeumtrebisov.sk\/kulturne-centrum\/hviezdoslavov-kubin-2026-2\/#primaryimage"},"thumbnailUrl":"https:\/\/www.muzeumtrebisov.sk\/wp-content\/uploads\/2026\/03\/Hviezdoslavov-Kubin-2026-plagat-podla-DM-scaled.jpg","articleSection":["Kult\u00farne centrum"],"inLanguage":"hu","potentialAction":[{"@type":"CommentAction","name":"Comment","target":["https:\/\/www.muzeumtrebisov.sk\/kulturne-centrum\/hviezdoslavov-kubin-2026-2\/#respond"]}]},{"@type":"Person","@id":"https:\/\/www.muzeumtrebisov.sk\/#\/schema\/person\/e020f4c0852b191613d063438d60ae6b","name":"muzeumtvadmin","image":{"@type":"ImageObject","@id":"https:\/\/www.muzeumtrebisov.sk\/#personlogo","inLanguage":"hu","url":"https:\/\/secure.gravatar.com\/avatar\/115030f8384675efad0cc99183d7cd51?s=96&d=mm&r=g","contentUrl":"https:\/\/secure.gravatar.com\/avatar\/115030f8384675efad0cc99183d7cd51?s=96&d=mm&r=g","caption":"muzeumtvadmin"},"sameAs":["https:\/\/www.muzeumtrebisov.sk"],"url":"https:\/\/www.muzeumtrebisov.sk\/hu\/author\/muzeumtvadmin\/"}]}},"_links":{"self":[{"href":"https:\/\/www.muzeumtrebisov.sk\/hu\/wp-json\/wp\/v2\/posts\/8118"}],"collection":[{"href":"https:\/\/www.muzeumtrebisov.sk\/hu\/wp-json\/wp\/v2\/posts"}],"about":[{"href":"https:\/\/www.muzeumtrebisov.sk\/hu\/wp-json\/wp\/v2\/types\/post"}],"author":[{"embeddable":true,"href":"https:\/\/www.muzeumtrebisov.sk\/hu\/wp-json\/wp\/v2\/users\/1"}],"replies":[{"embeddable":true,"href":"https:\/\/www.muzeumtrebisov.sk\/hu\/wp-json\/wp\/v2\/comments?post=8118"}],"version-history":[{"count":5,"href":"https:\/\/www.muzeumtrebisov.sk\/hu\/wp-json\/wp\/v2\/posts\/8118\/revisions"}],"predecessor-version":[{"id":8125,"href":"https:\/\/www.muzeumtrebisov.sk\/hu\/wp-json\/wp\/v2\/posts\/8118\/revisions\/8125"}],"wp:featuredmedia":[{"embeddable":true,"href":"https:\/\/www.muzeumtrebisov.sk\/hu\/wp-json\/wp\/v2\/media\/8093"}],"wp:attachment":[{"href":"https:\/\/www.muzeumtrebisov.sk\/hu\/wp-json\/wp\/v2\/media?parent=8118"}],"wp:term":[{"taxonomy":"category","embeddable":true,"href":"https:\/\/www.muzeumtrebisov.sk\/hu\/wp-json\/wp\/v2\/categories?post=8118"},{"taxonomy":"post_tag","embeddable":true,"href":"https:\/\/www.muzeumtrebisov.sk\/hu\/wp-json\/wp\/v2\/tags?post=8118"}],"curies":[{"name":"wp","href":"https:\/\/api.w.org\/{rel}","templated":true}]}}