{"id":8094,"date":"2026-03-03T17:03:00","date_gmt":"2026-03-03T16:03:00","guid":{"rendered":"https:\/\/www.muzeumtrebisov.sk\/?p=8094"},"modified":"2026-03-09T11:04:08","modified_gmt":"2026-03-09T10:04:08","slug":"muzeum-vsetkymi-zmyslami","status":"publish","type":"post","link":"https:\/\/www.muzeumtrebisov.sk\/hu\/muzeum\/muzeum-vsetkymi-zmyslami\/","title":{"rendered":"M\u00fazeum v\u0161etk\u00fdmi zmyslami"},"content":{"rendered":"<div class=\"wp-container-3 wp-block-columns\">\n<div class=\"wp-container-1 wp-block-column\">\n<p class=\"has-large-font-size\"><strong>Jarn\u00e9 pr\u00e1zdniny v m\u00fazeu<\/strong><\/p>\n\n\n\n<p style=\"font-size:18px\">Dnes to nebolo len o pozeran\u00ed! <img loading=\"lazy\" height=\"16\" width=\"16\" alt=\"\ud83c\udfdb\ufe0f\" src=\"https:\/\/static.xx.fbcdn.net\/images\/emoji.php\/v9\/t89\/1\/16\/1f3db.png\"><img loading=\"lazy\" height=\"16\" width=\"16\" alt=\"\u2728\" src=\"https:\/\/static.xx.fbcdn.net\/images\/emoji.php\/v9\/tf4\/1\/16\/2728.png\"><\/p>\n\n\n\n<p style=\"font-size:18px\">\u200bHist\u00f3riu sme si dnes doslova \u201eohmatali\u201c.<\/p>\n\n\n\n<p style=\"font-size:18px\">\u200bDne\u0161n\u00fd de\u0148 v m\u00fazeu patril objavovaniu.<\/p>\n\n\n\n<p style=\"font-size:18px\">\u200bDotyk: Haptick\u00e9 pom\u00f4cky n\u00e1m odhalili text\u00fary, ktor\u00e9 na\u0161e oko \u010dasto prehliadne.<\/p>\n\n\n\n<p style=\"font-size:18px\">\u200bPozornos\u0165: Otestovali sme svoje zmysly a zistili, ko\u013eko detailov n\u00e1m v be\u017enom zhone unik\u00e1.<\/p>\n\n\n\n<p style=\"font-size:18px\">\u200bPoznanie: Nau\u010dili sme sa, \u017ee vzdel\u00e1vanie m\u00f4\u017ee by\u0165 z\u00e1\u017eitkom, ktor\u00fd prech\u00e1dza cel\u00fdm telom.<\/p>\n\n\n\n<p style=\"font-size:18px\">\u010eakujeme v\u0161etk\u00fdm za skvel\u00fa energiu!<\/p>\n<\/div>\n\n\n\n<div class=\"wp-container-2 wp-block-column\">\n<figure class=\"wp-block-video\"><video controls src=\"https:\/\/www.muzeumtrebisov.sk\/wp-content\/uploads\/2026\/03\/video-output-57BB1C52-27A6-4D9B-B1C2-BFB5CAE26034-1.mov\"><\/video><\/figure>\n<\/div>\n<\/div>","protected":false},"excerpt":{"rendered":"<p>Jarn\u00e9 pr\u00e1zdniny v m\u00fazeu Dnes to nebolo len o pozeran\u00ed! \u200bHist\u00f3riu sme si dnes doslova \u201eohmatali\u201c. \u200bDne\u0161n\u00fd de\u0148 v m\u00fazeu patril objavovaniu. \u200bDotyk: Haptick\u00e9 pom\u00f4cky n\u00e1m odhalili text\u00fary, ktor\u00e9 na\u0161e oko \u010dasto prehliadne. \u200bPozornos\u0165: Otestovali sme svoje zmysly a zistili, ko\u013eko detailov n\u00e1m v be\u017enom zhone unik\u00e1. \u200bPoznanie: Nau\u010dili sme sa, \u017ee vzdel\u00e1vanie m\u00f4\u017ee by\u0165<\/p>","protected":false},"author":1,"featured_media":8038,"comment_status":"open","ping_status":"open","sticky":false,"template":"","format":"standard","meta":{"om_disable_all_campaigns":false,"_vp_format_video_url":"","_vp_image_focal_point":[]},"categories":[73],"tags":[],"aioseo_notices":[],"yoast_head":"<!-- This site is optimized with the Yoast SEO plugin v18.5.1 - https:\/\/yoast.com\/wordpress\/plugins\/seo\/ -->\n<title>M\u00fazeum v\u0161etk\u00fdmi zmyslami | M\u00fazeum Trebi\u0161ov - Ka\u0161tie\u013e Andr\u00e1ssyovcov<\/title>\n<meta name=\"robots\" content=\"index, follow, max-snippet:-1, max-image-preview:large, max-video-preview:-1\" \/>\n<link rel=\"canonical\" href=\"https:\/\/www.muzeumtrebisov.sk\/hu\/muzeum\/muzeum-vsetkymi-zmyslami\/\" \/>\n<meta property=\"og:locale\" content=\"hu_HU\" \/>\n<meta property=\"og:type\" content=\"article\" \/>\n<meta property=\"og:title\" content=\"M\u00fazeum v\u0161etk\u00fdmi zmyslami | M\u00fazeum Trebi\u0161ov - Ka\u0161tie\u013e Andr\u00e1ssyovcov\" \/>\n<meta property=\"og:description\" content=\"Jarn\u00e9 pr\u00e1zdniny v m\u00fazeu Dnes to nebolo len o pozeran\u00ed! \u200bHist\u00f3riu sme si dnes doslova \u201eohmatali\u201c. \u200bDne\u0161n\u00fd de\u0148 v m\u00fazeu patril objavovaniu. \u200bDotyk: Haptick\u00e9 pom\u00f4cky n\u00e1m odhalili text\u00fary, ktor\u00e9 na\u0161e oko \u010dasto prehliadne. \u200bPozornos\u0165: Otestovali sme svoje zmysly a zistili, ko\u013eko detailov n\u00e1m v be\u017enom zhone unik\u00e1. \u200bPoznanie: Nau\u010dili sme sa, \u017ee vzdel\u00e1vanie m\u00f4\u017ee by\u0165\" \/>\n<meta property=\"og:url\" content=\"https:\/\/www.muzeumtrebisov.sk\/hu\/muzeum\/muzeum-vsetkymi-zmyslami\/\" \/>\n<meta property=\"og:site_name\" content=\"M\u00fazeum Trebi\u0161ov - Ka\u0161tie\u013e Andr\u00e1ssyovcov\" \/>\n<meta property=\"article:publisher\" content=\"https:\/\/www.facebook.com\/muzeumtvkastielandrassyovcov\" \/>\n<meta property=\"article:published_time\" content=\"2026-03-03T16:03:00+00:00\" \/>\n<meta property=\"article:modified_time\" content=\"2026-03-09T10:04:08+00:00\" \/>\n<meta property=\"og:image\" content=\"https:\/\/www.muzeumtrebisov.sk\/wp-content\/uploads\/2026\/02\/Muzeum-vsetkymi-zmyslami-jarne-prazdniny-deti-scaled.jpg\" \/>\n\t<meta property=\"og:image:width\" content=\"1810\" \/>\n\t<meta property=\"og:image:height\" content=\"2560\" \/>\n\t<meta property=\"og:image:type\" content=\"image\/jpeg\" \/>\n<meta name=\"twitter:card\" content=\"summary_large_image\" \/>\n<meta name=\"twitter:label1\" content=\"Szerz\u0151:\" \/>\n\t<meta name=\"twitter:data1\" content=\"muzeumtvadmin\" \/>\n\t<meta name=\"twitter:label2\" content=\"Becs\u00fclt olvas\u00e1si id\u0151\" \/>\n\t<meta name=\"twitter:data2\" content=\"1 perc\" \/>\n<script type=\"application\/ld+json\" class=\"yoast-schema-graph\">{\"@context\":\"https:\/\/schema.org\",\"@graph\":[{\"@type\":\"Organization\",\"@id\":\"https:\/\/www.muzeumtrebisov.sk\/#organization\",\"name\":\"M\u00fazeum Trebi\u0161ov - Ka\u0161tie\u013e Andr\u00e1ssyovcov\",\"url\":\"https:\/\/www.muzeumtrebisov.sk\/\",\"sameAs\":[\"https:\/\/www.facebook.com\/muzeumtvkastielandrassyovcov\",\"https:\/\/www.instagram.com\/muzeumtrebisovkastielandrassy\/\",\"https:\/\/www.youtube.com\/channel\/UCprfZHvPNIxqZ2IHCDwfv1w\"],\"logo\":{\"@type\":\"ImageObject\",\"@id\":\"https:\/\/www.muzeumtrebisov.sk\/#logo\",\"inLanguage\":\"hu\",\"url\":\"https:\/\/www.muzeumtrebisov.sk\/wp-content\/uploads\/2022\/04\/dual-logo-color-hor.png\",\"contentUrl\":\"https:\/\/www.muzeumtrebisov.sk\/wp-content\/uploads\/2022\/04\/dual-logo-color-hor.png\",\"width\":749,\"height\":140,\"caption\":\"M\u00fazeum Trebi\u0161ov - Ka\u0161tie\u013e Andr\u00e1ssyovcov\"},\"image\":{\"@id\":\"https:\/\/www.muzeumtrebisov.sk\/#logo\"}},{\"@type\":\"WebSite\",\"@id\":\"https:\/\/www.muzeumtrebisov.sk\/#website\",\"url\":\"https:\/\/www.muzeumtrebisov.sk\/\",\"name\":\"M\u00fazeum Trebi\u0161ov - Ka\u0161tie\u013e Andr\u00e1ssyovcov\",\"description\":\"Hist\u00f3ria Andr\u00e1ssyovcov a ju\u017en\u00e9ho Zempl\u00edna\",\"publisher\":{\"@id\":\"https:\/\/www.muzeumtrebisov.sk\/#organization\"},\"potentialAction\":[{\"@type\":\"SearchAction\",\"target\":{\"@type\":\"EntryPoint\",\"urlTemplate\":\"https:\/\/www.muzeumtrebisov.sk\/?s={search_term_string}\"},\"query-input\":\"required name=search_term_string\"}],\"inLanguage\":\"hu\"},{\"@type\":\"ImageObject\",\"@id\":\"https:\/\/www.muzeumtrebisov.sk\/muzeum\/muzeum-vsetkymi-zmyslami\/#primaryimage\",\"inLanguage\":\"hu\",\"url\":\"https:\/\/www.muzeumtrebisov.sk\/wp-content\/uploads\/2026\/02\/Muzeum-vsetkymi-zmyslami-jarne-prazdniny-deti-scaled.jpg\",\"contentUrl\":\"https:\/\/www.muzeumtrebisov.sk\/wp-content\/uploads\/2026\/02\/Muzeum-vsetkymi-zmyslami-jarne-prazdniny-deti-scaled.jpg\",\"width\":1810,\"height\":2560},{\"@type\":\"WebPage\",\"@id\":\"https:\/\/www.muzeumtrebisov.sk\/muzeum\/muzeum-vsetkymi-zmyslami\/#webpage\",\"url\":\"https:\/\/www.muzeumtrebisov.sk\/muzeum\/muzeum-vsetkymi-zmyslami\/\",\"name\":\"M\u00fazeum v\u0161etk\u00fdmi zmyslami | M\u00fazeum Trebi\u0161ov - Ka\u0161tie\u013e Andr\u00e1ssyovcov\",\"isPartOf\":{\"@id\":\"https:\/\/www.muzeumtrebisov.sk\/#website\"},\"primaryImageOfPage\":{\"@id\":\"https:\/\/www.muzeumtrebisov.sk\/muzeum\/muzeum-vsetkymi-zmyslami\/#primaryimage\"},\"datePublished\":\"2026-03-03T16:03:00+00:00\",\"dateModified\":\"2026-03-09T10:04:08+00:00\",\"breadcrumb\":{\"@id\":\"https:\/\/www.muzeumtrebisov.sk\/muzeum\/muzeum-vsetkymi-zmyslami\/#breadcrumb\"},\"inLanguage\":\"hu\",\"potentialAction\":[{\"@type\":\"ReadAction\",\"target\":[\"https:\/\/www.muzeumtrebisov.sk\/muzeum\/muzeum-vsetkymi-zmyslami\/\"]}]},{\"@type\":\"BreadcrumbList\",\"@id\":\"https:\/\/www.muzeumtrebisov.sk\/muzeum\/muzeum-vsetkymi-zmyslami\/#breadcrumb\",\"itemListElement\":[{\"@type\":\"ListItem\",\"position\":1,\"name\":\"Home\",\"item\":\"https:\/\/www.muzeumtrebisov.sk\/\"},{\"@type\":\"ListItem\",\"position\":2,\"name\":\"M\u00fazeum v\u0161etk\u00fdmi zmyslami\"}]},{\"@type\":\"Article\",\"@id\":\"https:\/\/www.muzeumtrebisov.sk\/muzeum\/muzeum-vsetkymi-zmyslami\/#article\",\"isPartOf\":{\"@id\":\"https:\/\/www.muzeumtrebisov.sk\/muzeum\/muzeum-vsetkymi-zmyslami\/#webpage\"},\"author\":{\"@id\":\"https:\/\/www.muzeumtrebisov.sk\/#\/schema\/person\/e020f4c0852b191613d063438d60ae6b\"},\"headline\":\"M\u00fazeum v\u0161etk\u00fdmi zmyslami\",\"datePublished\":\"2026-03-03T16:03:00+00:00\",\"dateModified\":\"2026-03-09T10:04:08+00:00\",\"mainEntityOfPage\":{\"@id\":\"https:\/\/www.muzeumtrebisov.sk\/muzeum\/muzeum-vsetkymi-zmyslami\/#webpage\"},\"wordCount\":91,\"commentCount\":0,\"publisher\":{\"@id\":\"https:\/\/www.muzeumtrebisov.sk\/#organization\"},\"image\":{\"@id\":\"https:\/\/www.muzeumtrebisov.sk\/muzeum\/muzeum-vsetkymi-zmyslami\/#primaryimage\"},\"thumbnailUrl\":\"https:\/\/www.muzeumtrebisov.sk\/wp-content\/uploads\/2026\/02\/Muzeum-vsetkymi-zmyslami-jarne-prazdniny-deti-scaled.jpg\",\"articleSection\":[\"M\u00fazeum\"],\"inLanguage\":\"hu\",\"potentialAction\":[{\"@type\":\"CommentAction\",\"name\":\"Comment\",\"target\":[\"https:\/\/www.muzeumtrebisov.sk\/muzeum\/muzeum-vsetkymi-zmyslami\/#respond\"]}]},{\"@type\":\"Person\",\"@id\":\"https:\/\/www.muzeumtrebisov.sk\/#\/schema\/person\/e020f4c0852b191613d063438d60ae6b\",\"name\":\"muzeumtvadmin\",\"image\":{\"@type\":\"ImageObject\",\"@id\":\"https:\/\/www.muzeumtrebisov.sk\/#personlogo\",\"inLanguage\":\"hu\",\"url\":\"https:\/\/secure.gravatar.com\/avatar\/115030f8384675efad0cc99183d7cd51?s=96&d=mm&r=g\",\"contentUrl\":\"https:\/\/secure.gravatar.com\/avatar\/115030f8384675efad0cc99183d7cd51?s=96&d=mm&r=g\",\"caption\":\"muzeumtvadmin\"},\"sameAs\":[\"https:\/\/www.muzeumtrebisov.sk\"],\"url\":\"https:\/\/www.muzeumtrebisov.sk\/hu\/author\/muzeumtvadmin\/\"}]}<\/script>\n<!-- \/ Yoast SEO plugin. -->","yoast_head_json":{"title":"M\u00fazeum v\u0161etk\u00fdmi zmyslami | M\u00fazeum Trebi\u0161ov - Ka\u0161tie\u013e Andr\u00e1ssyovcov","robots":{"index":"index","follow":"follow","max-snippet":"max-snippet:-1","max-image-preview":"max-image-preview:large","max-video-preview":"max-video-preview:-1"},"canonical":"https:\/\/www.muzeumtrebisov.sk\/hu\/muzeum\/muzeum-vsetkymi-zmyslami\/","og_locale":"hu_HU","og_type":"article","og_title":"M\u00fazeum v\u0161etk\u00fdmi zmyslami | M\u00fazeum Trebi\u0161ov - Ka\u0161tie\u013e Andr\u00e1ssyovcov","og_description":"Jarn\u00e9 pr\u00e1zdniny v m\u00fazeu Dnes to nebolo len o pozeran\u00ed! \u200bHist\u00f3riu sme si dnes doslova \u201eohmatali\u201c. \u200bDne\u0161n\u00fd de\u0148 v m\u00fazeu patril objavovaniu. \u200bDotyk: Haptick\u00e9 pom\u00f4cky n\u00e1m odhalili text\u00fary, ktor\u00e9 na\u0161e oko \u010dasto prehliadne. \u200bPozornos\u0165: Otestovali sme svoje zmysly a zistili, ko\u013eko detailov n\u00e1m v be\u017enom zhone unik\u00e1. \u200bPoznanie: Nau\u010dili sme sa, \u017ee vzdel\u00e1vanie m\u00f4\u017ee by\u0165","og_url":"https:\/\/www.muzeumtrebisov.sk\/hu\/muzeum\/muzeum-vsetkymi-zmyslami\/","og_site_name":"M\u00fazeum Trebi\u0161ov - Ka\u0161tie\u013e Andr\u00e1ssyovcov","article_publisher":"https:\/\/www.facebook.com\/muzeumtvkastielandrassyovcov","article_published_time":"2026-03-03T16:03:00+00:00","article_modified_time":"2026-03-09T10:04:08+00:00","og_image":[{"width":1810,"height":2560,"url":"https:\/\/www.muzeumtrebisov.sk\/wp-content\/uploads\/2026\/02\/Muzeum-vsetkymi-zmyslami-jarne-prazdniny-deti-scaled.jpg","type":"image\/jpeg"}],"twitter_card":"summary_large_image","twitter_misc":{"Szerz\u0151:":"muzeumtvadmin","Becs\u00fclt olvas\u00e1si id\u0151":"1 perc"},"schema":{"@context":"https:\/\/schema.org","@graph":[{"@type":"Organization","@id":"https:\/\/www.muzeumtrebisov.sk\/#organization","name":"M\u00fazeum Trebi\u0161ov - Ka\u0161tie\u013e Andr\u00e1ssyovcov","url":"https:\/\/www.muzeumtrebisov.sk\/","sameAs":["https:\/\/www.facebook.com\/muzeumtvkastielandrassyovcov","https:\/\/www.instagram.com\/muzeumtrebisovkastielandrassy\/","https:\/\/www.youtube.com\/channel\/UCprfZHvPNIxqZ2IHCDwfv1w"],"logo":{"@type":"ImageObject","@id":"https:\/\/www.muzeumtrebisov.sk\/#logo","inLanguage":"hu","url":"https:\/\/www.muzeumtrebisov.sk\/wp-content\/uploads\/2022\/04\/dual-logo-color-hor.png","contentUrl":"https:\/\/www.muzeumtrebisov.sk\/wp-content\/uploads\/2022\/04\/dual-logo-color-hor.png","width":749,"height":140,"caption":"M\u00fazeum Trebi\u0161ov - Ka\u0161tie\u013e Andr\u00e1ssyovcov"},"image":{"@id":"https:\/\/www.muzeumtrebisov.sk\/#logo"}},{"@type":"WebSite","@id":"https:\/\/www.muzeumtrebisov.sk\/#website","url":"https:\/\/www.muzeumtrebisov.sk\/","name":"M\u00fazeum Trebi\u0161ov - Ka\u0161tie\u013e Andr\u00e1ssyovcov","description":"Hist\u00f3ria Andr\u00e1ssyovcov a ju\u017en\u00e9ho Zempl\u00edna","publisher":{"@id":"https:\/\/www.muzeumtrebisov.sk\/#organization"},"potentialAction":[{"@type":"SearchAction","target":{"@type":"EntryPoint","urlTemplate":"https:\/\/www.muzeumtrebisov.sk\/?s={search_term_string}"},"query-input":"required name=search_term_string"}],"inLanguage":"hu"},{"@type":"ImageObject","@id":"https:\/\/www.muzeumtrebisov.sk\/muzeum\/muzeum-vsetkymi-zmyslami\/#primaryimage","inLanguage":"hu","url":"https:\/\/www.muzeumtrebisov.sk\/wp-content\/uploads\/2026\/02\/Muzeum-vsetkymi-zmyslami-jarne-prazdniny-deti-scaled.jpg","contentUrl":"https:\/\/www.muzeumtrebisov.sk\/wp-content\/uploads\/2026\/02\/Muzeum-vsetkymi-zmyslami-jarne-prazdniny-deti-scaled.jpg","width":1810,"height":2560},{"@type":"WebPage","@id":"https:\/\/www.muzeumtrebisov.sk\/muzeum\/muzeum-vsetkymi-zmyslami\/#webpage","url":"https:\/\/www.muzeumtrebisov.sk\/muzeum\/muzeum-vsetkymi-zmyslami\/","name":"M\u00fazeum v\u0161etk\u00fdmi zmyslami | M\u00fazeum Trebi\u0161ov - Ka\u0161tie\u013e Andr\u00e1ssyovcov","isPartOf":{"@id":"https:\/\/www.muzeumtrebisov.sk\/#website"},"primaryImageOfPage":{"@id":"https:\/\/www.muzeumtrebisov.sk\/muzeum\/muzeum-vsetkymi-zmyslami\/#primaryimage"},"datePublished":"2026-03-03T16:03:00+00:00","dateModified":"2026-03-09T10:04:08+00:00","breadcrumb":{"@id":"https:\/\/www.muzeumtrebisov.sk\/muzeum\/muzeum-vsetkymi-zmyslami\/#breadcrumb"},"inLanguage":"hu","potentialAction":[{"@type":"ReadAction","target":["https:\/\/www.muzeumtrebisov.sk\/muzeum\/muzeum-vsetkymi-zmyslami\/"]}]},{"@type":"BreadcrumbList","@id":"https:\/\/www.muzeumtrebisov.sk\/muzeum\/muzeum-vsetkymi-zmyslami\/#breadcrumb","itemListElement":[{"@type":"ListItem","position":1,"name":"Home","item":"https:\/\/www.muzeumtrebisov.sk\/"},{"@type":"ListItem","position":2,"name":"M\u00fazeum v\u0161etk\u00fdmi zmyslami"}]},{"@type":"Article","@id":"https:\/\/www.muzeumtrebisov.sk\/muzeum\/muzeum-vsetkymi-zmyslami\/#article","isPartOf":{"@id":"https:\/\/www.muzeumtrebisov.sk\/muzeum\/muzeum-vsetkymi-zmyslami\/#webpage"},"author":{"@id":"https:\/\/www.muzeumtrebisov.sk\/#\/schema\/person\/e020f4c0852b191613d063438d60ae6b"},"headline":"M\u00fazeum v\u0161etk\u00fdmi zmyslami","datePublished":"2026-03-03T16:03:00+00:00","dateModified":"2026-03-09T10:04:08+00:00","mainEntityOfPage":{"@id":"https:\/\/www.muzeumtrebisov.sk\/muzeum\/muzeum-vsetkymi-zmyslami\/#webpage"},"wordCount":91,"commentCount":0,"publisher":{"@id":"https:\/\/www.muzeumtrebisov.sk\/#organization"},"image":{"@id":"https:\/\/www.muzeumtrebisov.sk\/muzeum\/muzeum-vsetkymi-zmyslami\/#primaryimage"},"thumbnailUrl":"https:\/\/www.muzeumtrebisov.sk\/wp-content\/uploads\/2026\/02\/Muzeum-vsetkymi-zmyslami-jarne-prazdniny-deti-scaled.jpg","articleSection":["M\u00fazeum"],"inLanguage":"hu","potentialAction":[{"@type":"CommentAction","name":"Comment","target":["https:\/\/www.muzeumtrebisov.sk\/muzeum\/muzeum-vsetkymi-zmyslami\/#respond"]}]},{"@type":"Person","@id":"https:\/\/www.muzeumtrebisov.sk\/#\/schema\/person\/e020f4c0852b191613d063438d60ae6b","name":"muzeumtvadmin","image":{"@type":"ImageObject","@id":"https:\/\/www.muzeumtrebisov.sk\/#personlogo","inLanguage":"hu","url":"https:\/\/secure.gravatar.com\/avatar\/115030f8384675efad0cc99183d7cd51?s=96&d=mm&r=g","contentUrl":"https:\/\/secure.gravatar.com\/avatar\/115030f8384675efad0cc99183d7cd51?s=96&d=mm&r=g","caption":"muzeumtvadmin"},"sameAs":["https:\/\/www.muzeumtrebisov.sk"],"url":"https:\/\/www.muzeumtrebisov.sk\/hu\/author\/muzeumtvadmin\/"}]}},"_links":{"self":[{"href":"https:\/\/www.muzeumtrebisov.sk\/hu\/wp-json\/wp\/v2\/posts\/8094"}],"collection":[{"href":"https:\/\/www.muzeumtrebisov.sk\/hu\/wp-json\/wp\/v2\/posts"}],"about":[{"href":"https:\/\/www.muzeumtrebisov.sk\/hu\/wp-json\/wp\/v2\/types\/post"}],"author":[{"embeddable":true,"href":"https:\/\/www.muzeumtrebisov.sk\/hu\/wp-json\/wp\/v2\/users\/1"}],"replies":[{"embeddable":true,"href":"https:\/\/www.muzeumtrebisov.sk\/hu\/wp-json\/wp\/v2\/comments?post=8094"}],"version-history":[{"count":1,"href":"https:\/\/www.muzeumtrebisov.sk\/hu\/wp-json\/wp\/v2\/posts\/8094\/revisions"}],"predecessor-version":[{"id":8096,"href":"https:\/\/www.muzeumtrebisov.sk\/hu\/wp-json\/wp\/v2\/posts\/8094\/revisions\/8096"}],"wp:featuredmedia":[{"embeddable":true,"href":"https:\/\/www.muzeumtrebisov.sk\/hu\/wp-json\/wp\/v2\/media\/8038"}],"wp:attachment":[{"href":"https:\/\/www.muzeumtrebisov.sk\/hu\/wp-json\/wp\/v2\/media?parent=8094"}],"wp:term":[{"taxonomy":"category","embeddable":true,"href":"https:\/\/www.muzeumtrebisov.sk\/hu\/wp-json\/wp\/v2\/categories?post=8094"},{"taxonomy":"post_tag","embeddable":true,"href":"https:\/\/www.muzeumtrebisov.sk\/hu\/wp-json\/wp\/v2\/tags?post=8094"}],"curies":[{"name":"wp","href":"https:\/\/api.w.org\/{rel}","templated":true}]}}