{"id":8012,"date":"2026-02-06T09:27:35","date_gmt":"2026-02-06T08:27:35","guid":{"rendered":"https:\/\/www.muzeumtrebisov.sk\/?p=8012"},"modified":"2026-02-06T22:29:19","modified_gmt":"2026-02-06T21:29:19","slug":"spajame-lasku-a-umenie","status":"publish","type":"post","link":"https:\/\/www.muzeumtrebisov.sk\/hu\/kulturne-centrum\/spajame-lasku-a-umenie\/","title":{"rendered":"\u00a0Sp\u00e1jame l\u00e1sku a umenie"},"content":{"rendered":"<div class=\"wp-container-5 wp-block-columns\">\n<div class=\"wp-container-1 wp-block-column\">\n<p style=\"font-size:22px\">\ud83d\udc98&nbsp;<strong>Sp\u00e1jame l\u00e1sku a umenie<\/strong>&nbsp;aj v&nbsp;tomto roku!\ud83d\udc98&nbsp;<br>Ko\u0161ick\u00fd&nbsp;kraj prin\u00e1\u0161a tret\u00ed ro\u010dn\u00edk&nbsp;valent\u00ednskej&nbsp;iniciat\u00edvy, ktor\u00e1 sp\u00e1ja kult\u00faru, z\u00e1\u017eitky a spolo\u010dn\u00fd \u010das.&nbsp;<\/p>\n\n\n\n<p style=\"font-size:22px\">\ud83c\udf9f\ufe0f&nbsp;<strong>1+1 ZDARMA<\/strong>&nbsp;vo v\u0161etk\u00fdch kult\u00farnych organiz\u00e1ci\u00e1ch KSK na vybran\u00e9 podujatia &#8211;&nbsp; pri k\u00fape jedn\u00e9ho l\u00edstka alebo z\u00e1pisn\u00e9ho v&nbsp;kni\u017eniciach z\u00edskate druh\u00fd pre svoju polovi\u010dku zdarma.<\/p>\n\n\n\n<p style=\"font-size:22px\">\ud83d\udcc5\u00a0Akcia plat\u00ed od 7. do 14. 2. 2026<\/p>\n\n\n\n<p><\/p>\n\n\n\n<p class=\"has-large-font-size\">V\u0161etky Valent\u00ednske podujatia organizovan\u00e9 v Ko\u0161ickom kraji  n\u00e1jdete na:  <a href=\"http:\/\/www.podujatiaksk.sk\/?search=valentin\">www.podujatiaksk.sk\/?search=valentin<\/a><\/p>\n<\/div>\n\n\n\n<div class=\"wp-container-4 wp-block-column\">\n<figure class=\"wp-container-3 wp-block-gallery-2 wp-block-gallery has-nested-images columns-default is-cropped\">\n<figure class=\"wp-block-image size-large\"><img loading=\"lazy\" width=\"1024\" height=\"1024\" src=\"https:\/\/www.muzeumtrebisov.sk\/wp-content\/uploads\/2026\/02\/unnamed-1024x1024.png\" alt=\"\" class=\"wp-image-8013\" srcset=\"https:\/\/www.muzeumtrebisov.sk\/wp-content\/uploads\/2026\/02\/unnamed-1024x1024.png 1024w, https:\/\/www.muzeumtrebisov.sk\/wp-content\/uploads\/2026\/02\/unnamed-300x300.png 300w, https:\/\/www.muzeumtrebisov.sk\/wp-content\/uploads\/2026\/02\/unnamed-150x150.png 150w, https:\/\/www.muzeumtrebisov.sk\/wp-content\/uploads\/2026\/02\/unnamed-768x768.png 768w, https:\/\/www.muzeumtrebisov.sk\/wp-content\/uploads\/2026\/02\/unnamed-1536x1536.png 1536w, https:\/\/www.muzeumtrebisov.sk\/wp-content\/uploads\/2026\/02\/unnamed-2048x2048.png 2048w, https:\/\/www.muzeumtrebisov.sk\/wp-content\/uploads\/2026\/02\/unnamed-12x12.png 12w, https:\/\/www.muzeumtrebisov.sk\/wp-content\/uploads\/2026\/02\/unnamed-500x500.png 500w, https:\/\/www.muzeumtrebisov.sk\/wp-content\/uploads\/2026\/02\/unnamed-800x800.png 800w, https:\/\/www.muzeumtrebisov.sk\/wp-content\/uploads\/2026\/02\/unnamed-1280x1279.png 1280w, https:\/\/www.muzeumtrebisov.sk\/wp-content\/uploads\/2026\/02\/unnamed-1920x1919.png 1920w, https:\/\/www.muzeumtrebisov.sk\/wp-content\/uploads\/2026\/02\/unnamed-90x90.png 90w, https:\/\/www.muzeumtrebisov.sk\/wp-content\/uploads\/2026\/02\/unnamed-70x70.png 70w, https:\/\/www.muzeumtrebisov.sk\/wp-content\/uploads\/2026\/02\/unnamed-270x270.png 270w, https:\/\/www.muzeumtrebisov.sk\/wp-content\/uploads\/2026\/02\/unnamed-80x80.png 80w, https:\/\/www.muzeumtrebisov.sk\/wp-content\/uploads\/2026\/02\/unnamed-100x100.png 100w, https:\/\/www.muzeumtrebisov.sk\/wp-content\/uploads\/2026\/02\/unnamed-170x170.png 170w, https:\/\/www.muzeumtrebisov.sk\/wp-content\/uploads\/2026\/02\/unnamed-600x600.png 600w\" sizes=\"(max-width: 1024px) 100vw, 1024px\" \/><\/figure>\n<\/figure>\n<\/div>\n<\/div>","protected":false},"excerpt":{"rendered":"<p>\ud83d\udc98&nbsp;Sp\u00e1jame l\u00e1sku a umenie&nbsp;aj v&nbsp;tomto roku!\ud83d\udc98&nbsp;Ko\u0161ick\u00fd&nbsp;kraj prin\u00e1\u0161a tret\u00ed ro\u010dn\u00edk&nbsp;valent\u00ednskej&nbsp;iniciat\u00edvy, ktor\u00e1 sp\u00e1ja kult\u00faru, z\u00e1\u017eitky a spolo\u010dn\u00fd \u010das.&nbsp; \ud83c\udf9f\ufe0f&nbsp;1+1 ZDARMA&nbsp;vo v\u0161etk\u00fdch kult\u00farnych organiz\u00e1ci\u00e1ch KSK na vybran\u00e9 podujatia &#8211;&nbsp; pri k\u00fape jedn\u00e9ho l\u00edstka alebo z\u00e1pisn\u00e9ho v&nbsp;kni\u017eniciach z\u00edskate druh\u00fd pre svoju polovi\u010dku zdarma. \ud83d\udcc5\u00a0Akcia plat\u00ed od 7. do 14. 2. 2026 V\u0161etky Valent\u00ednske podujatia organizovan\u00e9 v Ko\u0161ickom kraji n\u00e1jdete<\/p>","protected":false},"author":1,"featured_media":8013,"comment_status":"open","ping_status":"open","sticky":false,"template":"","format":"standard","meta":{"om_disable_all_campaigns":false,"_vp_format_video_url":"","_vp_image_focal_point":[]},"categories":[71],"tags":[],"aioseo_notices":[],"yoast_head":"<!-- This site is optimized with the Yoast SEO plugin v18.5.1 - https:\/\/yoast.com\/wordpress\/plugins\/seo\/ -->\n<title>\u00a0Sp\u00e1jame l\u00e1sku a umenie | M\u00fazeum Trebi\u0161ov - Ka\u0161tie\u013e Andr\u00e1ssyovcov<\/title>\n<meta name=\"robots\" content=\"index, follow, max-snippet:-1, max-image-preview:large, max-video-preview:-1\" \/>\n<link rel=\"canonical\" href=\"https:\/\/www.muzeumtrebisov.sk\/hu\/kulturne-centrum\/spajame-lasku-a-umenie\/\" \/>\n<meta property=\"og:locale\" content=\"hu_HU\" \/>\n<meta property=\"og:type\" content=\"article\" \/>\n<meta property=\"og:title\" content=\"\u00a0Sp\u00e1jame l\u00e1sku a umenie | M\u00fazeum Trebi\u0161ov - Ka\u0161tie\u013e Andr\u00e1ssyovcov\" \/>\n<meta property=\"og:description\" content=\"\ud83d\udc98&nbsp;Sp\u00e1jame l\u00e1sku a umenie&nbsp;aj v&nbsp;tomto roku!\ud83d\udc98&nbsp;Ko\u0161ick\u00fd&nbsp;kraj prin\u00e1\u0161a tret\u00ed ro\u010dn\u00edk&nbsp;valent\u00ednskej&nbsp;iniciat\u00edvy, ktor\u00e1 sp\u00e1ja kult\u00faru, z\u00e1\u017eitky a spolo\u010dn\u00fd \u010das.&nbsp; \ud83c\udf9f\ufe0f&nbsp;1+1 ZDARMA&nbsp;vo v\u0161etk\u00fdch kult\u00farnych organiz\u00e1ci\u00e1ch KSK na vybran\u00e9 podujatia &#8211;&nbsp; pri k\u00fape jedn\u00e9ho l\u00edstka alebo z\u00e1pisn\u00e9ho v&nbsp;kni\u017eniciach z\u00edskate druh\u00fd pre svoju polovi\u010dku zdarma. \ud83d\udcc5\u00a0Akcia plat\u00ed od 7. do 14. 2. 2026 V\u0161etky Valent\u00ednske podujatia organizovan\u00e9 v Ko\u0161ickom kraji n\u00e1jdete\" \/>\n<meta property=\"og:url\" content=\"https:\/\/www.muzeumtrebisov.sk\/hu\/kulturne-centrum\/spajame-lasku-a-umenie\/\" \/>\n<meta property=\"og:site_name\" content=\"M\u00fazeum Trebi\u0161ov - Ka\u0161tie\u013e Andr\u00e1ssyovcov\" \/>\n<meta property=\"article:publisher\" content=\"https:\/\/www.facebook.com\/muzeumtvkastielandrassyovcov\" \/>\n<meta property=\"article:published_time\" content=\"2026-02-06T08:27:35+00:00\" \/>\n<meta property=\"article:modified_time\" content=\"2026-02-06T21:29:19+00:00\" \/>\n<meta property=\"og:image\" content=\"https:\/\/www.muzeumtrebisov.sk\/wp-content\/uploads\/2026\/02\/unnamed-1024x1024.png\" \/>\n\t<meta property=\"og:image:width\" content=\"1024\" \/>\n\t<meta property=\"og:image:height\" content=\"1024\" \/>\n\t<meta property=\"og:image:type\" content=\"image\/png\" \/>\n<meta name=\"twitter:card\" content=\"summary_large_image\" \/>\n<meta name=\"twitter:label1\" content=\"Szerz\u0151:\" \/>\n\t<meta name=\"twitter:data1\" content=\"muzeumtvadmin\" \/>\n\t<meta name=\"twitter:label2\" content=\"Becs\u00fclt olvas\u00e1si id\u0151\" \/>\n\t<meta name=\"twitter:data2\" content=\"1 perc\" \/>\n<script type=\"application\/ld+json\" class=\"yoast-schema-graph\">{\"@context\":\"https:\/\/schema.org\",\"@graph\":[{\"@type\":\"Organization\",\"@id\":\"https:\/\/www.muzeumtrebisov.sk\/#organization\",\"name\":\"M\u00fazeum Trebi\u0161ov - Ka\u0161tie\u013e Andr\u00e1ssyovcov\",\"url\":\"https:\/\/www.muzeumtrebisov.sk\/\",\"sameAs\":[\"https:\/\/www.facebook.com\/muzeumtvkastielandrassyovcov\",\"https:\/\/www.instagram.com\/muzeumtrebisovkastielandrassy\/\",\"https:\/\/www.youtube.com\/channel\/UCprfZHvPNIxqZ2IHCDwfv1w\"],\"logo\":{\"@type\":\"ImageObject\",\"@id\":\"https:\/\/www.muzeumtrebisov.sk\/#logo\",\"inLanguage\":\"hu\",\"url\":\"https:\/\/www.muzeumtrebisov.sk\/wp-content\/uploads\/2022\/04\/dual-logo-color-hor.png\",\"contentUrl\":\"https:\/\/www.muzeumtrebisov.sk\/wp-content\/uploads\/2022\/04\/dual-logo-color-hor.png\",\"width\":749,\"height\":140,\"caption\":\"M\u00fazeum Trebi\u0161ov - Ka\u0161tie\u013e Andr\u00e1ssyovcov\"},\"image\":{\"@id\":\"https:\/\/www.muzeumtrebisov.sk\/#logo\"}},{\"@type\":\"WebSite\",\"@id\":\"https:\/\/www.muzeumtrebisov.sk\/#website\",\"url\":\"https:\/\/www.muzeumtrebisov.sk\/\",\"name\":\"M\u00fazeum Trebi\u0161ov - Ka\u0161tie\u013e Andr\u00e1ssyovcov\",\"description\":\"Hist\u00f3ria Andr\u00e1ssyovcov a ju\u017en\u00e9ho Zempl\u00edna\",\"publisher\":{\"@id\":\"https:\/\/www.muzeumtrebisov.sk\/#organization\"},\"potentialAction\":[{\"@type\":\"SearchAction\",\"target\":{\"@type\":\"EntryPoint\",\"urlTemplate\":\"https:\/\/www.muzeumtrebisov.sk\/?s={search_term_string}\"},\"query-input\":\"required name=search_term_string\"}],\"inLanguage\":\"hu\"},{\"@type\":\"ImageObject\",\"@id\":\"https:\/\/www.muzeumtrebisov.sk\/kulturne-centrum\/spajame-lasku-a-umenie\/#primaryimage\",\"inLanguage\":\"hu\",\"url\":\"https:\/\/www.muzeumtrebisov.sk\/wp-content\/uploads\/2026\/02\/unnamed.png\",\"contentUrl\":\"https:\/\/www.muzeumtrebisov.sk\/wp-content\/uploads\/2026\/02\/unnamed.png\",\"width\":2161,\"height\":2160},{\"@type\":\"WebPage\",\"@id\":\"https:\/\/www.muzeumtrebisov.sk\/kulturne-centrum\/spajame-lasku-a-umenie\/#webpage\",\"url\":\"https:\/\/www.muzeumtrebisov.sk\/kulturne-centrum\/spajame-lasku-a-umenie\/\",\"name\":\"\u00a0Sp\u00e1jame l\u00e1sku a umenie | M\u00fazeum Trebi\u0161ov - Ka\u0161tie\u013e Andr\u00e1ssyovcov\",\"isPartOf\":{\"@id\":\"https:\/\/www.muzeumtrebisov.sk\/#website\"},\"primaryImageOfPage\":{\"@id\":\"https:\/\/www.muzeumtrebisov.sk\/kulturne-centrum\/spajame-lasku-a-umenie\/#primaryimage\"},\"datePublished\":\"2026-02-06T08:27:35+00:00\",\"dateModified\":\"2026-02-06T21:29:19+00:00\",\"breadcrumb\":{\"@id\":\"https:\/\/www.muzeumtrebisov.sk\/kulturne-centrum\/spajame-lasku-a-umenie\/#breadcrumb\"},\"inLanguage\":\"hu\",\"potentialAction\":[{\"@type\":\"ReadAction\",\"target\":[\"https:\/\/www.muzeumtrebisov.sk\/kulturne-centrum\/spajame-lasku-a-umenie\/\"]}]},{\"@type\":\"BreadcrumbList\",\"@id\":\"https:\/\/www.muzeumtrebisov.sk\/kulturne-centrum\/spajame-lasku-a-umenie\/#breadcrumb\",\"itemListElement\":[{\"@type\":\"ListItem\",\"position\":1,\"name\":\"Home\",\"item\":\"https:\/\/www.muzeumtrebisov.sk\/\"},{\"@type\":\"ListItem\",\"position\":2,\"name\":\"\u00a0Sp\u00e1jame l\u00e1sku a umenie\"}]},{\"@type\":\"Article\",\"@id\":\"https:\/\/www.muzeumtrebisov.sk\/kulturne-centrum\/spajame-lasku-a-umenie\/#article\",\"isPartOf\":{\"@id\":\"https:\/\/www.muzeumtrebisov.sk\/kulturne-centrum\/spajame-lasku-a-umenie\/#webpage\"},\"author\":{\"@id\":\"https:\/\/www.muzeumtrebisov.sk\/#\/schema\/person\/e020f4c0852b191613d063438d60ae6b\"},\"headline\":\"\u00a0Sp\u00e1jame l\u00e1sku a umenie\",\"datePublished\":\"2026-02-06T08:27:35+00:00\",\"dateModified\":\"2026-02-06T21:29:19+00:00\",\"mainEntityOfPage\":{\"@id\":\"https:\/\/www.muzeumtrebisov.sk\/kulturne-centrum\/spajame-lasku-a-umenie\/#webpage\"},\"wordCount\":111,\"commentCount\":0,\"publisher\":{\"@id\":\"https:\/\/www.muzeumtrebisov.sk\/#organization\"},\"image\":{\"@id\":\"https:\/\/www.muzeumtrebisov.sk\/kulturne-centrum\/spajame-lasku-a-umenie\/#primaryimage\"},\"thumbnailUrl\":\"https:\/\/www.muzeumtrebisov.sk\/wp-content\/uploads\/2026\/02\/unnamed.png\",\"articleSection\":[\"Kult\u00farne centrum\"],\"inLanguage\":\"hu\",\"potentialAction\":[{\"@type\":\"CommentAction\",\"name\":\"Comment\",\"target\":[\"https:\/\/www.muzeumtrebisov.sk\/kulturne-centrum\/spajame-lasku-a-umenie\/#respond\"]}]},{\"@type\":\"Person\",\"@id\":\"https:\/\/www.muzeumtrebisov.sk\/#\/schema\/person\/e020f4c0852b191613d063438d60ae6b\",\"name\":\"muzeumtvadmin\",\"image\":{\"@type\":\"ImageObject\",\"@id\":\"https:\/\/www.muzeumtrebisov.sk\/#personlogo\",\"inLanguage\":\"hu\",\"url\":\"https:\/\/secure.gravatar.com\/avatar\/115030f8384675efad0cc99183d7cd51?s=96&d=mm&r=g\",\"contentUrl\":\"https:\/\/secure.gravatar.com\/avatar\/115030f8384675efad0cc99183d7cd51?s=96&d=mm&r=g\",\"caption\":\"muzeumtvadmin\"},\"sameAs\":[\"https:\/\/www.muzeumtrebisov.sk\"],\"url\":\"https:\/\/www.muzeumtrebisov.sk\/hu\/author\/muzeumtvadmin\/\"}]}<\/script>\n<!-- \/ Yoast SEO plugin. -->","yoast_head_json":{"title":"\u00a0Sp\u00e1jame l\u00e1sku a umenie | M\u00fazeum Trebi\u0161ov - Ka\u0161tie\u013e Andr\u00e1ssyovcov","robots":{"index":"index","follow":"follow","max-snippet":"max-snippet:-1","max-image-preview":"max-image-preview:large","max-video-preview":"max-video-preview:-1"},"canonical":"https:\/\/www.muzeumtrebisov.sk\/hu\/kulturne-centrum\/spajame-lasku-a-umenie\/","og_locale":"hu_HU","og_type":"article","og_title":"\u00a0Sp\u00e1jame l\u00e1sku a umenie | M\u00fazeum Trebi\u0161ov - Ka\u0161tie\u013e Andr\u00e1ssyovcov","og_description":"\ud83d\udc98&nbsp;Sp\u00e1jame l\u00e1sku a umenie&nbsp;aj v&nbsp;tomto roku!\ud83d\udc98&nbsp;Ko\u0161ick\u00fd&nbsp;kraj prin\u00e1\u0161a tret\u00ed ro\u010dn\u00edk&nbsp;valent\u00ednskej&nbsp;iniciat\u00edvy, ktor\u00e1 sp\u00e1ja kult\u00faru, z\u00e1\u017eitky a spolo\u010dn\u00fd \u010das.&nbsp; \ud83c\udf9f\ufe0f&nbsp;1+1 ZDARMA&nbsp;vo v\u0161etk\u00fdch kult\u00farnych organiz\u00e1ci\u00e1ch KSK na vybran\u00e9 podujatia &#8211;&nbsp; pri k\u00fape jedn\u00e9ho l\u00edstka alebo z\u00e1pisn\u00e9ho v&nbsp;kni\u017eniciach z\u00edskate druh\u00fd pre svoju polovi\u010dku zdarma. \ud83d\udcc5\u00a0Akcia plat\u00ed od 7. do 14. 2. 2026 V\u0161etky Valent\u00ednske podujatia organizovan\u00e9 v Ko\u0161ickom kraji n\u00e1jdete","og_url":"https:\/\/www.muzeumtrebisov.sk\/hu\/kulturne-centrum\/spajame-lasku-a-umenie\/","og_site_name":"M\u00fazeum Trebi\u0161ov - Ka\u0161tie\u013e Andr\u00e1ssyovcov","article_publisher":"https:\/\/www.facebook.com\/muzeumtvkastielandrassyovcov","article_published_time":"2026-02-06T08:27:35+00:00","article_modified_time":"2026-02-06T21:29:19+00:00","og_image":[{"width":1024,"height":1024,"url":"https:\/\/www.muzeumtrebisov.sk\/wp-content\/uploads\/2026\/02\/unnamed-1024x1024.png","type":"image\/png"}],"twitter_card":"summary_large_image","twitter_misc":{"Szerz\u0151:":"muzeumtvadmin","Becs\u00fclt olvas\u00e1si id\u0151":"1 perc"},"schema":{"@context":"https:\/\/schema.org","@graph":[{"@type":"Organization","@id":"https:\/\/www.muzeumtrebisov.sk\/#organization","name":"M\u00fazeum Trebi\u0161ov - Ka\u0161tie\u013e Andr\u00e1ssyovcov","url":"https:\/\/www.muzeumtrebisov.sk\/","sameAs":["https:\/\/www.facebook.com\/muzeumtvkastielandrassyovcov","https:\/\/www.instagram.com\/muzeumtrebisovkastielandrassy\/","https:\/\/www.youtube.com\/channel\/UCprfZHvPNIxqZ2IHCDwfv1w"],"logo":{"@type":"ImageObject","@id":"https:\/\/www.muzeumtrebisov.sk\/#logo","inLanguage":"hu","url":"https:\/\/www.muzeumtrebisov.sk\/wp-content\/uploads\/2022\/04\/dual-logo-color-hor.png","contentUrl":"https:\/\/www.muzeumtrebisov.sk\/wp-content\/uploads\/2022\/04\/dual-logo-color-hor.png","width":749,"height":140,"caption":"M\u00fazeum Trebi\u0161ov - Ka\u0161tie\u013e Andr\u00e1ssyovcov"},"image":{"@id":"https:\/\/www.muzeumtrebisov.sk\/#logo"}},{"@type":"WebSite","@id":"https:\/\/www.muzeumtrebisov.sk\/#website","url":"https:\/\/www.muzeumtrebisov.sk\/","name":"M\u00fazeum Trebi\u0161ov - Ka\u0161tie\u013e Andr\u00e1ssyovcov","description":"Hist\u00f3ria Andr\u00e1ssyovcov a ju\u017en\u00e9ho Zempl\u00edna","publisher":{"@id":"https:\/\/www.muzeumtrebisov.sk\/#organization"},"potentialAction":[{"@type":"SearchAction","target":{"@type":"EntryPoint","urlTemplate":"https:\/\/www.muzeumtrebisov.sk\/?s={search_term_string}"},"query-input":"required name=search_term_string"}],"inLanguage":"hu"},{"@type":"ImageObject","@id":"https:\/\/www.muzeumtrebisov.sk\/kulturne-centrum\/spajame-lasku-a-umenie\/#primaryimage","inLanguage":"hu","url":"https:\/\/www.muzeumtrebisov.sk\/wp-content\/uploads\/2026\/02\/unnamed.png","contentUrl":"https:\/\/www.muzeumtrebisov.sk\/wp-content\/uploads\/2026\/02\/unnamed.png","width":2161,"height":2160},{"@type":"WebPage","@id":"https:\/\/www.muzeumtrebisov.sk\/kulturne-centrum\/spajame-lasku-a-umenie\/#webpage","url":"https:\/\/www.muzeumtrebisov.sk\/kulturne-centrum\/spajame-lasku-a-umenie\/","name":"\u00a0Sp\u00e1jame l\u00e1sku a umenie | M\u00fazeum Trebi\u0161ov - Ka\u0161tie\u013e Andr\u00e1ssyovcov","isPartOf":{"@id":"https:\/\/www.muzeumtrebisov.sk\/#website"},"primaryImageOfPage":{"@id":"https:\/\/www.muzeumtrebisov.sk\/kulturne-centrum\/spajame-lasku-a-umenie\/#primaryimage"},"datePublished":"2026-02-06T08:27:35+00:00","dateModified":"2026-02-06T21:29:19+00:00","breadcrumb":{"@id":"https:\/\/www.muzeumtrebisov.sk\/kulturne-centrum\/spajame-lasku-a-umenie\/#breadcrumb"},"inLanguage":"hu","potentialAction":[{"@type":"ReadAction","target":["https:\/\/www.muzeumtrebisov.sk\/kulturne-centrum\/spajame-lasku-a-umenie\/"]}]},{"@type":"BreadcrumbList","@id":"https:\/\/www.muzeumtrebisov.sk\/kulturne-centrum\/spajame-lasku-a-umenie\/#breadcrumb","itemListElement":[{"@type":"ListItem","position":1,"name":"Home","item":"https:\/\/www.muzeumtrebisov.sk\/"},{"@type":"ListItem","position":2,"name":"\u00a0Sp\u00e1jame l\u00e1sku a umenie"}]},{"@type":"Article","@id":"https:\/\/www.muzeumtrebisov.sk\/kulturne-centrum\/spajame-lasku-a-umenie\/#article","isPartOf":{"@id":"https:\/\/www.muzeumtrebisov.sk\/kulturne-centrum\/spajame-lasku-a-umenie\/#webpage"},"author":{"@id":"https:\/\/www.muzeumtrebisov.sk\/#\/schema\/person\/e020f4c0852b191613d063438d60ae6b"},"headline":"\u00a0Sp\u00e1jame l\u00e1sku a umenie","datePublished":"2026-02-06T08:27:35+00:00","dateModified":"2026-02-06T21:29:19+00:00","mainEntityOfPage":{"@id":"https:\/\/www.muzeumtrebisov.sk\/kulturne-centrum\/spajame-lasku-a-umenie\/#webpage"},"wordCount":111,"commentCount":0,"publisher":{"@id":"https:\/\/www.muzeumtrebisov.sk\/#organization"},"image":{"@id":"https:\/\/www.muzeumtrebisov.sk\/kulturne-centrum\/spajame-lasku-a-umenie\/#primaryimage"},"thumbnailUrl":"https:\/\/www.muzeumtrebisov.sk\/wp-content\/uploads\/2026\/02\/unnamed.png","articleSection":["Kult\u00farne centrum"],"inLanguage":"hu","potentialAction":[{"@type":"CommentAction","name":"Comment","target":["https:\/\/www.muzeumtrebisov.sk\/kulturne-centrum\/spajame-lasku-a-umenie\/#respond"]}]},{"@type":"Person","@id":"https:\/\/www.muzeumtrebisov.sk\/#\/schema\/person\/e020f4c0852b191613d063438d60ae6b","name":"muzeumtvadmin","image":{"@type":"ImageObject","@id":"https:\/\/www.muzeumtrebisov.sk\/#personlogo","inLanguage":"hu","url":"https:\/\/secure.gravatar.com\/avatar\/115030f8384675efad0cc99183d7cd51?s=96&d=mm&r=g","contentUrl":"https:\/\/secure.gravatar.com\/avatar\/115030f8384675efad0cc99183d7cd51?s=96&d=mm&r=g","caption":"muzeumtvadmin"},"sameAs":["https:\/\/www.muzeumtrebisov.sk"],"url":"https:\/\/www.muzeumtrebisov.sk\/hu\/author\/muzeumtvadmin\/"}]}},"_links":{"self":[{"href":"https:\/\/www.muzeumtrebisov.sk\/hu\/wp-json\/wp\/v2\/posts\/8012"}],"collection":[{"href":"https:\/\/www.muzeumtrebisov.sk\/hu\/wp-json\/wp\/v2\/posts"}],"about":[{"href":"https:\/\/www.muzeumtrebisov.sk\/hu\/wp-json\/wp\/v2\/types\/post"}],"author":[{"embeddable":true,"href":"https:\/\/www.muzeumtrebisov.sk\/hu\/wp-json\/wp\/v2\/users\/1"}],"replies":[{"embeddable":true,"href":"https:\/\/www.muzeumtrebisov.sk\/hu\/wp-json\/wp\/v2\/comments?post=8012"}],"version-history":[{"count":2,"href":"https:\/\/www.muzeumtrebisov.sk\/hu\/wp-json\/wp\/v2\/posts\/8012\/revisions"}],"predecessor-version":[{"id":8015,"href":"https:\/\/www.muzeumtrebisov.sk\/hu\/wp-json\/wp\/v2\/posts\/8012\/revisions\/8015"}],"wp:featuredmedia":[{"embeddable":true,"href":"https:\/\/www.muzeumtrebisov.sk\/hu\/wp-json\/wp\/v2\/media\/8013"}],"wp:attachment":[{"href":"https:\/\/www.muzeumtrebisov.sk\/hu\/wp-json\/wp\/v2\/media?parent=8012"}],"wp:term":[{"taxonomy":"category","embeddable":true,"href":"https:\/\/www.muzeumtrebisov.sk\/hu\/wp-json\/wp\/v2\/categories?post=8012"},{"taxonomy":"post_tag","embeddable":true,"href":"https:\/\/www.muzeumtrebisov.sk\/hu\/wp-json\/wp\/v2\/tags?post=8012"}],"curies":[{"name":"wp","href":"https:\/\/api.w.org\/{rel}","templated":true}]}}