{"id":7957,"date":"2026-01-20T13:52:13","date_gmt":"2026-01-20T12:52:13","guid":{"rendered":"https:\/\/www.muzeumtrebisov.sk\/?p=7957"},"modified":"2026-01-29T11:34:17","modified_gmt":"2026-01-29T10:34:17","slug":"nositelia-tradicii","status":"publish","type":"post","link":"https:\/\/www.muzeumtrebisov.sk\/hu\/kulturne-centrum\/nositelia-tradicii\/","title":{"rendered":"NOSITELIA TRAD\u00cdCI\u00cd"},"content":{"rendered":"<div class=\"wp-container-5 wp-block-columns\">\n<div class=\"wp-container-1 wp-block-column\">\n<p style=\"font-size:21px\"><strong>Nositelia trad\u00edci\u00ed 2026: Region\u00e1lne kolo folkl\u00f3rnych skup\u00edn v Trebi\u0161ove<\/strong><\/p>\n\n\n\n<p style=\"font-size:21px\">M\u00fazeum a Kult\u00farne centrum ju\u017en\u00e9ho Zempl\u00edna v Trebi\u0161ove bude dejiskom <strong>region\u00e1lneho kola celo\u0161t\u00e1tnej postupovej s\u00fa\u0165a\u017ee a prehliadky folkl\u00f3rnych skup\u00edn Nositelia trad\u00edci\u00ed 2026<\/strong>, ktor\u00e9 sa uskuto\u010dn\u00ed <strong>31. m\u00e1ja 2026<\/strong>.<\/p>\n\n\n\n<p style=\"font-size:21px\">S\u00fa\u0165a\u017e je zameran\u00e1 na <strong>zachovanie tradi\u010dnej \u013eudovej kult\u00fary<\/strong>, autentick\u00fdch prejavov folkl\u00f3ru a prenos trad\u00edci\u00ed medzi gener\u00e1ciami. Folkl\u00f3rne skupiny predstavia region\u00e1lne zvyky, piesne, tance a oby\u010daje v ich p\u00f4vodnej podobe.<\/p>\n\n\n\n<p style=\"font-size:21px\"><strong>Prihlasovanie do s\u00fa\u0165a\u017ee prebieha od 1. janu\u00e1ra do 23. marca 2026<\/strong> prostredn\u00edctvom port\u00e1lu &nbsp;<a href=\"http:\/\/www.chcemsaprihlasit.sk\/sutaze\">www.chcemsaprihlasit.sk\/sutaze<\/a><\/p>\n\n\n\n<p style=\"font-size:21px\">Propoz\u00edcie s\u00fa\u0165a\u017ee s\u00fa dostupn\u00e9 na str\u00e1nke:<br>&nbsp;<a href=\"http:\/\/www.nocka.sk\/sutaze-a-prehliadky\/nositelia-tradicii\/\">www.nocka.sk\/sutaze-a-prehliadky\/nositelia-tradicii\/<\/a><\/p>\n\n\n\n<p style=\"font-size:21px\">Vyhlasovate\u013eom, odborn\u00fdm garantom a hlavn\u00fdm finan\u010dn\u00fdm partnerom je <strong>N\u00e1rodn\u00e9 osvetov\u00e9 centrum<\/strong>.<\/p>\n\n\n\n<p style=\"font-size:23px\"><strong>Inform\u00e1cie o v\u0161etk\u00fdch s\u00fa\u0165a\u017eiach v Ko\u0161ickom kraji: <a href=\"https:\/\/www.talentykraja.sk\/sutaze\/\">www.talentykraja.sk\/sutaze\/<\/a><\/strong><\/p>\n<\/div>\n\n\n\n<div class=\"wp-container-4 wp-block-column\">\n<figure class=\"wp-container-3 wp-block-gallery-2 wp-block-gallery has-nested-images columns-default is-cropped\">\n<figure class=\"wp-block-image size-large\"><img loading=\"lazy\" width=\"724\" height=\"1024\" src=\"https:\/\/www.muzeumtrebisov.sk\/wp-content\/uploads\/2026\/01\/nositelia-tradicii-1-724x1024.jpg\" alt=\"\" class=\"wp-image-8001\" srcset=\"https:\/\/www.muzeumtrebisov.sk\/wp-content\/uploads\/2026\/01\/nositelia-tradicii-1-724x1024.jpg 724w, https:\/\/www.muzeumtrebisov.sk\/wp-content\/uploads\/2026\/01\/nositelia-tradicii-1-212x300.jpg 212w, https:\/\/www.muzeumtrebisov.sk\/wp-content\/uploads\/2026\/01\/nositelia-tradicii-1-768x1086.jpg 768w, https:\/\/www.muzeumtrebisov.sk\/wp-content\/uploads\/2026\/01\/nositelia-tradicii-1-1086x1536.jpg 1086w, https:\/\/www.muzeumtrebisov.sk\/wp-content\/uploads\/2026\/01\/nositelia-tradicii-1-1448x2048.jpg 1448w, https:\/\/www.muzeumtrebisov.sk\/wp-content\/uploads\/2026\/01\/nositelia-tradicii-1-8x12.jpg 8w, https:\/\/www.muzeumtrebisov.sk\/wp-content\/uploads\/2026\/01\/nositelia-tradicii-1-500x707.jpg 500w, https:\/\/www.muzeumtrebisov.sk\/wp-content\/uploads\/2026\/01\/nositelia-tradicii-1-800x1131.jpg 800w, https:\/\/www.muzeumtrebisov.sk\/wp-content\/uploads\/2026\/01\/nositelia-tradicii-1-1280x1810.jpg 1280w, https:\/\/www.muzeumtrebisov.sk\/wp-content\/uploads\/2026\/01\/nositelia-tradicii-1-1920x2715.jpg 1920w, https:\/\/www.muzeumtrebisov.sk\/wp-content\/uploads\/2026\/01\/nositelia-tradicii-1-600x848.jpg 600w, https:\/\/www.muzeumtrebisov.sk\/wp-content\/uploads\/2026\/01\/nositelia-tradicii-1-scaled.jpg 1810w\" sizes=\"(max-width: 724px) 100vw, 724px\" \/><\/figure>\n<\/figure>\n<\/div>\n<\/div>","protected":false},"excerpt":{"rendered":"<p>Nositelia trad\u00edci\u00ed 2026: Region\u00e1lne kolo folkl\u00f3rnych skup\u00edn v Trebi\u0161ove M\u00fazeum a Kult\u00farne centrum ju\u017en\u00e9ho Zempl\u00edna v Trebi\u0161ove bude dejiskom region\u00e1lneho kola celo\u0161t\u00e1tnej postupovej s\u00fa\u0165a\u017ee a prehliadky folkl\u00f3rnych skup\u00edn Nositelia trad\u00edci\u00ed 2026, ktor\u00e9 sa uskuto\u010dn\u00ed 31. m\u00e1ja 2026. S\u00fa\u0165a\u017e je zameran\u00e1 na zachovanie tradi\u010dnej \u013eudovej kult\u00fary, autentick\u00fdch prejavov folkl\u00f3ru a prenos trad\u00edci\u00ed medzi gener\u00e1ciami. Folkl\u00f3rne skupiny<\/p>","protected":false},"author":1,"featured_media":8001,"comment_status":"open","ping_status":"open","sticky":false,"template":"","format":"standard","meta":{"om_disable_all_campaigns":false,"_vp_format_video_url":"","_vp_image_focal_point":[]},"categories":[71],"tags":[],"aioseo_notices":[],"yoast_head":"<!-- This site is optimized with the Yoast SEO plugin v18.5.1 - https:\/\/yoast.com\/wordpress\/plugins\/seo\/ -->\n<title>NOSITELIA TRAD\u00cdCI\u00cd | M\u00fazeum Trebi\u0161ov - Ka\u0161tie\u013e Andr\u00e1ssyovcov<\/title>\n<meta name=\"robots\" content=\"index, follow, max-snippet:-1, max-image-preview:large, max-video-preview:-1\" \/>\n<link rel=\"canonical\" href=\"https:\/\/www.muzeumtrebisov.sk\/hu\/kulturne-centrum\/nositelia-tradicii\/\" \/>\n<meta property=\"og:locale\" content=\"hu_HU\" \/>\n<meta property=\"og:type\" content=\"article\" \/>\n<meta property=\"og:title\" content=\"NOSITELIA TRAD\u00cdCI\u00cd | M\u00fazeum Trebi\u0161ov - Ka\u0161tie\u013e Andr\u00e1ssyovcov\" \/>\n<meta property=\"og:description\" content=\"Nositelia trad\u00edci\u00ed 2026: Region\u00e1lne kolo folkl\u00f3rnych skup\u00edn v Trebi\u0161ove M\u00fazeum a Kult\u00farne centrum ju\u017en\u00e9ho Zempl\u00edna v Trebi\u0161ove bude dejiskom region\u00e1lneho kola celo\u0161t\u00e1tnej postupovej s\u00fa\u0165a\u017ee a prehliadky folkl\u00f3rnych skup\u00edn Nositelia trad\u00edci\u00ed 2026, ktor\u00e9 sa uskuto\u010dn\u00ed 31. m\u00e1ja 2026. S\u00fa\u0165a\u017e je zameran\u00e1 na zachovanie tradi\u010dnej \u013eudovej kult\u00fary, autentick\u00fdch prejavov folkl\u00f3ru a prenos trad\u00edci\u00ed medzi gener\u00e1ciami. Folkl\u00f3rne skupiny\" \/>\n<meta property=\"og:url\" content=\"https:\/\/www.muzeumtrebisov.sk\/hu\/kulturne-centrum\/nositelia-tradicii\/\" \/>\n<meta property=\"og:site_name\" content=\"M\u00fazeum Trebi\u0161ov - Ka\u0161tie\u013e Andr\u00e1ssyovcov\" \/>\n<meta property=\"article:publisher\" content=\"https:\/\/www.facebook.com\/muzeumtvkastielandrassyovcov\" \/>\n<meta property=\"article:published_time\" content=\"2026-01-20T12:52:13+00:00\" \/>\n<meta property=\"article:modified_time\" content=\"2026-01-29T10:34:17+00:00\" \/>\n<meta property=\"og:image\" content=\"https:\/\/www.muzeumtrebisov.sk\/wp-content\/uploads\/2026\/01\/nositelia-tradicii-1-scaled.jpg\" \/>\n\t<meta property=\"og:image:width\" content=\"1810\" \/>\n\t<meta property=\"og:image:height\" content=\"2560\" \/>\n\t<meta property=\"og:image:type\" content=\"image\/jpeg\" \/>\n<meta name=\"twitter:card\" content=\"summary_large_image\" \/>\n<meta name=\"twitter:label1\" content=\"Szerz\u0151:\" \/>\n\t<meta name=\"twitter:data1\" content=\"muzeumtvadmin\" \/>\n\t<meta name=\"twitter:label2\" content=\"Becs\u00fclt olvas\u00e1si id\u0151\" \/>\n\t<meta name=\"twitter:data2\" content=\"1 perc\" \/>\n<script type=\"application\/ld+json\" class=\"yoast-schema-graph\">{\"@context\":\"https:\/\/schema.org\",\"@graph\":[{\"@type\":\"Organization\",\"@id\":\"https:\/\/www.muzeumtrebisov.sk\/#organization\",\"name\":\"M\u00fazeum Trebi\u0161ov - Ka\u0161tie\u013e Andr\u00e1ssyovcov\",\"url\":\"https:\/\/www.muzeumtrebisov.sk\/\",\"sameAs\":[\"https:\/\/www.facebook.com\/muzeumtvkastielandrassyovcov\",\"https:\/\/www.instagram.com\/muzeumtrebisovkastielandrassy\/\",\"https:\/\/www.youtube.com\/channel\/UCprfZHvPNIxqZ2IHCDwfv1w\"],\"logo\":{\"@type\":\"ImageObject\",\"@id\":\"https:\/\/www.muzeumtrebisov.sk\/#logo\",\"inLanguage\":\"hu\",\"url\":\"https:\/\/www.muzeumtrebisov.sk\/wp-content\/uploads\/2022\/04\/dual-logo-color-hor.png\",\"contentUrl\":\"https:\/\/www.muzeumtrebisov.sk\/wp-content\/uploads\/2022\/04\/dual-logo-color-hor.png\",\"width\":749,\"height\":140,\"caption\":\"M\u00fazeum Trebi\u0161ov - Ka\u0161tie\u013e Andr\u00e1ssyovcov\"},\"image\":{\"@id\":\"https:\/\/www.muzeumtrebisov.sk\/#logo\"}},{\"@type\":\"WebSite\",\"@id\":\"https:\/\/www.muzeumtrebisov.sk\/#website\",\"url\":\"https:\/\/www.muzeumtrebisov.sk\/\",\"name\":\"M\u00fazeum Trebi\u0161ov - Ka\u0161tie\u013e Andr\u00e1ssyovcov\",\"description\":\"Hist\u00f3ria Andr\u00e1ssyovcov a ju\u017en\u00e9ho Zempl\u00edna\",\"publisher\":{\"@id\":\"https:\/\/www.muzeumtrebisov.sk\/#organization\"},\"potentialAction\":[{\"@type\":\"SearchAction\",\"target\":{\"@type\":\"EntryPoint\",\"urlTemplate\":\"https:\/\/www.muzeumtrebisov.sk\/?s={search_term_string}\"},\"query-input\":\"required name=search_term_string\"}],\"inLanguage\":\"hu\"},{\"@type\":\"ImageObject\",\"@id\":\"https:\/\/www.muzeumtrebisov.sk\/kulturne-centrum\/nositelia-tradicii\/#primaryimage\",\"inLanguage\":\"hu\",\"url\":\"https:\/\/www.muzeumtrebisov.sk\/wp-content\/uploads\/2026\/01\/nositelia-tradicii-1-scaled.jpg\",\"contentUrl\":\"https:\/\/www.muzeumtrebisov.sk\/wp-content\/uploads\/2026\/01\/nositelia-tradicii-1-scaled.jpg\",\"width\":1810,\"height\":2560},{\"@type\":\"WebPage\",\"@id\":\"https:\/\/www.muzeumtrebisov.sk\/kulturne-centrum\/nositelia-tradicii\/#webpage\",\"url\":\"https:\/\/www.muzeumtrebisov.sk\/kulturne-centrum\/nositelia-tradicii\/\",\"name\":\"NOSITELIA TRAD\u00cdCI\u00cd | M\u00fazeum Trebi\u0161ov - Ka\u0161tie\u013e Andr\u00e1ssyovcov\",\"isPartOf\":{\"@id\":\"https:\/\/www.muzeumtrebisov.sk\/#website\"},\"primaryImageOfPage\":{\"@id\":\"https:\/\/www.muzeumtrebisov.sk\/kulturne-centrum\/nositelia-tradicii\/#primaryimage\"},\"datePublished\":\"2026-01-20T12:52:13+00:00\",\"dateModified\":\"2026-01-29T10:34:17+00:00\",\"breadcrumb\":{\"@id\":\"https:\/\/www.muzeumtrebisov.sk\/kulturne-centrum\/nositelia-tradicii\/#breadcrumb\"},\"inLanguage\":\"hu\",\"potentialAction\":[{\"@type\":\"ReadAction\",\"target\":[\"https:\/\/www.muzeumtrebisov.sk\/kulturne-centrum\/nositelia-tradicii\/\"]}]},{\"@type\":\"BreadcrumbList\",\"@id\":\"https:\/\/www.muzeumtrebisov.sk\/kulturne-centrum\/nositelia-tradicii\/#breadcrumb\",\"itemListElement\":[{\"@type\":\"ListItem\",\"position\":1,\"name\":\"Home\",\"item\":\"https:\/\/www.muzeumtrebisov.sk\/\"},{\"@type\":\"ListItem\",\"position\":2,\"name\":\"NOSITELIA TRAD\u00cdCI\u00cd\"}]},{\"@type\":\"Article\",\"@id\":\"https:\/\/www.muzeumtrebisov.sk\/kulturne-centrum\/nositelia-tradicii\/#article\",\"isPartOf\":{\"@id\":\"https:\/\/www.muzeumtrebisov.sk\/kulturne-centrum\/nositelia-tradicii\/#webpage\"},\"author\":{\"@id\":\"https:\/\/www.muzeumtrebisov.sk\/#\/schema\/person\/e020f4c0852b191613d063438d60ae6b\"},\"headline\":\"NOSITELIA TRAD\u00cdCI\u00cd\",\"datePublished\":\"2026-01-20T12:52:13+00:00\",\"dateModified\":\"2026-01-29T10:34:17+00:00\",\"mainEntityOfPage\":{\"@id\":\"https:\/\/www.muzeumtrebisov.sk\/kulturne-centrum\/nositelia-tradicii\/#webpage\"},\"wordCount\":167,\"commentCount\":0,\"publisher\":{\"@id\":\"https:\/\/www.muzeumtrebisov.sk\/#organization\"},\"image\":{\"@id\":\"https:\/\/www.muzeumtrebisov.sk\/kulturne-centrum\/nositelia-tradicii\/#primaryimage\"},\"thumbnailUrl\":\"https:\/\/www.muzeumtrebisov.sk\/wp-content\/uploads\/2026\/01\/nositelia-tradicii-1-scaled.jpg\",\"articleSection\":[\"Kult\u00farne centrum\"],\"inLanguage\":\"hu\",\"potentialAction\":[{\"@type\":\"CommentAction\",\"name\":\"Comment\",\"target\":[\"https:\/\/www.muzeumtrebisov.sk\/kulturne-centrum\/nositelia-tradicii\/#respond\"]}]},{\"@type\":\"Person\",\"@id\":\"https:\/\/www.muzeumtrebisov.sk\/#\/schema\/person\/e020f4c0852b191613d063438d60ae6b\",\"name\":\"muzeumtvadmin\",\"image\":{\"@type\":\"ImageObject\",\"@id\":\"https:\/\/www.muzeumtrebisov.sk\/#personlogo\",\"inLanguage\":\"hu\",\"url\":\"https:\/\/secure.gravatar.com\/avatar\/115030f8384675efad0cc99183d7cd51?s=96&d=mm&r=g\",\"contentUrl\":\"https:\/\/secure.gravatar.com\/avatar\/115030f8384675efad0cc99183d7cd51?s=96&d=mm&r=g\",\"caption\":\"muzeumtvadmin\"},\"sameAs\":[\"https:\/\/www.muzeumtrebisov.sk\"],\"url\":\"https:\/\/www.muzeumtrebisov.sk\/hu\/author\/muzeumtvadmin\/\"}]}<\/script>\n<!-- \/ Yoast SEO plugin. -->","yoast_head_json":{"title":"NOSITELIA TRAD\u00cdCI\u00cd | M\u00fazeum Trebi\u0161ov - Ka\u0161tie\u013e Andr\u00e1ssyovcov","robots":{"index":"index","follow":"follow","max-snippet":"max-snippet:-1","max-image-preview":"max-image-preview:large","max-video-preview":"max-video-preview:-1"},"canonical":"https:\/\/www.muzeumtrebisov.sk\/hu\/kulturne-centrum\/nositelia-tradicii\/","og_locale":"hu_HU","og_type":"article","og_title":"NOSITELIA TRAD\u00cdCI\u00cd | M\u00fazeum Trebi\u0161ov - Ka\u0161tie\u013e Andr\u00e1ssyovcov","og_description":"Nositelia trad\u00edci\u00ed 2026: Region\u00e1lne kolo folkl\u00f3rnych skup\u00edn v Trebi\u0161ove M\u00fazeum a Kult\u00farne centrum ju\u017en\u00e9ho Zempl\u00edna v Trebi\u0161ove bude dejiskom region\u00e1lneho kola celo\u0161t\u00e1tnej postupovej s\u00fa\u0165a\u017ee a prehliadky folkl\u00f3rnych skup\u00edn Nositelia trad\u00edci\u00ed 2026, ktor\u00e9 sa uskuto\u010dn\u00ed 31. m\u00e1ja 2026. S\u00fa\u0165a\u017e je zameran\u00e1 na zachovanie tradi\u010dnej \u013eudovej kult\u00fary, autentick\u00fdch prejavov folkl\u00f3ru a prenos trad\u00edci\u00ed medzi gener\u00e1ciami. Folkl\u00f3rne skupiny","og_url":"https:\/\/www.muzeumtrebisov.sk\/hu\/kulturne-centrum\/nositelia-tradicii\/","og_site_name":"M\u00fazeum Trebi\u0161ov - Ka\u0161tie\u013e Andr\u00e1ssyovcov","article_publisher":"https:\/\/www.facebook.com\/muzeumtvkastielandrassyovcov","article_published_time":"2026-01-20T12:52:13+00:00","article_modified_time":"2026-01-29T10:34:17+00:00","og_image":[{"width":1810,"height":2560,"url":"https:\/\/www.muzeumtrebisov.sk\/wp-content\/uploads\/2026\/01\/nositelia-tradicii-1-scaled.jpg","type":"image\/jpeg"}],"twitter_card":"summary_large_image","twitter_misc":{"Szerz\u0151:":"muzeumtvadmin","Becs\u00fclt olvas\u00e1si id\u0151":"1 perc"},"schema":{"@context":"https:\/\/schema.org","@graph":[{"@type":"Organization","@id":"https:\/\/www.muzeumtrebisov.sk\/#organization","name":"M\u00fazeum Trebi\u0161ov - Ka\u0161tie\u013e Andr\u00e1ssyovcov","url":"https:\/\/www.muzeumtrebisov.sk\/","sameAs":["https:\/\/www.facebook.com\/muzeumtvkastielandrassyovcov","https:\/\/www.instagram.com\/muzeumtrebisovkastielandrassy\/","https:\/\/www.youtube.com\/channel\/UCprfZHvPNIxqZ2IHCDwfv1w"],"logo":{"@type":"ImageObject","@id":"https:\/\/www.muzeumtrebisov.sk\/#logo","inLanguage":"hu","url":"https:\/\/www.muzeumtrebisov.sk\/wp-content\/uploads\/2022\/04\/dual-logo-color-hor.png","contentUrl":"https:\/\/www.muzeumtrebisov.sk\/wp-content\/uploads\/2022\/04\/dual-logo-color-hor.png","width":749,"height":140,"caption":"M\u00fazeum Trebi\u0161ov - Ka\u0161tie\u013e Andr\u00e1ssyovcov"},"image":{"@id":"https:\/\/www.muzeumtrebisov.sk\/#logo"}},{"@type":"WebSite","@id":"https:\/\/www.muzeumtrebisov.sk\/#website","url":"https:\/\/www.muzeumtrebisov.sk\/","name":"M\u00fazeum Trebi\u0161ov - Ka\u0161tie\u013e Andr\u00e1ssyovcov","description":"Hist\u00f3ria Andr\u00e1ssyovcov a ju\u017en\u00e9ho Zempl\u00edna","publisher":{"@id":"https:\/\/www.muzeumtrebisov.sk\/#organization"},"potentialAction":[{"@type":"SearchAction","target":{"@type":"EntryPoint","urlTemplate":"https:\/\/www.muzeumtrebisov.sk\/?s={search_term_string}"},"query-input":"required name=search_term_string"}],"inLanguage":"hu"},{"@type":"ImageObject","@id":"https:\/\/www.muzeumtrebisov.sk\/kulturne-centrum\/nositelia-tradicii\/#primaryimage","inLanguage":"hu","url":"https:\/\/www.muzeumtrebisov.sk\/wp-content\/uploads\/2026\/01\/nositelia-tradicii-1-scaled.jpg","contentUrl":"https:\/\/www.muzeumtrebisov.sk\/wp-content\/uploads\/2026\/01\/nositelia-tradicii-1-scaled.jpg","width":1810,"height":2560},{"@type":"WebPage","@id":"https:\/\/www.muzeumtrebisov.sk\/kulturne-centrum\/nositelia-tradicii\/#webpage","url":"https:\/\/www.muzeumtrebisov.sk\/kulturne-centrum\/nositelia-tradicii\/","name":"NOSITELIA TRAD\u00cdCI\u00cd | M\u00fazeum Trebi\u0161ov - Ka\u0161tie\u013e Andr\u00e1ssyovcov","isPartOf":{"@id":"https:\/\/www.muzeumtrebisov.sk\/#website"},"primaryImageOfPage":{"@id":"https:\/\/www.muzeumtrebisov.sk\/kulturne-centrum\/nositelia-tradicii\/#primaryimage"},"datePublished":"2026-01-20T12:52:13+00:00","dateModified":"2026-01-29T10:34:17+00:00","breadcrumb":{"@id":"https:\/\/www.muzeumtrebisov.sk\/kulturne-centrum\/nositelia-tradicii\/#breadcrumb"},"inLanguage":"hu","potentialAction":[{"@type":"ReadAction","target":["https:\/\/www.muzeumtrebisov.sk\/kulturne-centrum\/nositelia-tradicii\/"]}]},{"@type":"BreadcrumbList","@id":"https:\/\/www.muzeumtrebisov.sk\/kulturne-centrum\/nositelia-tradicii\/#breadcrumb","itemListElement":[{"@type":"ListItem","position":1,"name":"Home","item":"https:\/\/www.muzeumtrebisov.sk\/"},{"@type":"ListItem","position":2,"name":"NOSITELIA TRAD\u00cdCI\u00cd"}]},{"@type":"Article","@id":"https:\/\/www.muzeumtrebisov.sk\/kulturne-centrum\/nositelia-tradicii\/#article","isPartOf":{"@id":"https:\/\/www.muzeumtrebisov.sk\/kulturne-centrum\/nositelia-tradicii\/#webpage"},"author":{"@id":"https:\/\/www.muzeumtrebisov.sk\/#\/schema\/person\/e020f4c0852b191613d063438d60ae6b"},"headline":"NOSITELIA TRAD\u00cdCI\u00cd","datePublished":"2026-01-20T12:52:13+00:00","dateModified":"2026-01-29T10:34:17+00:00","mainEntityOfPage":{"@id":"https:\/\/www.muzeumtrebisov.sk\/kulturne-centrum\/nositelia-tradicii\/#webpage"},"wordCount":167,"commentCount":0,"publisher":{"@id":"https:\/\/www.muzeumtrebisov.sk\/#organization"},"image":{"@id":"https:\/\/www.muzeumtrebisov.sk\/kulturne-centrum\/nositelia-tradicii\/#primaryimage"},"thumbnailUrl":"https:\/\/www.muzeumtrebisov.sk\/wp-content\/uploads\/2026\/01\/nositelia-tradicii-1-scaled.jpg","articleSection":["Kult\u00farne centrum"],"inLanguage":"hu","potentialAction":[{"@type":"CommentAction","name":"Comment","target":["https:\/\/www.muzeumtrebisov.sk\/kulturne-centrum\/nositelia-tradicii\/#respond"]}]},{"@type":"Person","@id":"https:\/\/www.muzeumtrebisov.sk\/#\/schema\/person\/e020f4c0852b191613d063438d60ae6b","name":"muzeumtvadmin","image":{"@type":"ImageObject","@id":"https:\/\/www.muzeumtrebisov.sk\/#personlogo","inLanguage":"hu","url":"https:\/\/secure.gravatar.com\/avatar\/115030f8384675efad0cc99183d7cd51?s=96&d=mm&r=g","contentUrl":"https:\/\/secure.gravatar.com\/avatar\/115030f8384675efad0cc99183d7cd51?s=96&d=mm&r=g","caption":"muzeumtvadmin"},"sameAs":["https:\/\/www.muzeumtrebisov.sk"],"url":"https:\/\/www.muzeumtrebisov.sk\/hu\/author\/muzeumtvadmin\/"}]}},"_links":{"self":[{"href":"https:\/\/www.muzeumtrebisov.sk\/hu\/wp-json\/wp\/v2\/posts\/7957"}],"collection":[{"href":"https:\/\/www.muzeumtrebisov.sk\/hu\/wp-json\/wp\/v2\/posts"}],"about":[{"href":"https:\/\/www.muzeumtrebisov.sk\/hu\/wp-json\/wp\/v2\/types\/post"}],"author":[{"embeddable":true,"href":"https:\/\/www.muzeumtrebisov.sk\/hu\/wp-json\/wp\/v2\/users\/1"}],"replies":[{"embeddable":true,"href":"https:\/\/www.muzeumtrebisov.sk\/hu\/wp-json\/wp\/v2\/comments?post=7957"}],"version-history":[{"count":3,"href":"https:\/\/www.muzeumtrebisov.sk\/hu\/wp-json\/wp\/v2\/posts\/7957\/revisions"}],"predecessor-version":[{"id":8002,"href":"https:\/\/www.muzeumtrebisov.sk\/hu\/wp-json\/wp\/v2\/posts\/7957\/revisions\/8002"}],"wp:featuredmedia":[{"embeddable":true,"href":"https:\/\/www.muzeumtrebisov.sk\/hu\/wp-json\/wp\/v2\/media\/8001"}],"wp:attachment":[{"href":"https:\/\/www.muzeumtrebisov.sk\/hu\/wp-json\/wp\/v2\/media?parent=7957"}],"wp:term":[{"taxonomy":"category","embeddable":true,"href":"https:\/\/www.muzeumtrebisov.sk\/hu\/wp-json\/wp\/v2\/categories?post=7957"},{"taxonomy":"post_tag","embeddable":true,"href":"https:\/\/www.muzeumtrebisov.sk\/hu\/wp-json\/wp\/v2\/tags?post=7957"}],"curies":[{"name":"wp","href":"https:\/\/api.w.org\/{rel}","templated":true}]}}