{"id":7947,"date":"2026-01-20T12:41:48","date_gmt":"2026-01-20T11:41:48","guid":{"rendered":"https:\/\/www.muzeumtrebisov.sk\/?p=7947"},"modified":"2026-01-29T11:30:18","modified_gmt":"2026-01-29T10:30:18","slug":"detsky-divadelny-trebisov","status":"publish","type":"post","link":"https:\/\/www.muzeumtrebisov.sk\/hu\/kulturne-centrum\/detsky-divadelny-trebisov\/","title":{"rendered":"Detsk\u00fd divadeln\u00fd Trebi\u0161ov"},"content":{"rendered":"<div class=\"wp-container-5 wp-block-columns\">\n<div class=\"wp-container-1 wp-block-column\">\n<p style=\"font-size:21px\">M\u00fazeum a kult\u00farne centrum ju\u017en\u00e9ho Zempl\u00edna v Trebi\u0161ove, kult\u00farne zariadenie Ko\u0161ick\u00e9ho samospr\u00e1vneho kraja, organizuje d\u0148a 17.3.2026 region\u00e1lne kolo celo\u0161t\u00e1tnej postupovej s\u00fa\u0165a\u017ee a prehliadky detskej dramatickej tvorivosti <strong>Zlat\u00e1 Priadka s&nbsp;n\u00e1zvom Detsk\u00fd divadeln\u00fd Trebi\u0161ov. <\/strong><\/p>\n\n\n\n<p style=\"font-size:21px\">S\u00fa\u0165a\u017e a&nbsp;prehliadka &nbsp;prebehne v priestoroch divadelnej s\u00e1ly Mestsk\u00e9ho kult\u00farneho strediska v&nbsp;Trebi\u0161ove\/Priestory ZU\u0160 Trebi\u0161ov. V\u00ed\u0165azi region\u00e1lneho kola postupuj\u00fa na krajsk\u00e9 kolo Detsk\u00e9 divadeln\u00e9 Ko\u0161ice d\u0148a 18.4.2026 v Divadle Th\u00e1lia, Mojm\u00edrova 1, Ko\u0161ice. &nbsp;<\/p>\n\n\n\n<p style=\"font-size:21px\">Vyhlasovate\u013eom, odborn\u00fdm garantom a&nbsp;hlavn\u00fdm finan\u010dn\u00fdm partnerom s\u00fa\u0165a\u017e\u00ed je N\u00e1rodn\u00e9 osvetov\u00e9 centrum Bratislava.<\/p>\n\n\n\n<p style=\"font-size:21px\"><strong>Prihlasovanie do s\u00fa\u0165a\u017ee je mo\u017en\u00e9 od 6.1.2026 do 20.2.2026 na str\u00e1nke: <\/strong><a href=\"https:\/\/chcemsaprihlasit.sk\/sutaze\/zlata-priadka\/2026\/214\">https:\/\/chcemsaprihlasit.sk\/sutaze\/zlata-priadka\/2026\/214<\/a><\/p>\n\n\n\n<p style=\"font-size:21px\"><strong>Propoz\u00edcie s\u00fa\u0165a\u017ee:<\/strong><\/p>\n\n\n\n<p style=\"font-size:21px\"><a href=\"https:\/\/www.nocka.sk\/sutaze-a-prehliadky\/zlata-priadka\/\">https:\/\/www.nocka.sk\/sutaze-a-prehliadky\/zlata-priadka\/<\/a><\/p>\n\n\n\n<p><\/p>\n\n\n\n<p style=\"font-size:23px\"><strong>Inform\u00e1cie o v\u0161etk\u00fdch s\u00fa\u0165a\u017eiach v Ko\u0161ickom kraji: <a href=\"https:\/\/www.talentykraja.sk\/sutaze\/\">www.talentykraja.sk\/sutaze\/<\/a><\/strong><\/p>\n<\/div>\n\n\n\n<div class=\"wp-container-4 wp-block-column\">\n<figure class=\"wp-container-3 wp-block-gallery-2 wp-block-gallery has-nested-images columns-default is-cropped\">\n<figure class=\"wp-block-image size-large\"><img loading=\"lazy\" width=\"724\" height=\"1024\" src=\"https:\/\/www.muzeumtrebisov.sk\/wp-content\/uploads\/2026\/01\/detsky-Divadelny-Trebisov-1-724x1024.jpg\" alt=\"\" class=\"wp-image-7996\" srcset=\"https:\/\/www.muzeumtrebisov.sk\/wp-content\/uploads\/2026\/01\/detsky-Divadelny-Trebisov-1-724x1024.jpg 724w, https:\/\/www.muzeumtrebisov.sk\/wp-content\/uploads\/2026\/01\/detsky-Divadelny-Trebisov-1-212x300.jpg 212w, https:\/\/www.muzeumtrebisov.sk\/wp-content\/uploads\/2026\/01\/detsky-Divadelny-Trebisov-1-768x1086.jpg 768w, https:\/\/www.muzeumtrebisov.sk\/wp-content\/uploads\/2026\/01\/detsky-Divadelny-Trebisov-1-1086x1536.jpg 1086w, https:\/\/www.muzeumtrebisov.sk\/wp-content\/uploads\/2026\/01\/detsky-Divadelny-Trebisov-1-1448x2048.jpg 1448w, https:\/\/www.muzeumtrebisov.sk\/wp-content\/uploads\/2026\/01\/detsky-Divadelny-Trebisov-1-8x12.jpg 8w, https:\/\/www.muzeumtrebisov.sk\/wp-content\/uploads\/2026\/01\/detsky-Divadelny-Trebisov-1-500x707.jpg 500w, https:\/\/www.muzeumtrebisov.sk\/wp-content\/uploads\/2026\/01\/detsky-Divadelny-Trebisov-1-800x1131.jpg 800w, https:\/\/www.muzeumtrebisov.sk\/wp-content\/uploads\/2026\/01\/detsky-Divadelny-Trebisov-1-1280x1810.jpg 1280w, https:\/\/www.muzeumtrebisov.sk\/wp-content\/uploads\/2026\/01\/detsky-Divadelny-Trebisov-1-1920x2715.jpg 1920w, https:\/\/www.muzeumtrebisov.sk\/wp-content\/uploads\/2026\/01\/detsky-Divadelny-Trebisov-1-600x849.jpg 600w, https:\/\/www.muzeumtrebisov.sk\/wp-content\/uploads\/2026\/01\/detsky-Divadelny-Trebisov-1-scaled.jpg 1810w\" sizes=\"(max-width: 724px) 100vw, 724px\" \/><\/figure>\n<\/figure>\n<\/div>\n<\/div>","protected":false},"excerpt":{"rendered":"<p>M\u00fazeum a kult\u00farne centrum ju\u017en\u00e9ho Zempl\u00edna v Trebi\u0161ove, kult\u00farne zariadenie Ko\u0161ick\u00e9ho samospr\u00e1vneho kraja, organizuje d\u0148a 17.3.2026 region\u00e1lne kolo celo\u0161t\u00e1tnej postupovej s\u00fa\u0165a\u017ee a prehliadky detskej dramatickej tvorivosti Zlat\u00e1 Priadka s&nbsp;n\u00e1zvom Detsk\u00fd divadeln\u00fd Trebi\u0161ov. S\u00fa\u0165a\u017e a&nbsp;prehliadka &nbsp;prebehne v priestoroch divadelnej s\u00e1ly Mestsk\u00e9ho kult\u00farneho strediska v&nbsp;Trebi\u0161ove\/Priestory ZU\u0160 Trebi\u0161ov. V\u00ed\u0165azi region\u00e1lneho kola postupuj\u00fa na krajsk\u00e9 kolo Detsk\u00e9 divadeln\u00e9 Ko\u0161ice<\/p>","protected":false},"author":1,"featured_media":7996,"comment_status":"open","ping_status":"open","sticky":false,"template":"","format":"standard","meta":{"om_disable_all_campaigns":false,"_vp_format_video_url":"","_vp_image_focal_point":[]},"categories":[71],"tags":[],"aioseo_notices":[],"yoast_head":"<!-- This site is optimized with the Yoast SEO plugin v18.5.1 - https:\/\/yoast.com\/wordpress\/plugins\/seo\/ -->\n<title>Detsk\u00fd divadeln\u00fd Trebi\u0161ov | M\u00fazeum Trebi\u0161ov - Ka\u0161tie\u013e Andr\u00e1ssyovcov<\/title>\n<meta name=\"robots\" content=\"index, follow, max-snippet:-1, max-image-preview:large, max-video-preview:-1\" \/>\n<link rel=\"canonical\" href=\"https:\/\/www.muzeumtrebisov.sk\/hu\/kulturne-centrum\/detsky-divadelny-trebisov\/\" \/>\n<meta property=\"og:locale\" content=\"hu_HU\" \/>\n<meta property=\"og:type\" content=\"article\" \/>\n<meta property=\"og:title\" content=\"Detsk\u00fd divadeln\u00fd Trebi\u0161ov | M\u00fazeum Trebi\u0161ov - Ka\u0161tie\u013e Andr\u00e1ssyovcov\" \/>\n<meta property=\"og:description\" content=\"M\u00fazeum a kult\u00farne centrum ju\u017en\u00e9ho Zempl\u00edna v Trebi\u0161ove, kult\u00farne zariadenie Ko\u0161ick\u00e9ho samospr\u00e1vneho kraja, organizuje d\u0148a 17.3.2026 region\u00e1lne kolo celo\u0161t\u00e1tnej postupovej s\u00fa\u0165a\u017ee a prehliadky detskej dramatickej tvorivosti Zlat\u00e1 Priadka s&nbsp;n\u00e1zvom Detsk\u00fd divadeln\u00fd Trebi\u0161ov. S\u00fa\u0165a\u017e a&nbsp;prehliadka &nbsp;prebehne v priestoroch divadelnej s\u00e1ly Mestsk\u00e9ho kult\u00farneho strediska v&nbsp;Trebi\u0161ove\/Priestory ZU\u0160 Trebi\u0161ov. V\u00ed\u0165azi region\u00e1lneho kola postupuj\u00fa na krajsk\u00e9 kolo Detsk\u00e9 divadeln\u00e9 Ko\u0161ice\" \/>\n<meta property=\"og:url\" content=\"https:\/\/www.muzeumtrebisov.sk\/hu\/kulturne-centrum\/detsky-divadelny-trebisov\/\" \/>\n<meta property=\"og:site_name\" content=\"M\u00fazeum Trebi\u0161ov - Ka\u0161tie\u013e Andr\u00e1ssyovcov\" \/>\n<meta property=\"article:publisher\" content=\"https:\/\/www.facebook.com\/muzeumtvkastielandrassyovcov\" \/>\n<meta property=\"article:published_time\" content=\"2026-01-20T11:41:48+00:00\" \/>\n<meta property=\"article:modified_time\" content=\"2026-01-29T10:30:18+00:00\" \/>\n<meta property=\"og:image\" content=\"https:\/\/www.muzeumtrebisov.sk\/wp-content\/uploads\/2026\/01\/detsky-Divadelny-Trebisov-1-scaled.jpg\" \/>\n\t<meta property=\"og:image:width\" content=\"1810\" \/>\n\t<meta property=\"og:image:height\" content=\"2560\" \/>\n\t<meta property=\"og:image:type\" content=\"image\/jpeg\" \/>\n<meta name=\"twitter:card\" content=\"summary_large_image\" \/>\n<meta name=\"twitter:label1\" content=\"Szerz\u0151:\" \/>\n\t<meta name=\"twitter:data1\" content=\"muzeumtvadmin\" \/>\n\t<meta name=\"twitter:label2\" content=\"Becs\u00fclt olvas\u00e1si id\u0151\" \/>\n\t<meta name=\"twitter:data2\" content=\"1 perc\" \/>\n<script type=\"application\/ld+json\" class=\"yoast-schema-graph\">{\"@context\":\"https:\/\/schema.org\",\"@graph\":[{\"@type\":\"Organization\",\"@id\":\"https:\/\/www.muzeumtrebisov.sk\/#organization\",\"name\":\"M\u00fazeum Trebi\u0161ov - Ka\u0161tie\u013e Andr\u00e1ssyovcov\",\"url\":\"https:\/\/www.muzeumtrebisov.sk\/\",\"sameAs\":[\"https:\/\/www.facebook.com\/muzeumtvkastielandrassyovcov\",\"https:\/\/www.instagram.com\/muzeumtrebisovkastielandrassy\/\",\"https:\/\/www.youtube.com\/channel\/UCprfZHvPNIxqZ2IHCDwfv1w\"],\"logo\":{\"@type\":\"ImageObject\",\"@id\":\"https:\/\/www.muzeumtrebisov.sk\/#logo\",\"inLanguage\":\"hu\",\"url\":\"https:\/\/www.muzeumtrebisov.sk\/wp-content\/uploads\/2022\/04\/dual-logo-color-hor.png\",\"contentUrl\":\"https:\/\/www.muzeumtrebisov.sk\/wp-content\/uploads\/2022\/04\/dual-logo-color-hor.png\",\"width\":749,\"height\":140,\"caption\":\"M\u00fazeum Trebi\u0161ov - Ka\u0161tie\u013e Andr\u00e1ssyovcov\"},\"image\":{\"@id\":\"https:\/\/www.muzeumtrebisov.sk\/#logo\"}},{\"@type\":\"WebSite\",\"@id\":\"https:\/\/www.muzeumtrebisov.sk\/#website\",\"url\":\"https:\/\/www.muzeumtrebisov.sk\/\",\"name\":\"M\u00fazeum Trebi\u0161ov - Ka\u0161tie\u013e Andr\u00e1ssyovcov\",\"description\":\"Hist\u00f3ria Andr\u00e1ssyovcov a ju\u017en\u00e9ho Zempl\u00edna\",\"publisher\":{\"@id\":\"https:\/\/www.muzeumtrebisov.sk\/#organization\"},\"potentialAction\":[{\"@type\":\"SearchAction\",\"target\":{\"@type\":\"EntryPoint\",\"urlTemplate\":\"https:\/\/www.muzeumtrebisov.sk\/?s={search_term_string}\"},\"query-input\":\"required name=search_term_string\"}],\"inLanguage\":\"hu\"},{\"@type\":\"ImageObject\",\"@id\":\"https:\/\/www.muzeumtrebisov.sk\/kulturne-centrum\/detsky-divadelny-trebisov\/#primaryimage\",\"inLanguage\":\"hu\",\"url\":\"https:\/\/www.muzeumtrebisov.sk\/wp-content\/uploads\/2026\/01\/detsky-Divadelny-Trebisov-1-scaled.jpg\",\"contentUrl\":\"https:\/\/www.muzeumtrebisov.sk\/wp-content\/uploads\/2026\/01\/detsky-Divadelny-Trebisov-1-scaled.jpg\",\"width\":1810,\"height\":2560},{\"@type\":\"WebPage\",\"@id\":\"https:\/\/www.muzeumtrebisov.sk\/kulturne-centrum\/detsky-divadelny-trebisov\/#webpage\",\"url\":\"https:\/\/www.muzeumtrebisov.sk\/kulturne-centrum\/detsky-divadelny-trebisov\/\",\"name\":\"Detsk\u00fd divadeln\u00fd Trebi\u0161ov | M\u00fazeum Trebi\u0161ov - Ka\u0161tie\u013e Andr\u00e1ssyovcov\",\"isPartOf\":{\"@id\":\"https:\/\/www.muzeumtrebisov.sk\/#website\"},\"primaryImageOfPage\":{\"@id\":\"https:\/\/www.muzeumtrebisov.sk\/kulturne-centrum\/detsky-divadelny-trebisov\/#primaryimage\"},\"datePublished\":\"2026-01-20T11:41:48+00:00\",\"dateModified\":\"2026-01-29T10:30:18+00:00\",\"breadcrumb\":{\"@id\":\"https:\/\/www.muzeumtrebisov.sk\/kulturne-centrum\/detsky-divadelny-trebisov\/#breadcrumb\"},\"inLanguage\":\"hu\",\"potentialAction\":[{\"@type\":\"ReadAction\",\"target\":[\"https:\/\/www.muzeumtrebisov.sk\/kulturne-centrum\/detsky-divadelny-trebisov\/\"]}]},{\"@type\":\"BreadcrumbList\",\"@id\":\"https:\/\/www.muzeumtrebisov.sk\/kulturne-centrum\/detsky-divadelny-trebisov\/#breadcrumb\",\"itemListElement\":[{\"@type\":\"ListItem\",\"position\":1,\"name\":\"Home\",\"item\":\"https:\/\/www.muzeumtrebisov.sk\/\"},{\"@type\":\"ListItem\",\"position\":2,\"name\":\"Detsk\u00fd divadeln\u00fd Trebi\u0161ov\"}]},{\"@type\":\"Article\",\"@id\":\"https:\/\/www.muzeumtrebisov.sk\/kulturne-centrum\/detsky-divadelny-trebisov\/#article\",\"isPartOf\":{\"@id\":\"https:\/\/www.muzeumtrebisov.sk\/kulturne-centrum\/detsky-divadelny-trebisov\/#webpage\"},\"author\":{\"@id\":\"https:\/\/www.muzeumtrebisov.sk\/#\/schema\/person\/e020f4c0852b191613d063438d60ae6b\"},\"headline\":\"Detsk\u00fd divadeln\u00fd Trebi\u0161ov\",\"datePublished\":\"2026-01-20T11:41:48+00:00\",\"dateModified\":\"2026-01-29T10:30:18+00:00\",\"mainEntityOfPage\":{\"@id\":\"https:\/\/www.muzeumtrebisov.sk\/kulturne-centrum\/detsky-divadelny-trebisov\/#webpage\"},\"wordCount\":171,\"commentCount\":0,\"publisher\":{\"@id\":\"https:\/\/www.muzeumtrebisov.sk\/#organization\"},\"image\":{\"@id\":\"https:\/\/www.muzeumtrebisov.sk\/kulturne-centrum\/detsky-divadelny-trebisov\/#primaryimage\"},\"thumbnailUrl\":\"https:\/\/www.muzeumtrebisov.sk\/wp-content\/uploads\/2026\/01\/detsky-Divadelny-Trebisov-1-scaled.jpg\",\"articleSection\":[\"Kult\u00farne centrum\"],\"inLanguage\":\"hu\",\"potentialAction\":[{\"@type\":\"CommentAction\",\"name\":\"Comment\",\"target\":[\"https:\/\/www.muzeumtrebisov.sk\/kulturne-centrum\/detsky-divadelny-trebisov\/#respond\"]}]},{\"@type\":\"Person\",\"@id\":\"https:\/\/www.muzeumtrebisov.sk\/#\/schema\/person\/e020f4c0852b191613d063438d60ae6b\",\"name\":\"muzeumtvadmin\",\"image\":{\"@type\":\"ImageObject\",\"@id\":\"https:\/\/www.muzeumtrebisov.sk\/#personlogo\",\"inLanguage\":\"hu\",\"url\":\"https:\/\/secure.gravatar.com\/avatar\/115030f8384675efad0cc99183d7cd51?s=96&d=mm&r=g\",\"contentUrl\":\"https:\/\/secure.gravatar.com\/avatar\/115030f8384675efad0cc99183d7cd51?s=96&d=mm&r=g\",\"caption\":\"muzeumtvadmin\"},\"sameAs\":[\"https:\/\/www.muzeumtrebisov.sk\"],\"url\":\"https:\/\/www.muzeumtrebisov.sk\/hu\/author\/muzeumtvadmin\/\"}]}<\/script>\n<!-- \/ Yoast SEO plugin. -->","yoast_head_json":{"title":"Detsk\u00fd divadeln\u00fd Trebi\u0161ov | M\u00fazeum Trebi\u0161ov - Ka\u0161tie\u013e Andr\u00e1ssyovcov","robots":{"index":"index","follow":"follow","max-snippet":"max-snippet:-1","max-image-preview":"max-image-preview:large","max-video-preview":"max-video-preview:-1"},"canonical":"https:\/\/www.muzeumtrebisov.sk\/hu\/kulturne-centrum\/detsky-divadelny-trebisov\/","og_locale":"hu_HU","og_type":"article","og_title":"Detsk\u00fd divadeln\u00fd Trebi\u0161ov | M\u00fazeum Trebi\u0161ov - Ka\u0161tie\u013e Andr\u00e1ssyovcov","og_description":"M\u00fazeum a kult\u00farne centrum ju\u017en\u00e9ho Zempl\u00edna v Trebi\u0161ove, kult\u00farne zariadenie Ko\u0161ick\u00e9ho samospr\u00e1vneho kraja, organizuje d\u0148a 17.3.2026 region\u00e1lne kolo celo\u0161t\u00e1tnej postupovej s\u00fa\u0165a\u017ee a prehliadky detskej dramatickej tvorivosti Zlat\u00e1 Priadka s&nbsp;n\u00e1zvom Detsk\u00fd divadeln\u00fd Trebi\u0161ov. S\u00fa\u0165a\u017e a&nbsp;prehliadka &nbsp;prebehne v priestoroch divadelnej s\u00e1ly Mestsk\u00e9ho kult\u00farneho strediska v&nbsp;Trebi\u0161ove\/Priestory ZU\u0160 Trebi\u0161ov. V\u00ed\u0165azi region\u00e1lneho kola postupuj\u00fa na krajsk\u00e9 kolo Detsk\u00e9 divadeln\u00e9 Ko\u0161ice","og_url":"https:\/\/www.muzeumtrebisov.sk\/hu\/kulturne-centrum\/detsky-divadelny-trebisov\/","og_site_name":"M\u00fazeum Trebi\u0161ov - Ka\u0161tie\u013e Andr\u00e1ssyovcov","article_publisher":"https:\/\/www.facebook.com\/muzeumtvkastielandrassyovcov","article_published_time":"2026-01-20T11:41:48+00:00","article_modified_time":"2026-01-29T10:30:18+00:00","og_image":[{"width":1810,"height":2560,"url":"https:\/\/www.muzeumtrebisov.sk\/wp-content\/uploads\/2026\/01\/detsky-Divadelny-Trebisov-1-scaled.jpg","type":"image\/jpeg"}],"twitter_card":"summary_large_image","twitter_misc":{"Szerz\u0151:":"muzeumtvadmin","Becs\u00fclt olvas\u00e1si id\u0151":"1 perc"},"schema":{"@context":"https:\/\/schema.org","@graph":[{"@type":"Organization","@id":"https:\/\/www.muzeumtrebisov.sk\/#organization","name":"M\u00fazeum Trebi\u0161ov - Ka\u0161tie\u013e Andr\u00e1ssyovcov","url":"https:\/\/www.muzeumtrebisov.sk\/","sameAs":["https:\/\/www.facebook.com\/muzeumtvkastielandrassyovcov","https:\/\/www.instagram.com\/muzeumtrebisovkastielandrassy\/","https:\/\/www.youtube.com\/channel\/UCprfZHvPNIxqZ2IHCDwfv1w"],"logo":{"@type":"ImageObject","@id":"https:\/\/www.muzeumtrebisov.sk\/#logo","inLanguage":"hu","url":"https:\/\/www.muzeumtrebisov.sk\/wp-content\/uploads\/2022\/04\/dual-logo-color-hor.png","contentUrl":"https:\/\/www.muzeumtrebisov.sk\/wp-content\/uploads\/2022\/04\/dual-logo-color-hor.png","width":749,"height":140,"caption":"M\u00fazeum Trebi\u0161ov - Ka\u0161tie\u013e Andr\u00e1ssyovcov"},"image":{"@id":"https:\/\/www.muzeumtrebisov.sk\/#logo"}},{"@type":"WebSite","@id":"https:\/\/www.muzeumtrebisov.sk\/#website","url":"https:\/\/www.muzeumtrebisov.sk\/","name":"M\u00fazeum Trebi\u0161ov - Ka\u0161tie\u013e Andr\u00e1ssyovcov","description":"Hist\u00f3ria Andr\u00e1ssyovcov a ju\u017en\u00e9ho Zempl\u00edna","publisher":{"@id":"https:\/\/www.muzeumtrebisov.sk\/#organization"},"potentialAction":[{"@type":"SearchAction","target":{"@type":"EntryPoint","urlTemplate":"https:\/\/www.muzeumtrebisov.sk\/?s={search_term_string}"},"query-input":"required name=search_term_string"}],"inLanguage":"hu"},{"@type":"ImageObject","@id":"https:\/\/www.muzeumtrebisov.sk\/kulturne-centrum\/detsky-divadelny-trebisov\/#primaryimage","inLanguage":"hu","url":"https:\/\/www.muzeumtrebisov.sk\/wp-content\/uploads\/2026\/01\/detsky-Divadelny-Trebisov-1-scaled.jpg","contentUrl":"https:\/\/www.muzeumtrebisov.sk\/wp-content\/uploads\/2026\/01\/detsky-Divadelny-Trebisov-1-scaled.jpg","width":1810,"height":2560},{"@type":"WebPage","@id":"https:\/\/www.muzeumtrebisov.sk\/kulturne-centrum\/detsky-divadelny-trebisov\/#webpage","url":"https:\/\/www.muzeumtrebisov.sk\/kulturne-centrum\/detsky-divadelny-trebisov\/","name":"Detsk\u00fd divadeln\u00fd Trebi\u0161ov | M\u00fazeum Trebi\u0161ov - Ka\u0161tie\u013e Andr\u00e1ssyovcov","isPartOf":{"@id":"https:\/\/www.muzeumtrebisov.sk\/#website"},"primaryImageOfPage":{"@id":"https:\/\/www.muzeumtrebisov.sk\/kulturne-centrum\/detsky-divadelny-trebisov\/#primaryimage"},"datePublished":"2026-01-20T11:41:48+00:00","dateModified":"2026-01-29T10:30:18+00:00","breadcrumb":{"@id":"https:\/\/www.muzeumtrebisov.sk\/kulturne-centrum\/detsky-divadelny-trebisov\/#breadcrumb"},"inLanguage":"hu","potentialAction":[{"@type":"ReadAction","target":["https:\/\/www.muzeumtrebisov.sk\/kulturne-centrum\/detsky-divadelny-trebisov\/"]}]},{"@type":"BreadcrumbList","@id":"https:\/\/www.muzeumtrebisov.sk\/kulturne-centrum\/detsky-divadelny-trebisov\/#breadcrumb","itemListElement":[{"@type":"ListItem","position":1,"name":"Home","item":"https:\/\/www.muzeumtrebisov.sk\/"},{"@type":"ListItem","position":2,"name":"Detsk\u00fd divadeln\u00fd Trebi\u0161ov"}]},{"@type":"Article","@id":"https:\/\/www.muzeumtrebisov.sk\/kulturne-centrum\/detsky-divadelny-trebisov\/#article","isPartOf":{"@id":"https:\/\/www.muzeumtrebisov.sk\/kulturne-centrum\/detsky-divadelny-trebisov\/#webpage"},"author":{"@id":"https:\/\/www.muzeumtrebisov.sk\/#\/schema\/person\/e020f4c0852b191613d063438d60ae6b"},"headline":"Detsk\u00fd divadeln\u00fd Trebi\u0161ov","datePublished":"2026-01-20T11:41:48+00:00","dateModified":"2026-01-29T10:30:18+00:00","mainEntityOfPage":{"@id":"https:\/\/www.muzeumtrebisov.sk\/kulturne-centrum\/detsky-divadelny-trebisov\/#webpage"},"wordCount":171,"commentCount":0,"publisher":{"@id":"https:\/\/www.muzeumtrebisov.sk\/#organization"},"image":{"@id":"https:\/\/www.muzeumtrebisov.sk\/kulturne-centrum\/detsky-divadelny-trebisov\/#primaryimage"},"thumbnailUrl":"https:\/\/www.muzeumtrebisov.sk\/wp-content\/uploads\/2026\/01\/detsky-Divadelny-Trebisov-1-scaled.jpg","articleSection":["Kult\u00farne centrum"],"inLanguage":"hu","potentialAction":[{"@type":"CommentAction","name":"Comment","target":["https:\/\/www.muzeumtrebisov.sk\/kulturne-centrum\/detsky-divadelny-trebisov\/#respond"]}]},{"@type":"Person","@id":"https:\/\/www.muzeumtrebisov.sk\/#\/schema\/person\/e020f4c0852b191613d063438d60ae6b","name":"muzeumtvadmin","image":{"@type":"ImageObject","@id":"https:\/\/www.muzeumtrebisov.sk\/#personlogo","inLanguage":"hu","url":"https:\/\/secure.gravatar.com\/avatar\/115030f8384675efad0cc99183d7cd51?s=96&d=mm&r=g","contentUrl":"https:\/\/secure.gravatar.com\/avatar\/115030f8384675efad0cc99183d7cd51?s=96&d=mm&r=g","caption":"muzeumtvadmin"},"sameAs":["https:\/\/www.muzeumtrebisov.sk"],"url":"https:\/\/www.muzeumtrebisov.sk\/hu\/author\/muzeumtvadmin\/"}]}},"_links":{"self":[{"href":"https:\/\/www.muzeumtrebisov.sk\/hu\/wp-json\/wp\/v2\/posts\/7947"}],"collection":[{"href":"https:\/\/www.muzeumtrebisov.sk\/hu\/wp-json\/wp\/v2\/posts"}],"about":[{"href":"https:\/\/www.muzeumtrebisov.sk\/hu\/wp-json\/wp\/v2\/types\/post"}],"author":[{"embeddable":true,"href":"https:\/\/www.muzeumtrebisov.sk\/hu\/wp-json\/wp\/v2\/users\/1"}],"replies":[{"embeddable":true,"href":"https:\/\/www.muzeumtrebisov.sk\/hu\/wp-json\/wp\/v2\/comments?post=7947"}],"version-history":[{"count":4,"href":"https:\/\/www.muzeumtrebisov.sk\/hu\/wp-json\/wp\/v2\/posts\/7947\/revisions"}],"predecessor-version":[{"id":7997,"href":"https:\/\/www.muzeumtrebisov.sk\/hu\/wp-json\/wp\/v2\/posts\/7947\/revisions\/7997"}],"wp:featuredmedia":[{"embeddable":true,"href":"https:\/\/www.muzeumtrebisov.sk\/hu\/wp-json\/wp\/v2\/media\/7996"}],"wp:attachment":[{"href":"https:\/\/www.muzeumtrebisov.sk\/hu\/wp-json\/wp\/v2\/media?parent=7947"}],"wp:term":[{"taxonomy":"category","embeddable":true,"href":"https:\/\/www.muzeumtrebisov.sk\/hu\/wp-json\/wp\/v2\/categories?post=7947"},{"taxonomy":"post_tag","embeddable":true,"href":"https:\/\/www.muzeumtrebisov.sk\/hu\/wp-json\/wp\/v2\/tags?post=7947"}],"curies":[{"name":"wp","href":"https:\/\/api.w.org\/{rel}","templated":true}]}}