{"id":7776,"date":"2025-11-25T12:34:07","date_gmt":"2025-11-25T11:34:07","guid":{"rendered":"https:\/\/www.muzeumtrebisov.sk\/?p=7776"},"modified":"2025-11-25T12:34:09","modified_gmt":"2025-11-25T11:34:09","slug":"charitativna-vystava-vsetky-moje-farby","status":"publish","type":"post","link":"https:\/\/www.muzeumtrebisov.sk\/hu\/kulturne-centrum\/charitativna-vystava-vsetky-moje-farby\/","title":{"rendered":"Charitat\u00edvna v\u00fdstava &#8211; V\u0161etky moje farby"},"content":{"rendered":"<div class=\"wp-container-5 wp-block-columns\">\n<div class=\"wp-container-3 wp-block-column\">\n<figure class=\"wp-container-2 wp-block-gallery-1 wp-block-gallery has-nested-images columns-default is-cropped\">\n<figure class=\"wp-block-image size-large\"><img loading=\"lazy\" width=\"760\" height=\"960\" src=\"https:\/\/www.muzeumtrebisov.sk\/wp-content\/uploads\/2025\/11\/588882672_1151737203826666_8162852279142197324_n-2.jpg\" alt=\"\" class=\"wp-image-7781\" srcset=\"https:\/\/www.muzeumtrebisov.sk\/wp-content\/uploads\/2025\/11\/588882672_1151737203826666_8162852279142197324_n-2.jpg 760w, https:\/\/www.muzeumtrebisov.sk\/wp-content\/uploads\/2025\/11\/588882672_1151737203826666_8162852279142197324_n-2-238x300.jpg 238w, https:\/\/www.muzeumtrebisov.sk\/wp-content\/uploads\/2025\/11\/588882672_1151737203826666_8162852279142197324_n-2-10x12.jpg 10w, https:\/\/www.muzeumtrebisov.sk\/wp-content\/uploads\/2025\/11\/588882672_1151737203826666_8162852279142197324_n-2-500x632.jpg 500w, https:\/\/www.muzeumtrebisov.sk\/wp-content\/uploads\/2025\/11\/588882672_1151737203826666_8162852279142197324_n-2-600x758.jpg 600w\" sizes=\"(max-width: 760px) 100vw, 760px\" \/><\/figure>\n\n\n\n<figure class=\"wp-block-image size-large\"><img loading=\"lazy\" width=\"724\" height=\"960\" src=\"https:\/\/www.muzeumtrebisov.sk\/wp-content\/uploads\/2025\/11\/589229292_1151737200493333_6203166701446204753_n-1.jpg\" alt=\"\" class=\"wp-image-7780\" srcset=\"https:\/\/www.muzeumtrebisov.sk\/wp-content\/uploads\/2025\/11\/589229292_1151737200493333_6203166701446204753_n-1.jpg 724w, https:\/\/www.muzeumtrebisov.sk\/wp-content\/uploads\/2025\/11\/589229292_1151737200493333_6203166701446204753_n-1-226x300.jpg 226w, https:\/\/www.muzeumtrebisov.sk\/wp-content\/uploads\/2025\/11\/589229292_1151737200493333_6203166701446204753_n-1-9x12.jpg 9w, https:\/\/www.muzeumtrebisov.sk\/wp-content\/uploads\/2025\/11\/589229292_1151737200493333_6203166701446204753_n-1-500x663.jpg 500w, https:\/\/www.muzeumtrebisov.sk\/wp-content\/uploads\/2025\/11\/589229292_1151737200493333_6203166701446204753_n-1-600x796.jpg 600w\" sizes=\"(max-width: 724px) 100vw, 724px\" \/><\/figure>\n<\/figure>\n<\/div>\n\n\n\n<div class=\"wp-container-4 wp-block-column\">\n<p style=\"font-size:18px\"><strong>Charitat\u00edvna v\u00fdstava Nat\u00e1lky Vasi\u013eovej<\/strong><\/p>\n\n\n\n<p style=\"font-size:17px\"><img loading=\"lazy\" height=\"16\" width=\"16\" src=\"https:\/\/static.xx.fbcdn.net\/images\/emoji.php\/v9\/t82\/1\/16\/1f3a8.png\" alt=\"\ud83c\udfa8\">V\u0161etky moje farby n\u00e1m po\u010das uplynul\u00fdch dn\u00ed pripom\u00ednala, ak\u00fa silu m\u00e1 rados\u0165 z tvorenia a chu\u0165 prekona\u0165 prek\u00e1\u017eky\u2026<\/p>\n\n\n\n<p style=\"font-size:17px\"><strong>Nat\u00e1lkine po\u010fakovanie patr\u00ed v\u0161etk\u00fdm, ktor\u00ed ju podporili:<\/strong><\/p>\n\n\n\n<p style=\"font-size:17px\">\u201cSrde\u010dn\u00e1 v\u010faka patr\u00ed v\u0161etk\u00fdm, ktor\u00ed ma pri\u0161li podpori\u0165 na vernis\u00e1\u017e a v\u00fdstavu V\u0161etky moje farby, taktie\u017e t\u00fdm, ktor\u00ed si k\u00fapili moje obrazy, a tak bude k\u00fasok zo m\u0148a zdobi\u0165 ich domov. \u010eakujem aj pani riadite\u013eke M\u00fazea a Kult\u00farneho centra ju\u017en\u00e9ho Zempl\u00edna v Trebi\u0161ove PhDr. Be\u00e1tke Kere\u0161tanovej a jeho zamestnancom, \u017ee mi umo\u017enili vystavova\u0165 obrazy v gal\u00e9rii Koniare\u0148. Moja v\u010faka patr\u00ed aj p\u00e1novi u\u010dite\u013eovi Mgr. \u0160tefa\u0148akovi a ZU\u0160-ke, \u017ee tam m\u00f4\u017eem rozv\u00edja\u0165 svoje schopnosti.\u201d<\/p>\n\n\n\n<p style=\"font-size:17px\">Nat\u00e1lke sme odovzdali v\u00fd\u0165a\u017eok zo vstupn\u00e9ho na podporu jej \u010fal\u0161ieho rozvoja &#8211; aj my za na\u0161u organiz\u00e1ciu \u010eAKUJEME v\u0161etk\u00fdm za jej podporu a otvoren\u00e9 srdcia.<\/p>\n<\/div>\n<\/div>","protected":false},"excerpt":{"rendered":"<p>Charitat\u00edvna v\u00fdstava Nat\u00e1lky Vasi\u013eovej V\u0161etky moje farby n\u00e1m po\u010das uplynul\u00fdch dn\u00ed pripom\u00ednala, ak\u00fa silu m\u00e1 rados\u0165 z tvorenia a chu\u0165 prekona\u0165 prek\u00e1\u017eky\u2026 Nat\u00e1lkine po\u010fakovanie patr\u00ed v\u0161etk\u00fdm, ktor\u00ed ju podporili: \u201cSrde\u010dn\u00e1 v\u010faka patr\u00ed v\u0161etk\u00fdm, ktor\u00ed ma pri\u0161li podpori\u0165 na vernis\u00e1\u017e a v\u00fdstavu V\u0161etky moje farby, taktie\u017e t\u00fdm, ktor\u00ed si k\u00fapili moje obrazy, a tak bude k\u00fasok<\/p>","protected":false},"author":6,"featured_media":7784,"comment_status":"open","ping_status":"open","sticky":false,"template":"","format":"standard","meta":{"om_disable_all_campaigns":false,"_vp_format_video_url":"","_vp_image_focal_point":[]},"categories":[71],"tags":[],"aioseo_notices":[],"yoast_head":"<!-- This site is optimized with the Yoast SEO plugin v18.5.1 - https:\/\/yoast.com\/wordpress\/plugins\/seo\/ -->\n<title>Charitat\u00edvna v\u00fdstava - V\u0161etky moje farby | M\u00fazeum Trebi\u0161ov - Ka\u0161tie\u013e Andr\u00e1ssyovcov<\/title>\n<meta name=\"robots\" content=\"index, follow, max-snippet:-1, max-image-preview:large, max-video-preview:-1\" \/>\n<link rel=\"canonical\" href=\"https:\/\/www.muzeumtrebisov.sk\/hu\/kulturne-centrum\/charitativna-vystava-vsetky-moje-farby\/\" \/>\n<meta property=\"og:locale\" content=\"hu_HU\" \/>\n<meta property=\"og:type\" content=\"article\" \/>\n<meta property=\"og:title\" content=\"Charitat\u00edvna v\u00fdstava - V\u0161etky moje farby | M\u00fazeum Trebi\u0161ov - Ka\u0161tie\u013e Andr\u00e1ssyovcov\" \/>\n<meta property=\"og:description\" content=\"Charitat\u00edvna v\u00fdstava Nat\u00e1lky Vasi\u013eovej V\u0161etky moje farby n\u00e1m po\u010das uplynul\u00fdch dn\u00ed pripom\u00ednala, ak\u00fa silu m\u00e1 rados\u0165 z tvorenia a chu\u0165 prekona\u0165 prek\u00e1\u017eky\u2026 Nat\u00e1lkine po\u010fakovanie patr\u00ed v\u0161etk\u00fdm, ktor\u00ed ju podporili: \u201cSrde\u010dn\u00e1 v\u010faka patr\u00ed v\u0161etk\u00fdm, ktor\u00ed ma pri\u0161li podpori\u0165 na vernis\u00e1\u017e a v\u00fdstavu V\u0161etky moje farby, taktie\u017e t\u00fdm, ktor\u00ed si k\u00fapili moje obrazy, a tak bude k\u00fasok\" \/>\n<meta property=\"og:url\" content=\"https:\/\/www.muzeumtrebisov.sk\/hu\/kulturne-centrum\/charitativna-vystava-vsetky-moje-farby\/\" \/>\n<meta property=\"og:site_name\" content=\"M\u00fazeum Trebi\u0161ov - Ka\u0161tie\u013e Andr\u00e1ssyovcov\" \/>\n<meta property=\"article:publisher\" content=\"https:\/\/www.facebook.com\/muzeumtvkastielandrassyovcov\" \/>\n<meta property=\"article:published_time\" content=\"2025-11-25T11:34:07+00:00\" \/>\n<meta property=\"article:modified_time\" content=\"2025-11-25T11:34:09+00:00\" \/>\n<meta property=\"og:image\" content=\"https:\/\/www.muzeumtrebisov.sk\/wp-content\/uploads\/2025\/11\/DSC_5544-1.jpg\" \/>\n\t<meta property=\"og:image:width\" content=\"1200\" \/>\n\t<meta property=\"og:image:height\" content=\"428\" \/>\n\t<meta property=\"og:image:type\" content=\"image\/jpeg\" \/>\n<meta name=\"twitter:card\" content=\"summary_large_image\" \/>\n<meta name=\"twitter:label1\" content=\"Szerz\u0151:\" \/>\n\t<meta name=\"twitter:data1\" content=\"Darina Majovsk\u00e1\" \/>\n\t<meta name=\"twitter:label2\" content=\"Becs\u00fclt olvas\u00e1si id\u0151\" \/>\n\t<meta name=\"twitter:data2\" content=\"2 perc\" \/>\n<script type=\"application\/ld+json\" class=\"yoast-schema-graph\">{\"@context\":\"https:\/\/schema.org\",\"@graph\":[{\"@type\":\"Organization\",\"@id\":\"https:\/\/www.muzeumtrebisov.sk\/#organization\",\"name\":\"M\u00fazeum Trebi\u0161ov - Ka\u0161tie\u013e Andr\u00e1ssyovcov\",\"url\":\"https:\/\/www.muzeumtrebisov.sk\/\",\"sameAs\":[\"https:\/\/www.facebook.com\/muzeumtvkastielandrassyovcov\",\"https:\/\/www.instagram.com\/muzeumtrebisovkastielandrassy\/\",\"https:\/\/www.youtube.com\/channel\/UCprfZHvPNIxqZ2IHCDwfv1w\"],\"logo\":{\"@type\":\"ImageObject\",\"@id\":\"https:\/\/www.muzeumtrebisov.sk\/#logo\",\"inLanguage\":\"hu\",\"url\":\"https:\/\/www.muzeumtrebisov.sk\/wp-content\/uploads\/2022\/04\/dual-logo-color-hor.png\",\"contentUrl\":\"https:\/\/www.muzeumtrebisov.sk\/wp-content\/uploads\/2022\/04\/dual-logo-color-hor.png\",\"width\":749,\"height\":140,\"caption\":\"M\u00fazeum Trebi\u0161ov - Ka\u0161tie\u013e Andr\u00e1ssyovcov\"},\"image\":{\"@id\":\"https:\/\/www.muzeumtrebisov.sk\/#logo\"}},{\"@type\":\"WebSite\",\"@id\":\"https:\/\/www.muzeumtrebisov.sk\/#website\",\"url\":\"https:\/\/www.muzeumtrebisov.sk\/\",\"name\":\"M\u00fazeum Trebi\u0161ov - Ka\u0161tie\u013e Andr\u00e1ssyovcov\",\"description\":\"Hist\u00f3ria Andr\u00e1ssyovcov a ju\u017en\u00e9ho Zempl\u00edna\",\"publisher\":{\"@id\":\"https:\/\/www.muzeumtrebisov.sk\/#organization\"},\"potentialAction\":[{\"@type\":\"SearchAction\",\"target\":{\"@type\":\"EntryPoint\",\"urlTemplate\":\"https:\/\/www.muzeumtrebisov.sk\/?s={search_term_string}\"},\"query-input\":\"required name=search_term_string\"}],\"inLanguage\":\"hu\"},{\"@type\":\"ImageObject\",\"@id\":\"https:\/\/www.muzeumtrebisov.sk\/kulturne-centrum\/charitativna-vystava-vsetky-moje-farby\/#primaryimage\",\"inLanguage\":\"hu\",\"url\":\"https:\/\/www.muzeumtrebisov.sk\/wp-content\/uploads\/2025\/11\/DSC_5544-1.jpg\",\"contentUrl\":\"https:\/\/www.muzeumtrebisov.sk\/wp-content\/uploads\/2025\/11\/DSC_5544-1.jpg\",\"width\":1200,\"height\":428},{\"@type\":\"WebPage\",\"@id\":\"https:\/\/www.muzeumtrebisov.sk\/kulturne-centrum\/charitativna-vystava-vsetky-moje-farby\/#webpage\",\"url\":\"https:\/\/www.muzeumtrebisov.sk\/kulturne-centrum\/charitativna-vystava-vsetky-moje-farby\/\",\"name\":\"Charitat\u00edvna v\u00fdstava - V\u0161etky moje farby | M\u00fazeum Trebi\u0161ov - Ka\u0161tie\u013e Andr\u00e1ssyovcov\",\"isPartOf\":{\"@id\":\"https:\/\/www.muzeumtrebisov.sk\/#website\"},\"primaryImageOfPage\":{\"@id\":\"https:\/\/www.muzeumtrebisov.sk\/kulturne-centrum\/charitativna-vystava-vsetky-moje-farby\/#primaryimage\"},\"datePublished\":\"2025-11-25T11:34:07+00:00\",\"dateModified\":\"2025-11-25T11:34:09+00:00\",\"breadcrumb\":{\"@id\":\"https:\/\/www.muzeumtrebisov.sk\/kulturne-centrum\/charitativna-vystava-vsetky-moje-farby\/#breadcrumb\"},\"inLanguage\":\"hu\",\"potentialAction\":[{\"@type\":\"ReadAction\",\"target\":[\"https:\/\/www.muzeumtrebisov.sk\/kulturne-centrum\/charitativna-vystava-vsetky-moje-farby\/\"]}]},{\"@type\":\"BreadcrumbList\",\"@id\":\"https:\/\/www.muzeumtrebisov.sk\/kulturne-centrum\/charitativna-vystava-vsetky-moje-farby\/#breadcrumb\",\"itemListElement\":[{\"@type\":\"ListItem\",\"position\":1,\"name\":\"Home\",\"item\":\"https:\/\/www.muzeumtrebisov.sk\/\"},{\"@type\":\"ListItem\",\"position\":2,\"name\":\"Charitat\u00edvna v\u00fdstava &#8211; V\u0161etky moje farby\"}]},{\"@type\":\"Article\",\"@id\":\"https:\/\/www.muzeumtrebisov.sk\/kulturne-centrum\/charitativna-vystava-vsetky-moje-farby\/#article\",\"isPartOf\":{\"@id\":\"https:\/\/www.muzeumtrebisov.sk\/kulturne-centrum\/charitativna-vystava-vsetky-moje-farby\/#webpage\"},\"author\":{\"@id\":\"https:\/\/www.muzeumtrebisov.sk\/#\/schema\/person\/aa2b8173282c50c62a23d448ec125363\"},\"headline\":\"Charitat\u00edvna v\u00fdstava &#8211; V\u0161etky moje farby\",\"datePublished\":\"2025-11-25T11:34:07+00:00\",\"dateModified\":\"2025-11-25T11:34:09+00:00\",\"mainEntityOfPage\":{\"@id\":\"https:\/\/www.muzeumtrebisov.sk\/kulturne-centrum\/charitativna-vystava-vsetky-moje-farby\/#webpage\"},\"wordCount\":189,\"commentCount\":0,\"publisher\":{\"@id\":\"https:\/\/www.muzeumtrebisov.sk\/#organization\"},\"image\":{\"@id\":\"https:\/\/www.muzeumtrebisov.sk\/kulturne-centrum\/charitativna-vystava-vsetky-moje-farby\/#primaryimage\"},\"thumbnailUrl\":\"https:\/\/www.muzeumtrebisov.sk\/wp-content\/uploads\/2025\/11\/DSC_5544-1.jpg\",\"articleSection\":[\"Kult\u00farne centrum\"],\"inLanguage\":\"hu\",\"potentialAction\":[{\"@type\":\"CommentAction\",\"name\":\"Comment\",\"target\":[\"https:\/\/www.muzeumtrebisov.sk\/kulturne-centrum\/charitativna-vystava-vsetky-moje-farby\/#respond\"]}]},{\"@type\":\"Person\",\"@id\":\"https:\/\/www.muzeumtrebisov.sk\/#\/schema\/person\/aa2b8173282c50c62a23d448ec125363\",\"name\":\"Darina Majovsk\u00e1\",\"image\":{\"@type\":\"ImageObject\",\"@id\":\"https:\/\/www.muzeumtrebisov.sk\/#personlogo\",\"inLanguage\":\"hu\",\"url\":\"https:\/\/secure.gravatar.com\/avatar\/2d8dbaec9494a9acb5681d5878e38fd6?s=96&d=mm&r=g\",\"contentUrl\":\"https:\/\/secure.gravatar.com\/avatar\/2d8dbaec9494a9acb5681d5878e38fd6?s=96&d=mm&r=g\",\"caption\":\"Darina Majovsk\u00e1\"},\"url\":\"https:\/\/www.muzeumtrebisov.sk\/hu\/author\/darinamajovska\/\"}]}<\/script>\n<!-- \/ Yoast SEO plugin. -->","yoast_head_json":{"title":"Charitat\u00edvna v\u00fdstava - V\u0161etky moje farby | M\u00fazeum Trebi\u0161ov - Ka\u0161tie\u013e Andr\u00e1ssyovcov","robots":{"index":"index","follow":"follow","max-snippet":"max-snippet:-1","max-image-preview":"max-image-preview:large","max-video-preview":"max-video-preview:-1"},"canonical":"https:\/\/www.muzeumtrebisov.sk\/hu\/kulturne-centrum\/charitativna-vystava-vsetky-moje-farby\/","og_locale":"hu_HU","og_type":"article","og_title":"Charitat\u00edvna v\u00fdstava - V\u0161etky moje farby | M\u00fazeum Trebi\u0161ov - Ka\u0161tie\u013e Andr\u00e1ssyovcov","og_description":"Charitat\u00edvna v\u00fdstava Nat\u00e1lky Vasi\u013eovej V\u0161etky moje farby n\u00e1m po\u010das uplynul\u00fdch dn\u00ed pripom\u00ednala, ak\u00fa silu m\u00e1 rados\u0165 z tvorenia a chu\u0165 prekona\u0165 prek\u00e1\u017eky\u2026 Nat\u00e1lkine po\u010fakovanie patr\u00ed v\u0161etk\u00fdm, ktor\u00ed ju podporili: \u201cSrde\u010dn\u00e1 v\u010faka patr\u00ed v\u0161etk\u00fdm, ktor\u00ed ma pri\u0161li podpori\u0165 na vernis\u00e1\u017e a v\u00fdstavu V\u0161etky moje farby, taktie\u017e t\u00fdm, ktor\u00ed si k\u00fapili moje obrazy, a tak bude k\u00fasok","og_url":"https:\/\/www.muzeumtrebisov.sk\/hu\/kulturne-centrum\/charitativna-vystava-vsetky-moje-farby\/","og_site_name":"M\u00fazeum Trebi\u0161ov - Ka\u0161tie\u013e Andr\u00e1ssyovcov","article_publisher":"https:\/\/www.facebook.com\/muzeumtvkastielandrassyovcov","article_published_time":"2025-11-25T11:34:07+00:00","article_modified_time":"2025-11-25T11:34:09+00:00","og_image":[{"width":1200,"height":428,"url":"https:\/\/www.muzeumtrebisov.sk\/wp-content\/uploads\/2025\/11\/DSC_5544-1.jpg","type":"image\/jpeg"}],"twitter_card":"summary_large_image","twitter_misc":{"Szerz\u0151:":"Darina Majovsk\u00e1","Becs\u00fclt olvas\u00e1si id\u0151":"2 perc"},"schema":{"@context":"https:\/\/schema.org","@graph":[{"@type":"Organization","@id":"https:\/\/www.muzeumtrebisov.sk\/#organization","name":"M\u00fazeum Trebi\u0161ov - Ka\u0161tie\u013e Andr\u00e1ssyovcov","url":"https:\/\/www.muzeumtrebisov.sk\/","sameAs":["https:\/\/www.facebook.com\/muzeumtvkastielandrassyovcov","https:\/\/www.instagram.com\/muzeumtrebisovkastielandrassy\/","https:\/\/www.youtube.com\/channel\/UCprfZHvPNIxqZ2IHCDwfv1w"],"logo":{"@type":"ImageObject","@id":"https:\/\/www.muzeumtrebisov.sk\/#logo","inLanguage":"hu","url":"https:\/\/www.muzeumtrebisov.sk\/wp-content\/uploads\/2022\/04\/dual-logo-color-hor.png","contentUrl":"https:\/\/www.muzeumtrebisov.sk\/wp-content\/uploads\/2022\/04\/dual-logo-color-hor.png","width":749,"height":140,"caption":"M\u00fazeum Trebi\u0161ov - Ka\u0161tie\u013e Andr\u00e1ssyovcov"},"image":{"@id":"https:\/\/www.muzeumtrebisov.sk\/#logo"}},{"@type":"WebSite","@id":"https:\/\/www.muzeumtrebisov.sk\/#website","url":"https:\/\/www.muzeumtrebisov.sk\/","name":"M\u00fazeum Trebi\u0161ov - Ka\u0161tie\u013e Andr\u00e1ssyovcov","description":"Hist\u00f3ria Andr\u00e1ssyovcov a ju\u017en\u00e9ho Zempl\u00edna","publisher":{"@id":"https:\/\/www.muzeumtrebisov.sk\/#organization"},"potentialAction":[{"@type":"SearchAction","target":{"@type":"EntryPoint","urlTemplate":"https:\/\/www.muzeumtrebisov.sk\/?s={search_term_string}"},"query-input":"required name=search_term_string"}],"inLanguage":"hu"},{"@type":"ImageObject","@id":"https:\/\/www.muzeumtrebisov.sk\/kulturne-centrum\/charitativna-vystava-vsetky-moje-farby\/#primaryimage","inLanguage":"hu","url":"https:\/\/www.muzeumtrebisov.sk\/wp-content\/uploads\/2025\/11\/DSC_5544-1.jpg","contentUrl":"https:\/\/www.muzeumtrebisov.sk\/wp-content\/uploads\/2025\/11\/DSC_5544-1.jpg","width":1200,"height":428},{"@type":"WebPage","@id":"https:\/\/www.muzeumtrebisov.sk\/kulturne-centrum\/charitativna-vystava-vsetky-moje-farby\/#webpage","url":"https:\/\/www.muzeumtrebisov.sk\/kulturne-centrum\/charitativna-vystava-vsetky-moje-farby\/","name":"Charitat\u00edvna v\u00fdstava - V\u0161etky moje farby | M\u00fazeum Trebi\u0161ov - Ka\u0161tie\u013e Andr\u00e1ssyovcov","isPartOf":{"@id":"https:\/\/www.muzeumtrebisov.sk\/#website"},"primaryImageOfPage":{"@id":"https:\/\/www.muzeumtrebisov.sk\/kulturne-centrum\/charitativna-vystava-vsetky-moje-farby\/#primaryimage"},"datePublished":"2025-11-25T11:34:07+00:00","dateModified":"2025-11-25T11:34:09+00:00","breadcrumb":{"@id":"https:\/\/www.muzeumtrebisov.sk\/kulturne-centrum\/charitativna-vystava-vsetky-moje-farby\/#breadcrumb"},"inLanguage":"hu","potentialAction":[{"@type":"ReadAction","target":["https:\/\/www.muzeumtrebisov.sk\/kulturne-centrum\/charitativna-vystava-vsetky-moje-farby\/"]}]},{"@type":"BreadcrumbList","@id":"https:\/\/www.muzeumtrebisov.sk\/kulturne-centrum\/charitativna-vystava-vsetky-moje-farby\/#breadcrumb","itemListElement":[{"@type":"ListItem","position":1,"name":"Home","item":"https:\/\/www.muzeumtrebisov.sk\/"},{"@type":"ListItem","position":2,"name":"Charitat\u00edvna v\u00fdstava &#8211; V\u0161etky moje farby"}]},{"@type":"Article","@id":"https:\/\/www.muzeumtrebisov.sk\/kulturne-centrum\/charitativna-vystava-vsetky-moje-farby\/#article","isPartOf":{"@id":"https:\/\/www.muzeumtrebisov.sk\/kulturne-centrum\/charitativna-vystava-vsetky-moje-farby\/#webpage"},"author":{"@id":"https:\/\/www.muzeumtrebisov.sk\/#\/schema\/person\/aa2b8173282c50c62a23d448ec125363"},"headline":"Charitat\u00edvna v\u00fdstava &#8211; V\u0161etky moje farby","datePublished":"2025-11-25T11:34:07+00:00","dateModified":"2025-11-25T11:34:09+00:00","mainEntityOfPage":{"@id":"https:\/\/www.muzeumtrebisov.sk\/kulturne-centrum\/charitativna-vystava-vsetky-moje-farby\/#webpage"},"wordCount":189,"commentCount":0,"publisher":{"@id":"https:\/\/www.muzeumtrebisov.sk\/#organization"},"image":{"@id":"https:\/\/www.muzeumtrebisov.sk\/kulturne-centrum\/charitativna-vystava-vsetky-moje-farby\/#primaryimage"},"thumbnailUrl":"https:\/\/www.muzeumtrebisov.sk\/wp-content\/uploads\/2025\/11\/DSC_5544-1.jpg","articleSection":["Kult\u00farne centrum"],"inLanguage":"hu","potentialAction":[{"@type":"CommentAction","name":"Comment","target":["https:\/\/www.muzeumtrebisov.sk\/kulturne-centrum\/charitativna-vystava-vsetky-moje-farby\/#respond"]}]},{"@type":"Person","@id":"https:\/\/www.muzeumtrebisov.sk\/#\/schema\/person\/aa2b8173282c50c62a23d448ec125363","name":"Darina Majovsk\u00e1","image":{"@type":"ImageObject","@id":"https:\/\/www.muzeumtrebisov.sk\/#personlogo","inLanguage":"hu","url":"https:\/\/secure.gravatar.com\/avatar\/2d8dbaec9494a9acb5681d5878e38fd6?s=96&d=mm&r=g","contentUrl":"https:\/\/secure.gravatar.com\/avatar\/2d8dbaec9494a9acb5681d5878e38fd6?s=96&d=mm&r=g","caption":"Darina Majovsk\u00e1"},"url":"https:\/\/www.muzeumtrebisov.sk\/hu\/author\/darinamajovska\/"}]}},"_links":{"self":[{"href":"https:\/\/www.muzeumtrebisov.sk\/hu\/wp-json\/wp\/v2\/posts\/7776"}],"collection":[{"href":"https:\/\/www.muzeumtrebisov.sk\/hu\/wp-json\/wp\/v2\/posts"}],"about":[{"href":"https:\/\/www.muzeumtrebisov.sk\/hu\/wp-json\/wp\/v2\/types\/post"}],"author":[{"embeddable":true,"href":"https:\/\/www.muzeumtrebisov.sk\/hu\/wp-json\/wp\/v2\/users\/6"}],"replies":[{"embeddable":true,"href":"https:\/\/www.muzeumtrebisov.sk\/hu\/wp-json\/wp\/v2\/comments?post=7776"}],"version-history":[{"count":2,"href":"https:\/\/www.muzeumtrebisov.sk\/hu\/wp-json\/wp\/v2\/posts\/7776\/revisions"}],"predecessor-version":[{"id":7785,"href":"https:\/\/www.muzeumtrebisov.sk\/hu\/wp-json\/wp\/v2\/posts\/7776\/revisions\/7785"}],"wp:featuredmedia":[{"embeddable":true,"href":"https:\/\/www.muzeumtrebisov.sk\/hu\/wp-json\/wp\/v2\/media\/7784"}],"wp:attachment":[{"href":"https:\/\/www.muzeumtrebisov.sk\/hu\/wp-json\/wp\/v2\/media?parent=7776"}],"wp:term":[{"taxonomy":"category","embeddable":true,"href":"https:\/\/www.muzeumtrebisov.sk\/hu\/wp-json\/wp\/v2\/categories?post=7776"},{"taxonomy":"post_tag","embeddable":true,"href":"https:\/\/www.muzeumtrebisov.sk\/hu\/wp-json\/wp\/v2\/tags?post=7776"}],"curies":[{"name":"wp","href":"https:\/\/api.w.org\/{rel}","templated":true}]}}