{"id":7725,"date":"2025-11-04T11:29:00","date_gmt":"2025-11-04T10:29:00","guid":{"rendered":"https:\/\/www.muzeumtrebisov.sk\/?p=7725"},"modified":"2025-11-07T11:45:13","modified_gmt":"2025-11-07T10:45:13","slug":"spomienkova-sv-omsa-za-grofa-tivadara-andrassyho","status":"publish","type":"post","link":"https:\/\/www.muzeumtrebisov.sk\/hu\/muzeum\/spomienkova-sv-omsa-za-grofa-tivadara-andrassyho\/","title":{"rendered":"Spomienkov\u00e1 sv. om\u0161a za gr\u00f3fa Tivadara Andr\u00e1ssyho"},"content":{"rendered":"<div class=\"wp-container-5 wp-block-columns\">\n<div class=\"wp-container-4 wp-block-column\">\n<div class=\"wp-container-3 wp-block-columns\">\n<div class=\"wp-container-1 wp-block-column\">\n<p class=\"has-text-align-center\" style=\"font-size:22px\">S \u00factou sme si pripomenuli 120. v\u00fdro\u010die \u00famrtia gr\u00f3fa Tivadara Andr\u00e1ssyho &#8211; v\u00fdznamn\u00e9ho \u0161\u013eachtica a osobnosti, ktor\u00e9ho meno je neodmyslite\u013ene sp\u00e4t\u00e9 s hist\u00f3riou n\u00e1\u0161ho regi\u00f3nu.<\/p>\n\n\n\n<p class=\"has-text-align-center\" style=\"font-size:22px\">\u010eakujeme v\u0161etk\u00fdm, ktor\u00ed sa z\u00fa\u010dastnili tejto d\u00f4stojnej spomienky a prispeli k zachovaniu odkazu rodu Andr\u00e1ssyovcov.<\/p>\n<\/div>\n\n\n\n<div class=\"wp-container-2 wp-block-column\">\n<figure class=\"wp-block-video\"><video controls src=\"https:\/\/www.muzeumtrebisov.sk\/wp-content\/uploads\/2025\/11\/video-output-2A73BFED-5681-4994-82CC-09FB6AC44FB5-1-2.mov\"><\/video><\/figure>\n<\/div>\n<\/div>\n<\/div>\n<\/div>","protected":false},"excerpt":{"rendered":"<p>S \u00factou sme si pripomenuli 120. v\u00fdro\u010die \u00famrtia gr\u00f3fa Tivadara Andr\u00e1ssyho &#8211; v\u00fdznamn\u00e9ho \u0161\u013eachtica a osobnosti, ktor\u00e9ho meno je neodmyslite\u013ene sp\u00e4t\u00e9 s hist\u00f3riou n\u00e1\u0161ho regi\u00f3nu. \u010eakujeme v\u0161etk\u00fdm, ktor\u00ed sa z\u00fa\u010dastnili tejto d\u00f4stojnej spomienky a prispeli k zachovaniu odkazu rodu Andr\u00e1ssyovcov.<\/p>","protected":false},"author":1,"featured_media":7728,"comment_status":"open","ping_status":"open","sticky":false,"template":"","format":"standard","meta":{"om_disable_all_campaigns":false,"_vp_format_video_url":"","_vp_image_focal_point":[]},"categories":[73],"tags":[],"aioseo_notices":[],"yoast_head":"<!-- This site is optimized with the Yoast SEO plugin v18.5.1 - https:\/\/yoast.com\/wordpress\/plugins\/seo\/ -->\n<title>Spomienkov\u00e1 sv. om\u0161a za gr\u00f3fa Tivadara Andr\u00e1ssyho | M\u00fazeum Trebi\u0161ov - Ka\u0161tie\u013e Andr\u00e1ssyovcov<\/title>\n<meta name=\"robots\" content=\"index, follow, max-snippet:-1, max-image-preview:large, max-video-preview:-1\" \/>\n<link rel=\"canonical\" href=\"https:\/\/www.muzeumtrebisov.sk\/hu\/muzeum\/spomienkova-sv-omsa-za-grofa-tivadara-andrassyho\/\" \/>\n<meta property=\"og:locale\" content=\"hu_HU\" \/>\n<meta property=\"og:type\" content=\"article\" \/>\n<meta property=\"og:title\" content=\"Spomienkov\u00e1 sv. om\u0161a za gr\u00f3fa Tivadara Andr\u00e1ssyho | M\u00fazeum Trebi\u0161ov - Ka\u0161tie\u013e Andr\u00e1ssyovcov\" \/>\n<meta property=\"og:description\" content=\"S \u00factou sme si pripomenuli 120. v\u00fdro\u010die \u00famrtia gr\u00f3fa Tivadara Andr\u00e1ssyho &#8211; v\u00fdznamn\u00e9ho \u0161\u013eachtica a osobnosti, ktor\u00e9ho meno je neodmyslite\u013ene sp\u00e4t\u00e9 s hist\u00f3riou n\u00e1\u0161ho regi\u00f3nu. \u010eakujeme v\u0161etk\u00fdm, ktor\u00ed sa z\u00fa\u010dastnili tejto d\u00f4stojnej spomienky a prispeli k zachovaniu odkazu rodu Andr\u00e1ssyovcov.\" \/>\n<meta property=\"og:url\" content=\"https:\/\/www.muzeumtrebisov.sk\/hu\/muzeum\/spomienkova-sv-omsa-za-grofa-tivadara-andrassyho\/\" \/>\n<meta property=\"og:site_name\" content=\"M\u00fazeum Trebi\u0161ov - Ka\u0161tie\u013e Andr\u00e1ssyovcov\" \/>\n<meta property=\"article:publisher\" content=\"https:\/\/www.facebook.com\/muzeumtvkastielandrassyovcov\" \/>\n<meta property=\"article:published_time\" content=\"2025-11-04T10:29:00+00:00\" \/>\n<meta property=\"article:modified_time\" content=\"2025-11-07T10:45:13+00:00\" \/>\n<meta property=\"og:image\" content=\"https:\/\/www.muzeumtrebisov.sk\/wp-content\/uploads\/2025\/11\/omsa-za-Tivadara-scaled2.jpg\" \/>\n\t<meta property=\"og:image:width\" content=\"1810\" \/>\n\t<meta property=\"og:image:height\" content=\"617\" \/>\n\t<meta property=\"og:image:type\" content=\"image\/jpeg\" \/>\n<meta name=\"twitter:card\" content=\"summary_large_image\" \/>\n<meta name=\"twitter:label1\" content=\"Szerz\u0151:\" \/>\n\t<meta name=\"twitter:data1\" content=\"muzeumtvadmin\" \/>\n\t<meta name=\"twitter:label2\" content=\"Becs\u00fclt olvas\u00e1si id\u0151\" \/>\n\t<meta name=\"twitter:data2\" content=\"1 perc\" \/>\n<script type=\"application\/ld+json\" class=\"yoast-schema-graph\">{\"@context\":\"https:\/\/schema.org\",\"@graph\":[{\"@type\":\"Organization\",\"@id\":\"https:\/\/www.muzeumtrebisov.sk\/#organization\",\"name\":\"M\u00fazeum Trebi\u0161ov - Ka\u0161tie\u013e Andr\u00e1ssyovcov\",\"url\":\"https:\/\/www.muzeumtrebisov.sk\/\",\"sameAs\":[\"https:\/\/www.facebook.com\/muzeumtvkastielandrassyovcov\",\"https:\/\/www.instagram.com\/muzeumtrebisovkastielandrassy\/\",\"https:\/\/www.youtube.com\/channel\/UCprfZHvPNIxqZ2IHCDwfv1w\"],\"logo\":{\"@type\":\"ImageObject\",\"@id\":\"https:\/\/www.muzeumtrebisov.sk\/#logo\",\"inLanguage\":\"hu\",\"url\":\"https:\/\/www.muzeumtrebisov.sk\/wp-content\/uploads\/2022\/04\/dual-logo-color-hor.png\",\"contentUrl\":\"https:\/\/www.muzeumtrebisov.sk\/wp-content\/uploads\/2022\/04\/dual-logo-color-hor.png\",\"width\":749,\"height\":140,\"caption\":\"M\u00fazeum Trebi\u0161ov - Ka\u0161tie\u013e Andr\u00e1ssyovcov\"},\"image\":{\"@id\":\"https:\/\/www.muzeumtrebisov.sk\/#logo\"}},{\"@type\":\"WebSite\",\"@id\":\"https:\/\/www.muzeumtrebisov.sk\/#website\",\"url\":\"https:\/\/www.muzeumtrebisov.sk\/\",\"name\":\"M\u00fazeum Trebi\u0161ov - Ka\u0161tie\u013e Andr\u00e1ssyovcov\",\"description\":\"Hist\u00f3ria Andr\u00e1ssyovcov a ju\u017en\u00e9ho Zempl\u00edna\",\"publisher\":{\"@id\":\"https:\/\/www.muzeumtrebisov.sk\/#organization\"},\"potentialAction\":[{\"@type\":\"SearchAction\",\"target\":{\"@type\":\"EntryPoint\",\"urlTemplate\":\"https:\/\/www.muzeumtrebisov.sk\/?s={search_term_string}\"},\"query-input\":\"required name=search_term_string\"}],\"inLanguage\":\"hu\"},{\"@type\":\"ImageObject\",\"@id\":\"https:\/\/www.muzeumtrebisov.sk\/muzeum\/spomienkova-sv-omsa-za-grofa-tivadara-andrassyho\/#primaryimage\",\"inLanguage\":\"hu\",\"url\":\"https:\/\/www.muzeumtrebisov.sk\/wp-content\/uploads\/2025\/11\/omsa-za-Tivadara-scaled2.jpg\",\"contentUrl\":\"https:\/\/www.muzeumtrebisov.sk\/wp-content\/uploads\/2025\/11\/omsa-za-Tivadara-scaled2.jpg\",\"width\":1810,\"height\":617},{\"@type\":\"WebPage\",\"@id\":\"https:\/\/www.muzeumtrebisov.sk\/muzeum\/spomienkova-sv-omsa-za-grofa-tivadara-andrassyho\/#webpage\",\"url\":\"https:\/\/www.muzeumtrebisov.sk\/muzeum\/spomienkova-sv-omsa-za-grofa-tivadara-andrassyho\/\",\"name\":\"Spomienkov\u00e1 sv. om\u0161a za gr\u00f3fa Tivadara Andr\u00e1ssyho | M\u00fazeum Trebi\u0161ov - Ka\u0161tie\u013e Andr\u00e1ssyovcov\",\"isPartOf\":{\"@id\":\"https:\/\/www.muzeumtrebisov.sk\/#website\"},\"primaryImageOfPage\":{\"@id\":\"https:\/\/www.muzeumtrebisov.sk\/muzeum\/spomienkova-sv-omsa-za-grofa-tivadara-andrassyho\/#primaryimage\"},\"datePublished\":\"2025-11-04T10:29:00+00:00\",\"dateModified\":\"2025-11-07T10:45:13+00:00\",\"breadcrumb\":{\"@id\":\"https:\/\/www.muzeumtrebisov.sk\/muzeum\/spomienkova-sv-omsa-za-grofa-tivadara-andrassyho\/#breadcrumb\"},\"inLanguage\":\"hu\",\"potentialAction\":[{\"@type\":\"ReadAction\",\"target\":[\"https:\/\/www.muzeumtrebisov.sk\/muzeum\/spomienkova-sv-omsa-za-grofa-tivadara-andrassyho\/\"]}]},{\"@type\":\"BreadcrumbList\",\"@id\":\"https:\/\/www.muzeumtrebisov.sk\/muzeum\/spomienkova-sv-omsa-za-grofa-tivadara-andrassyho\/#breadcrumb\",\"itemListElement\":[{\"@type\":\"ListItem\",\"position\":1,\"name\":\"Home\",\"item\":\"https:\/\/www.muzeumtrebisov.sk\/\"},{\"@type\":\"ListItem\",\"position\":2,\"name\":\"Spomienkov\u00e1 sv. om\u0161a za gr\u00f3fa Tivadara Andr\u00e1ssyho\"}]},{\"@type\":\"Article\",\"@id\":\"https:\/\/www.muzeumtrebisov.sk\/muzeum\/spomienkova-sv-omsa-za-grofa-tivadara-andrassyho\/#article\",\"isPartOf\":{\"@id\":\"https:\/\/www.muzeumtrebisov.sk\/muzeum\/spomienkova-sv-omsa-za-grofa-tivadara-andrassyho\/#webpage\"},\"author\":{\"@id\":\"https:\/\/www.muzeumtrebisov.sk\/#\/schema\/person\/e020f4c0852b191613d063438d60ae6b\"},\"headline\":\"Spomienkov\u00e1 sv. om\u0161a za gr\u00f3fa Tivadara Andr\u00e1ssyho\",\"datePublished\":\"2025-11-04T10:29:00+00:00\",\"dateModified\":\"2025-11-07T10:45:13+00:00\",\"mainEntityOfPage\":{\"@id\":\"https:\/\/www.muzeumtrebisov.sk\/muzeum\/spomienkova-sv-omsa-za-grofa-tivadara-andrassyho\/#webpage\"},\"wordCount\":66,\"commentCount\":0,\"publisher\":{\"@id\":\"https:\/\/www.muzeumtrebisov.sk\/#organization\"},\"image\":{\"@id\":\"https:\/\/www.muzeumtrebisov.sk\/muzeum\/spomienkova-sv-omsa-za-grofa-tivadara-andrassyho\/#primaryimage\"},\"thumbnailUrl\":\"https:\/\/www.muzeumtrebisov.sk\/wp-content\/uploads\/2025\/11\/omsa-za-Tivadara-scaled2.jpg\",\"articleSection\":[\"M\u00fazeum\"],\"inLanguage\":\"hu\",\"potentialAction\":[{\"@type\":\"CommentAction\",\"name\":\"Comment\",\"target\":[\"https:\/\/www.muzeumtrebisov.sk\/muzeum\/spomienkova-sv-omsa-za-grofa-tivadara-andrassyho\/#respond\"]}]},{\"@type\":\"Person\",\"@id\":\"https:\/\/www.muzeumtrebisov.sk\/#\/schema\/person\/e020f4c0852b191613d063438d60ae6b\",\"name\":\"muzeumtvadmin\",\"image\":{\"@type\":\"ImageObject\",\"@id\":\"https:\/\/www.muzeumtrebisov.sk\/#personlogo\",\"inLanguage\":\"hu\",\"url\":\"https:\/\/secure.gravatar.com\/avatar\/115030f8384675efad0cc99183d7cd51?s=96&d=mm&r=g\",\"contentUrl\":\"https:\/\/secure.gravatar.com\/avatar\/115030f8384675efad0cc99183d7cd51?s=96&d=mm&r=g\",\"caption\":\"muzeumtvadmin\"},\"sameAs\":[\"https:\/\/www.muzeumtrebisov.sk\"],\"url\":\"https:\/\/www.muzeumtrebisov.sk\/hu\/author\/muzeumtvadmin\/\"}]}<\/script>\n<!-- \/ Yoast SEO plugin. -->","yoast_head_json":{"title":"Spomienkov\u00e1 sv. om\u0161a za gr\u00f3fa Tivadara Andr\u00e1ssyho | M\u00fazeum Trebi\u0161ov - Ka\u0161tie\u013e Andr\u00e1ssyovcov","robots":{"index":"index","follow":"follow","max-snippet":"max-snippet:-1","max-image-preview":"max-image-preview:large","max-video-preview":"max-video-preview:-1"},"canonical":"https:\/\/www.muzeumtrebisov.sk\/hu\/muzeum\/spomienkova-sv-omsa-za-grofa-tivadara-andrassyho\/","og_locale":"hu_HU","og_type":"article","og_title":"Spomienkov\u00e1 sv. om\u0161a za gr\u00f3fa Tivadara Andr\u00e1ssyho | M\u00fazeum Trebi\u0161ov - Ka\u0161tie\u013e Andr\u00e1ssyovcov","og_description":"S \u00factou sme si pripomenuli 120. v\u00fdro\u010die \u00famrtia gr\u00f3fa Tivadara Andr\u00e1ssyho &#8211; v\u00fdznamn\u00e9ho \u0161\u013eachtica a osobnosti, ktor\u00e9ho meno je neodmyslite\u013ene sp\u00e4t\u00e9 s hist\u00f3riou n\u00e1\u0161ho regi\u00f3nu. \u010eakujeme v\u0161etk\u00fdm, ktor\u00ed sa z\u00fa\u010dastnili tejto d\u00f4stojnej spomienky a prispeli k zachovaniu odkazu rodu Andr\u00e1ssyovcov.","og_url":"https:\/\/www.muzeumtrebisov.sk\/hu\/muzeum\/spomienkova-sv-omsa-za-grofa-tivadara-andrassyho\/","og_site_name":"M\u00fazeum Trebi\u0161ov - Ka\u0161tie\u013e Andr\u00e1ssyovcov","article_publisher":"https:\/\/www.facebook.com\/muzeumtvkastielandrassyovcov","article_published_time":"2025-11-04T10:29:00+00:00","article_modified_time":"2025-11-07T10:45:13+00:00","og_image":[{"width":1810,"height":617,"url":"https:\/\/www.muzeumtrebisov.sk\/wp-content\/uploads\/2025\/11\/omsa-za-Tivadara-scaled2.jpg","type":"image\/jpeg"}],"twitter_card":"summary_large_image","twitter_misc":{"Szerz\u0151:":"muzeumtvadmin","Becs\u00fclt olvas\u00e1si id\u0151":"1 perc"},"schema":{"@context":"https:\/\/schema.org","@graph":[{"@type":"Organization","@id":"https:\/\/www.muzeumtrebisov.sk\/#organization","name":"M\u00fazeum Trebi\u0161ov - Ka\u0161tie\u013e Andr\u00e1ssyovcov","url":"https:\/\/www.muzeumtrebisov.sk\/","sameAs":["https:\/\/www.facebook.com\/muzeumtvkastielandrassyovcov","https:\/\/www.instagram.com\/muzeumtrebisovkastielandrassy\/","https:\/\/www.youtube.com\/channel\/UCprfZHvPNIxqZ2IHCDwfv1w"],"logo":{"@type":"ImageObject","@id":"https:\/\/www.muzeumtrebisov.sk\/#logo","inLanguage":"hu","url":"https:\/\/www.muzeumtrebisov.sk\/wp-content\/uploads\/2022\/04\/dual-logo-color-hor.png","contentUrl":"https:\/\/www.muzeumtrebisov.sk\/wp-content\/uploads\/2022\/04\/dual-logo-color-hor.png","width":749,"height":140,"caption":"M\u00fazeum Trebi\u0161ov - Ka\u0161tie\u013e Andr\u00e1ssyovcov"},"image":{"@id":"https:\/\/www.muzeumtrebisov.sk\/#logo"}},{"@type":"WebSite","@id":"https:\/\/www.muzeumtrebisov.sk\/#website","url":"https:\/\/www.muzeumtrebisov.sk\/","name":"M\u00fazeum Trebi\u0161ov - Ka\u0161tie\u013e Andr\u00e1ssyovcov","description":"Hist\u00f3ria Andr\u00e1ssyovcov a ju\u017en\u00e9ho Zempl\u00edna","publisher":{"@id":"https:\/\/www.muzeumtrebisov.sk\/#organization"},"potentialAction":[{"@type":"SearchAction","target":{"@type":"EntryPoint","urlTemplate":"https:\/\/www.muzeumtrebisov.sk\/?s={search_term_string}"},"query-input":"required name=search_term_string"}],"inLanguage":"hu"},{"@type":"ImageObject","@id":"https:\/\/www.muzeumtrebisov.sk\/muzeum\/spomienkova-sv-omsa-za-grofa-tivadara-andrassyho\/#primaryimage","inLanguage":"hu","url":"https:\/\/www.muzeumtrebisov.sk\/wp-content\/uploads\/2025\/11\/omsa-za-Tivadara-scaled2.jpg","contentUrl":"https:\/\/www.muzeumtrebisov.sk\/wp-content\/uploads\/2025\/11\/omsa-za-Tivadara-scaled2.jpg","width":1810,"height":617},{"@type":"WebPage","@id":"https:\/\/www.muzeumtrebisov.sk\/muzeum\/spomienkova-sv-omsa-za-grofa-tivadara-andrassyho\/#webpage","url":"https:\/\/www.muzeumtrebisov.sk\/muzeum\/spomienkova-sv-omsa-za-grofa-tivadara-andrassyho\/","name":"Spomienkov\u00e1 sv. om\u0161a za gr\u00f3fa Tivadara Andr\u00e1ssyho | M\u00fazeum Trebi\u0161ov - Ka\u0161tie\u013e Andr\u00e1ssyovcov","isPartOf":{"@id":"https:\/\/www.muzeumtrebisov.sk\/#website"},"primaryImageOfPage":{"@id":"https:\/\/www.muzeumtrebisov.sk\/muzeum\/spomienkova-sv-omsa-za-grofa-tivadara-andrassyho\/#primaryimage"},"datePublished":"2025-11-04T10:29:00+00:00","dateModified":"2025-11-07T10:45:13+00:00","breadcrumb":{"@id":"https:\/\/www.muzeumtrebisov.sk\/muzeum\/spomienkova-sv-omsa-za-grofa-tivadara-andrassyho\/#breadcrumb"},"inLanguage":"hu","potentialAction":[{"@type":"ReadAction","target":["https:\/\/www.muzeumtrebisov.sk\/muzeum\/spomienkova-sv-omsa-za-grofa-tivadara-andrassyho\/"]}]},{"@type":"BreadcrumbList","@id":"https:\/\/www.muzeumtrebisov.sk\/muzeum\/spomienkova-sv-omsa-za-grofa-tivadara-andrassyho\/#breadcrumb","itemListElement":[{"@type":"ListItem","position":1,"name":"Home","item":"https:\/\/www.muzeumtrebisov.sk\/"},{"@type":"ListItem","position":2,"name":"Spomienkov\u00e1 sv. om\u0161a za gr\u00f3fa Tivadara Andr\u00e1ssyho"}]},{"@type":"Article","@id":"https:\/\/www.muzeumtrebisov.sk\/muzeum\/spomienkova-sv-omsa-za-grofa-tivadara-andrassyho\/#article","isPartOf":{"@id":"https:\/\/www.muzeumtrebisov.sk\/muzeum\/spomienkova-sv-omsa-za-grofa-tivadara-andrassyho\/#webpage"},"author":{"@id":"https:\/\/www.muzeumtrebisov.sk\/#\/schema\/person\/e020f4c0852b191613d063438d60ae6b"},"headline":"Spomienkov\u00e1 sv. om\u0161a za gr\u00f3fa Tivadara Andr\u00e1ssyho","datePublished":"2025-11-04T10:29:00+00:00","dateModified":"2025-11-07T10:45:13+00:00","mainEntityOfPage":{"@id":"https:\/\/www.muzeumtrebisov.sk\/muzeum\/spomienkova-sv-omsa-za-grofa-tivadara-andrassyho\/#webpage"},"wordCount":66,"commentCount":0,"publisher":{"@id":"https:\/\/www.muzeumtrebisov.sk\/#organization"},"image":{"@id":"https:\/\/www.muzeumtrebisov.sk\/muzeum\/spomienkova-sv-omsa-za-grofa-tivadara-andrassyho\/#primaryimage"},"thumbnailUrl":"https:\/\/www.muzeumtrebisov.sk\/wp-content\/uploads\/2025\/11\/omsa-za-Tivadara-scaled2.jpg","articleSection":["M\u00fazeum"],"inLanguage":"hu","potentialAction":[{"@type":"CommentAction","name":"Comment","target":["https:\/\/www.muzeumtrebisov.sk\/muzeum\/spomienkova-sv-omsa-za-grofa-tivadara-andrassyho\/#respond"]}]},{"@type":"Person","@id":"https:\/\/www.muzeumtrebisov.sk\/#\/schema\/person\/e020f4c0852b191613d063438d60ae6b","name":"muzeumtvadmin","image":{"@type":"ImageObject","@id":"https:\/\/www.muzeumtrebisov.sk\/#personlogo","inLanguage":"hu","url":"https:\/\/secure.gravatar.com\/avatar\/115030f8384675efad0cc99183d7cd51?s=96&d=mm&r=g","contentUrl":"https:\/\/secure.gravatar.com\/avatar\/115030f8384675efad0cc99183d7cd51?s=96&d=mm&r=g","caption":"muzeumtvadmin"},"sameAs":["https:\/\/www.muzeumtrebisov.sk"],"url":"https:\/\/www.muzeumtrebisov.sk\/hu\/author\/muzeumtvadmin\/"}]}},"_links":{"self":[{"href":"https:\/\/www.muzeumtrebisov.sk\/hu\/wp-json\/wp\/v2\/posts\/7725"}],"collection":[{"href":"https:\/\/www.muzeumtrebisov.sk\/hu\/wp-json\/wp\/v2\/posts"}],"about":[{"href":"https:\/\/www.muzeumtrebisov.sk\/hu\/wp-json\/wp\/v2\/types\/post"}],"author":[{"embeddable":true,"href":"https:\/\/www.muzeumtrebisov.sk\/hu\/wp-json\/wp\/v2\/users\/1"}],"replies":[{"embeddable":true,"href":"https:\/\/www.muzeumtrebisov.sk\/hu\/wp-json\/wp\/v2\/comments?post=7725"}],"version-history":[{"count":4,"href":"https:\/\/www.muzeumtrebisov.sk\/hu\/wp-json\/wp\/v2\/posts\/7725\/revisions"}],"predecessor-version":[{"id":7733,"href":"https:\/\/www.muzeumtrebisov.sk\/hu\/wp-json\/wp\/v2\/posts\/7725\/revisions\/7733"}],"wp:featuredmedia":[{"embeddable":true,"href":"https:\/\/www.muzeumtrebisov.sk\/hu\/wp-json\/wp\/v2\/media\/7728"}],"wp:attachment":[{"href":"https:\/\/www.muzeumtrebisov.sk\/hu\/wp-json\/wp\/v2\/media?parent=7725"}],"wp:term":[{"taxonomy":"category","embeddable":true,"href":"https:\/\/www.muzeumtrebisov.sk\/hu\/wp-json\/wp\/v2\/categories?post=7725"},{"taxonomy":"post_tag","embeddable":true,"href":"https:\/\/www.muzeumtrebisov.sk\/hu\/wp-json\/wp\/v2\/tags?post=7725"}],"curies":[{"name":"wp","href":"https:\/\/api.w.org\/{rel}","templated":true}]}}