{"id":7604,"date":"2025-09-16T10:23:00","date_gmt":"2025-09-16T08:23:00","guid":{"rendered":"https:\/\/www.muzeumtrebisov.sk\/?p=7604"},"modified":"2025-09-12T11:27:50","modified_gmt":"2025-09-12T09:27:50","slug":"muzeum-v-rozvrhu","status":"publish","type":"post","link":"https:\/\/www.muzeumtrebisov.sk\/hu\/muzeum\/muzeum-v-rozvrhu\/","title":{"rendered":"M\u00fazeum v rozvrhu"},"content":{"rendered":"<p class=\"has-large-font-size\"><strong>Mil\u00ed u\u010ditelia,<\/strong><\/p>\n\n\n\n<p style=\"font-size:20px\">radi by sme v\u00e1m predstavili na\u0161e m\u00fazeum ako miesto, kde sa hist\u00f3ria a poznanie spoj\u00ed so \u0161kolskou praxou. \u010cak\u00e1 v\u00e1s komentovan\u00e1 prehliadka expoz\u00edci\u00ed, predstavenie m\u00fazejno-pedagogick\u00fdch programov pre \u017eiakov a priestor na otvoren\u00fa diskusiu o mo\u017enostiach spolupr\u00e1ce. Ver\u00edme, \u017ee spolo\u010dne n\u00e1jdeme nov\u00e9 cesty, ako urobi\u0165 vyu\u010dovanie e\u0161te pestrej\u0161\u00edm a&nbsp; zauj\u00edmavej\u0161\u00edm.<\/p>\n\n\n\n<div class=\"wp-container-7 wp-block-columns\">\n<div class=\"wp-container-3 wp-block-column\">\n<figure class=\"wp-container-2 wp-block-gallery-1 wp-block-gallery has-nested-images columns-default is-cropped\">\n<figure class=\"wp-block-image size-large\"><img loading=\"lazy\" width=\"724\" height=\"1024\" src=\"https:\/\/www.muzeumtrebisov.sk\/wp-content\/uploads\/2025\/09\/Muzeum-v-rozvrhu-plagat-724x1024.jpg\" alt=\"\" class=\"wp-image-7605\" srcset=\"https:\/\/www.muzeumtrebisov.sk\/wp-content\/uploads\/2025\/09\/Muzeum-v-rozvrhu-plagat-724x1024.jpg 724w, https:\/\/www.muzeumtrebisov.sk\/wp-content\/uploads\/2025\/09\/Muzeum-v-rozvrhu-plagat-212x300.jpg 212w, https:\/\/www.muzeumtrebisov.sk\/wp-content\/uploads\/2025\/09\/Muzeum-v-rozvrhu-plagat-768x1086.jpg 768w, https:\/\/www.muzeumtrebisov.sk\/wp-content\/uploads\/2025\/09\/Muzeum-v-rozvrhu-plagat-1086x1536.jpg 1086w, https:\/\/www.muzeumtrebisov.sk\/wp-content\/uploads\/2025\/09\/Muzeum-v-rozvrhu-plagat-1448x2048.jpg 1448w, https:\/\/www.muzeumtrebisov.sk\/wp-content\/uploads\/2025\/09\/Muzeum-v-rozvrhu-plagat-8x12.jpg 8w, https:\/\/www.muzeumtrebisov.sk\/wp-content\/uploads\/2025\/09\/Muzeum-v-rozvrhu-plagat-500x707.jpg 500w, https:\/\/www.muzeumtrebisov.sk\/wp-content\/uploads\/2025\/09\/Muzeum-v-rozvrhu-plagat-800x1131.jpg 800w, https:\/\/www.muzeumtrebisov.sk\/wp-content\/uploads\/2025\/09\/Muzeum-v-rozvrhu-plagat-1280x1810.jpg 1280w, https:\/\/www.muzeumtrebisov.sk\/wp-content\/uploads\/2025\/09\/Muzeum-v-rozvrhu-plagat-1920x2715.jpg 1920w, https:\/\/www.muzeumtrebisov.sk\/wp-content\/uploads\/2025\/09\/Muzeum-v-rozvrhu-plagat-600x848.jpg 600w, https:\/\/www.muzeumtrebisov.sk\/wp-content\/uploads\/2025\/09\/Muzeum-v-rozvrhu-plagat-scaled.jpg 1811w\" sizes=\"(max-width: 724px) 100vw, 724px\" \/><\/figure>\n<\/figure>\n<\/div>\n\n\n\n<div class=\"wp-container-6 wp-block-column\">\n<figure class=\"wp-container-5 wp-block-gallery-4 wp-block-gallery has-nested-images columns-default is-cropped\">\n<figure class=\"wp-block-image size-large\"><img loading=\"lazy\" width=\"724\" height=\"1024\" src=\"https:\/\/www.muzeumtrebisov.sk\/wp-content\/uploads\/2025\/09\/Muzeum-v-rozvrhu-program-724x1024.jpg\" alt=\"\" class=\"wp-image-7606\" srcset=\"https:\/\/www.muzeumtrebisov.sk\/wp-content\/uploads\/2025\/09\/Muzeum-v-rozvrhu-program-724x1024.jpg 724w, https:\/\/www.muzeumtrebisov.sk\/wp-content\/uploads\/2025\/09\/Muzeum-v-rozvrhu-program-212x300.jpg 212w, https:\/\/www.muzeumtrebisov.sk\/wp-content\/uploads\/2025\/09\/Muzeum-v-rozvrhu-program-768x1086.jpg 768w, https:\/\/www.muzeumtrebisov.sk\/wp-content\/uploads\/2025\/09\/Muzeum-v-rozvrhu-program-1086x1536.jpg 1086w, https:\/\/www.muzeumtrebisov.sk\/wp-content\/uploads\/2025\/09\/Muzeum-v-rozvrhu-program-1448x2048.jpg 1448w, https:\/\/www.muzeumtrebisov.sk\/wp-content\/uploads\/2025\/09\/Muzeum-v-rozvrhu-program-8x12.jpg 8w, https:\/\/www.muzeumtrebisov.sk\/wp-content\/uploads\/2025\/09\/Muzeum-v-rozvrhu-program-500x707.jpg 500w, https:\/\/www.muzeumtrebisov.sk\/wp-content\/uploads\/2025\/09\/Muzeum-v-rozvrhu-program-800x1131.jpg 800w, https:\/\/www.muzeumtrebisov.sk\/wp-content\/uploads\/2025\/09\/Muzeum-v-rozvrhu-program-1280x1810.jpg 1280w, https:\/\/www.muzeumtrebisov.sk\/wp-content\/uploads\/2025\/09\/Muzeum-v-rozvrhu-program-1920x2715.jpg 1920w, https:\/\/www.muzeumtrebisov.sk\/wp-content\/uploads\/2025\/09\/Muzeum-v-rozvrhu-program-600x848.jpg 600w, https:\/\/www.muzeumtrebisov.sk\/wp-content\/uploads\/2025\/09\/Muzeum-v-rozvrhu-program-scaled.jpg 1811w\" sizes=\"(max-width: 724px) 100vw, 724px\" \/><\/figure>\n<\/figure>\n<\/div>\n<\/div>\n\n\n\n<p>  <\/p>","protected":false},"excerpt":{"rendered":"<p>Mil\u00ed u\u010ditelia, radi by sme v\u00e1m predstavili na\u0161e m\u00fazeum ako miesto, kde sa hist\u00f3ria a poznanie spoj\u00ed so \u0161kolskou praxou. \u010cak\u00e1 v\u00e1s komentovan\u00e1 prehliadka expoz\u00edci\u00ed, predstavenie m\u00fazejno-pedagogick\u00fdch programov pre \u017eiakov a priestor na otvoren\u00fa diskusiu o mo\u017enostiach spolupr\u00e1ce. Ver\u00edme, \u017ee spolo\u010dne n\u00e1jdeme nov\u00e9 cesty, ako urobi\u0165 vyu\u010dovanie e\u0161te pestrej\u0161\u00edm a&nbsp; zauj\u00edmavej\u0161\u00edm.<\/p>","protected":false},"author":1,"featured_media":7605,"comment_status":"open","ping_status":"open","sticky":false,"template":"","format":"standard","meta":{"om_disable_all_campaigns":false,"_vp_format_video_url":"","_vp_image_focal_point":[]},"categories":[73],"tags":[],"aioseo_notices":[],"yoast_head":"<!-- This site is optimized with the Yoast SEO plugin v18.5.1 - https:\/\/yoast.com\/wordpress\/plugins\/seo\/ -->\n<title>M\u00fazeum v rozvrhu | M\u00fazeum Trebi\u0161ov - Ka\u0161tie\u013e Andr\u00e1ssyovcov<\/title>\n<meta name=\"robots\" content=\"index, follow, max-snippet:-1, max-image-preview:large, max-video-preview:-1\" \/>\n<link rel=\"canonical\" href=\"https:\/\/www.muzeumtrebisov.sk\/hu\/muzeum\/muzeum-v-rozvrhu\/\" \/>\n<meta property=\"og:locale\" content=\"hu_HU\" \/>\n<meta property=\"og:type\" content=\"article\" \/>\n<meta property=\"og:title\" content=\"M\u00fazeum v rozvrhu | M\u00fazeum Trebi\u0161ov - Ka\u0161tie\u013e Andr\u00e1ssyovcov\" \/>\n<meta property=\"og:description\" content=\"Mil\u00ed u\u010ditelia, radi by sme v\u00e1m predstavili na\u0161e m\u00fazeum ako miesto, kde sa hist\u00f3ria a poznanie spoj\u00ed so \u0161kolskou praxou. \u010cak\u00e1 v\u00e1s komentovan\u00e1 prehliadka expoz\u00edci\u00ed, predstavenie m\u00fazejno-pedagogick\u00fdch programov pre \u017eiakov a priestor na otvoren\u00fa diskusiu o mo\u017enostiach spolupr\u00e1ce. Ver\u00edme, \u017ee spolo\u010dne n\u00e1jdeme nov\u00e9 cesty, ako urobi\u0165 vyu\u010dovanie e\u0161te pestrej\u0161\u00edm a&nbsp; zauj\u00edmavej\u0161\u00edm.\" \/>\n<meta property=\"og:url\" content=\"https:\/\/www.muzeumtrebisov.sk\/hu\/muzeum\/muzeum-v-rozvrhu\/\" \/>\n<meta property=\"og:site_name\" content=\"M\u00fazeum Trebi\u0161ov - Ka\u0161tie\u013e Andr\u00e1ssyovcov\" \/>\n<meta property=\"article:publisher\" content=\"https:\/\/www.facebook.com\/muzeumtvkastielandrassyovcov\" \/>\n<meta property=\"article:published_time\" content=\"2025-09-16T08:23:00+00:00\" \/>\n<meta property=\"article:modified_time\" content=\"2025-09-12T09:27:50+00:00\" \/>\n<meta property=\"og:image\" content=\"https:\/\/www.muzeumtrebisov.sk\/wp-content\/uploads\/2025\/09\/Muzeum-v-rozvrhu-plagat-scaled.jpg\" \/>\n\t<meta property=\"og:image:width\" content=\"1811\" \/>\n\t<meta property=\"og:image:height\" content=\"2560\" \/>\n\t<meta property=\"og:image:type\" content=\"image\/jpeg\" \/>\n<meta name=\"twitter:card\" content=\"summary_large_image\" \/>\n<meta name=\"twitter:label1\" content=\"Szerz\u0151:\" \/>\n\t<meta name=\"twitter:data1\" content=\"muzeumtvadmin\" \/>\n\t<meta name=\"twitter:label2\" content=\"Becs\u00fclt olvas\u00e1si id\u0151\" \/>\n\t<meta name=\"twitter:data2\" content=\"1 perc\" \/>\n<script type=\"application\/ld+json\" class=\"yoast-schema-graph\">{\"@context\":\"https:\/\/schema.org\",\"@graph\":[{\"@type\":\"Organization\",\"@id\":\"https:\/\/www.muzeumtrebisov.sk\/#organization\",\"name\":\"M\u00fazeum Trebi\u0161ov - Ka\u0161tie\u013e Andr\u00e1ssyovcov\",\"url\":\"https:\/\/www.muzeumtrebisov.sk\/\",\"sameAs\":[\"https:\/\/www.facebook.com\/muzeumtvkastielandrassyovcov\",\"https:\/\/www.instagram.com\/muzeumtrebisovkastielandrassy\/\",\"https:\/\/www.youtube.com\/channel\/UCprfZHvPNIxqZ2IHCDwfv1w\"],\"logo\":{\"@type\":\"ImageObject\",\"@id\":\"https:\/\/www.muzeumtrebisov.sk\/#logo\",\"inLanguage\":\"hu\",\"url\":\"https:\/\/www.muzeumtrebisov.sk\/wp-content\/uploads\/2022\/04\/dual-logo-color-hor.png\",\"contentUrl\":\"https:\/\/www.muzeumtrebisov.sk\/wp-content\/uploads\/2022\/04\/dual-logo-color-hor.png\",\"width\":749,\"height\":140,\"caption\":\"M\u00fazeum Trebi\u0161ov - Ka\u0161tie\u013e Andr\u00e1ssyovcov\"},\"image\":{\"@id\":\"https:\/\/www.muzeumtrebisov.sk\/#logo\"}},{\"@type\":\"WebSite\",\"@id\":\"https:\/\/www.muzeumtrebisov.sk\/#website\",\"url\":\"https:\/\/www.muzeumtrebisov.sk\/\",\"name\":\"M\u00fazeum Trebi\u0161ov - Ka\u0161tie\u013e Andr\u00e1ssyovcov\",\"description\":\"Hist\u00f3ria Andr\u00e1ssyovcov a ju\u017en\u00e9ho Zempl\u00edna\",\"publisher\":{\"@id\":\"https:\/\/www.muzeumtrebisov.sk\/#organization\"},\"potentialAction\":[{\"@type\":\"SearchAction\",\"target\":{\"@type\":\"EntryPoint\",\"urlTemplate\":\"https:\/\/www.muzeumtrebisov.sk\/?s={search_term_string}\"},\"query-input\":\"required name=search_term_string\"}],\"inLanguage\":\"hu\"},{\"@type\":\"ImageObject\",\"@id\":\"https:\/\/www.muzeumtrebisov.sk\/muzeum\/muzeum-v-rozvrhu\/#primaryimage\",\"inLanguage\":\"hu\",\"url\":\"https:\/\/www.muzeumtrebisov.sk\/wp-content\/uploads\/2025\/09\/Muzeum-v-rozvrhu-plagat-scaled.jpg\",\"contentUrl\":\"https:\/\/www.muzeumtrebisov.sk\/wp-content\/uploads\/2025\/09\/Muzeum-v-rozvrhu-plagat-scaled.jpg\",\"width\":1811,\"height\":2560},{\"@type\":\"WebPage\",\"@id\":\"https:\/\/www.muzeumtrebisov.sk\/muzeum\/muzeum-v-rozvrhu\/#webpage\",\"url\":\"https:\/\/www.muzeumtrebisov.sk\/muzeum\/muzeum-v-rozvrhu\/\",\"name\":\"M\u00fazeum v rozvrhu | M\u00fazeum Trebi\u0161ov - Ka\u0161tie\u013e Andr\u00e1ssyovcov\",\"isPartOf\":{\"@id\":\"https:\/\/www.muzeumtrebisov.sk\/#website\"},\"primaryImageOfPage\":{\"@id\":\"https:\/\/www.muzeumtrebisov.sk\/muzeum\/muzeum-v-rozvrhu\/#primaryimage\"},\"datePublished\":\"2025-09-16T08:23:00+00:00\",\"dateModified\":\"2025-09-12T09:27:50+00:00\",\"breadcrumb\":{\"@id\":\"https:\/\/www.muzeumtrebisov.sk\/muzeum\/muzeum-v-rozvrhu\/#breadcrumb\"},\"inLanguage\":\"hu\",\"potentialAction\":[{\"@type\":\"ReadAction\",\"target\":[\"https:\/\/www.muzeumtrebisov.sk\/muzeum\/muzeum-v-rozvrhu\/\"]}]},{\"@type\":\"BreadcrumbList\",\"@id\":\"https:\/\/www.muzeumtrebisov.sk\/muzeum\/muzeum-v-rozvrhu\/#breadcrumb\",\"itemListElement\":[{\"@type\":\"ListItem\",\"position\":1,\"name\":\"Home\",\"item\":\"https:\/\/www.muzeumtrebisov.sk\/\"},{\"@type\":\"ListItem\",\"position\":2,\"name\":\"M\u00fazeum v rozvrhu\"}]},{\"@type\":\"Article\",\"@id\":\"https:\/\/www.muzeumtrebisov.sk\/muzeum\/muzeum-v-rozvrhu\/#article\",\"isPartOf\":{\"@id\":\"https:\/\/www.muzeumtrebisov.sk\/muzeum\/muzeum-v-rozvrhu\/#webpage\"},\"author\":{\"@id\":\"https:\/\/www.muzeumtrebisov.sk\/#\/schema\/person\/e020f4c0852b191613d063438d60ae6b\"},\"headline\":\"M\u00fazeum v rozvrhu\",\"datePublished\":\"2025-09-16T08:23:00+00:00\",\"dateModified\":\"2025-09-12T09:27:50+00:00\",\"mainEntityOfPage\":{\"@id\":\"https:\/\/www.muzeumtrebisov.sk\/muzeum\/muzeum-v-rozvrhu\/#webpage\"},\"wordCount\":75,\"commentCount\":0,\"publisher\":{\"@id\":\"https:\/\/www.muzeumtrebisov.sk\/#organization\"},\"image\":{\"@id\":\"https:\/\/www.muzeumtrebisov.sk\/muzeum\/muzeum-v-rozvrhu\/#primaryimage\"},\"thumbnailUrl\":\"https:\/\/www.muzeumtrebisov.sk\/wp-content\/uploads\/2025\/09\/Muzeum-v-rozvrhu-plagat-scaled.jpg\",\"articleSection\":[\"M\u00fazeum\"],\"inLanguage\":\"hu\",\"potentialAction\":[{\"@type\":\"CommentAction\",\"name\":\"Comment\",\"target\":[\"https:\/\/www.muzeumtrebisov.sk\/muzeum\/muzeum-v-rozvrhu\/#respond\"]}]},{\"@type\":\"Person\",\"@id\":\"https:\/\/www.muzeumtrebisov.sk\/#\/schema\/person\/e020f4c0852b191613d063438d60ae6b\",\"name\":\"muzeumtvadmin\",\"image\":{\"@type\":\"ImageObject\",\"@id\":\"https:\/\/www.muzeumtrebisov.sk\/#personlogo\",\"inLanguage\":\"hu\",\"url\":\"https:\/\/secure.gravatar.com\/avatar\/115030f8384675efad0cc99183d7cd51?s=96&d=mm&r=g\",\"contentUrl\":\"https:\/\/secure.gravatar.com\/avatar\/115030f8384675efad0cc99183d7cd51?s=96&d=mm&r=g\",\"caption\":\"muzeumtvadmin\"},\"sameAs\":[\"https:\/\/www.muzeumtrebisov.sk\"],\"url\":\"https:\/\/www.muzeumtrebisov.sk\/hu\/author\/muzeumtvadmin\/\"}]}<\/script>\n<!-- \/ Yoast SEO plugin. -->","yoast_head_json":{"title":"M\u00fazeum v rozvrhu | M\u00fazeum Trebi\u0161ov - Ka\u0161tie\u013e Andr\u00e1ssyovcov","robots":{"index":"index","follow":"follow","max-snippet":"max-snippet:-1","max-image-preview":"max-image-preview:large","max-video-preview":"max-video-preview:-1"},"canonical":"https:\/\/www.muzeumtrebisov.sk\/hu\/muzeum\/muzeum-v-rozvrhu\/","og_locale":"hu_HU","og_type":"article","og_title":"M\u00fazeum v rozvrhu | M\u00fazeum Trebi\u0161ov - Ka\u0161tie\u013e Andr\u00e1ssyovcov","og_description":"Mil\u00ed u\u010ditelia, radi by sme v\u00e1m predstavili na\u0161e m\u00fazeum ako miesto, kde sa hist\u00f3ria a poznanie spoj\u00ed so \u0161kolskou praxou. \u010cak\u00e1 v\u00e1s komentovan\u00e1 prehliadka expoz\u00edci\u00ed, predstavenie m\u00fazejno-pedagogick\u00fdch programov pre \u017eiakov a priestor na otvoren\u00fa diskusiu o mo\u017enostiach spolupr\u00e1ce. Ver\u00edme, \u017ee spolo\u010dne n\u00e1jdeme nov\u00e9 cesty, ako urobi\u0165 vyu\u010dovanie e\u0161te pestrej\u0161\u00edm a&nbsp; zauj\u00edmavej\u0161\u00edm.","og_url":"https:\/\/www.muzeumtrebisov.sk\/hu\/muzeum\/muzeum-v-rozvrhu\/","og_site_name":"M\u00fazeum Trebi\u0161ov - Ka\u0161tie\u013e Andr\u00e1ssyovcov","article_publisher":"https:\/\/www.facebook.com\/muzeumtvkastielandrassyovcov","article_published_time":"2025-09-16T08:23:00+00:00","article_modified_time":"2025-09-12T09:27:50+00:00","og_image":[{"width":1811,"height":2560,"url":"https:\/\/www.muzeumtrebisov.sk\/wp-content\/uploads\/2025\/09\/Muzeum-v-rozvrhu-plagat-scaled.jpg","type":"image\/jpeg"}],"twitter_card":"summary_large_image","twitter_misc":{"Szerz\u0151:":"muzeumtvadmin","Becs\u00fclt olvas\u00e1si id\u0151":"1 perc"},"schema":{"@context":"https:\/\/schema.org","@graph":[{"@type":"Organization","@id":"https:\/\/www.muzeumtrebisov.sk\/#organization","name":"M\u00fazeum Trebi\u0161ov - Ka\u0161tie\u013e Andr\u00e1ssyovcov","url":"https:\/\/www.muzeumtrebisov.sk\/","sameAs":["https:\/\/www.facebook.com\/muzeumtvkastielandrassyovcov","https:\/\/www.instagram.com\/muzeumtrebisovkastielandrassy\/","https:\/\/www.youtube.com\/channel\/UCprfZHvPNIxqZ2IHCDwfv1w"],"logo":{"@type":"ImageObject","@id":"https:\/\/www.muzeumtrebisov.sk\/#logo","inLanguage":"hu","url":"https:\/\/www.muzeumtrebisov.sk\/wp-content\/uploads\/2022\/04\/dual-logo-color-hor.png","contentUrl":"https:\/\/www.muzeumtrebisov.sk\/wp-content\/uploads\/2022\/04\/dual-logo-color-hor.png","width":749,"height":140,"caption":"M\u00fazeum Trebi\u0161ov - Ka\u0161tie\u013e Andr\u00e1ssyovcov"},"image":{"@id":"https:\/\/www.muzeumtrebisov.sk\/#logo"}},{"@type":"WebSite","@id":"https:\/\/www.muzeumtrebisov.sk\/#website","url":"https:\/\/www.muzeumtrebisov.sk\/","name":"M\u00fazeum Trebi\u0161ov - Ka\u0161tie\u013e Andr\u00e1ssyovcov","description":"Hist\u00f3ria Andr\u00e1ssyovcov a ju\u017en\u00e9ho Zempl\u00edna","publisher":{"@id":"https:\/\/www.muzeumtrebisov.sk\/#organization"},"potentialAction":[{"@type":"SearchAction","target":{"@type":"EntryPoint","urlTemplate":"https:\/\/www.muzeumtrebisov.sk\/?s={search_term_string}"},"query-input":"required name=search_term_string"}],"inLanguage":"hu"},{"@type":"ImageObject","@id":"https:\/\/www.muzeumtrebisov.sk\/muzeum\/muzeum-v-rozvrhu\/#primaryimage","inLanguage":"hu","url":"https:\/\/www.muzeumtrebisov.sk\/wp-content\/uploads\/2025\/09\/Muzeum-v-rozvrhu-plagat-scaled.jpg","contentUrl":"https:\/\/www.muzeumtrebisov.sk\/wp-content\/uploads\/2025\/09\/Muzeum-v-rozvrhu-plagat-scaled.jpg","width":1811,"height":2560},{"@type":"WebPage","@id":"https:\/\/www.muzeumtrebisov.sk\/muzeum\/muzeum-v-rozvrhu\/#webpage","url":"https:\/\/www.muzeumtrebisov.sk\/muzeum\/muzeum-v-rozvrhu\/","name":"M\u00fazeum v rozvrhu | M\u00fazeum Trebi\u0161ov - Ka\u0161tie\u013e Andr\u00e1ssyovcov","isPartOf":{"@id":"https:\/\/www.muzeumtrebisov.sk\/#website"},"primaryImageOfPage":{"@id":"https:\/\/www.muzeumtrebisov.sk\/muzeum\/muzeum-v-rozvrhu\/#primaryimage"},"datePublished":"2025-09-16T08:23:00+00:00","dateModified":"2025-09-12T09:27:50+00:00","breadcrumb":{"@id":"https:\/\/www.muzeumtrebisov.sk\/muzeum\/muzeum-v-rozvrhu\/#breadcrumb"},"inLanguage":"hu","potentialAction":[{"@type":"ReadAction","target":["https:\/\/www.muzeumtrebisov.sk\/muzeum\/muzeum-v-rozvrhu\/"]}]},{"@type":"BreadcrumbList","@id":"https:\/\/www.muzeumtrebisov.sk\/muzeum\/muzeum-v-rozvrhu\/#breadcrumb","itemListElement":[{"@type":"ListItem","position":1,"name":"Home","item":"https:\/\/www.muzeumtrebisov.sk\/"},{"@type":"ListItem","position":2,"name":"M\u00fazeum v rozvrhu"}]},{"@type":"Article","@id":"https:\/\/www.muzeumtrebisov.sk\/muzeum\/muzeum-v-rozvrhu\/#article","isPartOf":{"@id":"https:\/\/www.muzeumtrebisov.sk\/muzeum\/muzeum-v-rozvrhu\/#webpage"},"author":{"@id":"https:\/\/www.muzeumtrebisov.sk\/#\/schema\/person\/e020f4c0852b191613d063438d60ae6b"},"headline":"M\u00fazeum v rozvrhu","datePublished":"2025-09-16T08:23:00+00:00","dateModified":"2025-09-12T09:27:50+00:00","mainEntityOfPage":{"@id":"https:\/\/www.muzeumtrebisov.sk\/muzeum\/muzeum-v-rozvrhu\/#webpage"},"wordCount":75,"commentCount":0,"publisher":{"@id":"https:\/\/www.muzeumtrebisov.sk\/#organization"},"image":{"@id":"https:\/\/www.muzeumtrebisov.sk\/muzeum\/muzeum-v-rozvrhu\/#primaryimage"},"thumbnailUrl":"https:\/\/www.muzeumtrebisov.sk\/wp-content\/uploads\/2025\/09\/Muzeum-v-rozvrhu-plagat-scaled.jpg","articleSection":["M\u00fazeum"],"inLanguage":"hu","potentialAction":[{"@type":"CommentAction","name":"Comment","target":["https:\/\/www.muzeumtrebisov.sk\/muzeum\/muzeum-v-rozvrhu\/#respond"]}]},{"@type":"Person","@id":"https:\/\/www.muzeumtrebisov.sk\/#\/schema\/person\/e020f4c0852b191613d063438d60ae6b","name":"muzeumtvadmin","image":{"@type":"ImageObject","@id":"https:\/\/www.muzeumtrebisov.sk\/#personlogo","inLanguage":"hu","url":"https:\/\/secure.gravatar.com\/avatar\/115030f8384675efad0cc99183d7cd51?s=96&d=mm&r=g","contentUrl":"https:\/\/secure.gravatar.com\/avatar\/115030f8384675efad0cc99183d7cd51?s=96&d=mm&r=g","caption":"muzeumtvadmin"},"sameAs":["https:\/\/www.muzeumtrebisov.sk"],"url":"https:\/\/www.muzeumtrebisov.sk\/hu\/author\/muzeumtvadmin\/"}]}},"_links":{"self":[{"href":"https:\/\/www.muzeumtrebisov.sk\/hu\/wp-json\/wp\/v2\/posts\/7604"}],"collection":[{"href":"https:\/\/www.muzeumtrebisov.sk\/hu\/wp-json\/wp\/v2\/posts"}],"about":[{"href":"https:\/\/www.muzeumtrebisov.sk\/hu\/wp-json\/wp\/v2\/types\/post"}],"author":[{"embeddable":true,"href":"https:\/\/www.muzeumtrebisov.sk\/hu\/wp-json\/wp\/v2\/users\/1"}],"replies":[{"embeddable":true,"href":"https:\/\/www.muzeumtrebisov.sk\/hu\/wp-json\/wp\/v2\/comments?post=7604"}],"version-history":[{"count":2,"href":"https:\/\/www.muzeumtrebisov.sk\/hu\/wp-json\/wp\/v2\/posts\/7604\/revisions"}],"predecessor-version":[{"id":7608,"href":"https:\/\/www.muzeumtrebisov.sk\/hu\/wp-json\/wp\/v2\/posts\/7604\/revisions\/7608"}],"wp:featuredmedia":[{"embeddable":true,"href":"https:\/\/www.muzeumtrebisov.sk\/hu\/wp-json\/wp\/v2\/media\/7605"}],"wp:attachment":[{"href":"https:\/\/www.muzeumtrebisov.sk\/hu\/wp-json\/wp\/v2\/media?parent=7604"}],"wp:term":[{"taxonomy":"category","embeddable":true,"href":"https:\/\/www.muzeumtrebisov.sk\/hu\/wp-json\/wp\/v2\/categories?post=7604"},{"taxonomy":"post_tag","embeddable":true,"href":"https:\/\/www.muzeumtrebisov.sk\/hu\/wp-json\/wp\/v2\/tags?post=7604"}],"curies":[{"name":"wp","href":"https:\/\/api.w.org\/{rel}","templated":true}]}}