{"id":7273,"date":"2025-04-24T07:54:06","date_gmt":"2025-04-24T05:54:06","guid":{"rendered":"https:\/\/www.muzeumtrebisov.sk\/?p=7273"},"modified":"2025-04-24T07:54:08","modified_gmt":"2025-04-24T05:54:08","slug":"zupne-dni-2025","status":"publish","type":"post","link":"https:\/\/www.muzeumtrebisov.sk\/hu\/kulturne-centrum\/zupne-dni-2025\/","title":{"rendered":"\u017dupn\u00e9 dni 2025"},"content":{"rendered":"<div class=\"wp-container-3 wp-block-columns\">\n<div class=\"wp-container-1 wp-block-column\">\n<figure class=\"wp-block-image size-full is-style-default\"><img src=\"https:\/\/www.muzeumtrebisov.sk\/wp-content\/uploads\/2025\/04\/492111297_1134591772016542_2070641068438538977_n-3.jpg\" alt=\"\" class=\"wp-image-7277\"\/><\/figure>\n<\/div>\n\n\n\n<div class=\"wp-container-2 wp-block-column\">\n<p style=\"font-size:18px\">Tento rok a\u017e 5 miest Ko\u0161ick\u00e9ho kraja za\u017eije poriadnu d\u00e1vku kult\u00fary, hudby a z\u00e1bavy!&nbsp;<img loading=\"lazy\" height=\"16\" width=\"16\" alt=\"\ud83c\udfad\" src=\"https:\/\/static.xx.fbcdn.net\/images\/emoji.php\/v9\/tae\/1\/16\/1f3ad.png\"><img loading=\"lazy\" height=\"16\" width=\"16\" alt=\"\ud83c\udfb6\" src=\"https:\/\/static.xx.fbcdn.net\/images\/emoji.php\/v9\/t1f\/1\/16\/1f3b6.png\"><\/p>\n\n\n\n<p style=\"font-size:18px\"><img loading=\"lazy\" height=\"16\" width=\"16\" alt=\"\ud83d\udc49\" src=\"https:\/\/static.xx.fbcdn.net\/images\/emoji.php\/v9\/t51\/1\/16\/1f449.png\">&nbsp;A za\u010d\u00edname pr\u00e1ve u n\u00e1s v Trebi\u0161ove, u\u017e tento piatok 25. apr\u00edla.<\/p>\n\n\n\n<p style=\"font-size:18px\"><img loading=\"lazy\" height=\"16\" width=\"16\" alt=\"\ud83d\udccc\" src=\"https:\/\/static.xx.fbcdn.net\/images\/emoji.php\/v9\/tac\/1\/16\/1f4cc.png\">&nbsp;Od 10:00 do 20:00 o\u017eije are\u00e1l Ka\u0161tie\u013ea Andr\u00e1ssyovcov \u017dupn\u00fdm meste\u010dkom s pestr\u00fdm kult\u00farnym programom, atrakciami a dobrotami pre mal\u00fdch i ve\u013ek\u00fdch.<\/p>\n\n\n\n<p style=\"font-size:18px\"><img loading=\"lazy\" height=\"16\" width=\"16\" src=\"https:\/\/static.xx.fbcdn.net\/images\/emoji.php\/v9\/tae\/1\/16\/1f3ad.png\" alt=\"\ud83c\udfad\">\u00a0Na \u010do sa m\u00f4\u017eete te\u0161i\u0165?<br>\u2666 koncert L\u00edvie Nagy Abah\u00e1zi<br>\u2666\u00a0Pouli\u010dn\u00e9 divadlo Panoptikum<br>\u2666\u00a0Dychov\u00e1 hudba zo Se\u010doviec<br>\u2666\u00a0\u010caj o piatej s Andr\u00e1ssyovcami<br>\u2666\u00a0Detsk\u00fd svet Haravara<\/p>\n\n\n\n<p style=\"font-size:18px\"><img loading=\"lazy\" height=\"16\" width=\"16\" src=\"https:\/\/static.xx.fbcdn.net\/images\/emoji.php\/v9\/t2d\/1\/16\/1f434.png\" alt=\"\ud83d\udc34\">\u00a0A pre najmen\u0161\u00edch:<br>\u2666\u00a0jazdy na pon\u00edkoch a ko\u0148och<br>\u2666\u00a0\u017eiv\u00e9 sochy a choduliari<br>\u2666\u00a0z\u00e1\u017eitkov\u00e9 ma\u013eovanie a astrohra\u010dky<\/p>\n\n\n\n<p style=\"font-size:18px\"><img loading=\"lazy\" height=\"16\" width=\"16\" src=\"https:\/\/static.xx.fbcdn.net\/images\/emoji.php\/v9\/tcd\/1\/16\/1f368.png\" alt=\"\ud83c\udf68\">\u00a0Ch\u00fdba\u0165 nebud\u00fa ani:<br>\u2666\u00a0lok\u00e1lne dobroty a \u017eupn\u00e9 pivo<br>\u2666\u00a0Fotonaut<br>\u2666\u00a0predajn\u00e9 st\u00e1nky \u017eupn\u00fdch \u0161k\u00f4l a zariaden\u00ed soci\u00e1lnych slu\u017eieb<\/p>\n\n\n\n<p style=\"font-size:18px\"><img loading=\"lazy\" height=\"16\" width=\"16\" src=\"https:\/\/static.xx.fbcdn.net\/images\/emoji.php\/v9\/tf4\/1\/16\/2728.png\" alt=\"\u2728\">\u00a0Sprievodn\u00e9 podujatia v Trebi\u0161ove v apr\u00edli a m\u00e1ji:<br>\u2666\u00a0Otvor myse\u013e Fest pre stredo\u0161kol\u00e1kov<br>\u2666\u00a0SmartLab \u2013 inteligentn\u00e9 laborat\u00f3rium v kni\u017enici<br>\u2666\u00a0Ve\u010dern\u00e9 pozorovanie oblohy<br>\u2666\u00a0Noc na trebi\u0161ovskom panstve<\/p>\n\n\n\n<p style=\"font-size:18px\">Za\u017eite de\u0148 pln\u00fd kult\u00fary a radosti v srdci n\u00e1\u0161ho mesta.<br>Te\u0161\u00edme sa na v\u00e1s.\u00a0<\/p>\n<\/div>\n<\/div>","protected":false},"excerpt":{"rendered":"<p>Tento rok a\u017e 5 miest Ko\u0161ick\u00e9ho kraja za\u017eije poriadnu d\u00e1vku kult\u00fary, hudby a z\u00e1bavy!&nbsp; &nbsp;A za\u010d\u00edname pr\u00e1ve u n\u00e1s v Trebi\u0161ove, u\u017e tento piatok 25. apr\u00edla. &nbsp;Od 10:00 do 20:00 o\u017eije are\u00e1l Ka\u0161tie\u013ea Andr\u00e1ssyovcov \u017dupn\u00fdm meste\u010dkom s pestr\u00fdm kult\u00farnym programom, atrakciami a dobrotami pre mal\u00fdch i ve\u013ek\u00fdch. \u00a0Na \u010do sa m\u00f4\u017eete te\u0161i\u0165?\u2666 koncert L\u00edvie Nagy<\/p>","protected":false},"author":1,"featured_media":7283,"comment_status":"open","ping_status":"open","sticky":false,"template":"","format":"standard","meta":{"om_disable_all_campaigns":false,"_vp_format_video_url":"","_vp_image_focal_point":[]},"categories":[71],"tags":[],"aioseo_notices":[],"yoast_head":"<!-- This site is optimized with the Yoast SEO plugin v18.5.1 - https:\/\/yoast.com\/wordpress\/plugins\/seo\/ -->\n<title>\u017dupn\u00e9 dni 2025 | M\u00fazeum Trebi\u0161ov - Ka\u0161tie\u013e Andr\u00e1ssyovcov<\/title>\n<meta name=\"robots\" content=\"index, follow, max-snippet:-1, max-image-preview:large, max-video-preview:-1\" \/>\n<link rel=\"canonical\" href=\"https:\/\/www.muzeumtrebisov.sk\/hu\/kulturne-centrum\/zupne-dni-2025\/\" \/>\n<meta property=\"og:locale\" content=\"hu_HU\" \/>\n<meta property=\"og:type\" content=\"article\" \/>\n<meta property=\"og:title\" content=\"\u017dupn\u00e9 dni 2025 | M\u00fazeum Trebi\u0161ov - Ka\u0161tie\u013e Andr\u00e1ssyovcov\" \/>\n<meta property=\"og:description\" content=\"Tento rok a\u017e 5 miest Ko\u0161ick\u00e9ho kraja za\u017eije poriadnu d\u00e1vku kult\u00fary, hudby a z\u00e1bavy!&nbsp; &nbsp;A za\u010d\u00edname pr\u00e1ve u n\u00e1s v Trebi\u0161ove, u\u017e tento piatok 25. apr\u00edla. &nbsp;Od 10:00 do 20:00 o\u017eije are\u00e1l Ka\u0161tie\u013ea Andr\u00e1ssyovcov \u017dupn\u00fdm meste\u010dkom s pestr\u00fdm kult\u00farnym programom, atrakciami a dobrotami pre mal\u00fdch i ve\u013ek\u00fdch. \u00a0Na \u010do sa m\u00f4\u017eete te\u0161i\u0165?\u2666 koncert L\u00edvie Nagy\" \/>\n<meta property=\"og:url\" content=\"https:\/\/www.muzeumtrebisov.sk\/hu\/kulturne-centrum\/zupne-dni-2025\/\" \/>\n<meta property=\"og:site_name\" content=\"M\u00fazeum Trebi\u0161ov - Ka\u0161tie\u013e Andr\u00e1ssyovcov\" \/>\n<meta property=\"article:publisher\" content=\"https:\/\/www.facebook.com\/muzeumtvkastielandrassyovcov\" \/>\n<meta property=\"article:published_time\" content=\"2025-04-24T05:54:06+00:00\" \/>\n<meta property=\"article:modified_time\" content=\"2025-04-24T05:54:08+00:00\" \/>\n<meta property=\"og:image\" content=\"https:\/\/www.muzeumtrebisov.sk\/wp-content\/uploads\/2025\/04\/492111297_1134591772016542_2070641068438538977_n.jpg\" \/>\n\t<meta property=\"og:image:width\" content=\"1448\" \/>\n\t<meta property=\"og:image:height\" content=\"2048\" \/>\n\t<meta property=\"og:image:type\" content=\"image\/jpeg\" \/>\n<meta name=\"twitter:card\" content=\"summary_large_image\" \/>\n<meta name=\"twitter:label1\" content=\"Szerz\u0151:\" \/>\n\t<meta name=\"twitter:data1\" content=\"muzeumtvadmin\" \/>\n\t<meta name=\"twitter:label2\" content=\"Becs\u00fclt olvas\u00e1si id\u0151\" \/>\n\t<meta name=\"twitter:data2\" content=\"3 perc\" \/>\n<script type=\"application\/ld+json\" class=\"yoast-schema-graph\">{\"@context\":\"https:\/\/schema.org\",\"@graph\":[{\"@type\":\"Organization\",\"@id\":\"https:\/\/www.muzeumtrebisov.sk\/#organization\",\"name\":\"M\u00fazeum Trebi\u0161ov - Ka\u0161tie\u013e Andr\u00e1ssyovcov\",\"url\":\"https:\/\/www.muzeumtrebisov.sk\/\",\"sameAs\":[\"https:\/\/www.facebook.com\/muzeumtvkastielandrassyovcov\",\"https:\/\/www.instagram.com\/muzeumtrebisovkastielandrassy\/\",\"https:\/\/www.youtube.com\/channel\/UCprfZHvPNIxqZ2IHCDwfv1w\"],\"logo\":{\"@type\":\"ImageObject\",\"@id\":\"https:\/\/www.muzeumtrebisov.sk\/#logo\",\"inLanguage\":\"hu\",\"url\":\"https:\/\/www.muzeumtrebisov.sk\/wp-content\/uploads\/2022\/04\/dual-logo-color-hor.png\",\"contentUrl\":\"https:\/\/www.muzeumtrebisov.sk\/wp-content\/uploads\/2022\/04\/dual-logo-color-hor.png\",\"width\":749,\"height\":140,\"caption\":\"M\u00fazeum Trebi\u0161ov - Ka\u0161tie\u013e Andr\u00e1ssyovcov\"},\"image\":{\"@id\":\"https:\/\/www.muzeumtrebisov.sk\/#logo\"}},{\"@type\":\"WebSite\",\"@id\":\"https:\/\/www.muzeumtrebisov.sk\/#website\",\"url\":\"https:\/\/www.muzeumtrebisov.sk\/\",\"name\":\"M\u00fazeum Trebi\u0161ov - Ka\u0161tie\u013e Andr\u00e1ssyovcov\",\"description\":\"Hist\u00f3ria Andr\u00e1ssyovcov a ju\u017en\u00e9ho Zempl\u00edna\",\"publisher\":{\"@id\":\"https:\/\/www.muzeumtrebisov.sk\/#organization\"},\"potentialAction\":[{\"@type\":\"SearchAction\",\"target\":{\"@type\":\"EntryPoint\",\"urlTemplate\":\"https:\/\/www.muzeumtrebisov.sk\/?s={search_term_string}\"},\"query-input\":\"required name=search_term_string\"}],\"inLanguage\":\"hu\"},{\"@type\":\"ImageObject\",\"@id\":\"https:\/\/www.muzeumtrebisov.sk\/kulturne-centrum\/zupne-dni-2025\/#primaryimage\",\"inLanguage\":\"hu\",\"url\":\"https:\/\/www.muzeumtrebisov.sk\/wp-content\/uploads\/2025\/04\/492111297_1134591772016542_2070641068438538977_n.jpg\",\"contentUrl\":\"https:\/\/www.muzeumtrebisov.sk\/wp-content\/uploads\/2025\/04\/492111297_1134591772016542_2070641068438538977_n.jpg\",\"width\":1448,\"height\":2048},{\"@type\":\"WebPage\",\"@id\":\"https:\/\/www.muzeumtrebisov.sk\/kulturne-centrum\/zupne-dni-2025\/#webpage\",\"url\":\"https:\/\/www.muzeumtrebisov.sk\/kulturne-centrum\/zupne-dni-2025\/\",\"name\":\"\u017dupn\u00e9 dni 2025 | M\u00fazeum Trebi\u0161ov - Ka\u0161tie\u013e Andr\u00e1ssyovcov\",\"isPartOf\":{\"@id\":\"https:\/\/www.muzeumtrebisov.sk\/#website\"},\"primaryImageOfPage\":{\"@id\":\"https:\/\/www.muzeumtrebisov.sk\/kulturne-centrum\/zupne-dni-2025\/#primaryimage\"},\"datePublished\":\"2025-04-24T05:54:06+00:00\",\"dateModified\":\"2025-04-24T05:54:08+00:00\",\"breadcrumb\":{\"@id\":\"https:\/\/www.muzeumtrebisov.sk\/kulturne-centrum\/zupne-dni-2025\/#breadcrumb\"},\"inLanguage\":\"hu\",\"potentialAction\":[{\"@type\":\"ReadAction\",\"target\":[\"https:\/\/www.muzeumtrebisov.sk\/kulturne-centrum\/zupne-dni-2025\/\"]}]},{\"@type\":\"BreadcrumbList\",\"@id\":\"https:\/\/www.muzeumtrebisov.sk\/kulturne-centrum\/zupne-dni-2025\/#breadcrumb\",\"itemListElement\":[{\"@type\":\"ListItem\",\"position\":1,\"name\":\"Home\",\"item\":\"https:\/\/www.muzeumtrebisov.sk\/\"},{\"@type\":\"ListItem\",\"position\":2,\"name\":\"\u017dupn\u00e9 dni 2025\"}]},{\"@type\":\"Article\",\"@id\":\"https:\/\/www.muzeumtrebisov.sk\/kulturne-centrum\/zupne-dni-2025\/#article\",\"isPartOf\":{\"@id\":\"https:\/\/www.muzeumtrebisov.sk\/kulturne-centrum\/zupne-dni-2025\/#webpage\"},\"author\":{\"@id\":\"https:\/\/www.muzeumtrebisov.sk\/#\/schema\/person\/e020f4c0852b191613d063438d60ae6b\"},\"headline\":\"\u017dupn\u00e9 dni 2025\",\"datePublished\":\"2025-04-24T05:54:06+00:00\",\"dateModified\":\"2025-04-24T05:54:08+00:00\",\"mainEntityOfPage\":{\"@id\":\"https:\/\/www.muzeumtrebisov.sk\/kulturne-centrum\/zupne-dni-2025\/#webpage\"},\"wordCount\":201,\"commentCount\":0,\"publisher\":{\"@id\":\"https:\/\/www.muzeumtrebisov.sk\/#organization\"},\"image\":{\"@id\":\"https:\/\/www.muzeumtrebisov.sk\/kulturne-centrum\/zupne-dni-2025\/#primaryimage\"},\"thumbnailUrl\":\"https:\/\/www.muzeumtrebisov.sk\/wp-content\/uploads\/2025\/04\/492111297_1134591772016542_2070641068438538977_n.jpg\",\"articleSection\":[\"Kult\u00farne centrum\"],\"inLanguage\":\"hu\",\"potentialAction\":[{\"@type\":\"CommentAction\",\"name\":\"Comment\",\"target\":[\"https:\/\/www.muzeumtrebisov.sk\/kulturne-centrum\/zupne-dni-2025\/#respond\"]}]},{\"@type\":\"Person\",\"@id\":\"https:\/\/www.muzeumtrebisov.sk\/#\/schema\/person\/e020f4c0852b191613d063438d60ae6b\",\"name\":\"muzeumtvadmin\",\"image\":{\"@type\":\"ImageObject\",\"@id\":\"https:\/\/www.muzeumtrebisov.sk\/#personlogo\",\"inLanguage\":\"hu\",\"url\":\"https:\/\/secure.gravatar.com\/avatar\/115030f8384675efad0cc99183d7cd51?s=96&d=mm&r=g\",\"contentUrl\":\"https:\/\/secure.gravatar.com\/avatar\/115030f8384675efad0cc99183d7cd51?s=96&d=mm&r=g\",\"caption\":\"muzeumtvadmin\"},\"sameAs\":[\"https:\/\/www.muzeumtrebisov.sk\"],\"url\":\"https:\/\/www.muzeumtrebisov.sk\/hu\/author\/muzeumtvadmin\/\"}]}<\/script>\n<!-- \/ Yoast SEO plugin. -->","yoast_head_json":{"title":"\u017dupn\u00e9 dni 2025 | M\u00fazeum Trebi\u0161ov - Ka\u0161tie\u013e Andr\u00e1ssyovcov","robots":{"index":"index","follow":"follow","max-snippet":"max-snippet:-1","max-image-preview":"max-image-preview:large","max-video-preview":"max-video-preview:-1"},"canonical":"https:\/\/www.muzeumtrebisov.sk\/hu\/kulturne-centrum\/zupne-dni-2025\/","og_locale":"hu_HU","og_type":"article","og_title":"\u017dupn\u00e9 dni 2025 | M\u00fazeum Trebi\u0161ov - Ka\u0161tie\u013e Andr\u00e1ssyovcov","og_description":"Tento rok a\u017e 5 miest Ko\u0161ick\u00e9ho kraja za\u017eije poriadnu d\u00e1vku kult\u00fary, hudby a z\u00e1bavy!&nbsp; &nbsp;A za\u010d\u00edname pr\u00e1ve u n\u00e1s v Trebi\u0161ove, u\u017e tento piatok 25. apr\u00edla. &nbsp;Od 10:00 do 20:00 o\u017eije are\u00e1l Ka\u0161tie\u013ea Andr\u00e1ssyovcov \u017dupn\u00fdm meste\u010dkom s pestr\u00fdm kult\u00farnym programom, atrakciami a dobrotami pre mal\u00fdch i ve\u013ek\u00fdch. \u00a0Na \u010do sa m\u00f4\u017eete te\u0161i\u0165?\u2666 koncert L\u00edvie Nagy","og_url":"https:\/\/www.muzeumtrebisov.sk\/hu\/kulturne-centrum\/zupne-dni-2025\/","og_site_name":"M\u00fazeum Trebi\u0161ov - Ka\u0161tie\u013e Andr\u00e1ssyovcov","article_publisher":"https:\/\/www.facebook.com\/muzeumtvkastielandrassyovcov","article_published_time":"2025-04-24T05:54:06+00:00","article_modified_time":"2025-04-24T05:54:08+00:00","og_image":[{"width":1448,"height":2048,"url":"https:\/\/www.muzeumtrebisov.sk\/wp-content\/uploads\/2025\/04\/492111297_1134591772016542_2070641068438538977_n.jpg","type":"image\/jpeg"}],"twitter_card":"summary_large_image","twitter_misc":{"Szerz\u0151:":"muzeumtvadmin","Becs\u00fclt olvas\u00e1si id\u0151":"3 perc"},"schema":{"@context":"https:\/\/schema.org","@graph":[{"@type":"Organization","@id":"https:\/\/www.muzeumtrebisov.sk\/#organization","name":"M\u00fazeum Trebi\u0161ov - Ka\u0161tie\u013e Andr\u00e1ssyovcov","url":"https:\/\/www.muzeumtrebisov.sk\/","sameAs":["https:\/\/www.facebook.com\/muzeumtvkastielandrassyovcov","https:\/\/www.instagram.com\/muzeumtrebisovkastielandrassy\/","https:\/\/www.youtube.com\/channel\/UCprfZHvPNIxqZ2IHCDwfv1w"],"logo":{"@type":"ImageObject","@id":"https:\/\/www.muzeumtrebisov.sk\/#logo","inLanguage":"hu","url":"https:\/\/www.muzeumtrebisov.sk\/wp-content\/uploads\/2022\/04\/dual-logo-color-hor.png","contentUrl":"https:\/\/www.muzeumtrebisov.sk\/wp-content\/uploads\/2022\/04\/dual-logo-color-hor.png","width":749,"height":140,"caption":"M\u00fazeum Trebi\u0161ov - Ka\u0161tie\u013e Andr\u00e1ssyovcov"},"image":{"@id":"https:\/\/www.muzeumtrebisov.sk\/#logo"}},{"@type":"WebSite","@id":"https:\/\/www.muzeumtrebisov.sk\/#website","url":"https:\/\/www.muzeumtrebisov.sk\/","name":"M\u00fazeum Trebi\u0161ov - Ka\u0161tie\u013e Andr\u00e1ssyovcov","description":"Hist\u00f3ria Andr\u00e1ssyovcov a ju\u017en\u00e9ho Zempl\u00edna","publisher":{"@id":"https:\/\/www.muzeumtrebisov.sk\/#organization"},"potentialAction":[{"@type":"SearchAction","target":{"@type":"EntryPoint","urlTemplate":"https:\/\/www.muzeumtrebisov.sk\/?s={search_term_string}"},"query-input":"required name=search_term_string"}],"inLanguage":"hu"},{"@type":"ImageObject","@id":"https:\/\/www.muzeumtrebisov.sk\/kulturne-centrum\/zupne-dni-2025\/#primaryimage","inLanguage":"hu","url":"https:\/\/www.muzeumtrebisov.sk\/wp-content\/uploads\/2025\/04\/492111297_1134591772016542_2070641068438538977_n.jpg","contentUrl":"https:\/\/www.muzeumtrebisov.sk\/wp-content\/uploads\/2025\/04\/492111297_1134591772016542_2070641068438538977_n.jpg","width":1448,"height":2048},{"@type":"WebPage","@id":"https:\/\/www.muzeumtrebisov.sk\/kulturne-centrum\/zupne-dni-2025\/#webpage","url":"https:\/\/www.muzeumtrebisov.sk\/kulturne-centrum\/zupne-dni-2025\/","name":"\u017dupn\u00e9 dni 2025 | M\u00fazeum Trebi\u0161ov - Ka\u0161tie\u013e Andr\u00e1ssyovcov","isPartOf":{"@id":"https:\/\/www.muzeumtrebisov.sk\/#website"},"primaryImageOfPage":{"@id":"https:\/\/www.muzeumtrebisov.sk\/kulturne-centrum\/zupne-dni-2025\/#primaryimage"},"datePublished":"2025-04-24T05:54:06+00:00","dateModified":"2025-04-24T05:54:08+00:00","breadcrumb":{"@id":"https:\/\/www.muzeumtrebisov.sk\/kulturne-centrum\/zupne-dni-2025\/#breadcrumb"},"inLanguage":"hu","potentialAction":[{"@type":"ReadAction","target":["https:\/\/www.muzeumtrebisov.sk\/kulturne-centrum\/zupne-dni-2025\/"]}]},{"@type":"BreadcrumbList","@id":"https:\/\/www.muzeumtrebisov.sk\/kulturne-centrum\/zupne-dni-2025\/#breadcrumb","itemListElement":[{"@type":"ListItem","position":1,"name":"Home","item":"https:\/\/www.muzeumtrebisov.sk\/"},{"@type":"ListItem","position":2,"name":"\u017dupn\u00e9 dni 2025"}]},{"@type":"Article","@id":"https:\/\/www.muzeumtrebisov.sk\/kulturne-centrum\/zupne-dni-2025\/#article","isPartOf":{"@id":"https:\/\/www.muzeumtrebisov.sk\/kulturne-centrum\/zupne-dni-2025\/#webpage"},"author":{"@id":"https:\/\/www.muzeumtrebisov.sk\/#\/schema\/person\/e020f4c0852b191613d063438d60ae6b"},"headline":"\u017dupn\u00e9 dni 2025","datePublished":"2025-04-24T05:54:06+00:00","dateModified":"2025-04-24T05:54:08+00:00","mainEntityOfPage":{"@id":"https:\/\/www.muzeumtrebisov.sk\/kulturne-centrum\/zupne-dni-2025\/#webpage"},"wordCount":201,"commentCount":0,"publisher":{"@id":"https:\/\/www.muzeumtrebisov.sk\/#organization"},"image":{"@id":"https:\/\/www.muzeumtrebisov.sk\/kulturne-centrum\/zupne-dni-2025\/#primaryimage"},"thumbnailUrl":"https:\/\/www.muzeumtrebisov.sk\/wp-content\/uploads\/2025\/04\/492111297_1134591772016542_2070641068438538977_n.jpg","articleSection":["Kult\u00farne centrum"],"inLanguage":"hu","potentialAction":[{"@type":"CommentAction","name":"Comment","target":["https:\/\/www.muzeumtrebisov.sk\/kulturne-centrum\/zupne-dni-2025\/#respond"]}]},{"@type":"Person","@id":"https:\/\/www.muzeumtrebisov.sk\/#\/schema\/person\/e020f4c0852b191613d063438d60ae6b","name":"muzeumtvadmin","image":{"@type":"ImageObject","@id":"https:\/\/www.muzeumtrebisov.sk\/#personlogo","inLanguage":"hu","url":"https:\/\/secure.gravatar.com\/avatar\/115030f8384675efad0cc99183d7cd51?s=96&d=mm&r=g","contentUrl":"https:\/\/secure.gravatar.com\/avatar\/115030f8384675efad0cc99183d7cd51?s=96&d=mm&r=g","caption":"muzeumtvadmin"},"sameAs":["https:\/\/www.muzeumtrebisov.sk"],"url":"https:\/\/www.muzeumtrebisov.sk\/hu\/author\/muzeumtvadmin\/"}]}},"_links":{"self":[{"href":"https:\/\/www.muzeumtrebisov.sk\/hu\/wp-json\/wp\/v2\/posts\/7273"}],"collection":[{"href":"https:\/\/www.muzeumtrebisov.sk\/hu\/wp-json\/wp\/v2\/posts"}],"about":[{"href":"https:\/\/www.muzeumtrebisov.sk\/hu\/wp-json\/wp\/v2\/types\/post"}],"author":[{"embeddable":true,"href":"https:\/\/www.muzeumtrebisov.sk\/hu\/wp-json\/wp\/v2\/users\/1"}],"replies":[{"embeddable":true,"href":"https:\/\/www.muzeumtrebisov.sk\/hu\/wp-json\/wp\/v2\/comments?post=7273"}],"version-history":[{"count":6,"href":"https:\/\/www.muzeumtrebisov.sk\/hu\/wp-json\/wp\/v2\/posts\/7273\/revisions"}],"predecessor-version":[{"id":7281,"href":"https:\/\/www.muzeumtrebisov.sk\/hu\/wp-json\/wp\/v2\/posts\/7273\/revisions\/7281"}],"wp:featuredmedia":[{"embeddable":true,"href":"https:\/\/www.muzeumtrebisov.sk\/hu\/wp-json\/wp\/v2\/media\/7283"}],"wp:attachment":[{"href":"https:\/\/www.muzeumtrebisov.sk\/hu\/wp-json\/wp\/v2\/media?parent=7273"}],"wp:term":[{"taxonomy":"category","embeddable":true,"href":"https:\/\/www.muzeumtrebisov.sk\/hu\/wp-json\/wp\/v2\/categories?post=7273"},{"taxonomy":"post_tag","embeddable":true,"href":"https:\/\/www.muzeumtrebisov.sk\/hu\/wp-json\/wp\/v2\/tags?post=7273"}],"curies":[{"name":"wp","href":"https:\/\/api.w.org\/{rel}","templated":true}]}}