{"id":7218,"date":"2025-04-15T14:34:08","date_gmt":"2025-04-15T12:34:08","guid":{"rendered":"https:\/\/www.muzeumtrebisov.sk\/?p=7218"},"modified":"2026-04-08T11:16:37","modified_gmt":"2026-04-08T09:16:37","slug":"zrestaurovany-subor-lajblikov-zachrana-tradicnychderegalov-lajbikov-lajblikov-zivotikov","status":"publish","type":"post","link":"https:\/\/www.muzeumtrebisov.sk\/hu\/blog\/zrestaurovany-subor-lajblikov-zachrana-tradicnychderegalov-lajbikov-lajblikov-zivotikov\/","title":{"rendered":"Zre\u0161taurovan\u00fd s\u00fabor  lajbl\u00edkov \u201eZ\u00e1chrana tradi\u010dn\u00fdch\u201ederega\u013eov\/lajb\u00edkov\/lajbl\u00edkov\/\u017eiv\u00f4tikov\u201c-  I. etapa"},"content":{"rendered":"<section class=\"kc-elm kc-css-60842 kc_row\"><div class=\"kc-row-container  kc-container\"><div class=\"kc-wrap-columns\"><div class=\"kc-elm kc-css-687632 kc_col-sm-12 kc_column kc_col-sm-12\"><div class=\"kc-col-container\"><div class=\"kc-elm kc-css-621293\" style=\"height: 59px; clear: both; width:100%;\"><\/div><div class=\"kc-image-gallery kc-elm kc-css-164173\"><h3 class=\"kc-title image-gallery-title\">Projekt podporili: <\/h3>\n<div class=\"kc_image_gallery kc-carousel-image kc-grid\" data-image_masonry=\"yes\">\n<div class=\"item-grid grid-1\"><img src=\"https:\/\/www.muzeumtrebisov.sk\/wp-content\/uploads\/2025\/04\/ksk.png\" alt=\"\"\/><\/div><div class=\"item-grid grid-1\"><img src=\"https:\/\/www.muzeumtrebisov.sk\/wp-content\/uploads\/2025\/04\/fpu.png\" alt=\"\"\/><\/div><\/div>\n<\/div><div class=\"kc-elm kc-css-361788\" style=\"height: 59px; clear: both; width:100%;\"><\/div>\n<div class=\"kc-elm kc-css-228277 kc-title-wrap\">\n\n\t<h1 class=\"kc_title\">Zre\u0161taurovan\u00fd s\u00fabor  lajbl\u00edkov \u201eZ\u00e1chrana tradi\u010dn\u00fdch\u201ederega\u013eov\/lajb\u00edkov\/lajbl\u00edkov\/\u017eiv\u00f4tikov\u201c-\r\n I. etapa<\/h1>\n<\/div>\n<div class=\"kc-elm kc-css-814099\" style=\"height: 20px; clear: both; width:100%;\"><\/div>\n<div class=\"kc-elm kc-css-606412 kc-title-wrap\">\n\n\t<h1 class=\"kc_title\">Postup zre\u0161taurovania s\u00faboru 7 zbierkov\u00fdch predmetov \u2013 lajbl\u00edkov poch\u00e1dzaj\u00facich  z obdobia 20. storo\u010dia.<\/h1>\n<\/div>\n<div class=\"kc-elm kc-css-546731\" style=\"height: 51px; clear: both; width:100%;\"><\/div><div class=\"kc-elm kc-css-1276 kc_row kc_row_inner\"><div class=\"kc-elm kc-css-584434 kc_col-sm-6 kc_column_inner kc_col-sm-6\"><div class=\"kc_wrapper kc-col-inner-container\"><div class=\"kc-elm kc-css-341598 kc_text_block\"><\/p>\n<p class=\"MsoNormal\" style=\"text-align: left;\"><span style=\"font-size: 18pt;\"><b><span style=\"line-height: 107%;\">Opis s\u00faboru zbierkov\u00fdch predmetov<\/span><\/b><\/span><\/p>\n<p class=\"MsoNormal\" style=\"text-align: justify; line-height: 150%; background-image: initial; background-position: initial; background-size: initial; background-repeat: initial; background-attachment: initial; background-origin: initial; background-clip: initial;\">\u017densk\u00e9, diev\u010densk\u00e9 a mu\u017esk\u00e9 lajbl\u00edky, miestne ozna\u010dovan\u00e9 aj ako \u201ederega\u013ee, lajbiky a \u017eiv\u00f4tiky poch\u00e1dzaj\u00face z oblasti ju\u017en\u00e9ho Zempl\u00edna \u2013 konkr\u00e9tne z mesta Trebi\u0161ov a dediniek \u00dapor a Zempl\u00ednske Hradi\u0161te, boli u\u0161it\u00e9 z jednotliv\u00fdch l\u00e1tok ako napr\u00edklad zo sat\u00e9nov\u00e9ho brok\u00e1tu, zamatu, vlnenej a krepovitej tkaniny. Bohato zdoben\u00e9 flitrami, kovov\u00fdmi vlnit\u00fdmi pr\u00e1mikmi, gomb\u00edkmi na\u0161it\u00fdmi v nieko\u013ek\u00fdch radoch pod sebou, \u010di zdoben\u00e9 vytkan\u00fdm leskl\u00fdm mot\u00edvom lupe\u0148ovit\u00fdch kvetov a listov, pr\u00edpadne s efektom \u201estriekan\u00e9ho\u201c \u010diernobieleho \u010diarkovan\u00e9ho vzoru. Vzory na lajbl\u00edkoch boli \u0161it\u00e9 strojov\u00fdm aj ru\u010dn\u00fdm stehom. Z vn\u00fatorn\u00fdch str\u00e1n boli lajbl\u00edky pod\u0161it\u00e9 tkaninami, preva\u017ene bielych \u013eanov\u00fdch pl\u00e1ten.<\/p>\n<p>\n<\/div><\/div><\/div><div class=\"kc-elm kc-css-33667 kc_col-sm-6 kc_column_inner kc_col-sm-6\"><div class=\"kc_wrapper kc-col-inner-container\"><div class=\"kc-image-gallery kc-elm kc-css-393916\">\n<div class=\"kc_image_gallery kc-carousel-image kc-grid\">\n<div class=\"item-grid grid-2\"><a class=\"kc-image-link kc-pretty-photo\" data-lightbox=\"kc-lightbox\" rel=\"kc-pretty-photo[28342908]\" href=\"https:\/\/www.muzeumtrebisov.sk\/wp-content\/uploads\/2025\/04\/2.jpg\"><img src=\"https:\/\/www.muzeumtrebisov.sk\/wp-content\/uploads\/2025\/04\/2-300x180.jpg\" alt=\"\"\/><div class=\"kc-image-overlay\"><i class=\"egypt-icon-search-1\"><\/i><\/div><\/a><\/div><div class=\"item-grid grid-2\"><a class=\"kc-image-link kc-pretty-photo\" data-lightbox=\"kc-lightbox\" rel=\"kc-pretty-photo[28342908]\" href=\"https:\/\/www.muzeumtrebisov.sk\/wp-content\/uploads\/2025\/04\/1.jpg\"><img src=\"https:\/\/www.muzeumtrebisov.sk\/wp-content\/uploads\/2025\/04\/1-300x180.jpg\" alt=\"\"\/><div class=\"kc-image-overlay\"><i class=\"egypt-icon-search-1\"><\/i><\/div><\/a><\/div><\/div>\n<\/div><\/div><\/div><\/div><div class=\"kc-elm kc-css-874948\" style=\"height: 51px; clear: both; width:100%;\"><\/div><div class=\"kc-elm kc-css-567403 kc_row kc_row_inner\"><div class=\"kc-elm kc-css-176103 kc_col-sm-6 kc_column_inner kc_col-sm-6\"><div class=\"kc_wrapper kc-col-inner-container\"><div class=\"kc-elm kc-css-544169 kc_text_block\"><\/p>\n<p>\n<span style=\"font-size: 18pt; font-family: &#039;Open Sans&#039;;\"><strong>Stav s\u00faboru lajbl\u00edkov pred re\u0161taurovan\u00edm<\/strong><\/span><\/p>\n<p class=\"MsoNormal\" style=\"text-align: justify; line-height: 150%;\"><span style=\"font-size: 12pt; line-height: 150%; font-family: &#039;Open Sans&#039;;\">S\u00fabor lajbl\u00edkov bol v\u00a0stave, ktor\u00fd si vy\u017eaduje komplexn\u00fd re\u0161taur\u00e1torsk\u00fd z\u00e1sah. Pred re\u0161taurovan\u00edm sa lajbl\u00edky nach\u00e1dzali v relat\u00edvne\u00a0 kompaktnom, zachovalom stave, av\u0161ak na nieko\u013ek\u00fdch miestach bolo vidite\u013ene po\u0161kodenie. Roztrhnut\u00e9 \u010dasti, prehryzen\u00e9 od mol\u00ed. P\u00f4vodne biele pl\u00e1tno vykazovalo stopy nosenia, a\u00a0to predov\u0161etk\u00fdm \u00a0v oblasti prieramkov boli vidite\u013en\u00e9 svetl\u00e9 f\u013eaky.<\/span><\/p>\n<p>\n<\/div><\/div><\/div><div class=\"kc-elm kc-css-584356 kc_col-sm-6 kc_column_inner kc_col-sm-6\"><div class=\"kc_wrapper kc-col-inner-container\"><div class=\"kc-image-gallery kc-elm kc-css-623191\">\n<div class=\"kc_image_gallery kc-carousel-image kc-grid\">\n<div class=\"item-grid grid-2\"><a class=\"kc-image-link kc-pretty-photo\" data-lightbox=\"kc-lightbox\" rel=\"kc-pretty-photo[31297270]\" href=\"https:\/\/www.muzeumtrebisov.sk\/wp-content\/uploads\/2025\/04\/4.jpg\"><img src=\"https:\/\/www.muzeumtrebisov.sk\/wp-content\/uploads\/2025\/04\/4-300x135.jpg\" alt=\"\"\/><div class=\"kc-image-overlay\"><i class=\"egypt-icon-search-1\"><\/i><\/div><\/a><\/div><div class=\"item-grid grid-2\"><a class=\"kc-image-link kc-pretty-photo\" data-lightbox=\"kc-lightbox\" rel=\"kc-pretty-photo[31297270]\" href=\"https:\/\/www.muzeumtrebisov.sk\/wp-content\/uploads\/2025\/04\/3.jpg\"><img src=\"https:\/\/www.muzeumtrebisov.sk\/wp-content\/uploads\/2025\/04\/3-300x180.jpg\" alt=\"\"\/><div class=\"kc-image-overlay\"><i class=\"egypt-icon-search-1\"><\/i><\/div><\/a><\/div><\/div>\n<\/div><\/div><\/div><\/div><div class=\"kc-elm kc-css-555884\" style=\"height: 51px; clear: both; width:100%;\"><\/div><div class=\"kc-elm kc-css-338683 kc_row kc_row_inner\"><div class=\"kc-elm kc-css-1047 kc_col-sm-6 kc_column_inner kc_col-sm-6\"><div class=\"kc_wrapper kc-col-inner-container\"><div class=\"kc-elm kc-css-916378 kc_text_block\"><\/p>\n<p>\n<span style=\"font-size: 18pt; font-family: &#039;Open Sans&#039;;\"><strong>Zd\u00f4vodnenie n\u00e1vrhu na re\u0161taurovanie<\/strong><\/span><\/p>\n<p class=\"MsoNormal\" style=\"text-align: justify; line-height: 150%;\"><span style=\"font-size: 12pt; line-height: 150%; font-family: &#039;Open Sans&#039;;\">&#8222;S\u00fabor siedmich lajbl\u00edkov je v s\u00fa\u010dasnosti v stave, ktor\u00fd znehodnocuje ich historick\u00fa aj v\u00fdpovedn\u00fa hodnotu odevu \u013eudovej kult\u00fary, a nie je mo\u017en\u00e9 ich vyu\u017ei\u0165 na expozi\u010dn\u00e9 \u00fa\u010dely.<\/span><\/p>\n<p class=\"MsoNormal\" style=\"text-align: justify; line-height: 150%;\"><span style=\"font-size: 12pt; line-height: 150%; font-family: &#039;Open Sans&#039;;\">Re\u0161taur\u00e1torsk\u00fdm z\u00e1sahom bud\u00fa text\u00edlie stabilizovan\u00e9 a bude im prinavr\u00e1ten\u00e1 p\u00f4vodn\u00e1 podoba tak, aby po estetickej str\u00e1nke mohli plnohodnotne plni\u0165 svoju funkciu a ostali &#8222;\u017eiv\u00fdm&#8220; dokumentom \u013eudov\u00e9ho odievania v\u00fdchodoslovensk\u00e9ho regi\u00f3nu, konkr\u00e9tne z ju\u017en\u00e9ho Zempl\u00edna.&#8220;<\/span><\/p>\n<p>\n<\/div><\/div><\/div><div class=\"kc-elm kc-css-967152 kc_col-sm-6 kc_column_inner kc_col-sm-6\"><div class=\"kc_wrapper kc-col-inner-container\"><div class=\"kc-image-gallery kc-elm kc-css-819508\">\n<div class=\"kc_image_gallery kc-carousel-image kc-grid\">\n<div class=\"item-grid grid-2\"><a class=\"kc-image-link kc-pretty-photo\" data-lightbox=\"kc-lightbox\" rel=\"kc-pretty-photo[38508000]\" href=\"https:\/\/www.muzeumtrebisov.sk\/wp-content\/uploads\/2025\/04\/6.jpg\"><img src=\"https:\/\/www.muzeumtrebisov.sk\/wp-content\/uploads\/2025\/04\/6-300x150.jpg\" alt=\"\"\/><div class=\"kc-image-overlay\"><i class=\"egypt-icon-search-1\"><\/i><\/div><\/a><\/div><div class=\"item-grid grid-2\"><a class=\"kc-image-link kc-pretty-photo\" data-lightbox=\"kc-lightbox\" rel=\"kc-pretty-photo[38508000]\" href=\"https:\/\/www.muzeumtrebisov.sk\/wp-content\/uploads\/2025\/04\/5.jpg\"><img src=\"https:\/\/www.muzeumtrebisov.sk\/wp-content\/uploads\/2025\/04\/5-300x180.jpg\" alt=\"\"\/><div class=\"kc-image-overlay\"><i class=\"egypt-icon-search-1\"><\/i><\/div><\/a><\/div><\/div>\n<\/div><\/div><\/div><\/div><div class=\"kc-elm kc-css-256044\" style=\"height: 51px; clear: both; width:100%;\"><\/div><div class=\"kc-elm kc-css-665598 kc_row kc_row_inner\"><div class=\"kc-elm kc-css-816664 kc_col-sm-6 kc_column_inner kc_col-sm-6\"><div class=\"kc_wrapper kc-col-inner-container\"><div class=\"kc-elm kc-css-568747 kc_text_block\"><\/p>\n<p>\n<span style=\"font-size: 18pt; font-family: &#039;Open Sans&#039;;\"><strong>Postup re\u0161taur\u00e1torsk\u00fdch pr\u00e1c<\/strong><\/span><\/p>\n<p class=\"MsoNormal\" style=\"text-align: justify; line-height: 150%;\"><span style=\"font-family: Open Sans;\"><span style=\"font-size: 16px;\">Re\u0161taur\u00e1torsk\u00e9 pr\u00e1ce prebiehali v s\u00falade s N\u00e1vrhmi a postupmi re\u0161taurovania. V prv\u00fdch etap\u00e1ch bolo nevyhnutn\u00e9 s\u00fabor lajbl\u00edkov stabilizova\u0165 tak, aby nedoch\u00e1dzalo k ich \u010fal\u0161ej de\u0161trukcii. N\u00e1sledne sa vykonali jednotliv\u00e9 re\u0161taur\u00e1torsk\u00e9 prieskumy, strihov\u00e9 z\u00e1kresy, sk\u00fa\u0161ky farebnej a tvarovej st\u00e1losti vl\u00e1kien a n\u00e1\u0161iviek a \u010distenie textiln\u00fdch a netextiln\u00fdch materi\u00e1lov.<\/span><\/span><\/p>\n<p class=\"MsoNormal\" style=\"text-align: justify; line-height: 150%;\"><span style=\"font-family: Open Sans;\"><span style=\"font-size: 16px;\">\u00a0<\/span><\/span><\/p>\n<p class=\"MsoNormal\" style=\"text-align: justify; line-height: 150%;\"><span style=\"font-family: Open Sans;\"><span style=\"font-size: 16px;\">V druhej f\u00e1ze sa realizovala pr\u00edprava a farbenie doplnkov\u00fdch textiln\u00fdch materi\u00e1lov.<\/span><\/span><\/p>\n<p class=\"MsoNormal\" style=\"text-align: justify; line-height: 150%;\"><span style=\"font-family: Open Sans;\"><span style=\"font-size: 16px;\">\u00a0<\/span><\/span><\/p>\n<p class=\"MsoNormal\" style=\"text-align: justify; line-height: 150%;\"><span style=\"font-family: Open Sans;\"><span style=\"font-size: 16px;\">Tretia f\u00e1za zah\u0155\u0148ala samotn\u00e9 re\u0161taurovanie po\u0161koden\u00fdch textilov. Spev\u0148ovanie uvo\u013enen\u00fdch a roztrhan\u00fdch textiln\u00fdch podkladov, dop\u013a\u0148anie ch\u00fdbaj\u00facich \u010dast\u00ed n\u00e1hradn\u00fdmi, farebne zladen\u00fdmi materi\u00e1lmi. Prichytenie uvo\u013enen\u00fdch \u0161vov. Prekrytie oslaben\u00fdch vrchn\u00fdch tkan\u00edn hodv\u00e1bnymi krepelinami alebo tkaninami v\u00e4zebne pr\u00edbuzn\u00fdmi k origin\u00e1lu.<\/span><\/span><\/p>\n<p>\n<\/div><\/div><\/div><div class=\"kc-elm kc-css-922616 kc_col-sm-6 kc_column_inner kc_col-sm-6\"><div class=\"kc_wrapper kc-col-inner-container\"><div class=\"kc-image-gallery kc-elm kc-css-220044\">\n<div class=\"kc_image_gallery kc-carousel-image kc-grid\">\n<div class=\"item-grid grid-2\"><a class=\"kc-image-link kc-pretty-photo\" data-lightbox=\"kc-lightbox\" rel=\"kc-pretty-photo[7407991]\" href=\"https:\/\/www.muzeumtrebisov.sk\/wp-content\/uploads\/2025\/04\/7.jpg\"><img src=\"https:\/\/www.muzeumtrebisov.sk\/wp-content\/uploads\/2025\/04\/7-300x150.jpg\" alt=\"\"\/><div class=\"kc-image-overlay\"><i class=\"egypt-icon-search-1\"><\/i><\/div><\/a><\/div><\/div>\n<\/div><\/div><\/div><\/div><div class=\"kc-elm kc-css-863629\" style=\"height: 51px; clear: both; width:100%;\"><\/div><div class=\"kc-elm kc-css-760868 kc_row kc_row_inner\"><div class=\"kc-elm kc-css-654024 kc_col-sm-6 kc_column_inner kc_col-sm-6\"><div class=\"kc_wrapper kc-col-inner-container\"><div class=\"kc-elm kc-css-64770 kc_text_block\"><\/p>\n<p><span style=\"font-size: 24pt;\">Z verejn\u00fdch zdrojov podporil Fond na podporu umenia<\/span><\/p>\n<\/p>\n<p>\n<\/div><div class=\"kc-elm kc-css-948018\" style=\"height: 51px; clear: both; width:100%;\"><\/div><div class=\"kc-elm kc-css-561067 kc_text_block\"><\/p>\n<p>\n<span style=\"font-size: 18pt; font-family: &#039;Open Sans&#039;;\"><strong>Financovanie re\u0161taurovania<\/strong><\/span><\/p>\n<p class=\"MsoNormal\" style=\"text-align: justify; line-height: 150%;\"><span style=\"font-family: Open Sans;\"><span style=\"font-size: 16px;\">M\u00fazeum a Kult\u00farne centrum ju\u017en\u00e9ho Zempl\u00edna v Trebi\u0161ove, kult\u00farne zariadenie Ko\u0161ick\u00e9ho samospr\u00e1vneho kraja, sa v roku 2024\u00a0 zapojilo do v\u00fdzvy 6\/2024 (5.4. Re\u0161taurovanie a o\u0161etrenie zbierkov\u00fdch fondov), v ktorej\u00a0 uspelo a z Fondu na podporu umenia n\u00e1m boli poskytnut\u00e9 finan\u010dn\u00e9 prostriedky vo v\u00fd\u0161ke 3000,00 \u20ac. Spolufinancovanie a dofinancovanie re\u0161taurovania v celkovej v\u00fd\u0161ke 3360,00 \u20ac n\u00e1m poskytol n\u00e1\u0161 zria\u010fovate\u013e, Ko\u0161ick\u00fd samospr\u00e1vny kraj. Celkov\u00e1 suma re\u0161taur\u00e1torsk\u00fdch pr\u00e1c sa vy\u0161plhala na sumu 6360,00 \u20ac. Re\u0161taurovanie vz\u00e1cneho s\u00faboru tradi\u010dn\u00fdch lajbl\u00edkov z oblasti ju\u017en\u00e9ho Zempl\u00edna vykonala Mgr. art. Anna Blonsk\u00e1, \u010dlenka Komory re\u0161taur\u00e1torov.<\/span><\/span><\/p>\n<p>\n<\/div><\/div><\/div><div class=\"kc-elm kc-css-910715 kc_col-sm-6 kc_column_inner kc_col-sm-6\"><div class=\"kc_wrapper kc-col-inner-container\"><div class=\"kc-elm kc-css-583923 kc_shortcode kc_single_image\">\n\n        <a rel=\"prettyPhoto\" class=\"kc-pretty-photo\" href=\"https:\/\/www.muzeumtrebisov.sk\/wp-content\/uploads\/2025\/04\/lajbliky-foto-scaled.jpg\" title=\"\" target=\"\">\n        <img src=\"https:\/\/www.muzeumtrebisov.sk\/wp-content\/uploads\/2025\/04\/lajbliky-foto-scaled.jpg\" class=\"\" alt=\"\" \/>    <\/a>\n    <\/div>\n<\/div><\/div><\/div><div class=\"kc-elm kc-css-288503\" style=\"height: 51px; clear: both; width:100%;\"><\/div><\/div><\/div><\/div><\/div><\/section>","protected":false},"excerpt":{"rendered":"","protected":false},"author":1,"featured_media":7229,"comment_status":"open","ping_status":"open","sticky":false,"template":"tpl-king_composer.php","format":"standard","meta":{"om_disable_all_campaigns":false,"_vp_format_video_url":"","_vp_image_focal_point":[]},"categories":[20,73],"tags":[],"aioseo_notices":[],"yoast_head":"<!-- This site is optimized with the Yoast SEO plugin v18.5.1 - https:\/\/yoast.com\/wordpress\/plugins\/seo\/ -->\n<title>Zre\u0161taurovan\u00fd s\u00fabor lajbl\u00edkov \u201eZ\u00e1chrana tradi\u010dn\u00fdch\u201ederega\u013eov\/lajb\u00edkov\/lajbl\u00edkov\/\u017eiv\u00f4tikov\u201c- I. etapa | M\u00fazeum Trebi\u0161ov - Ka\u0161tie\u013e Andr\u00e1ssyovcov<\/title>\n<meta name=\"robots\" content=\"index, follow, max-snippet:-1, max-image-preview:large, max-video-preview:-1\" \/>\n<link rel=\"canonical\" href=\"https:\/\/www.muzeumtrebisov.sk\/hu\/blog\/zrestaurovany-subor-lajblikov-zachrana-tradicnychderegalov-lajbikov-lajblikov-zivotikov\/\" \/>\n<meta property=\"og:locale\" content=\"hu_HU\" \/>\n<meta property=\"og:type\" content=\"article\" \/>\n<meta property=\"og:title\" content=\"Zre\u0161taurovan\u00fd s\u00fabor lajbl\u00edkov \u201eZ\u00e1chrana tradi\u010dn\u00fdch\u201ederega\u013eov\/lajb\u00edkov\/lajbl\u00edkov\/\u017eiv\u00f4tikov\u201c- I. etapa | M\u00fazeum Trebi\u0161ov - Ka\u0161tie\u013e Andr\u00e1ssyovcov\" \/>\n<meta property=\"og:description\" content=\"Projekt podporili: Zre\u0161taurovan\u00fd s\u00fabor lajbl\u00edkov \u201eZ\u00e1chrana tradi\u010dn\u00fdch\u201ederega\u013eov\/lajb\u00edkov\/lajbl\u00edkov\/\u017eiv\u00f4tikov\u201c- I. etapa Postup zre\u0161taurovania s\u00faboru 7 zbierkov\u00fdch predmetov \u2013 lajbl\u00edkov poch\u00e1dzaj\u00facich z obdobia 20. storo\u010dia. Opis s\u00faboru zbierkov\u00fdch predmetov \u017densk\u00e9, diev\u010densk\u00e9 a mu\u017esk\u00e9 lajbl\u00edky, miestne ozna\u010dovan\u00e9 aj ako \u201ederega\u013ee, lajbiky a \u017eiv\u00f4tiky poch\u00e1dzaj\u00face z oblasti ju\u017en\u00e9ho Zempl\u00edna \u2013 konkr\u00e9tne z mesta Trebi\u0161ov a dediniek \u00dapor a Zempl\u00ednske Hradi\u0161te,\" \/>\n<meta property=\"og:url\" content=\"https:\/\/www.muzeumtrebisov.sk\/hu\/blog\/zrestaurovany-subor-lajblikov-zachrana-tradicnychderegalov-lajbikov-lajblikov-zivotikov\/\" \/>\n<meta property=\"og:site_name\" content=\"M\u00fazeum Trebi\u0161ov - Ka\u0161tie\u013e Andr\u00e1ssyovcov\" \/>\n<meta property=\"article:publisher\" content=\"https:\/\/www.facebook.com\/muzeumtvkastielandrassyovcov\" \/>\n<meta property=\"article:published_time\" content=\"2025-04-15T12:34:08+00:00\" \/>\n<meta property=\"article:modified_time\" content=\"2026-04-08T09:16:37+00:00\" \/>\n<meta property=\"og:image\" content=\"https:\/\/www.muzeumtrebisov.sk\/wp-content\/uploads\/2025\/04\/lajbliky-foto-scaled.jpg\" \/>\n\t<meta property=\"og:image:width\" content=\"2560\" \/>\n\t<meta property=\"og:image:height\" content=\"1440\" \/>\n\t<meta property=\"og:image:type\" content=\"image\/jpeg\" \/>\n<meta name=\"twitter:card\" content=\"summary_large_image\" \/>\n<meta name=\"twitter:label1\" content=\"Szerz\u0151:\" \/>\n\t<meta name=\"twitter:data1\" content=\"muzeumtvadmin\" \/>\n\t<meta name=\"twitter:label2\" content=\"Becs\u00fclt olvas\u00e1si id\u0151\" \/>\n\t<meta name=\"twitter:data2\" content=\"1 perc\" \/>\n<script type=\"application\/ld+json\" class=\"yoast-schema-graph\">{\"@context\":\"https:\/\/schema.org\",\"@graph\":[{\"@type\":\"Organization\",\"@id\":\"https:\/\/www.muzeumtrebisov.sk\/#organization\",\"name\":\"M\u00fazeum Trebi\u0161ov - Ka\u0161tie\u013e Andr\u00e1ssyovcov\",\"url\":\"https:\/\/www.muzeumtrebisov.sk\/\",\"sameAs\":[\"https:\/\/www.facebook.com\/muzeumtvkastielandrassyovcov\",\"https:\/\/www.instagram.com\/muzeumtrebisovkastielandrassy\/\",\"https:\/\/www.youtube.com\/channel\/UCprfZHvPNIxqZ2IHCDwfv1w\"],\"logo\":{\"@type\":\"ImageObject\",\"@id\":\"https:\/\/www.muzeumtrebisov.sk\/#logo\",\"inLanguage\":\"hu\",\"url\":\"https:\/\/www.muzeumtrebisov.sk\/wp-content\/uploads\/2022\/04\/dual-logo-color-hor.png\",\"contentUrl\":\"https:\/\/www.muzeumtrebisov.sk\/wp-content\/uploads\/2022\/04\/dual-logo-color-hor.png\",\"width\":749,\"height\":140,\"caption\":\"M\u00fazeum Trebi\u0161ov - Ka\u0161tie\u013e Andr\u00e1ssyovcov\"},\"image\":{\"@id\":\"https:\/\/www.muzeumtrebisov.sk\/#logo\"}},{\"@type\":\"WebSite\",\"@id\":\"https:\/\/www.muzeumtrebisov.sk\/#website\",\"url\":\"https:\/\/www.muzeumtrebisov.sk\/\",\"name\":\"M\u00fazeum Trebi\u0161ov - Ka\u0161tie\u013e Andr\u00e1ssyovcov\",\"description\":\"Hist\u00f3ria Andr\u00e1ssyovcov a ju\u017en\u00e9ho Zempl\u00edna\",\"publisher\":{\"@id\":\"https:\/\/www.muzeumtrebisov.sk\/#organization\"},\"potentialAction\":[{\"@type\":\"SearchAction\",\"target\":{\"@type\":\"EntryPoint\",\"urlTemplate\":\"https:\/\/www.muzeumtrebisov.sk\/?s={search_term_string}\"},\"query-input\":\"required name=search_term_string\"}],\"inLanguage\":\"hu\"},{\"@type\":\"ImageObject\",\"@id\":\"https:\/\/www.muzeumtrebisov.sk\/blog\/zrestaurovany-subor-lajblikov-zachrana-tradicnychderegalov-lajbikov-lajblikov-zivotikov\/#primaryimage\",\"inLanguage\":\"hu\",\"url\":\"https:\/\/www.muzeumtrebisov.sk\/wp-content\/uploads\/2025\/04\/lajbliky-foto-scaled.jpg\",\"contentUrl\":\"https:\/\/www.muzeumtrebisov.sk\/wp-content\/uploads\/2025\/04\/lajbliky-foto-scaled.jpg\",\"width\":2560,\"height\":1440},{\"@type\":\"WebPage\",\"@id\":\"https:\/\/www.muzeumtrebisov.sk\/blog\/zrestaurovany-subor-lajblikov-zachrana-tradicnychderegalov-lajbikov-lajblikov-zivotikov\/#webpage\",\"url\":\"https:\/\/www.muzeumtrebisov.sk\/blog\/zrestaurovany-subor-lajblikov-zachrana-tradicnychderegalov-lajbikov-lajblikov-zivotikov\/\",\"name\":\"Zre\u0161taurovan\u00fd s\u00fabor lajbl\u00edkov \u201eZ\u00e1chrana tradi\u010dn\u00fdch\u201ederega\u013eov\/lajb\u00edkov\/lajbl\u00edkov\/\u017eiv\u00f4tikov\u201c- I. etapa | M\u00fazeum Trebi\u0161ov - Ka\u0161tie\u013e Andr\u00e1ssyovcov\",\"isPartOf\":{\"@id\":\"https:\/\/www.muzeumtrebisov.sk\/#website\"},\"primaryImageOfPage\":{\"@id\":\"https:\/\/www.muzeumtrebisov.sk\/blog\/zrestaurovany-subor-lajblikov-zachrana-tradicnychderegalov-lajbikov-lajblikov-zivotikov\/#primaryimage\"},\"datePublished\":\"2025-04-15T12:34:08+00:00\",\"dateModified\":\"2026-04-08T09:16:37+00:00\",\"breadcrumb\":{\"@id\":\"https:\/\/www.muzeumtrebisov.sk\/blog\/zrestaurovany-subor-lajblikov-zachrana-tradicnychderegalov-lajbikov-lajblikov-zivotikov\/#breadcrumb\"},\"inLanguage\":\"hu\",\"potentialAction\":[{\"@type\":\"ReadAction\",\"target\":[\"https:\/\/www.muzeumtrebisov.sk\/blog\/zrestaurovany-subor-lajblikov-zachrana-tradicnychderegalov-lajbikov-lajblikov-zivotikov\/\"]}]},{\"@type\":\"BreadcrumbList\",\"@id\":\"https:\/\/www.muzeumtrebisov.sk\/blog\/zrestaurovany-subor-lajblikov-zachrana-tradicnychderegalov-lajbikov-lajblikov-zivotikov\/#breadcrumb\",\"itemListElement\":[{\"@type\":\"ListItem\",\"position\":1,\"name\":\"Home\",\"item\":\"https:\/\/www.muzeumtrebisov.sk\/\"},{\"@type\":\"ListItem\",\"position\":2,\"name\":\"Zre\u0161taurovan\u00fd s\u00fabor lajbl\u00edkov \u201eZ\u00e1chrana tradi\u010dn\u00fdch\u201ederega\u013eov\/lajb\u00edkov\/lajbl\u00edkov\/\u017eiv\u00f4tikov\u201c- I. etapa\"}]},{\"@type\":\"Article\",\"@id\":\"https:\/\/www.muzeumtrebisov.sk\/blog\/zrestaurovany-subor-lajblikov-zachrana-tradicnychderegalov-lajbikov-lajblikov-zivotikov\/#article\",\"isPartOf\":{\"@id\":\"https:\/\/www.muzeumtrebisov.sk\/blog\/zrestaurovany-subor-lajblikov-zachrana-tradicnychderegalov-lajbikov-lajblikov-zivotikov\/#webpage\"},\"author\":{\"@id\":\"https:\/\/www.muzeumtrebisov.sk\/#\/schema\/person\/e020f4c0852b191613d063438d60ae6b\"},\"headline\":\"Zre\u0161taurovan\u00fd s\u00fabor lajbl\u00edkov \u201eZ\u00e1chrana tradi\u010dn\u00fdch\u201ederega\u013eov\/lajb\u00edkov\/lajbl\u00edkov\/\u017eiv\u00f4tikov\u201c- I. etapa\",\"datePublished\":\"2025-04-15T12:34:08+00:00\",\"dateModified\":\"2026-04-08T09:16:37+00:00\",\"mainEntityOfPage\":{\"@id\":\"https:\/\/www.muzeumtrebisov.sk\/blog\/zrestaurovany-subor-lajblikov-zachrana-tradicnychderegalov-lajbikov-lajblikov-zivotikov\/#webpage\"},\"wordCount\":669,\"commentCount\":0,\"publisher\":{\"@id\":\"https:\/\/www.muzeumtrebisov.sk\/#organization\"},\"image\":{\"@id\":\"https:\/\/www.muzeumtrebisov.sk\/blog\/zrestaurovany-subor-lajblikov-zachrana-tradicnychderegalov-lajbikov-lajblikov-zivotikov\/#primaryimage\"},\"thumbnailUrl\":\"https:\/\/www.muzeumtrebisov.sk\/wp-content\/uploads\/2025\/04\/lajbliky-foto-scaled.jpg\",\"articleSection\":[\"Blog\",\"M\u00fazeum\"],\"inLanguage\":\"hu\",\"potentialAction\":[{\"@type\":\"CommentAction\",\"name\":\"Comment\",\"target\":[\"https:\/\/www.muzeumtrebisov.sk\/blog\/zrestaurovany-subor-lajblikov-zachrana-tradicnychderegalov-lajbikov-lajblikov-zivotikov\/#respond\"]}]},{\"@type\":\"Person\",\"@id\":\"https:\/\/www.muzeumtrebisov.sk\/#\/schema\/person\/e020f4c0852b191613d063438d60ae6b\",\"name\":\"muzeumtvadmin\",\"image\":{\"@type\":\"ImageObject\",\"@id\":\"https:\/\/www.muzeumtrebisov.sk\/#personlogo\",\"inLanguage\":\"hu\",\"url\":\"https:\/\/secure.gravatar.com\/avatar\/115030f8384675efad0cc99183d7cd51?s=96&d=mm&r=g\",\"contentUrl\":\"https:\/\/secure.gravatar.com\/avatar\/115030f8384675efad0cc99183d7cd51?s=96&d=mm&r=g\",\"caption\":\"muzeumtvadmin\"},\"sameAs\":[\"https:\/\/www.muzeumtrebisov.sk\"],\"url\":\"https:\/\/www.muzeumtrebisov.sk\/hu\/author\/muzeumtvadmin\/\"}]}<\/script>\n<!-- \/ Yoast SEO plugin. -->","yoast_head_json":{"title":"Zre\u0161taurovan\u00fd s\u00fabor lajbl\u00edkov \u201eZ\u00e1chrana tradi\u010dn\u00fdch\u201ederega\u013eov\/lajb\u00edkov\/lajbl\u00edkov\/\u017eiv\u00f4tikov\u201c- I. etapa | M\u00fazeum Trebi\u0161ov - Ka\u0161tie\u013e Andr\u00e1ssyovcov","robots":{"index":"index","follow":"follow","max-snippet":"max-snippet:-1","max-image-preview":"max-image-preview:large","max-video-preview":"max-video-preview:-1"},"canonical":"https:\/\/www.muzeumtrebisov.sk\/hu\/blog\/zrestaurovany-subor-lajblikov-zachrana-tradicnychderegalov-lajbikov-lajblikov-zivotikov\/","og_locale":"hu_HU","og_type":"article","og_title":"Zre\u0161taurovan\u00fd s\u00fabor lajbl\u00edkov \u201eZ\u00e1chrana tradi\u010dn\u00fdch\u201ederega\u013eov\/lajb\u00edkov\/lajbl\u00edkov\/\u017eiv\u00f4tikov\u201c- I. etapa | M\u00fazeum Trebi\u0161ov - Ka\u0161tie\u013e Andr\u00e1ssyovcov","og_description":"Projekt podporili: Zre\u0161taurovan\u00fd s\u00fabor lajbl\u00edkov \u201eZ\u00e1chrana tradi\u010dn\u00fdch\u201ederega\u013eov\/lajb\u00edkov\/lajbl\u00edkov\/\u017eiv\u00f4tikov\u201c- I. etapa Postup zre\u0161taurovania s\u00faboru 7 zbierkov\u00fdch predmetov \u2013 lajbl\u00edkov poch\u00e1dzaj\u00facich z obdobia 20. storo\u010dia. Opis s\u00faboru zbierkov\u00fdch predmetov \u017densk\u00e9, diev\u010densk\u00e9 a mu\u017esk\u00e9 lajbl\u00edky, miestne ozna\u010dovan\u00e9 aj ako \u201ederega\u013ee, lajbiky a \u017eiv\u00f4tiky poch\u00e1dzaj\u00face z oblasti ju\u017en\u00e9ho Zempl\u00edna \u2013 konkr\u00e9tne z mesta Trebi\u0161ov a dediniek \u00dapor a Zempl\u00ednske Hradi\u0161te,","og_url":"https:\/\/www.muzeumtrebisov.sk\/hu\/blog\/zrestaurovany-subor-lajblikov-zachrana-tradicnychderegalov-lajbikov-lajblikov-zivotikov\/","og_site_name":"M\u00fazeum Trebi\u0161ov - Ka\u0161tie\u013e Andr\u00e1ssyovcov","article_publisher":"https:\/\/www.facebook.com\/muzeumtvkastielandrassyovcov","article_published_time":"2025-04-15T12:34:08+00:00","article_modified_time":"2026-04-08T09:16:37+00:00","og_image":[{"width":2560,"height":1440,"url":"https:\/\/www.muzeumtrebisov.sk\/wp-content\/uploads\/2025\/04\/lajbliky-foto-scaled.jpg","type":"image\/jpeg"}],"twitter_card":"summary_large_image","twitter_misc":{"Szerz\u0151:":"muzeumtvadmin","Becs\u00fclt olvas\u00e1si id\u0151":"1 perc"},"schema":{"@context":"https:\/\/schema.org","@graph":[{"@type":"Organization","@id":"https:\/\/www.muzeumtrebisov.sk\/#organization","name":"M\u00fazeum Trebi\u0161ov - Ka\u0161tie\u013e Andr\u00e1ssyovcov","url":"https:\/\/www.muzeumtrebisov.sk\/","sameAs":["https:\/\/www.facebook.com\/muzeumtvkastielandrassyovcov","https:\/\/www.instagram.com\/muzeumtrebisovkastielandrassy\/","https:\/\/www.youtube.com\/channel\/UCprfZHvPNIxqZ2IHCDwfv1w"],"logo":{"@type":"ImageObject","@id":"https:\/\/www.muzeumtrebisov.sk\/#logo","inLanguage":"hu","url":"https:\/\/www.muzeumtrebisov.sk\/wp-content\/uploads\/2022\/04\/dual-logo-color-hor.png","contentUrl":"https:\/\/www.muzeumtrebisov.sk\/wp-content\/uploads\/2022\/04\/dual-logo-color-hor.png","width":749,"height":140,"caption":"M\u00fazeum Trebi\u0161ov - Ka\u0161tie\u013e Andr\u00e1ssyovcov"},"image":{"@id":"https:\/\/www.muzeumtrebisov.sk\/#logo"}},{"@type":"WebSite","@id":"https:\/\/www.muzeumtrebisov.sk\/#website","url":"https:\/\/www.muzeumtrebisov.sk\/","name":"M\u00fazeum Trebi\u0161ov - Ka\u0161tie\u013e Andr\u00e1ssyovcov","description":"Hist\u00f3ria Andr\u00e1ssyovcov a ju\u017en\u00e9ho Zempl\u00edna","publisher":{"@id":"https:\/\/www.muzeumtrebisov.sk\/#organization"},"potentialAction":[{"@type":"SearchAction","target":{"@type":"EntryPoint","urlTemplate":"https:\/\/www.muzeumtrebisov.sk\/?s={search_term_string}"},"query-input":"required name=search_term_string"}],"inLanguage":"hu"},{"@type":"ImageObject","@id":"https:\/\/www.muzeumtrebisov.sk\/blog\/zrestaurovany-subor-lajblikov-zachrana-tradicnychderegalov-lajbikov-lajblikov-zivotikov\/#primaryimage","inLanguage":"hu","url":"https:\/\/www.muzeumtrebisov.sk\/wp-content\/uploads\/2025\/04\/lajbliky-foto-scaled.jpg","contentUrl":"https:\/\/www.muzeumtrebisov.sk\/wp-content\/uploads\/2025\/04\/lajbliky-foto-scaled.jpg","width":2560,"height":1440},{"@type":"WebPage","@id":"https:\/\/www.muzeumtrebisov.sk\/blog\/zrestaurovany-subor-lajblikov-zachrana-tradicnychderegalov-lajbikov-lajblikov-zivotikov\/#webpage","url":"https:\/\/www.muzeumtrebisov.sk\/blog\/zrestaurovany-subor-lajblikov-zachrana-tradicnychderegalov-lajbikov-lajblikov-zivotikov\/","name":"Zre\u0161taurovan\u00fd s\u00fabor lajbl\u00edkov \u201eZ\u00e1chrana tradi\u010dn\u00fdch\u201ederega\u013eov\/lajb\u00edkov\/lajbl\u00edkov\/\u017eiv\u00f4tikov\u201c- I. etapa | M\u00fazeum Trebi\u0161ov - Ka\u0161tie\u013e Andr\u00e1ssyovcov","isPartOf":{"@id":"https:\/\/www.muzeumtrebisov.sk\/#website"},"primaryImageOfPage":{"@id":"https:\/\/www.muzeumtrebisov.sk\/blog\/zrestaurovany-subor-lajblikov-zachrana-tradicnychderegalov-lajbikov-lajblikov-zivotikov\/#primaryimage"},"datePublished":"2025-04-15T12:34:08+00:00","dateModified":"2026-04-08T09:16:37+00:00","breadcrumb":{"@id":"https:\/\/www.muzeumtrebisov.sk\/blog\/zrestaurovany-subor-lajblikov-zachrana-tradicnychderegalov-lajbikov-lajblikov-zivotikov\/#breadcrumb"},"inLanguage":"hu","potentialAction":[{"@type":"ReadAction","target":["https:\/\/www.muzeumtrebisov.sk\/blog\/zrestaurovany-subor-lajblikov-zachrana-tradicnychderegalov-lajbikov-lajblikov-zivotikov\/"]}]},{"@type":"BreadcrumbList","@id":"https:\/\/www.muzeumtrebisov.sk\/blog\/zrestaurovany-subor-lajblikov-zachrana-tradicnychderegalov-lajbikov-lajblikov-zivotikov\/#breadcrumb","itemListElement":[{"@type":"ListItem","position":1,"name":"Home","item":"https:\/\/www.muzeumtrebisov.sk\/"},{"@type":"ListItem","position":2,"name":"Zre\u0161taurovan\u00fd s\u00fabor lajbl\u00edkov \u201eZ\u00e1chrana tradi\u010dn\u00fdch\u201ederega\u013eov\/lajb\u00edkov\/lajbl\u00edkov\/\u017eiv\u00f4tikov\u201c- I. etapa"}]},{"@type":"Article","@id":"https:\/\/www.muzeumtrebisov.sk\/blog\/zrestaurovany-subor-lajblikov-zachrana-tradicnychderegalov-lajbikov-lajblikov-zivotikov\/#article","isPartOf":{"@id":"https:\/\/www.muzeumtrebisov.sk\/blog\/zrestaurovany-subor-lajblikov-zachrana-tradicnychderegalov-lajbikov-lajblikov-zivotikov\/#webpage"},"author":{"@id":"https:\/\/www.muzeumtrebisov.sk\/#\/schema\/person\/e020f4c0852b191613d063438d60ae6b"},"headline":"Zre\u0161taurovan\u00fd s\u00fabor lajbl\u00edkov \u201eZ\u00e1chrana tradi\u010dn\u00fdch\u201ederega\u013eov\/lajb\u00edkov\/lajbl\u00edkov\/\u017eiv\u00f4tikov\u201c- I. etapa","datePublished":"2025-04-15T12:34:08+00:00","dateModified":"2026-04-08T09:16:37+00:00","mainEntityOfPage":{"@id":"https:\/\/www.muzeumtrebisov.sk\/blog\/zrestaurovany-subor-lajblikov-zachrana-tradicnychderegalov-lajbikov-lajblikov-zivotikov\/#webpage"},"wordCount":669,"commentCount":0,"publisher":{"@id":"https:\/\/www.muzeumtrebisov.sk\/#organization"},"image":{"@id":"https:\/\/www.muzeumtrebisov.sk\/blog\/zrestaurovany-subor-lajblikov-zachrana-tradicnychderegalov-lajbikov-lajblikov-zivotikov\/#primaryimage"},"thumbnailUrl":"https:\/\/www.muzeumtrebisov.sk\/wp-content\/uploads\/2025\/04\/lajbliky-foto-scaled.jpg","articleSection":["Blog","M\u00fazeum"],"inLanguage":"hu","potentialAction":[{"@type":"CommentAction","name":"Comment","target":["https:\/\/www.muzeumtrebisov.sk\/blog\/zrestaurovany-subor-lajblikov-zachrana-tradicnychderegalov-lajbikov-lajblikov-zivotikov\/#respond"]}]},{"@type":"Person","@id":"https:\/\/www.muzeumtrebisov.sk\/#\/schema\/person\/e020f4c0852b191613d063438d60ae6b","name":"muzeumtvadmin","image":{"@type":"ImageObject","@id":"https:\/\/www.muzeumtrebisov.sk\/#personlogo","inLanguage":"hu","url":"https:\/\/secure.gravatar.com\/avatar\/115030f8384675efad0cc99183d7cd51?s=96&d=mm&r=g","contentUrl":"https:\/\/secure.gravatar.com\/avatar\/115030f8384675efad0cc99183d7cd51?s=96&d=mm&r=g","caption":"muzeumtvadmin"},"sameAs":["https:\/\/www.muzeumtrebisov.sk"],"url":"https:\/\/www.muzeumtrebisov.sk\/hu\/author\/muzeumtvadmin\/"}]}},"_links":{"self":[{"href":"https:\/\/www.muzeumtrebisov.sk\/hu\/wp-json\/wp\/v2\/posts\/7218"}],"collection":[{"href":"https:\/\/www.muzeumtrebisov.sk\/hu\/wp-json\/wp\/v2\/posts"}],"about":[{"href":"https:\/\/www.muzeumtrebisov.sk\/hu\/wp-json\/wp\/v2\/types\/post"}],"author":[{"embeddable":true,"href":"https:\/\/www.muzeumtrebisov.sk\/hu\/wp-json\/wp\/v2\/users\/1"}],"replies":[{"embeddable":true,"href":"https:\/\/www.muzeumtrebisov.sk\/hu\/wp-json\/wp\/v2\/comments?post=7218"}],"version-history":[{"count":6,"href":"https:\/\/www.muzeumtrebisov.sk\/hu\/wp-json\/wp\/v2\/posts\/7218\/revisions"}],"predecessor-version":[{"id":8267,"href":"https:\/\/www.muzeumtrebisov.sk\/hu\/wp-json\/wp\/v2\/posts\/7218\/revisions\/8267"}],"wp:featuredmedia":[{"embeddable":true,"href":"https:\/\/www.muzeumtrebisov.sk\/hu\/wp-json\/wp\/v2\/media\/7229"}],"wp:attachment":[{"href":"https:\/\/www.muzeumtrebisov.sk\/hu\/wp-json\/wp\/v2\/media?parent=7218"}],"wp:term":[{"taxonomy":"category","embeddable":true,"href":"https:\/\/www.muzeumtrebisov.sk\/hu\/wp-json\/wp\/v2\/categories?post=7218"},{"taxonomy":"post_tag","embeddable":true,"href":"https:\/\/www.muzeumtrebisov.sk\/hu\/wp-json\/wp\/v2\/tags?post=7218"}],"curies":[{"name":"wp","href":"https:\/\/api.w.org\/{rel}","templated":true}]}}