{"id":7170,"date":"2025-04-05T17:35:46","date_gmt":"2025-04-05T15:35:46","guid":{"rendered":"https:\/\/www.muzeumtrebisov.sk\/?p=7170"},"modified":"2025-04-08T13:18:06","modified_gmt":"2025-04-08T11:18:06","slug":"xxvii-divadelny-trebisov","status":"publish","type":"post","link":"https:\/\/www.muzeumtrebisov.sk\/hu\/nezaradene\/xxvii-divadelny-trebisov\/","title":{"rendered":"XXVII. Divadeln\u00fd Trebi\u0161ov"},"content":{"rendered":"<p>M\u00fazeum a Kult\u00farne centrum ju\u017en\u00e9ho Zempl\u00edna v Trebi\u0161ove, kult\u00farne zariadenie Ko\u0161ick\u00e9ho samospr\u00e1vneho kraja, zorganizovalo v d\u0148och 3. 4. 2025 a\u017e 5. 4. 2025 v porad\u00ed u\u017e&nbsp; 27. ro\u010dn\u00edk krajskej s\u00fa\u0165a\u017enej prehliadky amat\u00e9rskeho divadla mlad\u00fdch a amat\u00e9rskeho divadla dospel\u00fdch s n\u00e1zvom XXVII. Divadeln\u00fd Trebi\u0161ov. Mal\u00e1 krajsk\u00e1 sc\u00e9nick\u00e1 \u017eatva ochotn\u00edckych divadeln\u00fdch s\u00faborov Ko\u0161ick\u00e9ho kraja. Prehliadka prebehla v priestoroch divadelnej s\u00e1ly Mestsk\u00e9ho kult\u00farneho strediska v Trebi\u0161ove.<\/p>\n\n\n\n<p>Toto podujatie je koncipovan\u00e9 ako postupov\u00e1 s\u00fa\u0165a\u017en\u00e1 prehliadka , z ktorej v\u00ed\u0165azi postupuj\u00fa na celo\u0161t\u00e1tnu s\u00fa\u0165a\u017en\u00fa prehliadku Belopotock\u00e9ho Mikul\u00e1\u0161 2025 \u2013 Liptovsk\u00fd Mikul\u00e1\u0161 a FEDIM 2025 &#8211; Nitra. Vyhlasovate\u013eom a odborn\u00fdm garantom s\u00fa\u0165a\u017ee je N\u00e1rodn\u00e9 osvetov\u00e9 centrum Bratislava, ktor\u00e9 je i&nbsp;hlavn\u00fdm finan\u010dn\u00fdm partnerom. Spoluorganiz\u00e1torom podujatia je aj mesto Trebi\u0161ov a&nbsp;MsKS v Trebi\u0161ove.<\/p>\n\n\n\n<p>Prehliadky sa z\u00fa\u010dastnilo dev\u00e4\u0165 ochotn\u00edckych divadeln\u00fdch s\u00faborov z&nbsp;Michaloviec (2), Ko\u0161\u00edc (5), Trebi\u0161ova (1) a Jakloviec (1). Hodnotenie v\u00fdkonov s\u00fa\u0165a\u017eiacich mala na starosti odborn\u00e1 porota v zlo\u017een\u00ed: Mgr. Al\u017ebeta Vere\u0161pejov\u00e1&nbsp; PhD.,&nbsp; Mgr. Mari\u00e1n Lacko&nbsp; a doc. PhDr. Miron Pukan, PhD., ktor\u00fd bol z\u00e1rove\u0148 aj jej predsedom. Po \u0165a\u017ekom rozhodovan\u00ed a&nbsp;zva\u017eovan\u00ed sa odborn\u00e1 porota rozhodla nasledovne:&nbsp;<\/p>\n\n\n\n<p style=\"font-size:23px\"><strong>FEDIM 2025 <\/strong>&#8211; Nitra (divadlo mlad\u00fdch)<\/p>\n\n\n\n<p>Zlat\u00e9 p\u00e1smo s&nbsp;priamym postupom : <strong>DS MALINOV\u00dd KOMPROMIS &nbsp;KO\u0160ICE\u2013 PID\u017dO\u0147<\/strong><\/p>\n\n\n\n<p>Strieborn\u00e9 p\u00e1smo: <strong>DIVADLO PRI FONT\u00c1NE \/ MLAD\u00cd&nbsp; MICHALOVCE\u2013 GELI<\/strong><\/p>\n\n\n\n<p><\/p>\n\n\n\n<p><\/p>\n\n\n\n<p style=\"font-size:23px\"><strong>Belopotock\u00e9ho Mikul\u00e1\u0161 2025<\/strong> &#8211; Liptovsk\u00fd Mikul\u00e1\u0161 (divadlo dospel\u00fdch)<\/p>\n\n\n\n<p>Zlat\u00e9 p\u00e1smo s&nbsp;priamym postupom: <strong>DIVADLO G TREBI\u0160OV\u2013 HROBKA S&nbsp;V\u00ddH\u013dADOM<\/strong><\/p>\n\n\n\n<p>Zlat\u00e9 p\u00e1smo s&nbsp;n\u00e1vrhom na postup: <strong>DIVADLO PRI FONT\u00c1NE MICHALOVCE \u2013&nbsp;&nbsp;&nbsp;&nbsp; SEDEM TV\u00c1R\u00cd MATA HARI<\/strong><\/p>\n\n\n\n<p>Zlat\u00e9 p\u00e1smo s&nbsp;n\u00e1vrhom na postup: <strong>DIVADLO P.A. KO\u0160ICE &#8211; TERAPIA TMOU<\/strong><\/p>\n\n\n\n<p>Strieborn\u00e9 p\u00e1smo:&nbsp;<strong>DIVADLO MIL\u00c9NIUM KO\u0160ICE &#8211; L\u00c1SKA, L\u00c1SKA, L\u00c1SKA&#8230;<\/strong><\/p>\n\n\n\n<p><strong>&nbsp;&nbsp;&nbsp;&nbsp;&nbsp;&nbsp;&nbsp;&nbsp;&nbsp;&nbsp;&nbsp;&nbsp;&nbsp;&nbsp;&nbsp;&nbsp;&nbsp;&nbsp;&nbsp;&nbsp;&nbsp;&nbsp;&nbsp;&nbsp;&nbsp;&nbsp; &nbsp;&nbsp;&nbsp;&nbsp;&nbsp; DIVADLO ACTOR KO\u0160ICE &#8211; MEGY A&nbsp;LULA<\/strong><\/p>\n\n\n\n<p><strong>&nbsp;&nbsp;&nbsp;&nbsp;&nbsp;&nbsp;&nbsp;&nbsp;&nbsp;&nbsp;&nbsp;&nbsp;&nbsp;&nbsp;&nbsp;&nbsp;&nbsp;&nbsp;&nbsp; &nbsp;&nbsp;&nbsp;&nbsp;&nbsp; &nbsp;&nbsp;&nbsp;&nbsp;&nbsp; &nbsp;DS J. G. TAJOVSK\u00c9HO JAKLOVCE :&nbsp; STATKY \u2013 ZM\u00c4TKY<\/strong><\/p>\n\n\n\n<p>Bronzov\u00e9 p\u00e1smo:&nbsp; <strong>DIVADLO NAD VECOU KO\u0160ICE &#8211; Z\u00c1KON L\u00c1SKY<\/strong><\/p>\n\n\n\n<p><strong>\u0160peci\u00e1lna cena:<\/strong> <strong>Katar\u00edne Varechovej za autorsk\u00fd scen\u00e1r&nbsp; hry&nbsp; SEDEM TV\u00c1R\u00cd MATA HARI<\/strong><\/p>\n\n\n\n<p><\/p>\n\n\n\n<h2>  <\/h2>\n\n\n\n<p class=\"has-text-align-center has-text-color\" style=\"color:#060077;font-size:20px\"><strong>Zahlasuj za svojho favorita a podpor jeho tvorbu. Ak chce\u0161 hlasova\u0165 za svojho favorita v s\u00fa\u0165a\u017ei neprofesion\u00e1lnych umelcov XXVII. Divadeln\u00fd Trebi\u0161ov na str\u00e1nke talentykraja.sk, postupuj pod\u013ea t\u00fdchto krokov:<\/strong><\/p>\n\n\n<div class=\"wp-block-image\">\n<figure class=\"aligncenter size-large\"><img loading=\"lazy\" width=\"722\" height=\"1024\" src=\"https:\/\/www.muzeumtrebisov.sk\/wp-content\/uploads\/2025\/04\/talenty--722x1024.jpg\" alt=\"\" class=\"wp-image-7189\" srcset=\"https:\/\/www.muzeumtrebisov.sk\/wp-content\/uploads\/2025\/04\/talenty--722x1024.jpg 722w, https:\/\/www.muzeumtrebisov.sk\/wp-content\/uploads\/2025\/04\/talenty--212x300.jpg 212w, https:\/\/www.muzeumtrebisov.sk\/wp-content\/uploads\/2025\/04\/talenty--768x1089.jpg 768w, https:\/\/www.muzeumtrebisov.sk\/wp-content\/uploads\/2025\/04\/talenty--1083x1536.jpg 1083w, https:\/\/www.muzeumtrebisov.sk\/wp-content\/uploads\/2025\/04\/talenty--1444x2048.jpg 1444w, https:\/\/www.muzeumtrebisov.sk\/wp-content\/uploads\/2025\/04\/talenty--8x12.jpg 8w, https:\/\/www.muzeumtrebisov.sk\/wp-content\/uploads\/2025\/04\/talenty--500x709.jpg 500w, https:\/\/www.muzeumtrebisov.sk\/wp-content\/uploads\/2025\/04\/talenty--800x1134.jpg 800w, https:\/\/www.muzeumtrebisov.sk\/wp-content\/uploads\/2025\/04\/talenty--1280x1815.jpg 1280w, https:\/\/www.muzeumtrebisov.sk\/wp-content\/uploads\/2025\/04\/talenty--1920x2723.jpg 1920w, https:\/\/www.muzeumtrebisov.sk\/wp-content\/uploads\/2025\/04\/talenty--600x851.jpg 600w, https:\/\/www.muzeumtrebisov.sk\/wp-content\/uploads\/2025\/04\/talenty--scaled.jpg 1805w\" sizes=\"(max-width: 722px) 100vw, 722px\" \/><\/figure><\/div>","protected":false},"excerpt":{"rendered":"<p>M\u00fazeum a Kult\u00farne centrum ju\u017en\u00e9ho Zempl\u00edna v Trebi\u0161ove, kult\u00farne zariadenie Ko\u0161ick\u00e9ho samospr\u00e1vneho kraja, zorganizovalo v d\u0148och 3. 4. 2025 a\u017e 5. 4. 2025 v porad\u00ed u\u017e&nbsp; 27. ro\u010dn\u00edk krajskej s\u00fa\u0165a\u017enej prehliadky amat\u00e9rskeho divadla mlad\u00fdch a amat\u00e9rskeho divadla dospel\u00fdch s n\u00e1zvom XXVII. Divadeln\u00fd Trebi\u0161ov. Mal\u00e1 krajsk\u00e1 sc\u00e9nick\u00e1 \u017eatva ochotn\u00edckych divadeln\u00fdch s\u00faborov Ko\u0161ick\u00e9ho kraja. Prehliadka prebehla v<\/p>","protected":false},"author":7,"featured_media":7111,"comment_status":"open","ping_status":"open","sticky":false,"template":"","format":"standard","meta":{"om_disable_all_campaigns":false,"_vp_format_video_url":"","_vp_image_focal_point":[]},"categories":[1],"tags":[],"aioseo_notices":[],"yoast_head":"<!-- This site is optimized with the Yoast SEO plugin v18.5.1 - https:\/\/yoast.com\/wordpress\/plugins\/seo\/ -->\n<title>XXVII. Divadeln\u00fd Trebi\u0161ov | M\u00fazeum Trebi\u0161ov - Ka\u0161tie\u013e Andr\u00e1ssyovcov<\/title>\n<meta name=\"robots\" content=\"index, follow, max-snippet:-1, max-image-preview:large, max-video-preview:-1\" \/>\n<link rel=\"canonical\" href=\"https:\/\/www.muzeumtrebisov.sk\/hu\/nezaradene\/xxvii-divadelny-trebisov\/\" \/>\n<meta property=\"og:locale\" content=\"hu_HU\" \/>\n<meta property=\"og:type\" content=\"article\" \/>\n<meta property=\"og:title\" content=\"XXVII. Divadeln\u00fd Trebi\u0161ov | M\u00fazeum Trebi\u0161ov - Ka\u0161tie\u013e Andr\u00e1ssyovcov\" \/>\n<meta property=\"og:description\" content=\"M\u00fazeum a Kult\u00farne centrum ju\u017en\u00e9ho Zempl\u00edna v Trebi\u0161ove, kult\u00farne zariadenie Ko\u0161ick\u00e9ho samospr\u00e1vneho kraja, zorganizovalo v d\u0148och 3. 4. 2025 a\u017e 5. 4. 2025 v porad\u00ed u\u017e&nbsp; 27. ro\u010dn\u00edk krajskej s\u00fa\u0165a\u017enej prehliadky amat\u00e9rskeho divadla mlad\u00fdch a amat\u00e9rskeho divadla dospel\u00fdch s n\u00e1zvom XXVII. Divadeln\u00fd Trebi\u0161ov. Mal\u00e1 krajsk\u00e1 sc\u00e9nick\u00e1 \u017eatva ochotn\u00edckych divadeln\u00fdch s\u00faborov Ko\u0161ick\u00e9ho kraja. Prehliadka prebehla v\" \/>\n<meta property=\"og:url\" content=\"https:\/\/www.muzeumtrebisov.sk\/hu\/nezaradene\/xxvii-divadelny-trebisov\/\" \/>\n<meta property=\"og:site_name\" content=\"M\u00fazeum Trebi\u0161ov - Ka\u0161tie\u013e Andr\u00e1ssyovcov\" \/>\n<meta property=\"article:publisher\" content=\"https:\/\/www.facebook.com\/muzeumtvkastielandrassyovcov\" \/>\n<meta property=\"article:published_time\" content=\"2025-04-05T15:35:46+00:00\" \/>\n<meta property=\"article:modified_time\" content=\"2025-04-08T11:18:06+00:00\" \/>\n<meta property=\"og:image\" content=\"https:\/\/www.muzeumtrebisov.sk\/wp-content\/uploads\/2025\/03\/Divadelny-Trebisov-2025.jpg\" \/>\n\t<meta property=\"og:image:width\" content=\"1736\" \/>\n\t<meta property=\"og:image:height\" content=\"2455\" \/>\n\t<meta property=\"og:image:type\" content=\"image\/jpeg\" \/>\n<meta name=\"twitter:card\" content=\"summary_large_image\" \/>\n<meta name=\"twitter:label1\" content=\"Szerz\u0151:\" \/>\n\t<meta name=\"twitter:data1\" content=\"Zuzana Pavlov\u00e1\" \/>\n\t<meta name=\"twitter:label2\" content=\"Becs\u00fclt olvas\u00e1si id\u0151\" \/>\n\t<meta name=\"twitter:data2\" content=\"2 perc\" \/>\n<script type=\"application\/ld+json\" class=\"yoast-schema-graph\">{\"@context\":\"https:\/\/schema.org\",\"@graph\":[{\"@type\":\"Organization\",\"@id\":\"https:\/\/www.muzeumtrebisov.sk\/#organization\",\"name\":\"M\u00fazeum Trebi\u0161ov - Ka\u0161tie\u013e Andr\u00e1ssyovcov\",\"url\":\"https:\/\/www.muzeumtrebisov.sk\/\",\"sameAs\":[\"https:\/\/www.facebook.com\/muzeumtvkastielandrassyovcov\",\"https:\/\/www.instagram.com\/muzeumtrebisovkastielandrassy\/\",\"https:\/\/www.youtube.com\/channel\/UCprfZHvPNIxqZ2IHCDwfv1w\"],\"logo\":{\"@type\":\"ImageObject\",\"@id\":\"https:\/\/www.muzeumtrebisov.sk\/#logo\",\"inLanguage\":\"hu\",\"url\":\"https:\/\/www.muzeumtrebisov.sk\/wp-content\/uploads\/2022\/04\/dual-logo-color-hor.png\",\"contentUrl\":\"https:\/\/www.muzeumtrebisov.sk\/wp-content\/uploads\/2022\/04\/dual-logo-color-hor.png\",\"width\":749,\"height\":140,\"caption\":\"M\u00fazeum Trebi\u0161ov - Ka\u0161tie\u013e Andr\u00e1ssyovcov\"},\"image\":{\"@id\":\"https:\/\/www.muzeumtrebisov.sk\/#logo\"}},{\"@type\":\"WebSite\",\"@id\":\"https:\/\/www.muzeumtrebisov.sk\/#website\",\"url\":\"https:\/\/www.muzeumtrebisov.sk\/\",\"name\":\"M\u00fazeum Trebi\u0161ov - Ka\u0161tie\u013e Andr\u00e1ssyovcov\",\"description\":\"Hist\u00f3ria Andr\u00e1ssyovcov a ju\u017en\u00e9ho Zempl\u00edna\",\"publisher\":{\"@id\":\"https:\/\/www.muzeumtrebisov.sk\/#organization\"},\"potentialAction\":[{\"@type\":\"SearchAction\",\"target\":{\"@type\":\"EntryPoint\",\"urlTemplate\":\"https:\/\/www.muzeumtrebisov.sk\/?s={search_term_string}\"},\"query-input\":\"required name=search_term_string\"}],\"inLanguage\":\"hu\"},{\"@type\":\"ImageObject\",\"@id\":\"https:\/\/www.muzeumtrebisov.sk\/nezaradene\/xxvii-divadelny-trebisov\/#primaryimage\",\"inLanguage\":\"hu\",\"url\":\"https:\/\/www.muzeumtrebisov.sk\/wp-content\/uploads\/2025\/03\/Divadelny-Trebisov-2025.jpg\",\"contentUrl\":\"https:\/\/www.muzeumtrebisov.sk\/wp-content\/uploads\/2025\/03\/Divadelny-Trebisov-2025.jpg\",\"width\":1736,\"height\":2455},{\"@type\":\"WebPage\",\"@id\":\"https:\/\/www.muzeumtrebisov.sk\/nezaradene\/xxvii-divadelny-trebisov\/#webpage\",\"url\":\"https:\/\/www.muzeumtrebisov.sk\/nezaradene\/xxvii-divadelny-trebisov\/\",\"name\":\"XXVII. Divadeln\u00fd Trebi\u0161ov | M\u00fazeum Trebi\u0161ov - Ka\u0161tie\u013e Andr\u00e1ssyovcov\",\"isPartOf\":{\"@id\":\"https:\/\/www.muzeumtrebisov.sk\/#website\"},\"primaryImageOfPage\":{\"@id\":\"https:\/\/www.muzeumtrebisov.sk\/nezaradene\/xxvii-divadelny-trebisov\/#primaryimage\"},\"datePublished\":\"2025-04-05T15:35:46+00:00\",\"dateModified\":\"2025-04-08T11:18:06+00:00\",\"breadcrumb\":{\"@id\":\"https:\/\/www.muzeumtrebisov.sk\/nezaradene\/xxvii-divadelny-trebisov\/#breadcrumb\"},\"inLanguage\":\"hu\",\"potentialAction\":[{\"@type\":\"ReadAction\",\"target\":[\"https:\/\/www.muzeumtrebisov.sk\/nezaradene\/xxvii-divadelny-trebisov\/\"]}]},{\"@type\":\"BreadcrumbList\",\"@id\":\"https:\/\/www.muzeumtrebisov.sk\/nezaradene\/xxvii-divadelny-trebisov\/#breadcrumb\",\"itemListElement\":[{\"@type\":\"ListItem\",\"position\":1,\"name\":\"Home\",\"item\":\"https:\/\/www.muzeumtrebisov.sk\/\"},{\"@type\":\"ListItem\",\"position\":2,\"name\":\"XXVII. Divadeln\u00fd Trebi\u0161ov\"}]},{\"@type\":\"Article\",\"@id\":\"https:\/\/www.muzeumtrebisov.sk\/nezaradene\/xxvii-divadelny-trebisov\/#article\",\"isPartOf\":{\"@id\":\"https:\/\/www.muzeumtrebisov.sk\/nezaradene\/xxvii-divadelny-trebisov\/#webpage\"},\"author\":{\"@id\":\"https:\/\/www.muzeumtrebisov.sk\/#\/schema\/person\/4c9d33ad1585681bd95c62bbd495ff57\"},\"headline\":\"XXVII. Divadeln\u00fd Trebi\u0161ov\",\"datePublished\":\"2025-04-05T15:35:46+00:00\",\"dateModified\":\"2025-04-08T11:18:06+00:00\",\"mainEntityOfPage\":{\"@id\":\"https:\/\/www.muzeumtrebisov.sk\/nezaradene\/xxvii-divadelny-trebisov\/#webpage\"},\"wordCount\":499,\"commentCount\":0,\"publisher\":{\"@id\":\"https:\/\/www.muzeumtrebisov.sk\/#organization\"},\"image\":{\"@id\":\"https:\/\/www.muzeumtrebisov.sk\/nezaradene\/xxvii-divadelny-trebisov\/#primaryimage\"},\"thumbnailUrl\":\"https:\/\/www.muzeumtrebisov.sk\/wp-content\/uploads\/2025\/03\/Divadelny-Trebisov-2025.jpg\",\"articleSection\":[\"Nezaraden\u00e9\"],\"inLanguage\":\"hu\",\"potentialAction\":[{\"@type\":\"CommentAction\",\"name\":\"Comment\",\"target\":[\"https:\/\/www.muzeumtrebisov.sk\/nezaradene\/xxvii-divadelny-trebisov\/#respond\"]}]},{\"@type\":\"Person\",\"@id\":\"https:\/\/www.muzeumtrebisov.sk\/#\/schema\/person\/4c9d33ad1585681bd95c62bbd495ff57\",\"name\":\"Zuzana Pavlov\u00e1\",\"image\":{\"@type\":\"ImageObject\",\"@id\":\"https:\/\/www.muzeumtrebisov.sk\/#personlogo\",\"inLanguage\":\"hu\",\"url\":\"https:\/\/secure.gravatar.com\/avatar\/81f3942ec0447d4f9691fcbf67a6295e?s=96&d=mm&r=g\",\"contentUrl\":\"https:\/\/secure.gravatar.com\/avatar\/81f3942ec0447d4f9691fcbf67a6295e?s=96&d=mm&r=g\",\"caption\":\"Zuzana Pavlov\u00e1\"},\"url\":\"https:\/\/www.muzeumtrebisov.sk\/hu\/author\/zuzanapavlova\/\"}]}<\/script>\n<!-- \/ Yoast SEO plugin. -->","yoast_head_json":{"title":"XXVII. Divadeln\u00fd Trebi\u0161ov | M\u00fazeum Trebi\u0161ov - Ka\u0161tie\u013e Andr\u00e1ssyovcov","robots":{"index":"index","follow":"follow","max-snippet":"max-snippet:-1","max-image-preview":"max-image-preview:large","max-video-preview":"max-video-preview:-1"},"canonical":"https:\/\/www.muzeumtrebisov.sk\/hu\/nezaradene\/xxvii-divadelny-trebisov\/","og_locale":"hu_HU","og_type":"article","og_title":"XXVII. Divadeln\u00fd Trebi\u0161ov | M\u00fazeum Trebi\u0161ov - Ka\u0161tie\u013e Andr\u00e1ssyovcov","og_description":"M\u00fazeum a Kult\u00farne centrum ju\u017en\u00e9ho Zempl\u00edna v Trebi\u0161ove, kult\u00farne zariadenie Ko\u0161ick\u00e9ho samospr\u00e1vneho kraja, zorganizovalo v d\u0148och 3. 4. 2025 a\u017e 5. 4. 2025 v porad\u00ed u\u017e&nbsp; 27. ro\u010dn\u00edk krajskej s\u00fa\u0165a\u017enej prehliadky amat\u00e9rskeho divadla mlad\u00fdch a amat\u00e9rskeho divadla dospel\u00fdch s n\u00e1zvom XXVII. Divadeln\u00fd Trebi\u0161ov. Mal\u00e1 krajsk\u00e1 sc\u00e9nick\u00e1 \u017eatva ochotn\u00edckych divadeln\u00fdch s\u00faborov Ko\u0161ick\u00e9ho kraja. Prehliadka prebehla v","og_url":"https:\/\/www.muzeumtrebisov.sk\/hu\/nezaradene\/xxvii-divadelny-trebisov\/","og_site_name":"M\u00fazeum Trebi\u0161ov - Ka\u0161tie\u013e Andr\u00e1ssyovcov","article_publisher":"https:\/\/www.facebook.com\/muzeumtvkastielandrassyovcov","article_published_time":"2025-04-05T15:35:46+00:00","article_modified_time":"2025-04-08T11:18:06+00:00","og_image":[{"width":1736,"height":2455,"url":"https:\/\/www.muzeumtrebisov.sk\/wp-content\/uploads\/2025\/03\/Divadelny-Trebisov-2025.jpg","type":"image\/jpeg"}],"twitter_card":"summary_large_image","twitter_misc":{"Szerz\u0151:":"Zuzana Pavlov\u00e1","Becs\u00fclt olvas\u00e1si id\u0151":"2 perc"},"schema":{"@context":"https:\/\/schema.org","@graph":[{"@type":"Organization","@id":"https:\/\/www.muzeumtrebisov.sk\/#organization","name":"M\u00fazeum Trebi\u0161ov - Ka\u0161tie\u013e Andr\u00e1ssyovcov","url":"https:\/\/www.muzeumtrebisov.sk\/","sameAs":["https:\/\/www.facebook.com\/muzeumtvkastielandrassyovcov","https:\/\/www.instagram.com\/muzeumtrebisovkastielandrassy\/","https:\/\/www.youtube.com\/channel\/UCprfZHvPNIxqZ2IHCDwfv1w"],"logo":{"@type":"ImageObject","@id":"https:\/\/www.muzeumtrebisov.sk\/#logo","inLanguage":"hu","url":"https:\/\/www.muzeumtrebisov.sk\/wp-content\/uploads\/2022\/04\/dual-logo-color-hor.png","contentUrl":"https:\/\/www.muzeumtrebisov.sk\/wp-content\/uploads\/2022\/04\/dual-logo-color-hor.png","width":749,"height":140,"caption":"M\u00fazeum Trebi\u0161ov - Ka\u0161tie\u013e Andr\u00e1ssyovcov"},"image":{"@id":"https:\/\/www.muzeumtrebisov.sk\/#logo"}},{"@type":"WebSite","@id":"https:\/\/www.muzeumtrebisov.sk\/#website","url":"https:\/\/www.muzeumtrebisov.sk\/","name":"M\u00fazeum Trebi\u0161ov - Ka\u0161tie\u013e Andr\u00e1ssyovcov","description":"Hist\u00f3ria Andr\u00e1ssyovcov a ju\u017en\u00e9ho Zempl\u00edna","publisher":{"@id":"https:\/\/www.muzeumtrebisov.sk\/#organization"},"potentialAction":[{"@type":"SearchAction","target":{"@type":"EntryPoint","urlTemplate":"https:\/\/www.muzeumtrebisov.sk\/?s={search_term_string}"},"query-input":"required name=search_term_string"}],"inLanguage":"hu"},{"@type":"ImageObject","@id":"https:\/\/www.muzeumtrebisov.sk\/nezaradene\/xxvii-divadelny-trebisov\/#primaryimage","inLanguage":"hu","url":"https:\/\/www.muzeumtrebisov.sk\/wp-content\/uploads\/2025\/03\/Divadelny-Trebisov-2025.jpg","contentUrl":"https:\/\/www.muzeumtrebisov.sk\/wp-content\/uploads\/2025\/03\/Divadelny-Trebisov-2025.jpg","width":1736,"height":2455},{"@type":"WebPage","@id":"https:\/\/www.muzeumtrebisov.sk\/nezaradene\/xxvii-divadelny-trebisov\/#webpage","url":"https:\/\/www.muzeumtrebisov.sk\/nezaradene\/xxvii-divadelny-trebisov\/","name":"XXVII. Divadeln\u00fd Trebi\u0161ov | M\u00fazeum Trebi\u0161ov - Ka\u0161tie\u013e Andr\u00e1ssyovcov","isPartOf":{"@id":"https:\/\/www.muzeumtrebisov.sk\/#website"},"primaryImageOfPage":{"@id":"https:\/\/www.muzeumtrebisov.sk\/nezaradene\/xxvii-divadelny-trebisov\/#primaryimage"},"datePublished":"2025-04-05T15:35:46+00:00","dateModified":"2025-04-08T11:18:06+00:00","breadcrumb":{"@id":"https:\/\/www.muzeumtrebisov.sk\/nezaradene\/xxvii-divadelny-trebisov\/#breadcrumb"},"inLanguage":"hu","potentialAction":[{"@type":"ReadAction","target":["https:\/\/www.muzeumtrebisov.sk\/nezaradene\/xxvii-divadelny-trebisov\/"]}]},{"@type":"BreadcrumbList","@id":"https:\/\/www.muzeumtrebisov.sk\/nezaradene\/xxvii-divadelny-trebisov\/#breadcrumb","itemListElement":[{"@type":"ListItem","position":1,"name":"Home","item":"https:\/\/www.muzeumtrebisov.sk\/"},{"@type":"ListItem","position":2,"name":"XXVII. Divadeln\u00fd Trebi\u0161ov"}]},{"@type":"Article","@id":"https:\/\/www.muzeumtrebisov.sk\/nezaradene\/xxvii-divadelny-trebisov\/#article","isPartOf":{"@id":"https:\/\/www.muzeumtrebisov.sk\/nezaradene\/xxvii-divadelny-trebisov\/#webpage"},"author":{"@id":"https:\/\/www.muzeumtrebisov.sk\/#\/schema\/person\/4c9d33ad1585681bd95c62bbd495ff57"},"headline":"XXVII. Divadeln\u00fd Trebi\u0161ov","datePublished":"2025-04-05T15:35:46+00:00","dateModified":"2025-04-08T11:18:06+00:00","mainEntityOfPage":{"@id":"https:\/\/www.muzeumtrebisov.sk\/nezaradene\/xxvii-divadelny-trebisov\/#webpage"},"wordCount":499,"commentCount":0,"publisher":{"@id":"https:\/\/www.muzeumtrebisov.sk\/#organization"},"image":{"@id":"https:\/\/www.muzeumtrebisov.sk\/nezaradene\/xxvii-divadelny-trebisov\/#primaryimage"},"thumbnailUrl":"https:\/\/www.muzeumtrebisov.sk\/wp-content\/uploads\/2025\/03\/Divadelny-Trebisov-2025.jpg","articleSection":["Nezaraden\u00e9"],"inLanguage":"hu","potentialAction":[{"@type":"CommentAction","name":"Comment","target":["https:\/\/www.muzeumtrebisov.sk\/nezaradene\/xxvii-divadelny-trebisov\/#respond"]}]},{"@type":"Person","@id":"https:\/\/www.muzeumtrebisov.sk\/#\/schema\/person\/4c9d33ad1585681bd95c62bbd495ff57","name":"Zuzana Pavlov\u00e1","image":{"@type":"ImageObject","@id":"https:\/\/www.muzeumtrebisov.sk\/#personlogo","inLanguage":"hu","url":"https:\/\/secure.gravatar.com\/avatar\/81f3942ec0447d4f9691fcbf67a6295e?s=96&d=mm&r=g","contentUrl":"https:\/\/secure.gravatar.com\/avatar\/81f3942ec0447d4f9691fcbf67a6295e?s=96&d=mm&r=g","caption":"Zuzana Pavlov\u00e1"},"url":"https:\/\/www.muzeumtrebisov.sk\/hu\/author\/zuzanapavlova\/"}]}},"_links":{"self":[{"href":"https:\/\/www.muzeumtrebisov.sk\/hu\/wp-json\/wp\/v2\/posts\/7170"}],"collection":[{"href":"https:\/\/www.muzeumtrebisov.sk\/hu\/wp-json\/wp\/v2\/posts"}],"about":[{"href":"https:\/\/www.muzeumtrebisov.sk\/hu\/wp-json\/wp\/v2\/types\/post"}],"author":[{"embeddable":true,"href":"https:\/\/www.muzeumtrebisov.sk\/hu\/wp-json\/wp\/v2\/users\/7"}],"replies":[{"embeddable":true,"href":"https:\/\/www.muzeumtrebisov.sk\/hu\/wp-json\/wp\/v2\/comments?post=7170"}],"version-history":[{"count":5,"href":"https:\/\/www.muzeumtrebisov.sk\/hu\/wp-json\/wp\/v2\/posts\/7170\/revisions"}],"predecessor-version":[{"id":7195,"href":"https:\/\/www.muzeumtrebisov.sk\/hu\/wp-json\/wp\/v2\/posts\/7170\/revisions\/7195"}],"wp:featuredmedia":[{"embeddable":true,"href":"https:\/\/www.muzeumtrebisov.sk\/hu\/wp-json\/wp\/v2\/media\/7111"}],"wp:attachment":[{"href":"https:\/\/www.muzeumtrebisov.sk\/hu\/wp-json\/wp\/v2\/media?parent=7170"}],"wp:term":[{"taxonomy":"category","embeddable":true,"href":"https:\/\/www.muzeumtrebisov.sk\/hu\/wp-json\/wp\/v2\/categories?post=7170"},{"taxonomy":"post_tag","embeddable":true,"href":"https:\/\/www.muzeumtrebisov.sk\/hu\/wp-json\/wp\/v2\/tags?post=7170"}],"curies":[{"name":"wp","href":"https:\/\/api.w.org\/{rel}","templated":true}]}}