{"id":7149,"date":"2025-04-01T12:41:15","date_gmt":"2025-04-01T10:41:15","guid":{"rendered":"https:\/\/www.muzeumtrebisov.sk\/?p=7149"},"modified":"2026-04-09T12:56:08","modified_gmt":"2026-04-09T10:56:08","slug":"vesmir-ocami-deti-2025-vyhodnotenie-sutaze","status":"publish","type":"post","link":"https:\/\/www.muzeumtrebisov.sk\/hu\/nezaradene\/vesmir-ocami-deti-2025-vyhodnotenie-sutaze\/","title":{"rendered":"\u201eVesm\u00edr o\u010dami det\u00ed\u201c \u00a02025 \u2013 vyhodnotenie s\u00fa\u0165a\u017ee"},"content":{"rendered":"<p>M\u00fazeum a&nbsp;Kult\u00farne centrum ju\u017en\u00e9ho Zempl\u00edna v Trebi\u0161ove, \u00fatvar astron\u00f3mie, sa zapojil do 40. ro\u010dn\u00edka celoslovenskej v\u00fdtvarnej s\u00fa\u0165a\u017ee <strong>\u201eVesm\u00edr o\u010dami det\u00ed\u201c<\/strong>. Do okresn\u00e9ho kola sa<strong> v&nbsp;roku 2025<\/strong> prihl\u00e1silo18 matersk\u00fdch \u0161k\u00f4l, 15 z\u00e1kladn\u00fdch \u0161k\u00f4l, 6 \u0161peci\u00e1lne z\u00e1kladn\u00e9 \u0161koly a&nbsp; 3 z\u00e1kladn\u00fdch umeleck\u00fdch \u0161k\u00f4l.<strong> 424<\/strong> <strong>do\u0161l\u00fdch v\u00fdtvarn\u00fdch pr\u00e1c <\/strong>rozdelen\u00fdch do 5. kateg\u00f3ri\u00ed hodnotila odborn\u00e1 porota d\u0148a 19. 3. 2025, aby v piatich vyhl\u00e1sen\u00fdch kateg\u00f3ri\u00e1ch vybrala p\u00e4\u0165 postupuj\u00facich pr\u00e1c <strong>do celoslovensk\u00e9ho kola, ktor\u00e9 sa uskuto\u010dn\u00ed v&nbsp;Hurbanove. <\/strong><\/p>\n\n\n\n<p><strong>Okrem toho ur\u010dila aj prv\u00e9 tri miesta a&nbsp;dve \u0161tvrt\u00e9 postupuj\u00face spomedzi&nbsp; v\u0161etk\u00fdch pr\u00e1c. Z\u00e1rove\u0148 vybrala tie, ktor\u00e9 s\u00fa in\u0161talovan\u00e9 na tejto v\u00fdstave.<\/strong><\/p>\n\n\n\n<p><strong>Porota pre 1., 2. a&nbsp;3. kateg\u00f3riu.:<\/strong><strong><\/strong><\/p>\n\n\n\n<p>Mgr. Rastislav \u0160tefa\u0148\u00e1k, &nbsp;predseda 1., 2. a&nbsp;3. kateg\u00f3rie, Akad. soch. Richard Wagner a<\/p>\n\n\n\n<p>Mgr. M\u00e1ria Gimov\u00e1<\/p>\n\n\n\n<p><\/p>\n\n\n\n<p><strong>Porota pre 4. a&nbsp;5. kateg\u00f3riu:<\/strong><\/p>\n\n\n\n<p>Akad. soch. Richard Wagner, predseda 4. a&nbsp;5. kateg\u00f3rie, Mgr. M\u00e1ria Gimov\u00e1 a Be\u00e1ta Le\u0161kov\u00e1<\/p>\n\n\n\n<p>Jedna pr\u00e1ca, ktor\u00e1 porotu zaujala svojou technikou a&nbsp;spracovan\u00edm, no nedostala sa do u\u017e\u0161ieho v\u00fdberu, rozhodli sme jej udeli\u0165 mimoriadnu cenu a&nbsp;tak podpori\u0165 mlad\u00e9ho umelca v&nbsp;jeho tvorbe.<\/p>\n\n\n\n<p>V\u00fdtvarn\u00e9 pr\u00e1ce zaslan\u00e9 nielen do tohto, ale aj do predo\u0161l\u00fdch ro\u010dn\u00edkov tejto s\u00fa\u0165a\u017ee s\u00fa na ve\u013emi kvalitnej \u00farovni, za \u010do chceme po\u010fakova\u0165 pedag\u00f3gom a&nbsp;\u017eiakom.<\/p>\n\n\n\n<p>Okresn\u00e9 kolo s\u00fa\u0165a\u017ee finan\u010dne podporila Slovensk\u00e1 \u00fastredn\u00e1 hvezd\u00e1re\u0148 a&nbsp;Ministerstvo kult\u00fary Slovenskej republiky.<\/p>\n\n\n\n<p><\/p>\n\n\n\n<figure class=\"wp-block-image size-large is-resized\"><img loading=\"lazy\" src=\"https:\/\/www.muzeumtrebisov.sk\/wp-content\/uploads\/2025\/04\/vyhodnotenie-2-633x1024.jpg\" alt=\"\" class=\"wp-image-7152\" width=\"848\" height=\"1372\" srcset=\"https:\/\/www.muzeumtrebisov.sk\/wp-content\/uploads\/2025\/04\/vyhodnotenie-2-633x1024.jpg 633w, https:\/\/www.muzeumtrebisov.sk\/wp-content\/uploads\/2025\/04\/vyhodnotenie-2-185x300.jpg 185w, https:\/\/www.muzeumtrebisov.sk\/wp-content\/uploads\/2025\/04\/vyhodnotenie-2-768x1243.jpg 768w, https:\/\/www.muzeumtrebisov.sk\/wp-content\/uploads\/2025\/04\/vyhodnotenie-2-949x1536.jpg 949w, https:\/\/www.muzeumtrebisov.sk\/wp-content\/uploads\/2025\/04\/vyhodnotenie-2-1265x2048.jpg 1265w, https:\/\/www.muzeumtrebisov.sk\/wp-content\/uploads\/2025\/04\/vyhodnotenie-2-7x12.jpg 7w, https:\/\/www.muzeumtrebisov.sk\/wp-content\/uploads\/2025\/04\/vyhodnotenie-2-500x809.jpg 500w, https:\/\/www.muzeumtrebisov.sk\/wp-content\/uploads\/2025\/04\/vyhodnotenie-2-800x1295.jpg 800w, https:\/\/www.muzeumtrebisov.sk\/wp-content\/uploads\/2025\/04\/vyhodnotenie-2-1280x2072.jpg 1280w, https:\/\/www.muzeumtrebisov.sk\/wp-content\/uploads\/2025\/04\/vyhodnotenie-2-1920x3108.jpg 1920w, https:\/\/www.muzeumtrebisov.sk\/wp-content\/uploads\/2025\/04\/vyhodnotenie-2-600x971.jpg 600w, https:\/\/www.muzeumtrebisov.sk\/wp-content\/uploads\/2025\/04\/vyhodnotenie-2-scaled.jpg 1581w\" sizes=\"(max-width: 848px) 100vw, 848px\" \/><\/figure>\n\n\n\n<p><\/p>\n\n\n\n<p>25 postupuj\u00facich pr\u00e1c a \u010fal\u0161\u00edch 167 vybran\u00fdch v\u00fdtvarn\u00fdch pr\u00e1c je v term\u00edne&nbsp;<\/p>\n\n\n\n<p><strong>od 26. 3. 2025 do 22. 4. 2025 <\/strong>vystaven\u00fdch v M\u00fazeu a Kult\u00farnom centre ju\u017en\u00e9ho Zempl\u00edna v Trebi\u0161ove v Gal\u00e9rii <strong>KONIARE\u0147.<\/strong><\/p>\n\n\n\n<p>Te\u0161\u00ed n\u00e1s, \u017ee t\u00e9ma vesm\u00edr je pre deti st\u00e1lou in\u0161pir\u00e1ciou podnecuj\u00facou ich fant\u00e1ziu a&nbsp;tie\u017e, \u017ee sa so svojimi predstavami podelili s nami.<\/p>\n\n\n\n<p><strong>V\u00ed\u0165azom, ktor\u00ed post\u00fapili do celoslovensk\u00e9ho kola blaho\u017eel\u00e1me<\/strong>.<\/p>\n\n\n\n<p><strong>\u010eakujeme v\u0161etk\u00fdm, ktor\u00ed sa zapojili do s\u00fa\u0165a\u017ee svojimi v\u00fdtvarn\u00fdmi pr\u00e1cami<\/strong>.<\/p>\n\n\n\n<style id=\"bwg-style-0\">      #bwg_container1_0 #bwg_container2_0 .bwg_masonry_thumb_0 {        text-align: center;        display: inline-block;        vertical-align: middle;      \t          width: 100% !important;;      \t        margin: 0;        opacity: 1.00;      }\t\t\t\t\t\t      #bwg_container1_0 #bwg_container2_0 .bwg-container-0.bwg-masonry-thumbnails .bwg-item,      #bwg_container1_0 #bwg_container2_0 .bwg-container-temp0.bwg-masonry-thumbnails .bwg-item {        padding: calc(4px \/ 2);\t\t\t\t      }      #bwg_container1_0 #bwg_container2_0 .bwg-container-0.bwg-masonry-thumbnails .bwg-item0 {      \t        background-color:rgba(0,0,0, 0.30);        border: 0px none #CCCCCC;\t\t\t\topacity: 1.00;        border-radius: 0;      }      #bwg_container1_0 #bwg_container2_0 .bwg-container-0.bwg-masonry-thumbnails .bwg-item1 img {        max-height: none;\t\t\t\t        \tmax-width: calc(250px + (4px + 0px));\t\t\t\t      }\t\t\t\t\t\t\t@media only screen and (min-width: 480px) {\t\t\t\t\t#bwg_container1_0 #bwg_container2_0 .bwg-container-0.bwg-masonry-thumbnails .bwg-item1 img {\t\t\t\t\t\t-webkit-transition: -webkit-transform .3s; transition: transform .3s;\t\t\t\t\t}\t\t\t\t\t#bwg_container1_0 #bwg_container2_0 .bwg-container-0.bwg-masonry-thumbnails .bwg-item1 img:hover {\t\t\t\t\t\t-ms-transform: scale(1.08);\t\t\t\t\t\t-webkit-transform: scale(1.08);\t\t\t\t\t\ttransform: scale(1.08);\t\t\t\t\t}\t\t\t\t\t\t\t\t\t}\t\t\t\t\t\t\t\t\t#bwg_container1_0 #bwg_container2_0 .bwg-container-0.bwg-masonry-thumbnails .bwg-title2,\t\t\t#bwg_container1_0 #bwg_container2_0 .bwg-container-temp0.bwg-masonry-thumbnails .bwg-title2,\t\t\t#bwg_container1_0 #bwg_container2_0 .bwg-container-0.bwg-masonry-thumbnails .bwg-play-icon2,\t\t\t#bwg_container1_0 #bwg_container2_0 .bwg-container-0.bwg-masonry-thumbnails .bwg-ecommerce2 {\t\t\t\tmax-height: 100%;\t\t\t\tpadding: 2px;\t\t\t\tfont-family: Ubuntu;\t\t\t\tfont-weight: bold;\t\t\t\tfont-size: 16px;\t\t\t\tcolor: #323A45;\t\t\t}\t\t\t#bwg_container1_0 #bwg_container2_0 .bwg-container-0.bwg-masonry-thumbnails .bwg-ecommerce2 {\t\t\t\tcolor: #323A45;\t\t\t}\t  \t#bwg_container1_0 #bwg_container2_0 .bwg_masonry_thumbnails_0 {\t\t\t\tposition: relative;\t\t\t\tbackground-color: rgba(255, 255, 255, 0.00);\t\t\t\tfont-size: 0;\t\t\t\t\t\t\t\t\twidth: 1254px;\t\t\t\t\tmax-width: 100%;\t\t\t\t\t\t\t\t\tmax-width: 100%;\t\t\t\t\t\t\t\t\t\t\t\t\tmargin: 0 auto;\t\t\t\t\t\t\t}\t\t\t\t\t\t\t@media only screen and (max-width: 1290px) {\t\t\t\t\t#bwg_container1_0 #bwg_container2_0 .bwg_masonry_thumbnails_0 {\t\t\t\t\t\twidth: inherit;\t\t\t\t\t}\t\t\t\t}\t\t\t\t\t\t#bwg_container1_0 #bwg_container2_0 .bwg_masonry_thumb_description_0 {        color: #323A45;        line-height: 1.4;        font-size: 16px;        font-family: Ubuntu;        text-align: justify;      }      #bwg_container1_0.bwg_thumbnails_masonry .wd_error p {        color: #323A45;      }      #bwg_container1_0 #bwg_container2_0 .bwg_gal_title_0 {        background-color: rgba(0, 0, 0, 0);        color: #323A45;        display: block;        font-family: Ubuntu;        font-size: 16px;        font-weight: bold;        padding: 2px;        text-shadow: ;        text-align: center;      }      <\/style>    <div id=\"bwg_container1_0\"         class=\"bwg_container bwg_thumbnail bwg_thumbnails_masonry\"         data-right-click-protection=\"0\"         data-bwg=\"0\"         data-scroll=\"0\"         data-gallery-type=\"thumbnails_masonry\"         data-gallery-view-type=\"thumbnails_masonry\"         data-current-url=\"\/hu\/wp-json\/wp\/v2\/posts\/7149\"         data-lightbox-url=\"https:\/\/www.muzeumtrebisov.sk\/wp-admin\/admin-ajax.php?action=GalleryBox&#038;current_view=0&#038;gallery_id=60&#038;tag=0&#038;theme_id=1&#038;shortcode_id=136&#038;sort_by=order&#038;order_by=asc&#038;current_url=%2Fhu%2Fwp-json%2Fwp%2Fv2%2Fposts%2F7149\"         data-gallery-id=\"60\"         data-popup-width=\"800\"         data-popup-height=\"500\"         data-is-album=\"gallery\"         data-buttons-position=\"bottom\">      <div id=\"bwg_container2_0\">             <div id=\"ajax_loading_0\" class=\"bwg_loading_div_1\">      <div class=\"bwg_loading_div_2\">        <div class=\"bwg_loading_div_3\">          <div id=\"loading_div_0\" class=\"bwg_spider_ajax_loading\">          <\/div>        <\/div>      <\/div>    <\/div>            <form id=\"gal_front_form_0\"              class=\"bwg-hidden\"              method=\"post\"              action=\"#\"              data-current=\"0\"              data-shortcode-id=\"136\"              data-gallery-type=\"thumbnails_masonry\"              data-gallery-id=\"60\"              data-tag=\"0\"              data-album-id=\"0\"              data-theme-id=\"1\"              data-ajax-url=\"https:\/\/www.muzeumtrebisov.sk\/wp-admin\/admin-ajax.php?action=bwg_frontend_data\" data-trp-original-action=\"#\">          <div id=\"bwg_container3_0\" class=\"bwg-background bwg-background-0\">                <div id=\"bwg_thumbnails_masonry_0\"         data-bwg=\"0\"         data-masonry-type=\"vertical\"         data-resizable-thumbnails=\"1\"         data-max-count=\"5\"         data-thumbnail-width=\"250\"         data-thumbnail-height=\"250\"         data-thumbnail-padding=\"4\"         data-thumbnail-border=\"0\"         data-gallery-id=\"60\"         data-lightbox-url=\"https:\/\/www.muzeumtrebisov.sk\/wp-admin\/admin-ajax.php?action=GalleryBox&#038;current_view=0&#038;gallery_id=60&#038;tag=0&#038;theme_id=1&#038;shortcode_id=136&#038;sort_by=order&#038;order_by=asc&#038;current_url=%2Fhu%2Fwp-json%2Fwp%2Fv2%2Fposts%2F7149\"         class=\"bwg-container-0 bwg_masonry_thumbnails_0 bwg-masonry-thumbnails bwg-masonry-vertical bwg-container bwg-border-box\">              <div class=\"bwg-item\">          <a class=\"bwg-a  bwg_lightbox\"  data-image-id=\"1974\" href=\"https:\/\/www.muzeumtrebisov.sk\/wp-content\/uploads\/photo-gallery\/Vesmir_ocami_deti_2025\/1.-kat.-1.-miesto-Christofer-I.-5-r.-Halooo-UFO.jpg?bwg=1743503810\" data-elementor-open-lightbox=\"no\">            <div class=\"bwg-item0\">              <div class=\"bwg-item1\">      \t\t\t\t\t<img class=\"skip-lazy bwg-masonry-thumb bwg_masonry_thumb_0\"                       data-id=\"1974\"                       data-src=\"https:\/\/www.muzeumtrebisov.sk\/wp-content\/uploads\/photo-gallery\/Vesmir_ocami_deti_2025\/thumb\/1.-kat.-1.-miesto-Christofer-I.-5-r.-Halooo-UFO.jpg?bwg=1743503810\"                       data-width=\"500.00\"                       data-height=\"358.00\"\t\t\t\t\t\t\t\t\t\t   src=\"https:\/\/www.muzeumtrebisov.sk\/wp-content\/uploads\/photo-gallery\/Vesmir_ocami_deti_2025\/thumb\/1.-kat.-1.-miesto-Christofer-I.-5-r.-Halooo-UFO.jpg?bwg=1743503810\"\t\t\t\t\t\t\t\t\t\t   alt=\"1.-kat.-1.-miesto-Christofer-I.-5-r.-Halooo-UFO\"\t\t\t\t\t\t\t\t\t\t   title=\"1.-kat.-1.-miesto-Christofer-I.-5-r.-Halooo-UFO\" \/>                <div class=\"\">                  \t\t\t\t                                            <\/div>              <\/div>            <\/div>                      <\/a>                  <\/div>              <div class=\"bwg-item\">          <a class=\"bwg-a  bwg_lightbox\"  data-image-id=\"1971\" href=\"https:\/\/www.muzeumtrebisov.sk\/wp-content\/uploads\/photo-gallery\/Vesmir_ocami_deti_2025\/1.-kat.-2.-miesto-Jakub-C.-6-r.-Cesta-do-vesmiru.jpg?bwg=1743503810\" data-elementor-open-lightbox=\"no\">            <div class=\"bwg-item0\">              <div class=\"bwg-item1\">      \t\t\t\t\t<img class=\"skip-lazy bwg-masonry-thumb bwg_masonry_thumb_0\"                       data-id=\"1971\"                       data-src=\"https:\/\/www.muzeumtrebisov.sk\/wp-content\/uploads\/photo-gallery\/Vesmir_ocami_deti_2025\/thumb\/1.-kat.-2.-miesto-Jakub-C.-6-r.-Cesta-do-vesmiru.jpg?bwg=1743503810\"                       data-width=\"500.00\"                       data-height=\"355.00\"\t\t\t\t\t\t\t\t\t\t   src=\"https:\/\/www.muzeumtrebisov.sk\/wp-content\/uploads\/photo-gallery\/Vesmir_ocami_deti_2025\/thumb\/1.-kat.-2.-miesto-Jakub-C.-6-r.-Cesta-do-vesmiru.jpg?bwg=1743503810\"\t\t\t\t\t\t\t\t\t\t   alt=\"1.-kat.-2.-miesto-Jakub-C.-6-r.-Cesta-do-vesmiru\"\t\t\t\t\t\t\t\t\t\t   title=\"1.-kat.-2.-miesto-Jakub-C.-6-r.-Cesta-do-vesmiru\" \/>                <div class=\"\">                  \t\t\t\t                                            <\/div>              <\/div>            <\/div>                      <\/a>                  <\/div>              <div class=\"bwg-item\">          <a class=\"bwg-a  bwg_lightbox\"  data-image-id=\"1975\" href=\"https:\/\/www.muzeumtrebisov.sk\/wp-content\/uploads\/photo-gallery\/Vesmir_ocami_deti_2025\/1.-kat.-3.-miesto-Radovan-K.-5-r.-1.-kat.-Vesmirna-sustava.jpg?bwg=1743503810\" data-elementor-open-lightbox=\"no\">            <div class=\"bwg-item0\">              <div class=\"bwg-item1\">      \t\t\t\t\t<img class=\"skip-lazy bwg-masonry-thumb bwg_masonry_thumb_0\"                       data-id=\"1975\"                       data-src=\"https:\/\/www.muzeumtrebisov.sk\/wp-content\/uploads\/photo-gallery\/Vesmir_ocami_deti_2025\/thumb\/1.-kat.-3.-miesto-Radovan-K.-5-r.-1.-kat.-Vesmirna-sustava.jpg?bwg=1743503810\"                       data-width=\"500.00\"                       data-height=\"353.00\"\t\t\t\t\t\t\t\t\t\t   src=\"https:\/\/www.muzeumtrebisov.sk\/wp-content\/uploads\/photo-gallery\/Vesmir_ocami_deti_2025\/thumb\/1.-kat.-3.-miesto-Radovan-K.-5-r.-1.-kat.-Vesmirna-sustava.jpg?bwg=1743503810\"\t\t\t\t\t\t\t\t\t\t   alt=\"1.-kat.-3.-miesto-Radovan-K.-5-r.-1.-kat.-Vesmirna-sustava\"\t\t\t\t\t\t\t\t\t\t   title=\"1.-kat.-3.-miesto-Radovan-K.-5-r.-1.-kat.-Vesmirna-sustava\" \/>                <div class=\"\">                  \t\t\t\t                                            <\/div>              <\/div>            <\/div>                      <\/a>                  <\/div>              <div class=\"bwg-item\">          <a class=\"bwg-a  bwg_lightbox\"  data-image-id=\"1972\" href=\"https:\/\/www.muzeumtrebisov.sk\/wp-content\/uploads\/photo-gallery\/Vesmir_ocami_deti_2025\/1.-kat.-4.-miesto-Amelia-T.-5-r.-Slniecko-a-Mesiacik.jpg?bwg=1743503810\" data-elementor-open-lightbox=\"no\">            <div class=\"bwg-item0\">              <div class=\"bwg-item1\">      \t\t\t\t\t<img class=\"skip-lazy bwg-masonry-thumb bwg_masonry_thumb_0\"                       data-id=\"1972\"                       data-src=\"https:\/\/www.muzeumtrebisov.sk\/wp-content\/uploads\/photo-gallery\/Vesmir_ocami_deti_2025\/thumb\/1.-kat.-4.-miesto-Amelia-T.-5-r.-Slniecko-a-Mesiacik.jpg?bwg=1743503810\"                       data-width=\"500.00\"                       data-height=\"353.00\"\t\t\t\t\t\t\t\t\t\t   src=\"https:\/\/www.muzeumtrebisov.sk\/wp-content\/uploads\/photo-gallery\/Vesmir_ocami_deti_2025\/thumb\/1.-kat.-4.-miesto-Amelia-T.-5-r.-Slniecko-a-Mesiacik.jpg?bwg=1743503810\"\t\t\t\t\t\t\t\t\t\t   alt=\"1.-kat.-4.-miesto-Amelia-T.-5-r.-Slniecko-a-Mesiacik\"\t\t\t\t\t\t\t\t\t\t   title=\"1.-kat.-4.-miesto-Amelia-T.-5-r.-Slniecko-a-Mesiacik\" \/>                <div class=\"\">                  \t\t\t\t                                            <\/div>              <\/div>            <\/div>                      <\/a>                  <\/div>              <div class=\"bwg-item\">          <a class=\"bwg-a  bwg_lightbox\"  data-image-id=\"1973\" href=\"https:\/\/www.muzeumtrebisov.sk\/wp-content\/uploads\/photo-gallery\/Vesmir_ocami_deti_2025\/1.-kat.-5.-miesto-Molly-M.-6-r.-Vesmirni-kamarati.jpg?bwg=1743503810\" data-elementor-open-lightbox=\"no\">            <div class=\"bwg-item0\">              <div class=\"bwg-item1\">      \t\t\t\t\t<img class=\"skip-lazy bwg-masonry-thumb bwg_masonry_thumb_0\"                       data-id=\"1973\"                       data-src=\"https:\/\/www.muzeumtrebisov.sk\/wp-content\/uploads\/photo-gallery\/Vesmir_ocami_deti_2025\/thumb\/1.-kat.-5.-miesto-Molly-M.-6-r.-Vesmirni-kamarati.jpg?bwg=1743503810\"                       data-width=\"500.00\"                       data-height=\"352.00\"\t\t\t\t\t\t\t\t\t\t   src=\"https:\/\/www.muzeumtrebisov.sk\/wp-content\/uploads\/photo-gallery\/Vesmir_ocami_deti_2025\/thumb\/1.-kat.-5.-miesto-Molly-M.-6-r.-Vesmirni-kamarati.jpg?bwg=1743503810\"\t\t\t\t\t\t\t\t\t\t   alt=\"1.-kat.-5.-miesto-Molly-M.-6-r.-Vesmirni-kamarati\"\t\t\t\t\t\t\t\t\t\t   title=\"1.-kat.-5.-miesto-Molly-M.-6-r.-Vesmirni-kamarati\" \/>                <div class=\"\">                  \t\t\t\t                                            <\/div>              <\/div>            <\/div>                      <\/a>                  <\/div>              <div class=\"bwg-item\">          <a class=\"bwg-a  bwg_lightbox\"  data-image-id=\"1976\" href=\"https:\/\/www.muzeumtrebisov.sk\/wp-content\/uploads\/photo-gallery\/Vesmir_ocami_deti_2025\/2.-kat.-1.-miesto-Rebeka-B.-9-r.-Slnecny-sen.jpg?bwg=1743503810\" data-elementor-open-lightbox=\"no\">            <div class=\"bwg-item0\">              <div class=\"bwg-item1\">      \t\t\t\t\t<img class=\"skip-lazy bwg-masonry-thumb bwg_masonry_thumb_0\"                       data-id=\"1976\"                       data-src=\"https:\/\/www.muzeumtrebisov.sk\/wp-content\/uploads\/photo-gallery\/Vesmir_ocami_deti_2025\/thumb\/2.-kat.-1.-miesto-Rebeka-B.-9-r.-Slnecny-sen.jpg?bwg=1743503810\"                       data-width=\"500.00\"                       data-height=\"353.00\"\t\t\t\t\t\t\t\t\t\t   src=\"https:\/\/www.muzeumtrebisov.sk\/wp-content\/uploads\/photo-gallery\/Vesmir_ocami_deti_2025\/thumb\/2.-kat.-1.-miesto-Rebeka-B.-9-r.-Slnecny-sen.jpg?bwg=1743503810\"\t\t\t\t\t\t\t\t\t\t   alt=\"2.-kat.-1.-miesto-Rebeka-B.-9-r.-Slnecny-sen\"\t\t\t\t\t\t\t\t\t\t   title=\"2.-kat.-1.-miesto-Rebeka-B.-9-r.-Slnecny-sen\" \/>                <div class=\"\">                  \t\t\t\t                                            <\/div>              <\/div>            <\/div>                      <\/a>                  <\/div>              <div class=\"bwg-item\">          <a class=\"bwg-a  bwg_lightbox\"  data-image-id=\"1978\" href=\"https:\/\/www.muzeumtrebisov.sk\/wp-content\/uploads\/photo-gallery\/Vesmir_ocami_deti_2025\/2.-kat.-2.-miesto-Marco-M.-10-r.-Blazniva-raketa.jpg?bwg=1743503810\" data-elementor-open-lightbox=\"no\">            <div class=\"bwg-item0\">              <div class=\"bwg-item1\">      \t\t\t\t\t<img class=\"skip-lazy bwg-masonry-thumb bwg_masonry_thumb_0\"                       data-id=\"1978\"                       data-src=\"https:\/\/www.muzeumtrebisov.sk\/wp-content\/uploads\/photo-gallery\/Vesmir_ocami_deti_2025\/thumb\/2.-kat.-2.-miesto-Marco-M.-10-r.-Blazniva-raketa.jpg?bwg=1743503810\"                       data-width=\"352.00\"                       data-height=\"500.00\"\t\t\t\t\t\t\t\t\t\t   src=\"https:\/\/www.muzeumtrebisov.sk\/wp-content\/uploads\/photo-gallery\/Vesmir_ocami_deti_2025\/thumb\/2.-kat.-2.-miesto-Marco-M.-10-r.-Blazniva-raketa.jpg?bwg=1743503810\"\t\t\t\t\t\t\t\t\t\t   alt=\"2.-kat.-2.-miesto-Marco-M.-10-r.-Blazniva-raketa\"\t\t\t\t\t\t\t\t\t\t   title=\"2.-kat.-2.-miesto-Marco-M.-10-r.-Blazniva-raketa\" \/>                <div class=\"\">                  \t\t\t\t                                            <\/div>              <\/div>            <\/div>                      <\/a>                  <\/div>              <div class=\"bwg-item\">          <a class=\"bwg-a  bwg_lightbox\"  data-image-id=\"1977\" href=\"https:\/\/www.muzeumtrebisov.sk\/wp-content\/uploads\/photo-gallery\/Vesmir_ocami_deti_2025\/2.-kat.-3.-miesto-Dominik-H.-7-r.-Vesmirna-akcia.-jpg.jpg?bwg=1743503810\" data-elementor-open-lightbox=\"no\">            <div class=\"bwg-item0\">              <div class=\"bwg-item1\">      \t\t\t\t\t<img class=\"skip-lazy bwg-masonry-thumb bwg_masonry_thumb_0\"                       data-id=\"1977\"                       data-src=\"https:\/\/www.muzeumtrebisov.sk\/wp-content\/uploads\/photo-gallery\/Vesmir_ocami_deti_2025\/thumb\/2.-kat.-3.-miesto-Dominik-H.-7-r.-Vesmirna-akcia.-jpg.jpg?bwg=1743503810\"                       data-width=\"500.00\"                       data-height=\"351.00\"\t\t\t\t\t\t\t\t\t\t   src=\"https:\/\/www.muzeumtrebisov.sk\/wp-content\/uploads\/photo-gallery\/Vesmir_ocami_deti_2025\/thumb\/2.-kat.-3.-miesto-Dominik-H.-7-r.-Vesmirna-akcia.-jpg.jpg?bwg=1743503810\"\t\t\t\t\t\t\t\t\t\t   alt=\"2.-kat.-3.-miesto-Dominik-H.-7-r.-Vesmirna-akcia.-jpg\"\t\t\t\t\t\t\t\t\t\t   title=\"2.-kat.-3.-miesto-Dominik-H.-7-r.-Vesmirna-akcia.-jpg\" \/>                <div class=\"\">                  \t\t\t\t                                            <\/div>              <\/div>            <\/div>                      <\/a>                  <\/div>              <div class=\"bwg-item\">          <a class=\"bwg-a  bwg_lightbox\"  data-image-id=\"1979\" href=\"https:\/\/www.muzeumtrebisov.sk\/wp-content\/uploads\/photo-gallery\/Vesmir_ocami_deti_2025\/2.-kat.-4.-miesto-Simona-B.-10-r.-Lunaria.jpg?bwg=1743503810\" data-elementor-open-lightbox=\"no\">            <div class=\"bwg-item0\">              <div class=\"bwg-item1\">      \t\t\t\t\t<img class=\"skip-lazy bwg-masonry-thumb bwg_masonry_thumb_0\"                       data-id=\"1979\"                       data-src=\"https:\/\/www.muzeumtrebisov.sk\/wp-content\/uploads\/photo-gallery\/Vesmir_ocami_deti_2025\/thumb\/2.-kat.-4.-miesto-Simona-B.-10-r.-Lunaria.jpg?bwg=1743503810\"                       data-width=\"500.00\"                       data-height=\"355.00\"\t\t\t\t\t\t\t\t\t\t   src=\"https:\/\/www.muzeumtrebisov.sk\/wp-content\/uploads\/photo-gallery\/Vesmir_ocami_deti_2025\/thumb\/2.-kat.-4.-miesto-Simona-B.-10-r.-Lunaria.jpg?bwg=1743503810\"\t\t\t\t\t\t\t\t\t\t   alt=\"2.-kat.-4.-miesto-Simona-B.-10-r.-Lunaria\"\t\t\t\t\t\t\t\t\t\t   title=\"2.-kat.-4.-miesto-Simona-B.-10-r.-Lunaria\" \/>                <div class=\"\">                  \t\t\t\t                                            <\/div>              <\/div>            <\/div>                      <\/a>                  <\/div>              <div class=\"bwg-item\">          <a class=\"bwg-a  bwg_lightbox\"  data-image-id=\"1980\" href=\"https:\/\/www.muzeumtrebisov.sk\/wp-content\/uploads\/photo-gallery\/Vesmir_ocami_deti_2025\/2.-kat.-5.-miesto-Zuzana-L.-9-r.-Pozdrav-z-vesmiru.jpg?bwg=1743503810\" data-elementor-open-lightbox=\"no\">            <div class=\"bwg-item0\">              <div class=\"bwg-item1\">      \t\t\t\t\t<img class=\"skip-lazy bwg-masonry-thumb bwg_masonry_thumb_0\"                       data-id=\"1980\"                       data-src=\"https:\/\/www.muzeumtrebisov.sk\/wp-content\/uploads\/photo-gallery\/Vesmir_ocami_deti_2025\/thumb\/2.-kat.-5.-miesto-Zuzana-L.-9-r.-Pozdrav-z-vesmiru.jpg?bwg=1743503810\"                       data-width=\"355.00\"                       data-height=\"500.00\"\t\t\t\t\t\t\t\t\t\t   src=\"https:\/\/www.muzeumtrebisov.sk\/wp-content\/uploads\/photo-gallery\/Vesmir_ocami_deti_2025\/thumb\/2.-kat.-5.-miesto-Zuzana-L.-9-r.-Pozdrav-z-vesmiru.jpg?bwg=1743503810\"\t\t\t\t\t\t\t\t\t\t   alt=\"2.-kat.-5.-miesto-Zuzana-L.-9-r.-Pozdrav-z-vesmiru\"\t\t\t\t\t\t\t\t\t\t   title=\"2.-kat.-5.-miesto-Zuzana-L.-9-r.-Pozdrav-z-vesmiru\" \/>                <div class=\"\">                  \t\t\t\t                                            <\/div>              <\/div>            <\/div>                      <\/a>                  <\/div>              <div class=\"bwg-item\">          <a class=\"bwg-a  bwg_lightbox\"  data-image-id=\"1985\" href=\"https:\/\/www.muzeumtrebisov.sk\/wp-content\/uploads\/photo-gallery\/Vesmir_ocami_deti_2025\/3.-kat.-1.-miesto-Boglarka-C.-12-r.-Cesta-na-Mars.jpg?bwg=1743503810\" data-elementor-open-lightbox=\"no\">            <div class=\"bwg-item0\">              <div class=\"bwg-item1\">      \t\t\t\t\t<img class=\"skip-lazy bwg-masonry-thumb bwg_masonry_thumb_0\"                       data-id=\"1985\"                       data-src=\"https:\/\/www.muzeumtrebisov.sk\/wp-content\/uploads\/photo-gallery\/Vesmir_ocami_deti_2025\/thumb\/3.-kat.-1.-miesto-Boglarka-C.-12-r.-Cesta-na-Mars.jpg?bwg=1743503810\"                       data-width=\"350.00\"                       data-height=\"500.00\"\t\t\t\t\t\t\t\t\t\t   src=\"https:\/\/www.muzeumtrebisov.sk\/wp-content\/uploads\/photo-gallery\/Vesmir_ocami_deti_2025\/thumb\/3.-kat.-1.-miesto-Boglarka-C.-12-r.-Cesta-na-Mars.jpg?bwg=1743503810\"\t\t\t\t\t\t\t\t\t\t   alt=\"3.-kat.-1.-miesto-Boglarka-C.-12-r.-Cesta-na-Mars\"\t\t\t\t\t\t\t\t\t\t   title=\"3.-kat.-1.-miesto-Boglarka-C.-12-r.-Cesta-na-Mars\" \/>                <div class=\"\">                  \t\t\t\t                                            <\/div>              <\/div>            <\/div>                      <\/a>                  <\/div>              <div class=\"bwg-item\">          <a class=\"bwg-a  bwg_lightbox\"  data-image-id=\"1983\" href=\"https:\/\/www.muzeumtrebisov.sk\/wp-content\/uploads\/photo-gallery\/Vesmir_ocami_deti_2025\/3.-kat.-2.-miesto-Rebeka-K.-12-r.-Vesmirny-rock-n\u00b4roll.jpg?bwg=1743503810\" data-elementor-open-lightbox=\"no\">            <div class=\"bwg-item0\">              <div class=\"bwg-item1\">      \t\t\t\t\t<img class=\"skip-lazy bwg-masonry-thumb bwg_masonry_thumb_0\"                       data-id=\"1983\"                       data-src=\"https:\/\/www.muzeumtrebisov.sk\/wp-content\/uploads\/photo-gallery\/Vesmir_ocami_deti_2025\/thumb\/3.-kat.-2.-miesto-Rebeka-K.-12-r.-Vesmirny-rock-n\u00b4roll.jpg?bwg=1743503810\"                       data-width=\"353.00\"                       data-height=\"500.00\"\t\t\t\t\t\t\t\t\t\t   src=\"https:\/\/www.muzeumtrebisov.sk\/wp-content\/uploads\/photo-gallery\/Vesmir_ocami_deti_2025\/thumb\/3.-kat.-2.-miesto-Rebeka-K.-12-r.-Vesmirny-rock-n\u00b4roll.jpg?bwg=1743503810\"\t\t\t\t\t\t\t\t\t\t   alt=\"3.-kat.-2.-miesto-Rebeka-K.-12-r.-Vesmirny-rock-n\u00b4roll\"\t\t\t\t\t\t\t\t\t\t   title=\"3.-kat.-2.-miesto-Rebeka-K.-12-r.-Vesmirny-rock-n\u00b4roll\" \/>                <div class=\"\">                  \t\t\t\t                                            <\/div>              <\/div>            <\/div>                      <\/a>                  <\/div>              <div class=\"bwg-item\">          <a class=\"bwg-a  bwg_lightbox\"  data-image-id=\"1982\" href=\"https:\/\/www.muzeumtrebisov.sk\/wp-content\/uploads\/photo-gallery\/Vesmir_ocami_deti_2025\/3.-kat.-3.-miesto-Sofia-L.-13-r.-AI-dobyva-vesmir.jpg?bwg=1743503810\" data-elementor-open-lightbox=\"no\">            <div class=\"bwg-item0\">              <div class=\"bwg-item1\">      \t\t\t\t\t<img class=\"skip-lazy bwg-masonry-thumb bwg_masonry_thumb_0\"                       data-id=\"1982\"                       data-src=\"https:\/\/www.muzeumtrebisov.sk\/wp-content\/uploads\/photo-gallery\/Vesmir_ocami_deti_2025\/thumb\/3.-kat.-3.-miesto-Sofia-L.-13-r.-AI-dobyva-vesmir.jpg?bwg=1743503810\"                       data-width=\"500.00\"                       data-height=\"353.00\"\t\t\t\t\t\t\t\t\t\t   src=\"https:\/\/www.muzeumtrebisov.sk\/wp-content\/uploads\/photo-gallery\/Vesmir_ocami_deti_2025\/thumb\/3.-kat.-3.-miesto-Sofia-L.-13-r.-AI-dobyva-vesmir.jpg?bwg=1743503810\"\t\t\t\t\t\t\t\t\t\t   alt=\"3.-kat.-3.-miesto-Sofia-L.-13-r.-AI-dobyva-vesmir\"\t\t\t\t\t\t\t\t\t\t   title=\"3.-kat.-3.-miesto-Sofia-L.-13-r.-AI-dobyva-vesmir\" \/>                <div class=\"\">                  \t\t\t\t                                            <\/div>              <\/div>            <\/div>                      <\/a>                  <\/div>              <div class=\"bwg-item\">          <a class=\"bwg-a  bwg_lightbox\"  data-image-id=\"1984\" href=\"https:\/\/www.muzeumtrebisov.sk\/wp-content\/uploads\/photo-gallery\/Vesmir_ocami_deti_2025\/3.-kat.-4.-miesto-Michaela-K.-13-r.-Vesmirny-DJ.jpg?bwg=1743503810\" data-elementor-open-lightbox=\"no\">            <div class=\"bwg-item0\">              <div class=\"bwg-item1\">      \t\t\t\t\t<img class=\"skip-lazy bwg-masonry-thumb bwg_masonry_thumb_0\"                       data-id=\"1984\"                       data-src=\"https:\/\/www.muzeumtrebisov.sk\/wp-content\/uploads\/photo-gallery\/Vesmir_ocami_deti_2025\/thumb\/3.-kat.-4.-miesto-Michaela-K.-13-r.-Vesmirny-DJ.jpg?bwg=1743503810\"                       data-width=\"353.00\"                       data-height=\"500.00\"\t\t\t\t\t\t\t\t\t\t   src=\"https:\/\/www.muzeumtrebisov.sk\/wp-content\/uploads\/photo-gallery\/Vesmir_ocami_deti_2025\/thumb\/3.-kat.-4.-miesto-Michaela-K.-13-r.-Vesmirny-DJ.jpg?bwg=1743503810\"\t\t\t\t\t\t\t\t\t\t   alt=\"3.-kat.-4.-miesto-Michaela-K.-13-r.-Vesmirny-DJ\"\t\t\t\t\t\t\t\t\t\t   title=\"3.-kat.-4.-miesto-Michaela-K.-13-r.-Vesmirny-DJ\" \/>                <div class=\"\">                  \t\t\t\t                                            <\/div>              <\/div>            <\/div>                      <\/a>                  <\/div>              <div class=\"bwg-item\">          <a class=\"bwg-a  bwg_lightbox\"  data-image-id=\"1986\" href=\"https:\/\/www.muzeumtrebisov.sk\/wp-content\/uploads\/photo-gallery\/Vesmir_ocami_deti_2025\/3.-kat.-5.-miesto-Lara-T.-12-r.-Vesmirna-prechadzka.jpg?bwg=1743503810\" data-elementor-open-lightbox=\"no\">            <div class=\"bwg-item0\">              <div class=\"bwg-item1\">      \t\t\t\t\t<img class=\"skip-lazy bwg-masonry-thumb bwg_masonry_thumb_0\"                       data-id=\"1986\"                       data-src=\"https:\/\/www.muzeumtrebisov.sk\/wp-content\/uploads\/photo-gallery\/Vesmir_ocami_deti_2025\/thumb\/3.-kat.-5.-miesto-Lara-T.-12-r.-Vesmirna-prechadzka.jpg?bwg=1743503810\"                       data-width=\"352.00\"                       data-height=\"500.00\"\t\t\t\t\t\t\t\t\t\t   src=\"https:\/\/www.muzeumtrebisov.sk\/wp-content\/uploads\/photo-gallery\/Vesmir_ocami_deti_2025\/thumb\/3.-kat.-5.-miesto-Lara-T.-12-r.-Vesmirna-prechadzka.jpg?bwg=1743503810\"\t\t\t\t\t\t\t\t\t\t   alt=\"3.-kat.-5.-miesto-Lara-T.-12-r.-Vesmirna-prechadzka\"\t\t\t\t\t\t\t\t\t\t   title=\"3.-kat.-5.-miesto-Lara-T.-12-r.-Vesmirna-prechadzka\" \/>                <div class=\"\">                  \t\t\t\t                                            <\/div>              <\/div>            <\/div>                      <\/a>                  <\/div>              <div class=\"bwg-item\">          <a class=\"bwg-a  bwg_lightbox\"  data-image-id=\"1981\" href=\"https:\/\/www.muzeumtrebisov.sk\/wp-content\/uploads\/photo-gallery\/Vesmir_ocami_deti_2025\/3.-kat.-Radovan-S.-15-r.-Vesmirne-pyramidy.jpg?bwg=1743503810\" data-elementor-open-lightbox=\"no\">            <div class=\"bwg-item0\">              <div class=\"bwg-item1\">      \t\t\t\t\t<img class=\"skip-lazy bwg-masonry-thumb bwg_masonry_thumb_0\"                       data-id=\"1981\"                       data-src=\"https:\/\/www.muzeumtrebisov.sk\/wp-content\/uploads\/photo-gallery\/Vesmir_ocami_deti_2025\/thumb\/3.-kat.-Radovan-S.-15-r.-Vesmirne-pyramidy.jpg?bwg=1743503810\"                       data-width=\"353.00\"                       data-height=\"500.00\"\t\t\t\t\t\t\t\t\t\t   src=\"https:\/\/www.muzeumtrebisov.sk\/wp-content\/uploads\/photo-gallery\/Vesmir_ocami_deti_2025\/thumb\/3.-kat.-Radovan-S.-15-r.-Vesmirne-pyramidy.jpg?bwg=1743503810\"\t\t\t\t\t\t\t\t\t\t   alt=\"3.-kat.-Radovan-S.-15-r.-Vesmirne-pyramidy\"\t\t\t\t\t\t\t\t\t\t   title=\"3.-kat.-Radovan-S.-15-r.-Vesmirne-pyramidy\" \/>                <div class=\"\">                  \t\t\t\t                                            <\/div>              <\/div>            <\/div>                      <\/a>                  <\/div>              <div class=\"bwg-item\">          <a class=\"bwg-a  bwg_lightbox\"  data-image-id=\"1989\" href=\"https:\/\/www.muzeumtrebisov.sk\/wp-content\/uploads\/photo-gallery\/Vesmir_ocami_deti_2025\/4.-kat.-1.-miesto-Ela-M.-8-r.-Mimozemstania.jpg?bwg=1743503810\" data-elementor-open-lightbox=\"no\">            <div class=\"bwg-item0\">              <div class=\"bwg-item1\">      \t\t\t\t\t<img class=\"skip-lazy bwg-masonry-thumb bwg_masonry_thumb_0\"                       data-id=\"1989\"                       data-src=\"https:\/\/www.muzeumtrebisov.sk\/wp-content\/uploads\/photo-gallery\/Vesmir_ocami_deti_2025\/thumb\/4.-kat.-1.-miesto-Ela-M.-8-r.-Mimozemstania.jpg?bwg=1743503810\"                       data-width=\"500.00\"                       data-height=\"351.00\"\t\t\t\t\t\t\t\t\t\t   src=\"https:\/\/www.muzeumtrebisov.sk\/wp-content\/uploads\/photo-gallery\/Vesmir_ocami_deti_2025\/thumb\/4.-kat.-1.-miesto-Ela-M.-8-r.-Mimozemstania.jpg?bwg=1743503810\"\t\t\t\t\t\t\t\t\t\t   alt=\"4.-kat.-1.-miesto-Ela-M.-8-r.-Mimozemstania\"\t\t\t\t\t\t\t\t\t\t   title=\"4.-kat.-1.-miesto-Ela-M.-8-r.-Mimozemstania\" \/>                <div class=\"\">                  \t\t\t\t                                            <\/div>              <\/div>            <\/div>                      <\/a>                  <\/div>              <div class=\"bwg-item\">          <a class=\"bwg-a  bwg_lightbox\"  data-image-id=\"1988\" href=\"https:\/\/www.muzeumtrebisov.sk\/wp-content\/uploads\/photo-gallery\/Vesmir_ocami_deti_2025\/4.-kat.-2.-miesto-Nikolas-S.-9-r.-Kozmoparty.jpg?bwg=1743503810\" data-elementor-open-lightbox=\"no\">            <div class=\"bwg-item0\">              <div class=\"bwg-item1\">      \t\t\t\t\t<img class=\"skip-lazy bwg-masonry-thumb bwg_masonry_thumb_0\"                       data-id=\"1988\"                       data-src=\"https:\/\/www.muzeumtrebisov.sk\/wp-content\/uploads\/photo-gallery\/Vesmir_ocami_deti_2025\/thumb\/4.-kat.-2.-miesto-Nikolas-S.-9-r.-Kozmoparty.jpg?bwg=1743503810\"                       data-width=\"500.00\"                       data-height=\"352.00\"\t\t\t\t\t\t\t\t\t\t   src=\"https:\/\/www.muzeumtrebisov.sk\/wp-content\/uploads\/photo-gallery\/Vesmir_ocami_deti_2025\/thumb\/4.-kat.-2.-miesto-Nikolas-S.-9-r.-Kozmoparty.jpg?bwg=1743503810\"\t\t\t\t\t\t\t\t\t\t   alt=\"4.-kat.-2.-miesto-Nikolas-S.-9-r.-Kozmoparty\"\t\t\t\t\t\t\t\t\t\t   title=\"4.-kat.-2.-miesto-Nikolas-S.-9-r.-Kozmoparty\" \/>                <div class=\"\">                  \t\t\t\t                                            <\/div>              <\/div>            <\/div>                      <\/a>                  <\/div>              <div class=\"bwg-item\">          <a class=\"bwg-a  bwg_lightbox\"  data-image-id=\"1991\" href=\"https:\/\/www.muzeumtrebisov.sk\/wp-content\/uploads\/photo-gallery\/Vesmir_ocami_deti_2025\/4.-kat.-3.-miesto-Janka-S.-9-r.-Zivot-na-Marse.jpg?bwg=1743503810\" data-elementor-open-lightbox=\"no\">            <div class=\"bwg-item0\">              <div class=\"bwg-item1\">      \t\t\t\t\t<img class=\"skip-lazy bwg-masonry-thumb bwg_masonry_thumb_0\"                       data-id=\"1991\"                       data-src=\"https:\/\/www.muzeumtrebisov.sk\/wp-content\/uploads\/photo-gallery\/Vesmir_ocami_deti_2025\/thumb\/4.-kat.-3.-miesto-Janka-S.-9-r.-Zivot-na-Marse.jpg?bwg=1743503810\"                       data-width=\"350.00\"                       data-height=\"500.00\"\t\t\t\t\t\t\t\t\t\t   src=\"https:\/\/www.muzeumtrebisov.sk\/wp-content\/uploads\/photo-gallery\/Vesmir_ocami_deti_2025\/thumb\/4.-kat.-3.-miesto-Janka-S.-9-r.-Zivot-na-Marse.jpg?bwg=1743503810\"\t\t\t\t\t\t\t\t\t\t   alt=\"4.-kat.-3.-miesto-Janka-S.-9-r.-Zivot-na-Marse\"\t\t\t\t\t\t\t\t\t\t   title=\"4.-kat.-3.-miesto-Janka-S.-9-r.-Zivot-na-Marse\" \/>                <div class=\"\">                  \t\t\t\t                                            <\/div>              <\/div>            <\/div>                      <\/a>                  <\/div>              <div class=\"bwg-item\">          <a class=\"bwg-a  bwg_lightbox\"  data-image-id=\"1990\" href=\"https:\/\/www.muzeumtrebisov.sk\/wp-content\/uploads\/photo-gallery\/Vesmir_ocami_deti_2025\/4.-kat.-4.-miesto-Kristina-H.-9-r.-Kozmonaut.jpg?bwg=1743503810\" data-elementor-open-lightbox=\"no\">            <div class=\"bwg-item0\">              <div class=\"bwg-item1\">      \t\t\t\t\t<img class=\"skip-lazy bwg-masonry-thumb bwg_masonry_thumb_0\"                       data-id=\"1990\"                       data-src=\"https:\/\/www.muzeumtrebisov.sk\/wp-content\/uploads\/photo-gallery\/Vesmir_ocami_deti_2025\/thumb\/4.-kat.-4.-miesto-Kristina-H.-9-r.-Kozmonaut.jpg?bwg=1743503810\"                       data-width=\"500.00\"                       data-height=\"355.00\"\t\t\t\t\t\t\t\t\t\t   src=\"https:\/\/www.muzeumtrebisov.sk\/wp-content\/uploads\/photo-gallery\/Vesmir_ocami_deti_2025\/thumb\/4.-kat.-4.-miesto-Kristina-H.-9-r.-Kozmonaut.jpg?bwg=1743503810\"\t\t\t\t\t\t\t\t\t\t   alt=\"4.-kat.-4.-miesto-Kristina-H.-9-r.-Kozmonaut\"\t\t\t\t\t\t\t\t\t\t   title=\"4.-kat.-4.-miesto-Kristina-H.-9-r.-Kozmonaut\" \/>                <div class=\"\">                  \t\t\t\t                                            <\/div>              <\/div>            <\/div>                      <\/a>                  <\/div>              <div class=\"bwg-item\">          <a class=\"bwg-a  bwg_lightbox\"  data-image-id=\"1987\" href=\"https:\/\/www.muzeumtrebisov.sk\/wp-content\/uploads\/photo-gallery\/Vesmir_ocami_deti_2025\/4.-kat.-5.-miesto-Robert-B.-10-r.-Boj-o-vesmirnu-zakladnu.jpg?bwg=1743503810\" data-elementor-open-lightbox=\"no\">            <div class=\"bwg-item0\">              <div class=\"bwg-item1\">      \t\t\t\t\t<img class=\"skip-lazy bwg-masonry-thumb bwg_masonry_thumb_0\"                       data-id=\"1987\"                       data-src=\"https:\/\/www.muzeumtrebisov.sk\/wp-content\/uploads\/photo-gallery\/Vesmir_ocami_deti_2025\/thumb\/4.-kat.-5.-miesto-Robert-B.-10-r.-Boj-o-vesmirnu-zakladnu.jpg?bwg=1743503810\"                       data-width=\"500.00\"                       data-height=\"352.00\"\t\t\t\t\t\t\t\t\t\t   src=\"https:\/\/www.muzeumtrebisov.sk\/wp-content\/uploads\/photo-gallery\/Vesmir_ocami_deti_2025\/thumb\/4.-kat.-5.-miesto-Robert-B.-10-r.-Boj-o-vesmirnu-zakladnu.jpg?bwg=1743503810\"\t\t\t\t\t\t\t\t\t\t   alt=\"4.-kat.-5.-miesto-Robert-B.-10-r.-Boj-o-vesmirnu-zakladnu\"\t\t\t\t\t\t\t\t\t\t   title=\"4.-kat.-5.-miesto-Robert-B.-10-r.-Boj-o-vesmirnu-zakladnu\" \/>                <div class=\"\">                  \t\t\t\t                                            <\/div>              <\/div>            <\/div>                      <\/a>                  <\/div>              <div class=\"bwg-item\">          <a class=\"bwg-a  bwg_lightbox\"  data-image-id=\"1995\" href=\"https:\/\/www.muzeumtrebisov.sk\/wp-content\/uploads\/photo-gallery\/Vesmir_ocami_deti_2025\/5.-kat.-1.-miesto-Viktoria-M.-14-r.-Kzmonaut-prieskumnik.jpg?bwg=1743503810\" data-elementor-open-lightbox=\"no\">            <div class=\"bwg-item0\">              <div class=\"bwg-item1\">      \t\t\t\t\t<img class=\"skip-lazy bwg-masonry-thumb bwg_masonry_thumb_0\"                       data-id=\"1995\"                       data-src=\"https:\/\/www.muzeumtrebisov.sk\/wp-content\/uploads\/photo-gallery\/Vesmir_ocami_deti_2025\/thumb\/5.-kat.-1.-miesto-Viktoria-M.-14-r.-Kzmonaut-prieskumnik.jpg?bwg=1743503810\"                       data-width=\"397.00\"                       data-height=\"500.00\"\t\t\t\t\t\t\t\t\t\t   src=\"https:\/\/www.muzeumtrebisov.sk\/wp-content\/uploads\/photo-gallery\/Vesmir_ocami_deti_2025\/thumb\/5.-kat.-1.-miesto-Viktoria-M.-14-r.-Kzmonaut-prieskumnik.jpg?bwg=1743503810\"\t\t\t\t\t\t\t\t\t\t   alt=\"5.-kat.-1.-miesto-Viktoria-M.-14-r.-Kzmonaut-prieskumnik\"\t\t\t\t\t\t\t\t\t\t   title=\"5.-kat.-1.-miesto-Viktoria-M.-14-r.-Kzmonaut-prieskumnik\" \/>                <div class=\"\">                  \t\t\t\t                                            <\/div>              <\/div>            <\/div>                      <\/a>                  <\/div>              <div class=\"bwg-item\">          <a class=\"bwg-a  bwg_lightbox\"  data-image-id=\"1992\" href=\"https:\/\/www.muzeumtrebisov.sk\/wp-content\/uploads\/photo-gallery\/Vesmir_ocami_deti_2025\/5.-kat.-2.-miesto-Simona-M.-14-r.-Vesmirny-projekt.jpg?bwg=1743503810\" data-elementor-open-lightbox=\"no\">            <div class=\"bwg-item0\">              <div class=\"bwg-item1\">      \t\t\t\t\t<img class=\"skip-lazy bwg-masonry-thumb bwg_masonry_thumb_0\"                       data-id=\"1992\"                       data-src=\"https:\/\/www.muzeumtrebisov.sk\/wp-content\/uploads\/photo-gallery\/Vesmir_ocami_deti_2025\/thumb\/5.-kat.-2.-miesto-Simona-M.-14-r.-Vesmirny-projekt.jpg?bwg=1743503810\"                       data-width=\"500.00\"                       data-height=\"354.00\"\t\t\t\t\t\t\t\t\t\t   src=\"https:\/\/www.muzeumtrebisov.sk\/wp-content\/uploads\/photo-gallery\/Vesmir_ocami_deti_2025\/thumb\/5.-kat.-2.-miesto-Simona-M.-14-r.-Vesmirny-projekt.jpg?bwg=1743503810\"\t\t\t\t\t\t\t\t\t\t   alt=\"5.-kat.-2.-miesto-Simona-M.-14-r.-Vesmirny-projekt\"\t\t\t\t\t\t\t\t\t\t   title=\"5.-kat.-2.-miesto-Simona-M.-14-r.-Vesmirny-projekt\" \/>                <div class=\"\">                  \t\t\t\t                                            <\/div>              <\/div>            <\/div>                      <\/a>                  <\/div>              <div class=\"bwg-item\">          <a class=\"bwg-a  bwg_lightbox\"  data-image-id=\"1993\" href=\"https:\/\/www.muzeumtrebisov.sk\/wp-content\/uploads\/photo-gallery\/Vesmir_ocami_deti_2025\/5.-kat.-3.-miesto-Matus-B.-13-r.-Pan-vesmiru.jpg?bwg=1743503810\" data-elementor-open-lightbox=\"no\">            <div class=\"bwg-item0\">              <div class=\"bwg-item1\">      \t\t\t\t\t<img class=\"skip-lazy bwg-masonry-thumb bwg_masonry_thumb_0\"                       data-id=\"1993\"                       data-src=\"https:\/\/www.muzeumtrebisov.sk\/wp-content\/uploads\/photo-gallery\/Vesmir_ocami_deti_2025\/thumb\/5.-kat.-3.-miesto-Matus-B.-13-r.-Pan-vesmiru.jpg?bwg=1743503810\"                       data-width=\"500.00\"                       data-height=\"350.00\"\t\t\t\t\t\t\t\t\t\t   src=\"https:\/\/www.muzeumtrebisov.sk\/wp-content\/uploads\/photo-gallery\/Vesmir_ocami_deti_2025\/thumb\/5.-kat.-3.-miesto-Matus-B.-13-r.-Pan-vesmiru.jpg?bwg=1743503810\"\t\t\t\t\t\t\t\t\t\t   alt=\"5.-kat.-3.-miesto-Matus-B.-13-r.-Pan-vesmiru\"\t\t\t\t\t\t\t\t\t\t   title=\"5.-kat.-3.-miesto-Matus-B.-13-r.-Pan-vesmiru\" \/>                <div class=\"\">                  \t\t\t\t                                            <\/div>              <\/div>            <\/div>                      <\/a>                  <\/div>              <div class=\"bwg-item\">          <a class=\"bwg-a  bwg_lightbox\"  data-image-id=\"1994\" href=\"https:\/\/www.muzeumtrebisov.sk\/wp-content\/uploads\/photo-gallery\/Vesmir_ocami_deti_2025\/5.-kat.-4.-miesto-Isabel-G.-12-r.-Spolocne-foto.jpg?bwg=1743503810\" data-elementor-open-lightbox=\"no\">            <div class=\"bwg-item0\">              <div class=\"bwg-item1\">      \t\t\t\t\t<img class=\"skip-lazy bwg-masonry-thumb bwg_masonry_thumb_0\"                       data-id=\"1994\"                       data-src=\"https:\/\/www.muzeumtrebisov.sk\/wp-content\/uploads\/photo-gallery\/Vesmir_ocami_deti_2025\/thumb\/5.-kat.-4.-miesto-Isabel-G.-12-r.-Spolocne-foto.jpg?bwg=1743503810\"                       data-width=\"500.00\"                       data-height=\"352.00\"\t\t\t\t\t\t\t\t\t\t   src=\"https:\/\/www.muzeumtrebisov.sk\/wp-content\/uploads\/photo-gallery\/Vesmir_ocami_deti_2025\/thumb\/5.-kat.-4.-miesto-Isabel-G.-12-r.-Spolocne-foto.jpg?bwg=1743503810\"\t\t\t\t\t\t\t\t\t\t   alt=\"5.-kat.-4.-miesto-Isabel-G.-12-r.-Spolocne-foto\"\t\t\t\t\t\t\t\t\t\t   title=\"5.-kat.-4.-miesto-Isabel-G.-12-r.-Spolocne-foto\" \/>                <div class=\"\">                  \t\t\t\t                                            <\/div>              <\/div>            <\/div>                      <\/a>                  <\/div>              <div class=\"bwg-item\">          <a class=\"bwg-a  bwg_lightbox\"  data-image-id=\"1996\" href=\"https:\/\/www.muzeumtrebisov.sk\/wp-content\/uploads\/photo-gallery\/Vesmir_ocami_deti_2025\/5.-kat.-5.-miesto-Boglarka-B.-13-r.-Motyl.jpg?bwg=1743503810\" data-elementor-open-lightbox=\"no\">            <div class=\"bwg-item0\">              <div class=\"bwg-item1\">      \t\t\t\t\t<img class=\"skip-lazy bwg-masonry-thumb bwg_masonry_thumb_0\"                       data-id=\"1996\"                       data-src=\"https:\/\/www.muzeumtrebisov.sk\/wp-content\/uploads\/photo-gallery\/Vesmir_ocami_deti_2025\/thumb\/5.-kat.-5.-miesto-Boglarka-B.-13-r.-Motyl.jpg?bwg=1743503810\"                       data-width=\"353.00\"                       data-height=\"500.00\"\t\t\t\t\t\t\t\t\t\t   src=\"https:\/\/www.muzeumtrebisov.sk\/wp-content\/uploads\/photo-gallery\/Vesmir_ocami_deti_2025\/thumb\/5.-kat.-5.-miesto-Boglarka-B.-13-r.-Motyl.jpg?bwg=1743503810\"\t\t\t\t\t\t\t\t\t\t   alt=\"5.-kat.-5.-miesto-Boglarka-B.-13-r.-Motyl\"\t\t\t\t\t\t\t\t\t\t   title=\"5.-kat.-5.-miesto-Boglarka-B.-13-r.-Motyl\" \/>                <div class=\"\">                  \t\t\t\t                                            <\/div>              <\/div>            <\/div>                      <\/a>                  <\/div>              <div class=\"bwg-item\">          <a class=\"bwg-a  bwg_lightbox\"  data-image-id=\"1997\" href=\"https:\/\/www.muzeumtrebisov.sk\/wp-content\/uploads\/photo-gallery\/Vesmir_ocami_deti_2025\/vitazi-1.-kat.jpg?bwg=1743503810\" data-elementor-open-lightbox=\"no\">            <div class=\"bwg-item0\">              <div class=\"bwg-item1\">      \t\t\t\t\t<img class=\"skip-lazy bwg-masonry-thumb bwg_masonry_thumb_0\"                       data-id=\"1997\"                       data-src=\"https:\/\/www.muzeumtrebisov.sk\/wp-content\/uploads\/photo-gallery\/Vesmir_ocami_deti_2025\/thumb\/vitazi-1.-kat.jpg?bwg=1743503810\"                       data-width=\"344.00\"                       data-height=\"500.00\"\t\t\t\t\t\t\t\t\t\t   src=\"https:\/\/www.muzeumtrebisov.sk\/wp-content\/uploads\/photo-gallery\/Vesmir_ocami_deti_2025\/thumb\/vitazi-1.-kat.jpg?bwg=1743503810\"\t\t\t\t\t\t\t\t\t\t   alt=\"vitazi-1.-kat\"\t\t\t\t\t\t\t\t\t\t   title=\"vitazi-1.-kat\" \/>                <div class=\"\">                  \t\t\t\t                                            <\/div>              <\/div>            <\/div>                      <\/a>                  <\/div>              <div class=\"bwg-item\">          <a class=\"bwg-a  bwg_lightbox\"  data-image-id=\"2000\" href=\"https:\/\/www.muzeumtrebisov.sk\/wp-content\/uploads\/photo-gallery\/Vesmir_ocami_deti_2025\/vitazi-2.-kat.jpg?bwg=1743503810\" data-elementor-open-lightbox=\"no\">            <div class=\"bwg-item0\">              <div class=\"bwg-item1\">      \t\t\t\t\t<img class=\"skip-lazy bwg-masonry-thumb bwg_masonry_thumb_0\"                       data-id=\"2000\"                       data-src=\"https:\/\/www.muzeumtrebisov.sk\/wp-content\/uploads\/photo-gallery\/Vesmir_ocami_deti_2025\/thumb\/vitazi-2.-kat.jpg?bwg=1743503810\"                       data-width=\"498.00\"                       data-height=\"500.00\"\t\t\t\t\t\t\t\t\t\t   src=\"https:\/\/www.muzeumtrebisov.sk\/wp-content\/uploads\/photo-gallery\/Vesmir_ocami_deti_2025\/thumb\/vitazi-2.-kat.jpg?bwg=1743503810\"\t\t\t\t\t\t\t\t\t\t   alt=\"vitazi-2.-kat\"\t\t\t\t\t\t\t\t\t\t   title=\"vitazi-2.-kat\" \/>                <div class=\"\">                  \t\t\t\t                                            <\/div>              <\/div>            <\/div>                      <\/a>                  <\/div>              <div class=\"bwg-item\">          <a class=\"bwg-a  bwg_lightbox\"  data-image-id=\"1999\" href=\"https:\/\/www.muzeumtrebisov.sk\/wp-content\/uploads\/photo-gallery\/Vesmir_ocami_deti_2025\/vitazi-3.-kat.jpg?bwg=1743503810\" data-elementor-open-lightbox=\"no\">            <div class=\"bwg-item0\">              <div class=\"bwg-item1\">      \t\t\t\t\t<img class=\"skip-lazy bwg-masonry-thumb bwg_masonry_thumb_0\"                       data-id=\"1999\"                       data-src=\"https:\/\/www.muzeumtrebisov.sk\/wp-content\/uploads\/photo-gallery\/Vesmir_ocami_deti_2025\/thumb\/vitazi-3.-kat.jpg?bwg=1743503810\"                       data-width=\"492.00\"                       data-height=\"500.00\"\t\t\t\t\t\t\t\t\t\t   src=\"https:\/\/www.muzeumtrebisov.sk\/wp-content\/uploads\/photo-gallery\/Vesmir_ocami_deti_2025\/thumb\/vitazi-3.-kat.jpg?bwg=1743503810\"\t\t\t\t\t\t\t\t\t\t   alt=\"vitazi-3.-kat\"\t\t\t\t\t\t\t\t\t\t   title=\"vitazi-3.-kat\" \/>                <div class=\"\">                  \t\t\t\t                                            <\/div>              <\/div>            <\/div>                      <\/a>                  <\/div>              <div class=\"bwg-item\">          <a class=\"bwg-a  bwg_lightbox\"  data-image-id=\"1998\" href=\"https:\/\/www.muzeumtrebisov.sk\/wp-content\/uploads\/photo-gallery\/Vesmir_ocami_deti_2025\/vitazi-4.-kat.jpg?bwg=1743503810\" data-elementor-open-lightbox=\"no\">            <div class=\"bwg-item0\">              <div class=\"bwg-item1\">      \t\t\t\t\t<img class=\"skip-lazy bwg-masonry-thumb bwg_masonry_thumb_0\"                       data-id=\"1998\"                       data-src=\"https:\/\/www.muzeumtrebisov.sk\/wp-content\/uploads\/photo-gallery\/Vesmir_ocami_deti_2025\/thumb\/vitazi-4.-kat.jpg?bwg=1743503810\"                       data-width=\"500.00\"                       data-height=\"400.00\"\t\t\t\t\t\t\t\t\t\t   src=\"https:\/\/www.muzeumtrebisov.sk\/wp-content\/uploads\/photo-gallery\/Vesmir_ocami_deti_2025\/thumb\/vitazi-4.-kat.jpg?bwg=1743503810\"\t\t\t\t\t\t\t\t\t\t   alt=\"vitazi-4.-kat\"\t\t\t\t\t\t\t\t\t\t   title=\"vitazi-4.-kat\" \/>                <div class=\"\">                  \t\t\t\t                                            <\/div>              <\/div>            <\/div>                      <\/a>                  <\/div>              <div class=\"bwg-item\">          <a class=\"bwg-a  bwg_lightbox\"  data-image-id=\"2001\" href=\"https:\/\/www.muzeumtrebisov.sk\/wp-content\/uploads\/photo-gallery\/Vesmir_ocami_deti_2025\/vitazi-5.-kat.jpg?bwg=1743503810\" data-elementor-open-lightbox=\"no\">            <div class=\"bwg-item0\">              <div class=\"bwg-item1\">      \t\t\t\t\t<img class=\"skip-lazy bwg-masonry-thumb bwg_masonry_thumb_0\"                       data-id=\"2001\"                       data-src=\"https:\/\/www.muzeumtrebisov.sk\/wp-content\/uploads\/photo-gallery\/Vesmir_ocami_deti_2025\/thumb\/vitazi-5.-kat.jpg?bwg=1743503810\"                       data-width=\"500.00\"                       data-height=\"465.00\"\t\t\t\t\t\t\t\t\t\t   src=\"https:\/\/www.muzeumtrebisov.sk\/wp-content\/uploads\/photo-gallery\/Vesmir_ocami_deti_2025\/thumb\/vitazi-5.-kat.jpg?bwg=1743503810\"\t\t\t\t\t\t\t\t\t\t   alt=\"vitazi-5.-kat\"\t\t\t\t\t\t\t\t\t\t   title=\"vitazi-5.-kat\" \/>                <div class=\"\">                  \t\t\t\t                                            <\/div>              <\/div>            <\/div>                      <\/a>                  <\/div>          <\/div>    <style>      \/*pagination styles*\/      #bwg_container1_0 #bwg_container2_0 .tablenav-pages_0 {\t\t\t\ttext-align: center;\t\t\t\tfont-size: 12px;\t\t\t\tfont-family: Ubuntu;\t\t\t\tfont-weight: bold;\t\t\t\tcolor: #666666;\t\t\t\tmargin: 6px 0 4px;\t\t\t\tdisplay: block;      }      @media only screen and (max-width : 320px) {      #bwg_container1_0 #bwg_container2_0 .displaying-num_0 {     \t display: none;      }      }      #bwg_container1_0 #bwg_container2_0 .displaying-num_0 {\t\t\t\tfont-size: 12px;\t\t\t\tfont-family: Ubuntu;\t\t\t\tfont-weight: bold;\t\t\t\tcolor: #666666;\t\t\t\tmargin-right: 10px;\t\t\t\tvertical-align: middle;      }      #bwg_container1_0 #bwg_container2_0 .paging-input_0 {\t\t\t\tfont-size: 12px;\t\t\t\tfont-family: Ubuntu;\t\t\t\tfont-weight: bold;\t\t\t\tcolor: #666666;\t\t\t\tvertical-align: middle;      }      #bwg_container1_0 #bwg_container2_0 .tablenav-pages_0 a.disabled,      #bwg_container1_0 #bwg_container2_0 .tablenav-pages_0 a.disabled:hover,      #bwg_container1_0 #bwg_container2_0 .tablenav-pages_0 a.disabled:focus,\t\t\t#bwg_container1_0 #bwg_container2_0 .tablenav-pages_0 input.bwg_current_page {\t\t\t\tcursor: default;\t\t\t\tcolor: rgba(102, 102, 102, 0.5);      }      #bwg_container1_0 #bwg_container2_0 .tablenav-pages_0 a,      #bwg_container1_0 #bwg_container2_0 .tablenav-pages_0 input.bwg_current_page {\t\t\t\tcursor: pointer;\t\t\t\ttext-align: center;\t\t\t\tfont-size: 12px;\t\t\t\tfont-family: Ubuntu;\t\t\t\tfont-weight: bold;\t\t\t\tcolor: #666666;\t\t\t\ttext-decoration: none;\t\t\t\tpadding: 3px 6px;\t\t\t\tmargin: 0;\t\t\t\tborder-radius: 0;\t\t\t\tborder-style: solid;\t\t\t\tborder-width: 1px;\t\t\t\tborder-color: #E3E3E3;\t\t\t\t\t\t\t\tbackground-color: rgba(255, 255, 255, 1.00);\t\t\t\tbox-shadow: 0;\t\t\t\ttransition: all 0.3s ease 0s;-webkit-transition: all 0.3s ease 0s;      }      <\/style>      <span class=\"bwg_nav_cont_0\">              <div class=\"tablenav-pages_0\">                  <\/div>                <input type=\"hidden\" id=\"page_number_0\" name=\"page_number_0\" value=\"1\" \/>      <script type=\"text\/javascript\">        if( jQuery('.bwg_nav_cont_0').length > 1 ) {          jQuery('.bwg_nav_cont_0').first().remove()        }        function spider_page_0(cur, x, y, load_more) {          if (typeof load_more == \"undefined\") {            var load_more = false;          }          if (jQuery(cur).hasClass('disabled')) {            return false;          }          var items_county_0 = 1;          switch (y) {            case 1:              if (x >= items_county_0) {                document.getElementById('page_number_0').value = items_county_0;              }              else {                document.getElementById('page_number_0').value = x + 1;              }              break;            case 2:              document.getElementById('page_number_0').value = items_county_0;              break;            case -1:              if (x == 1) {                document.getElementById('page_number_0').value = 1;              }              else {                document.getElementById('page_number_0').value = x - 1;              }              break;            case -2:              document.getElementById('page_number_0').value = 1;              break;\t\t\t\t\t\tcase 0:              document.getElementById('page_number_0').value = x;              break;            default:              document.getElementById('page_number_0').value = 1;          }          bwg_ajax('gal_front_form_0', '0', 'bwg_thumbnails_masonry_0', '0', '', 'gallery', 0, '', '', load_more, '', 1);        }                    jQuery('.first-page-0').on('click', function () {              spider_page_0(this, 1, -2, 'numeric');              return false;            });            jQuery('.prev-page-0').on('click', function () {              spider_page_0(this, 1, -1, 'numeric');              return false;            });            jQuery('.next-page-0').on('click', function () {              spider_page_0(this, 1, 1, 'numeric');              return false;            });            jQuery('.last-page-0').on('click', function () {              spider_page_0(this, 1, 2, 'numeric');              return false;            });        \t\t\t\t\/* Change page on input enter. *\/        function bwg_change_page_0( e, that ) {          if (  e.key == 'Enter' ) {            var to_page = parseInt(jQuery(that).val());            var pages_count = jQuery(that).parents(\".pagination-links\").data(\"pages-count\");            var current_url_param = jQuery(that).attr('data-url-info');            if (to_page > pages_count) {              to_page = 1;            }\t \t\t\t\t\t\t\t\t\t\t\t\tspider_page_0(this, to_page, 0, 'numeric');\t\t\t\t\t\t\treturn false;\t\t\t\t\t\t          }          return true;        }        jQuery('.bwg_load_btn_0').on('click', function () {            spider_page_0(this, 1, 1, true);            return false;        });      <\/script>      <\/span>                <\/div>        <input type=\"hidden\" name=\"trp-form-language\" value=\"hu\"\/><\/form>        <style>          #bwg_container1_0 #bwg_container2_0 #spider_popup_overlay_0 {          background-color: #EEEEEE;          opacity: 0.60;          }          <\/style>        <div id=\"bwg_spider_popup_loading_0\" class=\"bwg_spider_popup_loading\"><\/div>        <div id=\"spider_popup_overlay_0\" class=\"spider_popup_overlay\" onclick=\"spider_destroypopup(1000)\"><\/div>        <input type=\"hidden\" id=\"bwg_random_seed_0\" value=\"200874711\">                <\/div>    <\/div>    <script>      if (document.readyState === 'complete') {        if( typeof bwg_main_ready == 'function' ) {          if ( jQuery(\"#bwg_container1_0\").height() ) {            bwg_main_ready(jQuery(\"#bwg_container1_0\"));          }        }      } else {        document.addEventListener('DOMContentLoaded', function() {          if( typeof bwg_main_ready == 'function' ) {            if ( jQuery(\"#bwg_container1_0\").height() ) {             bwg_main_ready(jQuery(\"#bwg_container1_0\"));            }          }        });      }    <\/script>","protected":false},"excerpt":{"rendered":"<p>M\u00fazeum a&nbsp;Kult\u00farne centrum ju\u017en\u00e9ho Zempl\u00edna v Trebi\u0161ove, \u00fatvar astron\u00f3mie, sa zapojil do 40. ro\u010dn\u00edka celoslovenskej v\u00fdtvarnej s\u00fa\u0165a\u017ee \u201eVesm\u00edr o\u010dami det\u00ed\u201c. Do okresn\u00e9ho kola sa v&nbsp;roku 2025 prihl\u00e1silo18 matersk\u00fdch \u0161k\u00f4l, 15 z\u00e1kladn\u00fdch \u0161k\u00f4l, 6 \u0161peci\u00e1lne z\u00e1kladn\u00e9 \u0161koly a&nbsp; 3 z\u00e1kladn\u00fdch umeleck\u00fdch \u0161k\u00f4l. 424 do\u0161l\u00fdch v\u00fdtvarn\u00fdch pr\u00e1c rozdelen\u00fdch do 5. kateg\u00f3ri\u00ed hodnotila odborn\u00e1 porota d\u0148a 19. 3.<\/p>","protected":false},"author":5,"featured_media":7157,"comment_status":"open","ping_status":"open","sticky":false,"template":"","format":"standard","meta":{"om_disable_all_campaigns":false,"_vp_format_video_url":"","_vp_image_focal_point":[]},"categories":[1],"tags":[],"aioseo_notices":[],"yoast_head":"<!-- This site is optimized with the Yoast SEO plugin v18.5.1 - https:\/\/yoast.com\/wordpress\/plugins\/seo\/ -->\n<title>\u201eVesm\u00edr o\u010dami det\u00ed\u201c \u00a02025 \u2013 vyhodnotenie s\u00fa\u0165a\u017ee | M\u00fazeum Trebi\u0161ov - Ka\u0161tie\u013e Andr\u00e1ssyovcov<\/title>\n<meta name=\"robots\" content=\"index, follow, max-snippet:-1, max-image-preview:large, max-video-preview:-1\" \/>\n<link rel=\"canonical\" href=\"https:\/\/www.muzeumtrebisov.sk\/hu\/nezaradene\/vesmir-ocami-deti-2025-vyhodnotenie-sutaze\/\" \/>\n<meta property=\"og:locale\" content=\"hu_HU\" \/>\n<meta property=\"og:type\" content=\"article\" \/>\n<meta property=\"og:title\" content=\"\u201eVesm\u00edr o\u010dami det\u00ed\u201c \u00a02025 \u2013 vyhodnotenie s\u00fa\u0165a\u017ee | M\u00fazeum Trebi\u0161ov - Ka\u0161tie\u013e Andr\u00e1ssyovcov\" \/>\n<meta property=\"og:description\" content=\"M\u00fazeum a&nbsp;Kult\u00farne centrum ju\u017en\u00e9ho Zempl\u00edna v Trebi\u0161ove, \u00fatvar astron\u00f3mie, sa zapojil do 40. ro\u010dn\u00edka celoslovenskej v\u00fdtvarnej s\u00fa\u0165a\u017ee \u201eVesm\u00edr o\u010dami det\u00ed\u201c. Do okresn\u00e9ho kola sa v&nbsp;roku 2025 prihl\u00e1silo18 matersk\u00fdch \u0161k\u00f4l, 15 z\u00e1kladn\u00fdch \u0161k\u00f4l, 6 \u0161peci\u00e1lne z\u00e1kladn\u00e9 \u0161koly a&nbsp; 3 z\u00e1kladn\u00fdch umeleck\u00fdch \u0161k\u00f4l. 424 do\u0161l\u00fdch v\u00fdtvarn\u00fdch pr\u00e1c rozdelen\u00fdch do 5. kateg\u00f3ri\u00ed hodnotila odborn\u00e1 porota d\u0148a 19. 3.\" \/>\n<meta property=\"og:url\" content=\"https:\/\/www.muzeumtrebisov.sk\/hu\/nezaradene\/vesmir-ocami-deti-2025-vyhodnotenie-sutaze\/\" \/>\n<meta property=\"og:site_name\" content=\"M\u00fazeum Trebi\u0161ov - Ka\u0161tie\u013e Andr\u00e1ssyovcov\" \/>\n<meta property=\"article:publisher\" content=\"https:\/\/www.facebook.com\/muzeumtvkastielandrassyovcov\" \/>\n<meta property=\"article:published_time\" content=\"2025-04-01T10:41:15+00:00\" \/>\n<meta property=\"article:modified_time\" content=\"2026-04-09T10:56:08+00:00\" \/>\n<meta property=\"og:image\" content=\"https:\/\/www.muzeumtrebisov.sk\/wp-content\/uploads\/2025\/04\/5.-kat.-4.-miesto-Isabel-G.-12-r.-Spolocne-foto.jpg\" \/>\n\t<meta property=\"og:image:width\" content=\"1920\" \/>\n\t<meta property=\"og:image:height\" content=\"1352\" \/>\n\t<meta property=\"og:image:type\" content=\"image\/jpeg\" \/>\n<meta name=\"twitter:card\" content=\"summary_large_image\" \/>\n<meta name=\"twitter:label1\" content=\"Szerz\u0151:\" \/>\n\t<meta name=\"twitter:data1\" content=\"Be\u00e1ta Le\u0161kov\u00e1\" \/>\n\t<meta name=\"twitter:label2\" content=\"Becs\u00fclt olvas\u00e1si id\u0151\" \/>\n\t<meta name=\"twitter:data2\" content=\"2 perc\" \/>\n<script type=\"application\/ld+json\" class=\"yoast-schema-graph\">{\"@context\":\"https:\/\/schema.org\",\"@graph\":[{\"@type\":\"Organization\",\"@id\":\"https:\/\/www.muzeumtrebisov.sk\/#organization\",\"name\":\"M\u00fazeum Trebi\u0161ov - Ka\u0161tie\u013e Andr\u00e1ssyovcov\",\"url\":\"https:\/\/www.muzeumtrebisov.sk\/\",\"sameAs\":[\"https:\/\/www.facebook.com\/muzeumtvkastielandrassyovcov\",\"https:\/\/www.instagram.com\/muzeumtrebisovkastielandrassy\/\",\"https:\/\/www.youtube.com\/channel\/UCprfZHvPNIxqZ2IHCDwfv1w\"],\"logo\":{\"@type\":\"ImageObject\",\"@id\":\"https:\/\/www.muzeumtrebisov.sk\/#logo\",\"inLanguage\":\"hu\",\"url\":\"https:\/\/www.muzeumtrebisov.sk\/wp-content\/uploads\/2022\/04\/dual-logo-color-hor.png\",\"contentUrl\":\"https:\/\/www.muzeumtrebisov.sk\/wp-content\/uploads\/2022\/04\/dual-logo-color-hor.png\",\"width\":749,\"height\":140,\"caption\":\"M\u00fazeum Trebi\u0161ov - Ka\u0161tie\u013e Andr\u00e1ssyovcov\"},\"image\":{\"@id\":\"https:\/\/www.muzeumtrebisov.sk\/#logo\"}},{\"@type\":\"WebSite\",\"@id\":\"https:\/\/www.muzeumtrebisov.sk\/#website\",\"url\":\"https:\/\/www.muzeumtrebisov.sk\/\",\"name\":\"M\u00fazeum Trebi\u0161ov - Ka\u0161tie\u013e Andr\u00e1ssyovcov\",\"description\":\"Hist\u00f3ria Andr\u00e1ssyovcov a ju\u017en\u00e9ho Zempl\u00edna\",\"publisher\":{\"@id\":\"https:\/\/www.muzeumtrebisov.sk\/#organization\"},\"potentialAction\":[{\"@type\":\"SearchAction\",\"target\":{\"@type\":\"EntryPoint\",\"urlTemplate\":\"https:\/\/www.muzeumtrebisov.sk\/?s={search_term_string}\"},\"query-input\":\"required name=search_term_string\"}],\"inLanguage\":\"hu\"},{\"@type\":\"ImageObject\",\"@id\":\"https:\/\/www.muzeumtrebisov.sk\/nezaradene\/vesmir-ocami-deti-2025-vyhodnotenie-sutaze\/#primaryimage\",\"inLanguage\":\"hu\",\"url\":\"https:\/\/www.muzeumtrebisov.sk\/wp-content\/uploads\/2025\/04\/5.-kat.-4.-miesto-Isabel-G.-12-r.-Spolocne-foto.jpg\",\"contentUrl\":\"https:\/\/www.muzeumtrebisov.sk\/wp-content\/uploads\/2025\/04\/5.-kat.-4.-miesto-Isabel-G.-12-r.-Spolocne-foto.jpg\",\"width\":1920,\"height\":1352},{\"@type\":\"WebPage\",\"@id\":\"https:\/\/www.muzeumtrebisov.sk\/nezaradene\/vesmir-ocami-deti-2025-vyhodnotenie-sutaze\/#webpage\",\"url\":\"https:\/\/www.muzeumtrebisov.sk\/nezaradene\/vesmir-ocami-deti-2025-vyhodnotenie-sutaze\/\",\"name\":\"\u201eVesm\u00edr o\u010dami det\u00ed\u201c \u00a02025 \u2013 vyhodnotenie s\u00fa\u0165a\u017ee | M\u00fazeum Trebi\u0161ov - Ka\u0161tie\u013e Andr\u00e1ssyovcov\",\"isPartOf\":{\"@id\":\"https:\/\/www.muzeumtrebisov.sk\/#website\"},\"primaryImageOfPage\":{\"@id\":\"https:\/\/www.muzeumtrebisov.sk\/nezaradene\/vesmir-ocami-deti-2025-vyhodnotenie-sutaze\/#primaryimage\"},\"datePublished\":\"2025-04-01T10:41:15+00:00\",\"dateModified\":\"2026-04-09T10:56:08+00:00\",\"breadcrumb\":{\"@id\":\"https:\/\/www.muzeumtrebisov.sk\/nezaradene\/vesmir-ocami-deti-2025-vyhodnotenie-sutaze\/#breadcrumb\"},\"inLanguage\":\"hu\",\"potentialAction\":[{\"@type\":\"ReadAction\",\"target\":[\"https:\/\/www.muzeumtrebisov.sk\/nezaradene\/vesmir-ocami-deti-2025-vyhodnotenie-sutaze\/\"]}]},{\"@type\":\"BreadcrumbList\",\"@id\":\"https:\/\/www.muzeumtrebisov.sk\/nezaradene\/vesmir-ocami-deti-2025-vyhodnotenie-sutaze\/#breadcrumb\",\"itemListElement\":[{\"@type\":\"ListItem\",\"position\":1,\"name\":\"Home\",\"item\":\"https:\/\/www.muzeumtrebisov.sk\/\"},{\"@type\":\"ListItem\",\"position\":2,\"name\":\"\u201eVesm\u00edr o\u010dami det\u00ed\u201c \u00a02025 \u2013 vyhodnotenie s\u00fa\u0165a\u017ee\"}]},{\"@type\":\"Article\",\"@id\":\"https:\/\/www.muzeumtrebisov.sk\/nezaradene\/vesmir-ocami-deti-2025-vyhodnotenie-sutaze\/#article\",\"isPartOf\":{\"@id\":\"https:\/\/www.muzeumtrebisov.sk\/nezaradene\/vesmir-ocami-deti-2025-vyhodnotenie-sutaze\/#webpage\"},\"author\":{\"@id\":\"https:\/\/www.muzeumtrebisov.sk\/#\/schema\/person\/2786780212ca6d4bc140536add5d3326\"},\"headline\":\"\u201eVesm\u00edr o\u010dami det\u00ed\u201c \u00a02025 \u2013 vyhodnotenie s\u00fa\u0165a\u017ee\",\"datePublished\":\"2025-04-01T10:41:15+00:00\",\"dateModified\":\"2026-04-09T10:56:08+00:00\",\"mainEntityOfPage\":{\"@id\":\"https:\/\/www.muzeumtrebisov.sk\/nezaradene\/vesmir-ocami-deti-2025-vyhodnotenie-sutaze\/#webpage\"},\"wordCount\":409,\"commentCount\":0,\"publisher\":{\"@id\":\"https:\/\/www.muzeumtrebisov.sk\/#organization\"},\"image\":{\"@id\":\"https:\/\/www.muzeumtrebisov.sk\/nezaradene\/vesmir-ocami-deti-2025-vyhodnotenie-sutaze\/#primaryimage\"},\"thumbnailUrl\":\"https:\/\/www.muzeumtrebisov.sk\/wp-content\/uploads\/2025\/04\/5.-kat.-4.-miesto-Isabel-G.-12-r.-Spolocne-foto.jpg\",\"articleSection\":[\"Nezaraden\u00e9\"],\"inLanguage\":\"hu\",\"potentialAction\":[{\"@type\":\"CommentAction\",\"name\":\"Comment\",\"target\":[\"https:\/\/www.muzeumtrebisov.sk\/nezaradene\/vesmir-ocami-deti-2025-vyhodnotenie-sutaze\/#respond\"]}]},{\"@type\":\"Person\",\"@id\":\"https:\/\/www.muzeumtrebisov.sk\/#\/schema\/person\/2786780212ca6d4bc140536add5d3326\",\"name\":\"Be\u00e1ta Le\u0161kov\u00e1\",\"image\":{\"@type\":\"ImageObject\",\"@id\":\"https:\/\/www.muzeumtrebisov.sk\/#personlogo\",\"inLanguage\":\"hu\",\"url\":\"https:\/\/secure.gravatar.com\/avatar\/e675f6913a1f8194035a44748fb98881?s=96&d=mm&r=g\",\"contentUrl\":\"https:\/\/secure.gravatar.com\/avatar\/e675f6913a1f8194035a44748fb98881?s=96&d=mm&r=g\",\"caption\":\"Be\u00e1ta Le\u0161kov\u00e1\"},\"url\":\"https:\/\/www.muzeumtrebisov.sk\/hu\/author\/beataleskova\/\"}]}<\/script>\n<!-- \/ Yoast SEO plugin. -->","yoast_head_json":{"title":"\u201eVesm\u00edr o\u010dami det\u00ed\u201c \u00a02025 \u2013 vyhodnotenie s\u00fa\u0165a\u017ee | M\u00fazeum Trebi\u0161ov - Ka\u0161tie\u013e Andr\u00e1ssyovcov","robots":{"index":"index","follow":"follow","max-snippet":"max-snippet:-1","max-image-preview":"max-image-preview:large","max-video-preview":"max-video-preview:-1"},"canonical":"https:\/\/www.muzeumtrebisov.sk\/hu\/nezaradene\/vesmir-ocami-deti-2025-vyhodnotenie-sutaze\/","og_locale":"hu_HU","og_type":"article","og_title":"\u201eVesm\u00edr o\u010dami det\u00ed\u201c \u00a02025 \u2013 vyhodnotenie s\u00fa\u0165a\u017ee | M\u00fazeum Trebi\u0161ov - Ka\u0161tie\u013e Andr\u00e1ssyovcov","og_description":"M\u00fazeum a&nbsp;Kult\u00farne centrum ju\u017en\u00e9ho Zempl\u00edna v Trebi\u0161ove, \u00fatvar astron\u00f3mie, sa zapojil do 40. ro\u010dn\u00edka celoslovenskej v\u00fdtvarnej s\u00fa\u0165a\u017ee \u201eVesm\u00edr o\u010dami det\u00ed\u201c. Do okresn\u00e9ho kola sa v&nbsp;roku 2025 prihl\u00e1silo18 matersk\u00fdch \u0161k\u00f4l, 15 z\u00e1kladn\u00fdch \u0161k\u00f4l, 6 \u0161peci\u00e1lne z\u00e1kladn\u00e9 \u0161koly a&nbsp; 3 z\u00e1kladn\u00fdch umeleck\u00fdch \u0161k\u00f4l. 424 do\u0161l\u00fdch v\u00fdtvarn\u00fdch pr\u00e1c rozdelen\u00fdch do 5. kateg\u00f3ri\u00ed hodnotila odborn\u00e1 porota d\u0148a 19. 3.","og_url":"https:\/\/www.muzeumtrebisov.sk\/hu\/nezaradene\/vesmir-ocami-deti-2025-vyhodnotenie-sutaze\/","og_site_name":"M\u00fazeum Trebi\u0161ov - Ka\u0161tie\u013e Andr\u00e1ssyovcov","article_publisher":"https:\/\/www.facebook.com\/muzeumtvkastielandrassyovcov","article_published_time":"2025-04-01T10:41:15+00:00","article_modified_time":"2026-04-09T10:56:08+00:00","og_image":[{"width":1920,"height":1352,"url":"https:\/\/www.muzeumtrebisov.sk\/wp-content\/uploads\/2025\/04\/5.-kat.-4.-miesto-Isabel-G.-12-r.-Spolocne-foto.jpg","type":"image\/jpeg"}],"twitter_card":"summary_large_image","twitter_misc":{"Szerz\u0151:":"Be\u00e1ta Le\u0161kov\u00e1","Becs\u00fclt olvas\u00e1si id\u0151":"2 perc"},"schema":{"@context":"https:\/\/schema.org","@graph":[{"@type":"Organization","@id":"https:\/\/www.muzeumtrebisov.sk\/#organization","name":"M\u00fazeum Trebi\u0161ov - Ka\u0161tie\u013e Andr\u00e1ssyovcov","url":"https:\/\/www.muzeumtrebisov.sk\/","sameAs":["https:\/\/www.facebook.com\/muzeumtvkastielandrassyovcov","https:\/\/www.instagram.com\/muzeumtrebisovkastielandrassy\/","https:\/\/www.youtube.com\/channel\/UCprfZHvPNIxqZ2IHCDwfv1w"],"logo":{"@type":"ImageObject","@id":"https:\/\/www.muzeumtrebisov.sk\/#logo","inLanguage":"hu","url":"https:\/\/www.muzeumtrebisov.sk\/wp-content\/uploads\/2022\/04\/dual-logo-color-hor.png","contentUrl":"https:\/\/www.muzeumtrebisov.sk\/wp-content\/uploads\/2022\/04\/dual-logo-color-hor.png","width":749,"height":140,"caption":"M\u00fazeum Trebi\u0161ov - Ka\u0161tie\u013e Andr\u00e1ssyovcov"},"image":{"@id":"https:\/\/www.muzeumtrebisov.sk\/#logo"}},{"@type":"WebSite","@id":"https:\/\/www.muzeumtrebisov.sk\/#website","url":"https:\/\/www.muzeumtrebisov.sk\/","name":"M\u00fazeum Trebi\u0161ov - Ka\u0161tie\u013e Andr\u00e1ssyovcov","description":"Hist\u00f3ria Andr\u00e1ssyovcov a ju\u017en\u00e9ho Zempl\u00edna","publisher":{"@id":"https:\/\/www.muzeumtrebisov.sk\/#organization"},"potentialAction":[{"@type":"SearchAction","target":{"@type":"EntryPoint","urlTemplate":"https:\/\/www.muzeumtrebisov.sk\/?s={search_term_string}"},"query-input":"required name=search_term_string"}],"inLanguage":"hu"},{"@type":"ImageObject","@id":"https:\/\/www.muzeumtrebisov.sk\/nezaradene\/vesmir-ocami-deti-2025-vyhodnotenie-sutaze\/#primaryimage","inLanguage":"hu","url":"https:\/\/www.muzeumtrebisov.sk\/wp-content\/uploads\/2025\/04\/5.-kat.-4.-miesto-Isabel-G.-12-r.-Spolocne-foto.jpg","contentUrl":"https:\/\/www.muzeumtrebisov.sk\/wp-content\/uploads\/2025\/04\/5.-kat.-4.-miesto-Isabel-G.-12-r.-Spolocne-foto.jpg","width":1920,"height":1352},{"@type":"WebPage","@id":"https:\/\/www.muzeumtrebisov.sk\/nezaradene\/vesmir-ocami-deti-2025-vyhodnotenie-sutaze\/#webpage","url":"https:\/\/www.muzeumtrebisov.sk\/nezaradene\/vesmir-ocami-deti-2025-vyhodnotenie-sutaze\/","name":"\u201eVesm\u00edr o\u010dami det\u00ed\u201c \u00a02025 \u2013 vyhodnotenie s\u00fa\u0165a\u017ee | M\u00fazeum Trebi\u0161ov - Ka\u0161tie\u013e Andr\u00e1ssyovcov","isPartOf":{"@id":"https:\/\/www.muzeumtrebisov.sk\/#website"},"primaryImageOfPage":{"@id":"https:\/\/www.muzeumtrebisov.sk\/nezaradene\/vesmir-ocami-deti-2025-vyhodnotenie-sutaze\/#primaryimage"},"datePublished":"2025-04-01T10:41:15+00:00","dateModified":"2026-04-09T10:56:08+00:00","breadcrumb":{"@id":"https:\/\/www.muzeumtrebisov.sk\/nezaradene\/vesmir-ocami-deti-2025-vyhodnotenie-sutaze\/#breadcrumb"},"inLanguage":"hu","potentialAction":[{"@type":"ReadAction","target":["https:\/\/www.muzeumtrebisov.sk\/nezaradene\/vesmir-ocami-deti-2025-vyhodnotenie-sutaze\/"]}]},{"@type":"BreadcrumbList","@id":"https:\/\/www.muzeumtrebisov.sk\/nezaradene\/vesmir-ocami-deti-2025-vyhodnotenie-sutaze\/#breadcrumb","itemListElement":[{"@type":"ListItem","position":1,"name":"Home","item":"https:\/\/www.muzeumtrebisov.sk\/"},{"@type":"ListItem","position":2,"name":"\u201eVesm\u00edr o\u010dami det\u00ed\u201c \u00a02025 \u2013 vyhodnotenie s\u00fa\u0165a\u017ee"}]},{"@type":"Article","@id":"https:\/\/www.muzeumtrebisov.sk\/nezaradene\/vesmir-ocami-deti-2025-vyhodnotenie-sutaze\/#article","isPartOf":{"@id":"https:\/\/www.muzeumtrebisov.sk\/nezaradene\/vesmir-ocami-deti-2025-vyhodnotenie-sutaze\/#webpage"},"author":{"@id":"https:\/\/www.muzeumtrebisov.sk\/#\/schema\/person\/2786780212ca6d4bc140536add5d3326"},"headline":"\u201eVesm\u00edr o\u010dami det\u00ed\u201c \u00a02025 \u2013 vyhodnotenie s\u00fa\u0165a\u017ee","datePublished":"2025-04-01T10:41:15+00:00","dateModified":"2026-04-09T10:56:08+00:00","mainEntityOfPage":{"@id":"https:\/\/www.muzeumtrebisov.sk\/nezaradene\/vesmir-ocami-deti-2025-vyhodnotenie-sutaze\/#webpage"},"wordCount":409,"commentCount":0,"publisher":{"@id":"https:\/\/www.muzeumtrebisov.sk\/#organization"},"image":{"@id":"https:\/\/www.muzeumtrebisov.sk\/nezaradene\/vesmir-ocami-deti-2025-vyhodnotenie-sutaze\/#primaryimage"},"thumbnailUrl":"https:\/\/www.muzeumtrebisov.sk\/wp-content\/uploads\/2025\/04\/5.-kat.-4.-miesto-Isabel-G.-12-r.-Spolocne-foto.jpg","articleSection":["Nezaraden\u00e9"],"inLanguage":"hu","potentialAction":[{"@type":"CommentAction","name":"Comment","target":["https:\/\/www.muzeumtrebisov.sk\/nezaradene\/vesmir-ocami-deti-2025-vyhodnotenie-sutaze\/#respond"]}]},{"@type":"Person","@id":"https:\/\/www.muzeumtrebisov.sk\/#\/schema\/person\/2786780212ca6d4bc140536add5d3326","name":"Be\u00e1ta Le\u0161kov\u00e1","image":{"@type":"ImageObject","@id":"https:\/\/www.muzeumtrebisov.sk\/#personlogo","inLanguage":"hu","url":"https:\/\/secure.gravatar.com\/avatar\/e675f6913a1f8194035a44748fb98881?s=96&d=mm&r=g","contentUrl":"https:\/\/secure.gravatar.com\/avatar\/e675f6913a1f8194035a44748fb98881?s=96&d=mm&r=g","caption":"Be\u00e1ta Le\u0161kov\u00e1"},"url":"https:\/\/www.muzeumtrebisov.sk\/hu\/author\/beataleskova\/"}]}},"_links":{"self":[{"href":"https:\/\/www.muzeumtrebisov.sk\/hu\/wp-json\/wp\/v2\/posts\/7149"}],"collection":[{"href":"https:\/\/www.muzeumtrebisov.sk\/hu\/wp-json\/wp\/v2\/posts"}],"about":[{"href":"https:\/\/www.muzeumtrebisov.sk\/hu\/wp-json\/wp\/v2\/types\/post"}],"author":[{"embeddable":true,"href":"https:\/\/www.muzeumtrebisov.sk\/hu\/wp-json\/wp\/v2\/users\/5"}],"replies":[{"embeddable":true,"href":"https:\/\/www.muzeumtrebisov.sk\/hu\/wp-json\/wp\/v2\/comments?post=7149"}],"version-history":[{"count":4,"href":"https:\/\/www.muzeumtrebisov.sk\/hu\/wp-json\/wp\/v2\/posts\/7149\/revisions"}],"predecessor-version":[{"id":7161,"href":"https:\/\/www.muzeumtrebisov.sk\/hu\/wp-json\/wp\/v2\/posts\/7149\/revisions\/7161"}],"wp:featuredmedia":[{"embeddable":true,"href":"https:\/\/www.muzeumtrebisov.sk\/hu\/wp-json\/wp\/v2\/media\/7157"}],"wp:attachment":[{"href":"https:\/\/www.muzeumtrebisov.sk\/hu\/wp-json\/wp\/v2\/media?parent=7149"}],"wp:term":[{"taxonomy":"category","embeddable":true,"href":"https:\/\/www.muzeumtrebisov.sk\/hu\/wp-json\/wp\/v2\/categories?post=7149"},{"taxonomy":"post_tag","embeddable":true,"href":"https:\/\/www.muzeumtrebisov.sk\/hu\/wp-json\/wp\/v2\/tags?post=7149"}],"curies":[{"name":"wp","href":"https:\/\/api.w.org\/{rel}","templated":true}]}}