{"id":7002,"date":"2024-11-20T08:06:00","date_gmt":"2024-11-20T07:06:00","guid":{"rendered":"https:\/\/www.muzeumtrebisov.sk\/?p=7002"},"modified":"2025-02-18T08:09:56","modified_gmt":"2025-02-18T07:09:56","slug":"odhalenie-pamatnika","status":"publish","type":"post","link":"https:\/\/www.muzeumtrebisov.sk\/hu\/blog\/odhalenie-pamatnika\/","title":{"rendered":"Odhalenie pam\u00e4tn\u00edka"},"content":{"rendered":"<p>Koncom roka 1906 do\u0161iel &nbsp;na adresu Obecn\u00e9ho \u00faradu v Trebi\u0161ove list z&nbsp;hlavn\u00e9ho mesta Budape\u0161ti. Nebol to oby\u010dajn\u00fd \u00faradn\u00fd list, ale bolo to pozvanie pre z\u00e1stupcov obce, aby sa z\u00fa\u010dastnili odhalenia pam\u00e4tn\u00edka gr\u00f3fa J\u00faliusa Andr\u00e1ssyho, ministersk\u00e9ho predsedu uhorskej vl\u00e1dy v&nbsp;rokoch 1867-1871.&nbsp;&nbsp; List obsahoval aj pr\u00edpis, v&nbsp;ktorom bolo uveden\u00e9, \u017ee v\u0161etky v\u00fddavky spojen\u00e9 s&nbsp;cestou a&nbsp;pobytom hrad\u00ed hlavn\u00e9 mesto.<\/p>\n\n\n\n<p>Odhalenie sa malo kona\u0165 2. janu\u00e1ra 1907 a&nbsp;obecn\u00fd v\u00fdbor hne\u010f navrhol, aby sa odhalenia pam\u00e4tn\u00edka z\u00fa\u010dastnili not\u00e1r J\u00e1n R\u00e1cz, starosta Jozef Danko a&nbsp;z\u00e1stupca starostu Juraj \u010euri\u0161in. N\u00e1vrh bol schv\u00e1len\u00fd a&nbsp;pre reprezentantov obce boli schv\u00e1len\u00e9 aj tieto pe\u0148a\u017en\u00e9 \u010diastky \u2013 pre not\u00e1ra 80 kor\u00fan a&nbsp;pre starostu a&nbsp;podstarostu po 45 kor\u00fan \u2013 na mimoriadne v\u00fddavky.&nbsp; U\u017e sa nedozvieme ako pochodili vtedaj\u0161\u00ed predstavitelia Trebi\u0161ove na tejto ve\u013ekolepej udalosti, ale na z\u00e1ver uvediem zop\u00e1r faktov o&nbsp;tomto pam\u00e4tn\u00edku.<\/p>\n\n\n\n<p>Autorom p\u00f4vodnej bronzovej sochy gr\u00f3fa J\u00faliusa Andr\u00e1ssyho na koni bol Juraj Zala. Cel\u00fd pam\u00e4tn\u00edk je vysok\u00fd 6,5 metra. Po roku 1945 bola socha zni\u010den\u00e1 a&nbsp;a\u017e v&nbsp;roku 2016 bola osaden\u00e1 replika sochy, ktor\u00fa zhotovili umelci z&nbsp;Bencsik Alkot\u00f3k\u00f6z\u00f6ss\u00e9g M\u0171v\u00e9szeti Kft.<\/p>\n\n\n\n<p>Ak nav\u0161t\u00edvite Budape\u0161\u0165 a&nbsp;n\u00e1hodou zabl\u00fadite pred ma\u010farsk\u00fd parlament zastavte sa pri pam\u00e4tn\u00edku a&nbsp;spome\u0148te si aj na udalos\u0165 z&nbsp;2. janu\u00e1ra 1907.<\/p>\n\n\n\n<p>Text: Tatiana Vargov\u00e1<\/p>\n\n\n\n<p>Foto: Jozef Danko<\/p>\n\n\n\n<p>Zdroj: Pam\u00e4tn\u00e1 kniha obce Trebi\u0161ov II<\/p>\n\n\n<div class=\"wp-block-image\">\n<figure class=\"aligncenter size-full\"><img loading=\"lazy\" width=\"403\" height=\"594\" src=\"https:\/\/www.muzeumtrebisov.sk\/wp-content\/uploads\/2025\/02\/Odhalenie-pamatnika.jpg\" alt=\"\" class=\"wp-image-7003\" srcset=\"https:\/\/www.muzeumtrebisov.sk\/wp-content\/uploads\/2025\/02\/Odhalenie-pamatnika.jpg 403w, https:\/\/www.muzeumtrebisov.sk\/wp-content\/uploads\/2025\/02\/Odhalenie-pamatnika-204x300.jpg 204w, https:\/\/www.muzeumtrebisov.sk\/wp-content\/uploads\/2025\/02\/Odhalenie-pamatnika-8x12.jpg 8w\" sizes=\"(max-width: 403px) 100vw, 403px\" \/><\/figure><\/div>\n\n<div class=\"wp-block-image\">\n<figure class=\"aligncenter size-full\"><img loading=\"lazy\" width=\"403\" height=\"596\" src=\"https:\/\/www.muzeumtrebisov.sk\/wp-content\/uploads\/2025\/02\/Odhalenie-pamatnika-1.jpg\" alt=\"\" class=\"wp-image-7004\" srcset=\"https:\/\/www.muzeumtrebisov.sk\/wp-content\/uploads\/2025\/02\/Odhalenie-pamatnika-1.jpg 403w, https:\/\/www.muzeumtrebisov.sk\/wp-content\/uploads\/2025\/02\/Odhalenie-pamatnika-1-203x300.jpg 203w, https:\/\/www.muzeumtrebisov.sk\/wp-content\/uploads\/2025\/02\/Odhalenie-pamatnika-1-8x12.jpg 8w\" sizes=\"(max-width: 403px) 100vw, 403px\" \/><\/figure><\/div>","protected":false},"excerpt":{"rendered":"<p>Koncom roka 1906 do\u0161iel &nbsp;na adresu Obecn\u00e9ho \u00faradu v Trebi\u0161ove list z&nbsp;hlavn\u00e9ho mesta Budape\u0161ti. Nebol to oby\u010dajn\u00fd \u00faradn\u00fd list, ale bolo to pozvanie pre z\u00e1stupcov obce, aby sa z\u00fa\u010dastnili odhalenia pam\u00e4tn\u00edka gr\u00f3fa J\u00faliusa Andr\u00e1ssyho, ministersk\u00e9ho predsedu uhorskej vl\u00e1dy v&nbsp;rokoch 1867-1871.&nbsp;&nbsp; List obsahoval aj pr\u00edpis, v&nbsp;ktorom bolo uveden\u00e9, \u017ee v\u0161etky v\u00fddavky spojen\u00e9 s&nbsp;cestou a&nbsp;pobytom hrad\u00ed hlavn\u00e9<\/p>","protected":false},"author":1,"featured_media":7003,"comment_status":"open","ping_status":"open","sticky":false,"template":"","format":"standard","meta":{"om_disable_all_campaigns":false,"_vp_format_video_url":"","_vp_image_focal_point":[]},"categories":[20,73],"tags":[],"aioseo_notices":[],"yoast_head":"<!-- This site is optimized with the Yoast SEO plugin v18.5.1 - https:\/\/yoast.com\/wordpress\/plugins\/seo\/ -->\n<title>Odhalenie pam\u00e4tn\u00edka | M\u00fazeum Trebi\u0161ov - Ka\u0161tie\u013e Andr\u00e1ssyovcov<\/title>\n<meta name=\"robots\" content=\"index, follow, max-snippet:-1, max-image-preview:large, max-video-preview:-1\" \/>\n<link rel=\"canonical\" href=\"https:\/\/www.muzeumtrebisov.sk\/hu\/blog\/odhalenie-pamatnika\/\" \/>\n<meta property=\"og:locale\" content=\"hu_HU\" \/>\n<meta property=\"og:type\" content=\"article\" \/>\n<meta property=\"og:title\" content=\"Odhalenie pam\u00e4tn\u00edka | M\u00fazeum Trebi\u0161ov - Ka\u0161tie\u013e Andr\u00e1ssyovcov\" \/>\n<meta property=\"og:description\" content=\"Koncom roka 1906 do\u0161iel &nbsp;na adresu Obecn\u00e9ho \u00faradu v Trebi\u0161ove list z&nbsp;hlavn\u00e9ho mesta Budape\u0161ti. Nebol to oby\u010dajn\u00fd \u00faradn\u00fd list, ale bolo to pozvanie pre z\u00e1stupcov obce, aby sa z\u00fa\u010dastnili odhalenia pam\u00e4tn\u00edka gr\u00f3fa J\u00faliusa Andr\u00e1ssyho, ministersk\u00e9ho predsedu uhorskej vl\u00e1dy v&nbsp;rokoch 1867-1871.&nbsp;&nbsp; List obsahoval aj pr\u00edpis, v&nbsp;ktorom bolo uveden\u00e9, \u017ee v\u0161etky v\u00fddavky spojen\u00e9 s&nbsp;cestou a&nbsp;pobytom hrad\u00ed hlavn\u00e9\" \/>\n<meta property=\"og:url\" content=\"https:\/\/www.muzeumtrebisov.sk\/hu\/blog\/odhalenie-pamatnika\/\" \/>\n<meta property=\"og:site_name\" content=\"M\u00fazeum Trebi\u0161ov - Ka\u0161tie\u013e Andr\u00e1ssyovcov\" \/>\n<meta property=\"article:publisher\" content=\"https:\/\/www.facebook.com\/muzeumtvkastielandrassyovcov\" \/>\n<meta property=\"article:published_time\" content=\"2024-11-20T07:06:00+00:00\" \/>\n<meta property=\"article:modified_time\" content=\"2025-02-18T07:09:56+00:00\" \/>\n<meta property=\"og:image\" content=\"https:\/\/www.muzeumtrebisov.sk\/wp-content\/uploads\/2025\/02\/Odhalenie-pamatnika.jpg\" \/>\n\t<meta property=\"og:image:width\" content=\"403\" \/>\n\t<meta property=\"og:image:height\" content=\"594\" \/>\n\t<meta property=\"og:image:type\" content=\"image\/jpeg\" \/>\n<meta name=\"twitter:card\" content=\"summary_large_image\" \/>\n<meta name=\"twitter:label1\" content=\"Szerz\u0151:\" \/>\n\t<meta name=\"twitter:data1\" content=\"muzeumtvadmin\" \/>\n\t<meta name=\"twitter:label2\" content=\"Becs\u00fclt olvas\u00e1si id\u0151\" \/>\n\t<meta name=\"twitter:data2\" content=\"2 perc\" \/>\n<script type=\"application\/ld+json\" class=\"yoast-schema-graph\">{\"@context\":\"https:\/\/schema.org\",\"@graph\":[{\"@type\":\"Organization\",\"@id\":\"https:\/\/www.muzeumtrebisov.sk\/#organization\",\"name\":\"M\u00fazeum Trebi\u0161ov - Ka\u0161tie\u013e Andr\u00e1ssyovcov\",\"url\":\"https:\/\/www.muzeumtrebisov.sk\/\",\"sameAs\":[\"https:\/\/www.facebook.com\/muzeumtvkastielandrassyovcov\",\"https:\/\/www.instagram.com\/muzeumtrebisovkastielandrassy\/\",\"https:\/\/www.youtube.com\/channel\/UCprfZHvPNIxqZ2IHCDwfv1w\"],\"logo\":{\"@type\":\"ImageObject\",\"@id\":\"https:\/\/www.muzeumtrebisov.sk\/#logo\",\"inLanguage\":\"hu\",\"url\":\"https:\/\/www.muzeumtrebisov.sk\/wp-content\/uploads\/2022\/04\/dual-logo-color-hor.png\",\"contentUrl\":\"https:\/\/www.muzeumtrebisov.sk\/wp-content\/uploads\/2022\/04\/dual-logo-color-hor.png\",\"width\":749,\"height\":140,\"caption\":\"M\u00fazeum Trebi\u0161ov - Ka\u0161tie\u013e Andr\u00e1ssyovcov\"},\"image\":{\"@id\":\"https:\/\/www.muzeumtrebisov.sk\/#logo\"}},{\"@type\":\"WebSite\",\"@id\":\"https:\/\/www.muzeumtrebisov.sk\/#website\",\"url\":\"https:\/\/www.muzeumtrebisov.sk\/\",\"name\":\"M\u00fazeum Trebi\u0161ov - Ka\u0161tie\u013e Andr\u00e1ssyovcov\",\"description\":\"Hist\u00f3ria Andr\u00e1ssyovcov a ju\u017en\u00e9ho Zempl\u00edna\",\"publisher\":{\"@id\":\"https:\/\/www.muzeumtrebisov.sk\/#organization\"},\"potentialAction\":[{\"@type\":\"SearchAction\",\"target\":{\"@type\":\"EntryPoint\",\"urlTemplate\":\"https:\/\/www.muzeumtrebisov.sk\/?s={search_term_string}\"},\"query-input\":\"required name=search_term_string\"}],\"inLanguage\":\"hu\"},{\"@type\":\"ImageObject\",\"@id\":\"https:\/\/www.muzeumtrebisov.sk\/blog\/odhalenie-pamatnika\/#primaryimage\",\"inLanguage\":\"hu\",\"url\":\"https:\/\/www.muzeumtrebisov.sk\/wp-content\/uploads\/2025\/02\/Odhalenie-pamatnika.jpg\",\"contentUrl\":\"https:\/\/www.muzeumtrebisov.sk\/wp-content\/uploads\/2025\/02\/Odhalenie-pamatnika.jpg\",\"width\":403,\"height\":594},{\"@type\":\"WebPage\",\"@id\":\"https:\/\/www.muzeumtrebisov.sk\/blog\/odhalenie-pamatnika\/#webpage\",\"url\":\"https:\/\/www.muzeumtrebisov.sk\/blog\/odhalenie-pamatnika\/\",\"name\":\"Odhalenie pam\u00e4tn\u00edka | M\u00fazeum Trebi\u0161ov - Ka\u0161tie\u013e Andr\u00e1ssyovcov\",\"isPartOf\":{\"@id\":\"https:\/\/www.muzeumtrebisov.sk\/#website\"},\"primaryImageOfPage\":{\"@id\":\"https:\/\/www.muzeumtrebisov.sk\/blog\/odhalenie-pamatnika\/#primaryimage\"},\"datePublished\":\"2024-11-20T07:06:00+00:00\",\"dateModified\":\"2025-02-18T07:09:56+00:00\",\"breadcrumb\":{\"@id\":\"https:\/\/www.muzeumtrebisov.sk\/blog\/odhalenie-pamatnika\/#breadcrumb\"},\"inLanguage\":\"hu\",\"potentialAction\":[{\"@type\":\"ReadAction\",\"target\":[\"https:\/\/www.muzeumtrebisov.sk\/blog\/odhalenie-pamatnika\/\"]}]},{\"@type\":\"BreadcrumbList\",\"@id\":\"https:\/\/www.muzeumtrebisov.sk\/blog\/odhalenie-pamatnika\/#breadcrumb\",\"itemListElement\":[{\"@type\":\"ListItem\",\"position\":1,\"name\":\"Home\",\"item\":\"https:\/\/www.muzeumtrebisov.sk\/\"},{\"@type\":\"ListItem\",\"position\":2,\"name\":\"Odhalenie pam\u00e4tn\u00edka\"}]},{\"@type\":\"Article\",\"@id\":\"https:\/\/www.muzeumtrebisov.sk\/blog\/odhalenie-pamatnika\/#article\",\"isPartOf\":{\"@id\":\"https:\/\/www.muzeumtrebisov.sk\/blog\/odhalenie-pamatnika\/#webpage\"},\"author\":{\"@id\":\"https:\/\/www.muzeumtrebisov.sk\/#\/schema\/person\/e020f4c0852b191613d063438d60ae6b\"},\"headline\":\"Odhalenie pam\u00e4tn\u00edka\",\"datePublished\":\"2024-11-20T07:06:00+00:00\",\"dateModified\":\"2025-02-18T07:09:56+00:00\",\"mainEntityOfPage\":{\"@id\":\"https:\/\/www.muzeumtrebisov.sk\/blog\/odhalenie-pamatnika\/#webpage\"},\"wordCount\":296,\"commentCount\":0,\"publisher\":{\"@id\":\"https:\/\/www.muzeumtrebisov.sk\/#organization\"},\"image\":{\"@id\":\"https:\/\/www.muzeumtrebisov.sk\/blog\/odhalenie-pamatnika\/#primaryimage\"},\"thumbnailUrl\":\"https:\/\/www.muzeumtrebisov.sk\/wp-content\/uploads\/2025\/02\/Odhalenie-pamatnika.jpg\",\"articleSection\":[\"Blog\",\"M\u00fazeum\"],\"inLanguage\":\"hu\",\"potentialAction\":[{\"@type\":\"CommentAction\",\"name\":\"Comment\",\"target\":[\"https:\/\/www.muzeumtrebisov.sk\/blog\/odhalenie-pamatnika\/#respond\"]}]},{\"@type\":\"Person\",\"@id\":\"https:\/\/www.muzeumtrebisov.sk\/#\/schema\/person\/e020f4c0852b191613d063438d60ae6b\",\"name\":\"muzeumtvadmin\",\"image\":{\"@type\":\"ImageObject\",\"@id\":\"https:\/\/www.muzeumtrebisov.sk\/#personlogo\",\"inLanguage\":\"hu\",\"url\":\"https:\/\/secure.gravatar.com\/avatar\/115030f8384675efad0cc99183d7cd51?s=96&d=mm&r=g\",\"contentUrl\":\"https:\/\/secure.gravatar.com\/avatar\/115030f8384675efad0cc99183d7cd51?s=96&d=mm&r=g\",\"caption\":\"muzeumtvadmin\"},\"sameAs\":[\"https:\/\/www.muzeumtrebisov.sk\"],\"url\":\"https:\/\/www.muzeumtrebisov.sk\/hu\/author\/muzeumtvadmin\/\"}]}<\/script>\n<!-- \/ Yoast SEO plugin. -->","yoast_head_json":{"title":"Odhalenie pam\u00e4tn\u00edka | M\u00fazeum Trebi\u0161ov - Ka\u0161tie\u013e Andr\u00e1ssyovcov","robots":{"index":"index","follow":"follow","max-snippet":"max-snippet:-1","max-image-preview":"max-image-preview:large","max-video-preview":"max-video-preview:-1"},"canonical":"https:\/\/www.muzeumtrebisov.sk\/hu\/blog\/odhalenie-pamatnika\/","og_locale":"hu_HU","og_type":"article","og_title":"Odhalenie pam\u00e4tn\u00edka | M\u00fazeum Trebi\u0161ov - Ka\u0161tie\u013e Andr\u00e1ssyovcov","og_description":"Koncom roka 1906 do\u0161iel &nbsp;na adresu Obecn\u00e9ho \u00faradu v Trebi\u0161ove list z&nbsp;hlavn\u00e9ho mesta Budape\u0161ti. Nebol to oby\u010dajn\u00fd \u00faradn\u00fd list, ale bolo to pozvanie pre z\u00e1stupcov obce, aby sa z\u00fa\u010dastnili odhalenia pam\u00e4tn\u00edka gr\u00f3fa J\u00faliusa Andr\u00e1ssyho, ministersk\u00e9ho predsedu uhorskej vl\u00e1dy v&nbsp;rokoch 1867-1871.&nbsp;&nbsp; List obsahoval aj pr\u00edpis, v&nbsp;ktorom bolo uveden\u00e9, \u017ee v\u0161etky v\u00fddavky spojen\u00e9 s&nbsp;cestou a&nbsp;pobytom hrad\u00ed hlavn\u00e9","og_url":"https:\/\/www.muzeumtrebisov.sk\/hu\/blog\/odhalenie-pamatnika\/","og_site_name":"M\u00fazeum Trebi\u0161ov - Ka\u0161tie\u013e Andr\u00e1ssyovcov","article_publisher":"https:\/\/www.facebook.com\/muzeumtvkastielandrassyovcov","article_published_time":"2024-11-20T07:06:00+00:00","article_modified_time":"2025-02-18T07:09:56+00:00","og_image":[{"width":403,"height":594,"url":"https:\/\/www.muzeumtrebisov.sk\/wp-content\/uploads\/2025\/02\/Odhalenie-pamatnika.jpg","type":"image\/jpeg"}],"twitter_card":"summary_large_image","twitter_misc":{"Szerz\u0151:":"muzeumtvadmin","Becs\u00fclt olvas\u00e1si id\u0151":"2 perc"},"schema":{"@context":"https:\/\/schema.org","@graph":[{"@type":"Organization","@id":"https:\/\/www.muzeumtrebisov.sk\/#organization","name":"M\u00fazeum Trebi\u0161ov - Ka\u0161tie\u013e Andr\u00e1ssyovcov","url":"https:\/\/www.muzeumtrebisov.sk\/","sameAs":["https:\/\/www.facebook.com\/muzeumtvkastielandrassyovcov","https:\/\/www.instagram.com\/muzeumtrebisovkastielandrassy\/","https:\/\/www.youtube.com\/channel\/UCprfZHvPNIxqZ2IHCDwfv1w"],"logo":{"@type":"ImageObject","@id":"https:\/\/www.muzeumtrebisov.sk\/#logo","inLanguage":"hu","url":"https:\/\/www.muzeumtrebisov.sk\/wp-content\/uploads\/2022\/04\/dual-logo-color-hor.png","contentUrl":"https:\/\/www.muzeumtrebisov.sk\/wp-content\/uploads\/2022\/04\/dual-logo-color-hor.png","width":749,"height":140,"caption":"M\u00fazeum Trebi\u0161ov - Ka\u0161tie\u013e Andr\u00e1ssyovcov"},"image":{"@id":"https:\/\/www.muzeumtrebisov.sk\/#logo"}},{"@type":"WebSite","@id":"https:\/\/www.muzeumtrebisov.sk\/#website","url":"https:\/\/www.muzeumtrebisov.sk\/","name":"M\u00fazeum Trebi\u0161ov - Ka\u0161tie\u013e Andr\u00e1ssyovcov","description":"Hist\u00f3ria Andr\u00e1ssyovcov a ju\u017en\u00e9ho Zempl\u00edna","publisher":{"@id":"https:\/\/www.muzeumtrebisov.sk\/#organization"},"potentialAction":[{"@type":"SearchAction","target":{"@type":"EntryPoint","urlTemplate":"https:\/\/www.muzeumtrebisov.sk\/?s={search_term_string}"},"query-input":"required name=search_term_string"}],"inLanguage":"hu"},{"@type":"ImageObject","@id":"https:\/\/www.muzeumtrebisov.sk\/blog\/odhalenie-pamatnika\/#primaryimage","inLanguage":"hu","url":"https:\/\/www.muzeumtrebisov.sk\/wp-content\/uploads\/2025\/02\/Odhalenie-pamatnika.jpg","contentUrl":"https:\/\/www.muzeumtrebisov.sk\/wp-content\/uploads\/2025\/02\/Odhalenie-pamatnika.jpg","width":403,"height":594},{"@type":"WebPage","@id":"https:\/\/www.muzeumtrebisov.sk\/blog\/odhalenie-pamatnika\/#webpage","url":"https:\/\/www.muzeumtrebisov.sk\/blog\/odhalenie-pamatnika\/","name":"Odhalenie pam\u00e4tn\u00edka | M\u00fazeum Trebi\u0161ov - Ka\u0161tie\u013e Andr\u00e1ssyovcov","isPartOf":{"@id":"https:\/\/www.muzeumtrebisov.sk\/#website"},"primaryImageOfPage":{"@id":"https:\/\/www.muzeumtrebisov.sk\/blog\/odhalenie-pamatnika\/#primaryimage"},"datePublished":"2024-11-20T07:06:00+00:00","dateModified":"2025-02-18T07:09:56+00:00","breadcrumb":{"@id":"https:\/\/www.muzeumtrebisov.sk\/blog\/odhalenie-pamatnika\/#breadcrumb"},"inLanguage":"hu","potentialAction":[{"@type":"ReadAction","target":["https:\/\/www.muzeumtrebisov.sk\/blog\/odhalenie-pamatnika\/"]}]},{"@type":"BreadcrumbList","@id":"https:\/\/www.muzeumtrebisov.sk\/blog\/odhalenie-pamatnika\/#breadcrumb","itemListElement":[{"@type":"ListItem","position":1,"name":"Home","item":"https:\/\/www.muzeumtrebisov.sk\/"},{"@type":"ListItem","position":2,"name":"Odhalenie pam\u00e4tn\u00edka"}]},{"@type":"Article","@id":"https:\/\/www.muzeumtrebisov.sk\/blog\/odhalenie-pamatnika\/#article","isPartOf":{"@id":"https:\/\/www.muzeumtrebisov.sk\/blog\/odhalenie-pamatnika\/#webpage"},"author":{"@id":"https:\/\/www.muzeumtrebisov.sk\/#\/schema\/person\/e020f4c0852b191613d063438d60ae6b"},"headline":"Odhalenie pam\u00e4tn\u00edka","datePublished":"2024-11-20T07:06:00+00:00","dateModified":"2025-02-18T07:09:56+00:00","mainEntityOfPage":{"@id":"https:\/\/www.muzeumtrebisov.sk\/blog\/odhalenie-pamatnika\/#webpage"},"wordCount":296,"commentCount":0,"publisher":{"@id":"https:\/\/www.muzeumtrebisov.sk\/#organization"},"image":{"@id":"https:\/\/www.muzeumtrebisov.sk\/blog\/odhalenie-pamatnika\/#primaryimage"},"thumbnailUrl":"https:\/\/www.muzeumtrebisov.sk\/wp-content\/uploads\/2025\/02\/Odhalenie-pamatnika.jpg","articleSection":["Blog","M\u00fazeum"],"inLanguage":"hu","potentialAction":[{"@type":"CommentAction","name":"Comment","target":["https:\/\/www.muzeumtrebisov.sk\/blog\/odhalenie-pamatnika\/#respond"]}]},{"@type":"Person","@id":"https:\/\/www.muzeumtrebisov.sk\/#\/schema\/person\/e020f4c0852b191613d063438d60ae6b","name":"muzeumtvadmin","image":{"@type":"ImageObject","@id":"https:\/\/www.muzeumtrebisov.sk\/#personlogo","inLanguage":"hu","url":"https:\/\/secure.gravatar.com\/avatar\/115030f8384675efad0cc99183d7cd51?s=96&d=mm&r=g","contentUrl":"https:\/\/secure.gravatar.com\/avatar\/115030f8384675efad0cc99183d7cd51?s=96&d=mm&r=g","caption":"muzeumtvadmin"},"sameAs":["https:\/\/www.muzeumtrebisov.sk"],"url":"https:\/\/www.muzeumtrebisov.sk\/hu\/author\/muzeumtvadmin\/"}]}},"_links":{"self":[{"href":"https:\/\/www.muzeumtrebisov.sk\/hu\/wp-json\/wp\/v2\/posts\/7002"}],"collection":[{"href":"https:\/\/www.muzeumtrebisov.sk\/hu\/wp-json\/wp\/v2\/posts"}],"about":[{"href":"https:\/\/www.muzeumtrebisov.sk\/hu\/wp-json\/wp\/v2\/types\/post"}],"author":[{"embeddable":true,"href":"https:\/\/www.muzeumtrebisov.sk\/hu\/wp-json\/wp\/v2\/users\/1"}],"replies":[{"embeddable":true,"href":"https:\/\/www.muzeumtrebisov.sk\/hu\/wp-json\/wp\/v2\/comments?post=7002"}],"version-history":[{"count":1,"href":"https:\/\/www.muzeumtrebisov.sk\/hu\/wp-json\/wp\/v2\/posts\/7002\/revisions"}],"predecessor-version":[{"id":7005,"href":"https:\/\/www.muzeumtrebisov.sk\/hu\/wp-json\/wp\/v2\/posts\/7002\/revisions\/7005"}],"wp:featuredmedia":[{"embeddable":true,"href":"https:\/\/www.muzeumtrebisov.sk\/hu\/wp-json\/wp\/v2\/media\/7003"}],"wp:attachment":[{"href":"https:\/\/www.muzeumtrebisov.sk\/hu\/wp-json\/wp\/v2\/media?parent=7002"}],"wp:term":[{"taxonomy":"category","embeddable":true,"href":"https:\/\/www.muzeumtrebisov.sk\/hu\/wp-json\/wp\/v2\/categories?post=7002"},{"taxonomy":"post_tag","embeddable":true,"href":"https:\/\/www.muzeumtrebisov.sk\/hu\/wp-json\/wp\/v2\/tags?post=7002"}],"curies":[{"name":"wp","href":"https:\/\/api.w.org\/{rel}","templated":true}]}}