{"id":6993,"date":"2024-12-22T08:01:00","date_gmt":"2024-12-22T07:01:00","guid":{"rendered":"https:\/\/www.muzeumtrebisov.sk\/?p=6993"},"modified":"2025-02-18T08:08:35","modified_gmt":"2025-02-18T07:08:35","slug":"mauzoleum","status":"publish","type":"post","link":"https:\/\/www.muzeumtrebisov.sk\/hu\/blog\/mauzoleum\/","title":{"rendered":"Mauz\u00f3leum"},"content":{"rendered":"<p>P\u00f4vod slova mauz\u00f3leum bol odvoden\u00fd od hrobky kr\u00e1\u013ea Maus\u00f3la II.. Jeho hrobka bola tak osl\u0148uj\u00faca a&nbsp;malebn\u00e1, \u017ee sa slovo \u201eMausoleioum\u201c za\u010dalo pou\u017e\u00edva\u0165 vo vz\u0165ahu k&nbsp;ve\u013ekolep\u00fdm hrobk\u00e1m v\u00fdznamn\u00fdch osobnost\u00ed.<\/p>\n\n\n\n<p>Najstar\u0161\u00ed zachovan\u00fd doklad o&nbsp;pou\u017eit\u00ed slov\u00e1 mauz\u00f3leum v&nbsp;slovensk\u00fdch p\u00edsomnostiach poch\u00e1dza z&nbsp;roku 1795. Jedno z&nbsp;mauz\u00f3le\u00ed, ktor\u00e9 sa nach\u00e1dzaj\u00fa na Slovensku je aj Mauz\u00f3leum Andr\u00e1ssyovcov v&nbsp;na\u0161om meste. Patr\u00ed medzi najcennej\u0161ie historick\u00e9 pamiatky v&nbsp;Trebi\u0161ove. Nach\u00e1dza sa v&nbsp;malebnom prostred\u00ed mestsk\u00e9ho parku na brehu rybn\u00edka.<\/p>\n\n\n\n<p>Mauz\u00f3leum bolo postaven\u00e9 v&nbsp;roku 1894 &nbsp;v&nbsp;neogotickom \u0161t\u00fdle pod\u013ea projektu Arthura Meiniga a&nbsp;boli do\u0148 umiestnen\u00e9 pozostatky gr\u00f3fa J\u00faliusa Andr\u00e1ssyho, ktor\u00fd zomrel v roku 1890 vo Voloske (dne\u0161n\u00e9 Chorv\u00e1tsko). Ofici\u00e1lny pohreb sa konal v&nbsp;Budape\u0161ti a&nbsp;potom bola rakva s&nbsp;jeho pozostatkami prevezen\u00e1 do Trebi\u0161ova &nbsp;a&nbsp; ulo\u017een\u00e1 v&nbsp;krypte &nbsp;r\u00edmskokatol\u00edckeho kostola kde je dodnes ulo\u017een\u00e1 aj rakva jeho matky Etelky Szap\u00e1ry.<\/p>\n\n\n\n<p>O&nbsp;dva roky nesk\u00f4r v&nbsp;roku 1896 boli do mauz\u00f3lea umiestnen\u00e9 aj pozostatky jeho man\u017eelky gr\u00f3fky Katar\u00edny Andr\u00e1ssy rod. Kendeffy. V&nbsp;interi\u00e9ri mauz\u00f3lea sa nach\u00e1dza sarkof\u00e1g, dve bronzov\u00e9 kartu\u0161e s&nbsp;erbami, ktor\u00e9 vyjadruj\u00fa symboliku rodinn\u00e9ho zv\u00e4zku Andr\u00e1ssyovcov a&nbsp;Kendeffyovcov, anjel s&nbsp;mohutn\u00fdmi peru\u0165ami a&nbsp;pred sarkof\u00e1gom sa nach\u00e1dza socha k\u013ea\u010diacej \u017eeny v nad\u017eivotnej ve\u013ekosti, ktor\u00e1 predstavuje ich sm\u00fatiacu dc\u00e9ru Helenu. Socha je dielom soch\u00e1ra Juraja Zalu. V&nbsp;mauz\u00f3leu je umiestnen\u00e1 aj rakva gr\u00f3fa Teodora Andr\u00e1ssyho, ktor\u00fd zomrel v&nbsp;roku 1905.<\/p>\n\n\n\n<p>Za vy\u0161e 120 rokov mauz\u00f3leum nezmenilo svoju podobu, aj ke\u010f samozrejme pre\u0161lo nevyhnutn\u00fdmi \u00fapravami. Prin\u00e1\u0161ame v\u00e1m na porovnanie fotografie v&nbsp;rozmedz\u00ed asi 35 rokov, aby ste sami pos\u00fadili&nbsp; ako sa \u201ezmenilo \u2013 nezmenilo\u201c okolie mauz\u00f3lea.<\/p>\n\n\n\n<p>Text: Tatiana Vargov\u00e1<\/p>\n\n\n\n<p>Foto: Jozef Danko<\/p>\n\n\n\n<p>Fotografia: Ing. Ladislav Dene\u0161, Okres Trebi\u0161ov v&nbsp;premen\u00e1ch \u010dias<\/p>\n\n\n<div class=\"wp-block-image\">\n<figure class=\"aligncenter size-full is-resized\"><img loading=\"lazy\" src=\"https:\/\/www.muzeumtrebisov.sk\/wp-content\/uploads\/2025\/02\/Mauzoleum-2.jpg\" alt=\"\" class=\"wp-image-6994\" width=\"298\" height=\"298\" srcset=\"https:\/\/www.muzeumtrebisov.sk\/wp-content\/uploads\/2025\/02\/Mauzoleum-2.jpg 206w, https:\/\/www.muzeumtrebisov.sk\/wp-content\/uploads\/2025\/02\/Mauzoleum-2-150x150.jpg 150w, https:\/\/www.muzeumtrebisov.sk\/wp-content\/uploads\/2025\/02\/Mauzoleum-2-12x12.jpg 12w, https:\/\/www.muzeumtrebisov.sk\/wp-content\/uploads\/2025\/02\/Mauzoleum-2-90x90.jpg 90w, https:\/\/www.muzeumtrebisov.sk\/wp-content\/uploads\/2025\/02\/Mauzoleum-2-70x70.jpg 70w, https:\/\/www.muzeumtrebisov.sk\/wp-content\/uploads\/2025\/02\/Mauzoleum-2-80x80.jpg 80w, https:\/\/www.muzeumtrebisov.sk\/wp-content\/uploads\/2025\/02\/Mauzoleum-2-100x100.jpg 100w, https:\/\/www.muzeumtrebisov.sk\/wp-content\/uploads\/2025\/02\/Mauzoleum-2-170x170.jpg 170w\" sizes=\"(max-width: 298px) 100vw, 298px\" \/><\/figure><\/div>\n\n<div class=\"wp-block-image\">\n<figure class=\"aligncenter size-full is-resized\"><img loading=\"lazy\" src=\"https:\/\/www.muzeumtrebisov.sk\/wp-content\/uploads\/2025\/02\/Mauzoleum-1.jpg\" alt=\"\" class=\"wp-image-6995\" width=\"297\" height=\"297\" srcset=\"https:\/\/www.muzeumtrebisov.sk\/wp-content\/uploads\/2025\/02\/Mauzoleum-1.jpg 206w, https:\/\/www.muzeumtrebisov.sk\/wp-content\/uploads\/2025\/02\/Mauzoleum-1-150x150.jpg 150w, https:\/\/www.muzeumtrebisov.sk\/wp-content\/uploads\/2025\/02\/Mauzoleum-1-12x12.jpg 12w, https:\/\/www.muzeumtrebisov.sk\/wp-content\/uploads\/2025\/02\/Mauzoleum-1-90x90.jpg 90w, https:\/\/www.muzeumtrebisov.sk\/wp-content\/uploads\/2025\/02\/Mauzoleum-1-70x70.jpg 70w, https:\/\/www.muzeumtrebisov.sk\/wp-content\/uploads\/2025\/02\/Mauzoleum-1-80x80.jpg 80w, https:\/\/www.muzeumtrebisov.sk\/wp-content\/uploads\/2025\/02\/Mauzoleum-1-100x100.jpg 100w, https:\/\/www.muzeumtrebisov.sk\/wp-content\/uploads\/2025\/02\/Mauzoleum-1-170x170.jpg 170w\" sizes=\"(max-width: 297px) 100vw, 297px\" \/><\/figure><\/div>","protected":false},"excerpt":{"rendered":"<p>P\u00f4vod slova mauz\u00f3leum bol odvoden\u00fd od hrobky kr\u00e1\u013ea Maus\u00f3la II.. Jeho hrobka bola tak osl\u0148uj\u00faca a&nbsp;malebn\u00e1, \u017ee sa slovo \u201eMausoleioum\u201c za\u010dalo pou\u017e\u00edva\u0165 vo vz\u0165ahu k&nbsp;ve\u013ekolep\u00fdm hrobk\u00e1m v\u00fdznamn\u00fdch osobnost\u00ed. Najstar\u0161\u00ed zachovan\u00fd doklad o&nbsp;pou\u017eit\u00ed slov\u00e1 mauz\u00f3leum v&nbsp;slovensk\u00fdch p\u00edsomnostiach poch\u00e1dza z&nbsp;roku 1795. Jedno z&nbsp;mauz\u00f3le\u00ed, ktor\u00e9 sa nach\u00e1dzaj\u00fa na Slovensku je aj Mauz\u00f3leum Andr\u00e1ssyovcov v&nbsp;na\u0161om meste. Patr\u00ed medzi najcennej\u0161ie<\/p>","protected":false},"author":1,"featured_media":6994,"comment_status":"open","ping_status":"open","sticky":false,"template":"","format":"standard","meta":{"om_disable_all_campaigns":false,"_vp_format_video_url":"","_vp_image_focal_point":[]},"categories":[20,73],"tags":[],"aioseo_notices":[],"yoast_head":"<!-- This site is optimized with the Yoast SEO plugin v18.5.1 - https:\/\/yoast.com\/wordpress\/plugins\/seo\/ -->\n<title>Mauz\u00f3leum | M\u00fazeum Trebi\u0161ov - Ka\u0161tie\u013e Andr\u00e1ssyovcov<\/title>\n<meta name=\"robots\" content=\"index, follow, max-snippet:-1, max-image-preview:large, max-video-preview:-1\" \/>\n<link rel=\"canonical\" href=\"https:\/\/www.muzeumtrebisov.sk\/hu\/blog\/mauzoleum\/\" \/>\n<meta property=\"og:locale\" content=\"hu_HU\" \/>\n<meta property=\"og:type\" content=\"article\" \/>\n<meta property=\"og:title\" content=\"Mauz\u00f3leum | M\u00fazeum Trebi\u0161ov - Ka\u0161tie\u013e Andr\u00e1ssyovcov\" \/>\n<meta property=\"og:description\" content=\"P\u00f4vod slova mauz\u00f3leum bol odvoden\u00fd od hrobky kr\u00e1\u013ea Maus\u00f3la II.. Jeho hrobka bola tak osl\u0148uj\u00faca a&nbsp;malebn\u00e1, \u017ee sa slovo \u201eMausoleioum\u201c za\u010dalo pou\u017e\u00edva\u0165 vo vz\u0165ahu k&nbsp;ve\u013ekolep\u00fdm hrobk\u00e1m v\u00fdznamn\u00fdch osobnost\u00ed. Najstar\u0161\u00ed zachovan\u00fd doklad o&nbsp;pou\u017eit\u00ed slov\u00e1 mauz\u00f3leum v&nbsp;slovensk\u00fdch p\u00edsomnostiach poch\u00e1dza z&nbsp;roku 1795. Jedno z&nbsp;mauz\u00f3le\u00ed, ktor\u00e9 sa nach\u00e1dzaj\u00fa na Slovensku je aj Mauz\u00f3leum Andr\u00e1ssyovcov v&nbsp;na\u0161om meste. Patr\u00ed medzi najcennej\u0161ie\" \/>\n<meta property=\"og:url\" content=\"https:\/\/www.muzeumtrebisov.sk\/hu\/blog\/mauzoleum\/\" \/>\n<meta property=\"og:site_name\" content=\"M\u00fazeum Trebi\u0161ov - Ka\u0161tie\u013e Andr\u00e1ssyovcov\" \/>\n<meta property=\"article:publisher\" content=\"https:\/\/www.facebook.com\/muzeumtvkastielandrassyovcov\" \/>\n<meta property=\"article:published_time\" content=\"2024-12-22T07:01:00+00:00\" \/>\n<meta property=\"article:modified_time\" content=\"2025-02-18T07:08:35+00:00\" \/>\n<meta property=\"og:image\" content=\"https:\/\/www.muzeumtrebisov.sk\/wp-content\/uploads\/2025\/02\/Mauzoleum-2.jpg\" \/>\n\t<meta property=\"og:image:width\" content=\"206\" \/>\n\t<meta property=\"og:image:height\" content=\"206\" \/>\n\t<meta property=\"og:image:type\" content=\"image\/jpeg\" \/>\n<meta name=\"twitter:card\" content=\"summary_large_image\" \/>\n<meta name=\"twitter:label1\" content=\"Szerz\u0151:\" \/>\n\t<meta name=\"twitter:data1\" content=\"muzeumtvadmin\" \/>\n\t<meta name=\"twitter:label2\" content=\"Becs\u00fclt olvas\u00e1si id\u0151\" \/>\n\t<meta name=\"twitter:data2\" content=\"2 perc\" \/>\n<script type=\"application\/ld+json\" class=\"yoast-schema-graph\">{\"@context\":\"https:\/\/schema.org\",\"@graph\":[{\"@type\":\"Organization\",\"@id\":\"https:\/\/www.muzeumtrebisov.sk\/#organization\",\"name\":\"M\u00fazeum Trebi\u0161ov - Ka\u0161tie\u013e Andr\u00e1ssyovcov\",\"url\":\"https:\/\/www.muzeumtrebisov.sk\/\",\"sameAs\":[\"https:\/\/www.facebook.com\/muzeumtvkastielandrassyovcov\",\"https:\/\/www.instagram.com\/muzeumtrebisovkastielandrassy\/\",\"https:\/\/www.youtube.com\/channel\/UCprfZHvPNIxqZ2IHCDwfv1w\"],\"logo\":{\"@type\":\"ImageObject\",\"@id\":\"https:\/\/www.muzeumtrebisov.sk\/#logo\",\"inLanguage\":\"hu\",\"url\":\"https:\/\/www.muzeumtrebisov.sk\/wp-content\/uploads\/2022\/04\/dual-logo-color-hor.png\",\"contentUrl\":\"https:\/\/www.muzeumtrebisov.sk\/wp-content\/uploads\/2022\/04\/dual-logo-color-hor.png\",\"width\":749,\"height\":140,\"caption\":\"M\u00fazeum Trebi\u0161ov - Ka\u0161tie\u013e Andr\u00e1ssyovcov\"},\"image\":{\"@id\":\"https:\/\/www.muzeumtrebisov.sk\/#logo\"}},{\"@type\":\"WebSite\",\"@id\":\"https:\/\/www.muzeumtrebisov.sk\/#website\",\"url\":\"https:\/\/www.muzeumtrebisov.sk\/\",\"name\":\"M\u00fazeum Trebi\u0161ov - Ka\u0161tie\u013e Andr\u00e1ssyovcov\",\"description\":\"Hist\u00f3ria Andr\u00e1ssyovcov a ju\u017en\u00e9ho Zempl\u00edna\",\"publisher\":{\"@id\":\"https:\/\/www.muzeumtrebisov.sk\/#organization\"},\"potentialAction\":[{\"@type\":\"SearchAction\",\"target\":{\"@type\":\"EntryPoint\",\"urlTemplate\":\"https:\/\/www.muzeumtrebisov.sk\/?s={search_term_string}\"},\"query-input\":\"required name=search_term_string\"}],\"inLanguage\":\"hu\"},{\"@type\":\"ImageObject\",\"@id\":\"https:\/\/www.muzeumtrebisov.sk\/blog\/mauzoleum\/#primaryimage\",\"inLanguage\":\"hu\",\"url\":\"https:\/\/www.muzeumtrebisov.sk\/wp-content\/uploads\/2025\/02\/Mauzoleum-2.jpg\",\"contentUrl\":\"https:\/\/www.muzeumtrebisov.sk\/wp-content\/uploads\/2025\/02\/Mauzoleum-2.jpg\",\"width\":206,\"height\":206},{\"@type\":\"WebPage\",\"@id\":\"https:\/\/www.muzeumtrebisov.sk\/blog\/mauzoleum\/#webpage\",\"url\":\"https:\/\/www.muzeumtrebisov.sk\/blog\/mauzoleum\/\",\"name\":\"Mauz\u00f3leum | M\u00fazeum Trebi\u0161ov - Ka\u0161tie\u013e Andr\u00e1ssyovcov\",\"isPartOf\":{\"@id\":\"https:\/\/www.muzeumtrebisov.sk\/#website\"},\"primaryImageOfPage\":{\"@id\":\"https:\/\/www.muzeumtrebisov.sk\/blog\/mauzoleum\/#primaryimage\"},\"datePublished\":\"2024-12-22T07:01:00+00:00\",\"dateModified\":\"2025-02-18T07:08:35+00:00\",\"breadcrumb\":{\"@id\":\"https:\/\/www.muzeumtrebisov.sk\/blog\/mauzoleum\/#breadcrumb\"},\"inLanguage\":\"hu\",\"potentialAction\":[{\"@type\":\"ReadAction\",\"target\":[\"https:\/\/www.muzeumtrebisov.sk\/blog\/mauzoleum\/\"]}]},{\"@type\":\"BreadcrumbList\",\"@id\":\"https:\/\/www.muzeumtrebisov.sk\/blog\/mauzoleum\/#breadcrumb\",\"itemListElement\":[{\"@type\":\"ListItem\",\"position\":1,\"name\":\"Home\",\"item\":\"https:\/\/www.muzeumtrebisov.sk\/\"},{\"@type\":\"ListItem\",\"position\":2,\"name\":\"Mauz\u00f3leum\"}]},{\"@type\":\"Article\",\"@id\":\"https:\/\/www.muzeumtrebisov.sk\/blog\/mauzoleum\/#article\",\"isPartOf\":{\"@id\":\"https:\/\/www.muzeumtrebisov.sk\/blog\/mauzoleum\/#webpage\"},\"author\":{\"@id\":\"https:\/\/www.muzeumtrebisov.sk\/#\/schema\/person\/e020f4c0852b191613d063438d60ae6b\"},\"headline\":\"Mauz\u00f3leum\",\"datePublished\":\"2024-12-22T07:01:00+00:00\",\"dateModified\":\"2025-02-18T07:08:35+00:00\",\"mainEntityOfPage\":{\"@id\":\"https:\/\/www.muzeumtrebisov.sk\/blog\/mauzoleum\/#webpage\"},\"wordCount\":377,\"commentCount\":0,\"publisher\":{\"@id\":\"https:\/\/www.muzeumtrebisov.sk\/#organization\"},\"image\":{\"@id\":\"https:\/\/www.muzeumtrebisov.sk\/blog\/mauzoleum\/#primaryimage\"},\"thumbnailUrl\":\"https:\/\/www.muzeumtrebisov.sk\/wp-content\/uploads\/2025\/02\/Mauzoleum-2.jpg\",\"articleSection\":[\"Blog\",\"M\u00fazeum\"],\"inLanguage\":\"hu\",\"potentialAction\":[{\"@type\":\"CommentAction\",\"name\":\"Comment\",\"target\":[\"https:\/\/www.muzeumtrebisov.sk\/blog\/mauzoleum\/#respond\"]}]},{\"@type\":\"Person\",\"@id\":\"https:\/\/www.muzeumtrebisov.sk\/#\/schema\/person\/e020f4c0852b191613d063438d60ae6b\",\"name\":\"muzeumtvadmin\",\"image\":{\"@type\":\"ImageObject\",\"@id\":\"https:\/\/www.muzeumtrebisov.sk\/#personlogo\",\"inLanguage\":\"hu\",\"url\":\"https:\/\/secure.gravatar.com\/avatar\/115030f8384675efad0cc99183d7cd51?s=96&d=mm&r=g\",\"contentUrl\":\"https:\/\/secure.gravatar.com\/avatar\/115030f8384675efad0cc99183d7cd51?s=96&d=mm&r=g\",\"caption\":\"muzeumtvadmin\"},\"sameAs\":[\"https:\/\/www.muzeumtrebisov.sk\"],\"url\":\"https:\/\/www.muzeumtrebisov.sk\/hu\/author\/muzeumtvadmin\/\"}]}<\/script>\n<!-- \/ Yoast SEO plugin. -->","yoast_head_json":{"title":"Mauz\u00f3leum | M\u00fazeum Trebi\u0161ov - Ka\u0161tie\u013e Andr\u00e1ssyovcov","robots":{"index":"index","follow":"follow","max-snippet":"max-snippet:-1","max-image-preview":"max-image-preview:large","max-video-preview":"max-video-preview:-1"},"canonical":"https:\/\/www.muzeumtrebisov.sk\/hu\/blog\/mauzoleum\/","og_locale":"hu_HU","og_type":"article","og_title":"Mauz\u00f3leum | M\u00fazeum Trebi\u0161ov - Ka\u0161tie\u013e Andr\u00e1ssyovcov","og_description":"P\u00f4vod slova mauz\u00f3leum bol odvoden\u00fd od hrobky kr\u00e1\u013ea Maus\u00f3la II.. Jeho hrobka bola tak osl\u0148uj\u00faca a&nbsp;malebn\u00e1, \u017ee sa slovo \u201eMausoleioum\u201c za\u010dalo pou\u017e\u00edva\u0165 vo vz\u0165ahu k&nbsp;ve\u013ekolep\u00fdm hrobk\u00e1m v\u00fdznamn\u00fdch osobnost\u00ed. Najstar\u0161\u00ed zachovan\u00fd doklad o&nbsp;pou\u017eit\u00ed slov\u00e1 mauz\u00f3leum v&nbsp;slovensk\u00fdch p\u00edsomnostiach poch\u00e1dza z&nbsp;roku 1795. Jedno z&nbsp;mauz\u00f3le\u00ed, ktor\u00e9 sa nach\u00e1dzaj\u00fa na Slovensku je aj Mauz\u00f3leum Andr\u00e1ssyovcov v&nbsp;na\u0161om meste. Patr\u00ed medzi najcennej\u0161ie","og_url":"https:\/\/www.muzeumtrebisov.sk\/hu\/blog\/mauzoleum\/","og_site_name":"M\u00fazeum Trebi\u0161ov - Ka\u0161tie\u013e Andr\u00e1ssyovcov","article_publisher":"https:\/\/www.facebook.com\/muzeumtvkastielandrassyovcov","article_published_time":"2024-12-22T07:01:00+00:00","article_modified_time":"2025-02-18T07:08:35+00:00","og_image":[{"width":206,"height":206,"url":"https:\/\/www.muzeumtrebisov.sk\/wp-content\/uploads\/2025\/02\/Mauzoleum-2.jpg","type":"image\/jpeg"}],"twitter_card":"summary_large_image","twitter_misc":{"Szerz\u0151:":"muzeumtvadmin","Becs\u00fclt olvas\u00e1si id\u0151":"2 perc"},"schema":{"@context":"https:\/\/schema.org","@graph":[{"@type":"Organization","@id":"https:\/\/www.muzeumtrebisov.sk\/#organization","name":"M\u00fazeum Trebi\u0161ov - Ka\u0161tie\u013e Andr\u00e1ssyovcov","url":"https:\/\/www.muzeumtrebisov.sk\/","sameAs":["https:\/\/www.facebook.com\/muzeumtvkastielandrassyovcov","https:\/\/www.instagram.com\/muzeumtrebisovkastielandrassy\/","https:\/\/www.youtube.com\/channel\/UCprfZHvPNIxqZ2IHCDwfv1w"],"logo":{"@type":"ImageObject","@id":"https:\/\/www.muzeumtrebisov.sk\/#logo","inLanguage":"hu","url":"https:\/\/www.muzeumtrebisov.sk\/wp-content\/uploads\/2022\/04\/dual-logo-color-hor.png","contentUrl":"https:\/\/www.muzeumtrebisov.sk\/wp-content\/uploads\/2022\/04\/dual-logo-color-hor.png","width":749,"height":140,"caption":"M\u00fazeum Trebi\u0161ov - Ka\u0161tie\u013e Andr\u00e1ssyovcov"},"image":{"@id":"https:\/\/www.muzeumtrebisov.sk\/#logo"}},{"@type":"WebSite","@id":"https:\/\/www.muzeumtrebisov.sk\/#website","url":"https:\/\/www.muzeumtrebisov.sk\/","name":"M\u00fazeum Trebi\u0161ov - Ka\u0161tie\u013e Andr\u00e1ssyovcov","description":"Hist\u00f3ria Andr\u00e1ssyovcov a ju\u017en\u00e9ho Zempl\u00edna","publisher":{"@id":"https:\/\/www.muzeumtrebisov.sk\/#organization"},"potentialAction":[{"@type":"SearchAction","target":{"@type":"EntryPoint","urlTemplate":"https:\/\/www.muzeumtrebisov.sk\/?s={search_term_string}"},"query-input":"required name=search_term_string"}],"inLanguage":"hu"},{"@type":"ImageObject","@id":"https:\/\/www.muzeumtrebisov.sk\/blog\/mauzoleum\/#primaryimage","inLanguage":"hu","url":"https:\/\/www.muzeumtrebisov.sk\/wp-content\/uploads\/2025\/02\/Mauzoleum-2.jpg","contentUrl":"https:\/\/www.muzeumtrebisov.sk\/wp-content\/uploads\/2025\/02\/Mauzoleum-2.jpg","width":206,"height":206},{"@type":"WebPage","@id":"https:\/\/www.muzeumtrebisov.sk\/blog\/mauzoleum\/#webpage","url":"https:\/\/www.muzeumtrebisov.sk\/blog\/mauzoleum\/","name":"Mauz\u00f3leum | M\u00fazeum Trebi\u0161ov - Ka\u0161tie\u013e Andr\u00e1ssyovcov","isPartOf":{"@id":"https:\/\/www.muzeumtrebisov.sk\/#website"},"primaryImageOfPage":{"@id":"https:\/\/www.muzeumtrebisov.sk\/blog\/mauzoleum\/#primaryimage"},"datePublished":"2024-12-22T07:01:00+00:00","dateModified":"2025-02-18T07:08:35+00:00","breadcrumb":{"@id":"https:\/\/www.muzeumtrebisov.sk\/blog\/mauzoleum\/#breadcrumb"},"inLanguage":"hu","potentialAction":[{"@type":"ReadAction","target":["https:\/\/www.muzeumtrebisov.sk\/blog\/mauzoleum\/"]}]},{"@type":"BreadcrumbList","@id":"https:\/\/www.muzeumtrebisov.sk\/blog\/mauzoleum\/#breadcrumb","itemListElement":[{"@type":"ListItem","position":1,"name":"Home","item":"https:\/\/www.muzeumtrebisov.sk\/"},{"@type":"ListItem","position":2,"name":"Mauz\u00f3leum"}]},{"@type":"Article","@id":"https:\/\/www.muzeumtrebisov.sk\/blog\/mauzoleum\/#article","isPartOf":{"@id":"https:\/\/www.muzeumtrebisov.sk\/blog\/mauzoleum\/#webpage"},"author":{"@id":"https:\/\/www.muzeumtrebisov.sk\/#\/schema\/person\/e020f4c0852b191613d063438d60ae6b"},"headline":"Mauz\u00f3leum","datePublished":"2024-12-22T07:01:00+00:00","dateModified":"2025-02-18T07:08:35+00:00","mainEntityOfPage":{"@id":"https:\/\/www.muzeumtrebisov.sk\/blog\/mauzoleum\/#webpage"},"wordCount":377,"commentCount":0,"publisher":{"@id":"https:\/\/www.muzeumtrebisov.sk\/#organization"},"image":{"@id":"https:\/\/www.muzeumtrebisov.sk\/blog\/mauzoleum\/#primaryimage"},"thumbnailUrl":"https:\/\/www.muzeumtrebisov.sk\/wp-content\/uploads\/2025\/02\/Mauzoleum-2.jpg","articleSection":["Blog","M\u00fazeum"],"inLanguage":"hu","potentialAction":[{"@type":"CommentAction","name":"Comment","target":["https:\/\/www.muzeumtrebisov.sk\/blog\/mauzoleum\/#respond"]}]},{"@type":"Person","@id":"https:\/\/www.muzeumtrebisov.sk\/#\/schema\/person\/e020f4c0852b191613d063438d60ae6b","name":"muzeumtvadmin","image":{"@type":"ImageObject","@id":"https:\/\/www.muzeumtrebisov.sk\/#personlogo","inLanguage":"hu","url":"https:\/\/secure.gravatar.com\/avatar\/115030f8384675efad0cc99183d7cd51?s=96&d=mm&r=g","contentUrl":"https:\/\/secure.gravatar.com\/avatar\/115030f8384675efad0cc99183d7cd51?s=96&d=mm&r=g","caption":"muzeumtvadmin"},"sameAs":["https:\/\/www.muzeumtrebisov.sk"],"url":"https:\/\/www.muzeumtrebisov.sk\/hu\/author\/muzeumtvadmin\/"}]}},"_links":{"self":[{"href":"https:\/\/www.muzeumtrebisov.sk\/hu\/wp-json\/wp\/v2\/posts\/6993"}],"collection":[{"href":"https:\/\/www.muzeumtrebisov.sk\/hu\/wp-json\/wp\/v2\/posts"}],"about":[{"href":"https:\/\/www.muzeumtrebisov.sk\/hu\/wp-json\/wp\/v2\/types\/post"}],"author":[{"embeddable":true,"href":"https:\/\/www.muzeumtrebisov.sk\/hu\/wp-json\/wp\/v2\/users\/1"}],"replies":[{"embeddable":true,"href":"https:\/\/www.muzeumtrebisov.sk\/hu\/wp-json\/wp\/v2\/comments?post=6993"}],"version-history":[{"count":1,"href":"https:\/\/www.muzeumtrebisov.sk\/hu\/wp-json\/wp\/v2\/posts\/6993\/revisions"}],"predecessor-version":[{"id":6996,"href":"https:\/\/www.muzeumtrebisov.sk\/hu\/wp-json\/wp\/v2\/posts\/6993\/revisions\/6996"}],"wp:featuredmedia":[{"embeddable":true,"href":"https:\/\/www.muzeumtrebisov.sk\/hu\/wp-json\/wp\/v2\/media\/6994"}],"wp:attachment":[{"href":"https:\/\/www.muzeumtrebisov.sk\/hu\/wp-json\/wp\/v2\/media?parent=6993"}],"wp:term":[{"taxonomy":"category","embeddable":true,"href":"https:\/\/www.muzeumtrebisov.sk\/hu\/wp-json\/wp\/v2\/categories?post=6993"},{"taxonomy":"post_tag","embeddable":true,"href":"https:\/\/www.muzeumtrebisov.sk\/hu\/wp-json\/wp\/v2\/tags?post=6993"}],"curies":[{"name":"wp","href":"https:\/\/api.w.org\/{rel}","templated":true}]}}