{"id":6958,"date":"2024-11-28T07:56:00","date_gmt":"2024-11-28T06:56:00","guid":{"rendered":"https:\/\/www.muzeumtrebisov.sk\/?p=6958"},"modified":"2025-02-18T08:12:11","modified_gmt":"2025-02-18T07:12:11","slug":"greckokatolicky-chram","status":"publish","type":"post","link":"https:\/\/www.muzeumtrebisov.sk\/hu\/blog\/greckokatolicky-chram\/","title":{"rendered":"Gr\u00e9ckokatol\u00edcky chr\u00e1m"},"content":{"rendered":"<p>Matrika gr\u00e9ckokatol\u00edckej cirkvi Trebi\u0161ova je zachovan\u00e1 od roku 1776 a je v s\u00fa\u010dasnosti najstar\u0161\u00edm p\u00edsomn\u00fdm dokladom, no nehovor\u00ed<\/p>\n\n\n\n<p>o po\u010diatkoch existencie samostatne stojaceho kostola pre gr\u00e9ckokatol\u00edckych veriacich. Mo\u017eno n\u00e1zov \u201eStar\u00e1 fara\u201c poukazuje na mo\u017enos\u0165 jeho existencie. D\u00e1 sa predpoklada\u0165, \u017ee star\u00fd kostol bol dreven\u00fd a mal slamen\u00fa strechu. S n\u00e1rastom migr\u00e1cie obyvate\u013estva zo severov\u00fdchodu horn\u00e9ho Uhorska do \u00farodnej\u0161\u00edch \u010dast\u00ed Zempl\u00edna sa rozrastal aj Trebi\u0161ov.<\/p>\n\n\n\n<p>Prib\u00fadalo aj veriacich v\u00fdchodn\u00e9ho obradu a preto Trebi\u0161ov dal postavi\u0165 kamenn\u00fd kostol pre obyvate\u013eov tohto vierovyznania. Z\u00e1kladn\u00fd kame\u0148 bol polo\u017een\u00fd 28. augusta 1817. Pl\u00e1n nov\u00e9ho chr\u00e1mu vyhotovil stavite\u013e Jozef Tur\u010d\u00e1ni a stavbu uskuto\u010dnil v rokoch 1818-1825. Nov\u00fd chr\u00e1m bol vysv\u00e4ten\u00fd d\u0148a 28. augusta 1825 na sviatok \u201eUspenia presviatej Devici M\u00e1rii\u201c.<\/p>\n\n\n\n<p>K dejin\u00e1m tohto chr\u00e1mu sa via\u017ee nieko\u013eko zauj\u00edmav\u00fdch i ke\u010f tragick\u00fdch d\u00e1tumov. Po \u017eivelnej pohrome 3. j\u00fala 1844 sa zr\u00fatila kostoln\u00e1 ve\u017ea, ktor\u00fa znovu vybudovali v roku 1855. Po\u017eiar v roku 1876 zni\u010dil zvony vo ve\u017ei, ktor\u00e9 boli pr\u00edspevkom samotn\u00e9ho kr\u00e1\u013ea i ministerstva kult\u00fary. Obnova interi\u00e9ru trvala 11 rokov, ke\u010f bol rezb\u00e1rom Petrom Kovaliczk\u00fdm postaven\u00fd ikonostas a kazate\u013enica.<\/p>\n\n\n\n<p>S\u00fa\u010dasn\u00fa podobu chr\u00e1m nadobudol po druhej svetovej vojne a po \u00faprav\u00e1ch v rokoch 2001-2005. \u010co sa t\u00fdka samotnej stavby, jedn\u00e1 sa jednolo\u010fov\u00fa budovu s dominantnou ve\u017eou. Hlavn\u00fd vchod je v z\u00e1padnej \u010dasti. Dominantou interi\u00e9ru chr\u00e1mu je ikonostas. Je to stena zdoben\u00e1 inkonami, ktor\u00e1 odde\u013euje lo\u010f chr\u00e1mu od sv\u00e4tyne chr\u00e1mu. Preto\u017ee kostol je zasv\u00e4ten\u00fd smrti Panny M\u00e1rie, \u00fastredn\u00fd obraz inkonostasu je vyhotoven\u00fd na t\u00fato t\u00e9mu. Na ikonostase sa nach\u00e1dza p\u00e4\u0165 radov ikon. Za ikonostasom sa nach\u00e1dza hlavn\u00fd olt\u00e1r chr\u00e1mu. M\u00e1 podobu ve\u013ek\u00e9ho stola, nad ktor\u00fdm je baldach\u00fdn na \u0161tyroch mramorov\u00fdch st\u013apoch. Olt\u00e1r bol postaven\u00fd v roku 1949 soch\u00e1rom Franti\u0161kom Gibalom. Okrem hlavn\u00e9ho olt\u00e1ra s\u00fa v chr\u00e1me aj \u0161tyri men\u0161ie bo\u010dn\u00e9 olt\u00e1re.<\/p>\n\n\n\n<p>Vitr\u00e1\u017eov\u00e9 okn\u00e1 zdobia chr\u00e1m zo severnej a ju\u017enej strany a \u010fal\u0161ie sa nach\u00e1dzaj\u00fa aj na prie\u010del\u00ed. Na jednom z t\u00fdchto okien sa nach\u00e1dza aj erb Andr\u00e1ssyovcov. Unik\u00e1tnou ozdobou interi\u00e9ru je aj dreven\u00fd luster z roku 1901.<\/p>\n\n\n\n<p>Na prvej fotografii je chr\u00e1m z obdobia prvej \u010ceskoslovenskej republiky, na druhej fotografii je s\u00fa\u010dasn\u00e1 podoba gr\u00e9ckokatol\u00edckeho kostola.<\/p>\n\n\n\n<p>Text: Tatiana Vargov\u00e1<\/p>\n\n\n\n<p>Fotografia: Trebi\u0161ov na star\u00fdch fotografi\u00e1ch<\/p>\n\n\n\n<p>Foto: Jozef Danko<\/p>\n\n\n<div class=\"wp-block-image\">\n<figure class=\"aligncenter size-large\"><img loading=\"lazy\" width=\"697\" height=\"1024\" src=\"https:\/\/www.muzeumtrebisov.sk\/wp-content\/uploads\/2025\/02\/469521430_905211271792976_9077565970930990722_n-697x1024.jpg\" alt=\"\" class=\"wp-image-6959\" srcset=\"https:\/\/www.muzeumtrebisov.sk\/wp-content\/uploads\/2025\/02\/469521430_905211271792976_9077565970930990722_n-697x1024.jpg 697w, https:\/\/www.muzeumtrebisov.sk\/wp-content\/uploads\/2025\/02\/469521430_905211271792976_9077565970930990722_n-204x300.jpg 204w, https:\/\/www.muzeumtrebisov.sk\/wp-content\/uploads\/2025\/02\/469521430_905211271792976_9077565970930990722_n-768x1129.jpg 768w, https:\/\/www.muzeumtrebisov.sk\/wp-content\/uploads\/2025\/02\/469521430_905211271792976_9077565970930990722_n-1045x1536.jpg 1045w, https:\/\/www.muzeumtrebisov.sk\/wp-content\/uploads\/2025\/02\/469521430_905211271792976_9077565970930990722_n-8x12.jpg 8w, https:\/\/www.muzeumtrebisov.sk\/wp-content\/uploads\/2025\/02\/469521430_905211271792976_9077565970930990722_n-500x735.jpg 500w, https:\/\/www.muzeumtrebisov.sk\/wp-content\/uploads\/2025\/02\/469521430_905211271792976_9077565970930990722_n-800x1176.jpg 800w, https:\/\/www.muzeumtrebisov.sk\/wp-content\/uploads\/2025\/02\/469521430_905211271792976_9077565970930990722_n-600x882.jpg 600w, https:\/\/www.muzeumtrebisov.sk\/wp-content\/uploads\/2025\/02\/469521430_905211271792976_9077565970930990722_n.jpg 1209w\" sizes=\"(max-width: 697px) 100vw, 697px\" \/><\/figure><\/div>\n\n<div class=\"wp-block-image\">\n<figure class=\"aligncenter size-large\"><img loading=\"lazy\" width=\"708\" height=\"1024\" src=\"https:\/\/www.muzeumtrebisov.sk\/wp-content\/uploads\/2025\/02\/469790270_905211298459640_7343403264480518846_n-708x1024.jpg\" alt=\"\" class=\"wp-image-6960\" srcset=\"https:\/\/www.muzeumtrebisov.sk\/wp-content\/uploads\/2025\/02\/469790270_905211298459640_7343403264480518846_n-708x1024.jpg 708w, https:\/\/www.muzeumtrebisov.sk\/wp-content\/uploads\/2025\/02\/469790270_905211298459640_7343403264480518846_n-208x300.jpg 208w, https:\/\/www.muzeumtrebisov.sk\/wp-content\/uploads\/2025\/02\/469790270_905211298459640_7343403264480518846_n-768x1110.jpg 768w, https:\/\/www.muzeumtrebisov.sk\/wp-content\/uploads\/2025\/02\/469790270_905211298459640_7343403264480518846_n-1063x1536.jpg 1063w, https:\/\/www.muzeumtrebisov.sk\/wp-content\/uploads\/2025\/02\/469790270_905211298459640_7343403264480518846_n-8x12.jpg 8w, https:\/\/www.muzeumtrebisov.sk\/wp-content\/uploads\/2025\/02\/469790270_905211298459640_7343403264480518846_n-500x723.jpg 500w, https:\/\/www.muzeumtrebisov.sk\/wp-content\/uploads\/2025\/02\/469790270_905211298459640_7343403264480518846_n-800x1156.jpg 800w, https:\/\/www.muzeumtrebisov.sk\/wp-content\/uploads\/2025\/02\/469790270_905211298459640_7343403264480518846_n-600x867.jpg 600w, https:\/\/www.muzeumtrebisov.sk\/wp-content\/uploads\/2025\/02\/469790270_905211298459640_7343403264480518846_n.jpg 1253w\" sizes=\"(max-width: 708px) 100vw, 708px\" \/><\/figure><\/div>","protected":false},"excerpt":{"rendered":"<p>Matrika gr\u00e9ckokatol\u00edckej cirkvi Trebi\u0161ova je zachovan\u00e1 od roku 1776 a je v s\u00fa\u010dasnosti najstar\u0161\u00edm p\u00edsomn\u00fdm dokladom, no nehovor\u00ed o po\u010diatkoch existencie samostatne stojaceho kostola pre gr\u00e9ckokatol\u00edckych veriacich. Mo\u017eno n\u00e1zov \u201eStar\u00e1 fara\u201c poukazuje na mo\u017enos\u0165 jeho existencie. D\u00e1 sa predpoklada\u0165, \u017ee star\u00fd kostol bol dreven\u00fd a mal slamen\u00fa strechu. S n\u00e1rastom migr\u00e1cie obyvate\u013estva zo severov\u00fdchodu horn\u00e9ho<\/p>","protected":false},"author":1,"featured_media":6959,"comment_status":"open","ping_status":"open","sticky":false,"template":"","format":"standard","meta":{"om_disable_all_campaigns":false,"_vp_format_video_url":"","_vp_image_focal_point":[]},"categories":[20,73],"tags":[],"aioseo_notices":[],"yoast_head":"<!-- This site is optimized with the Yoast SEO plugin v18.5.1 - https:\/\/yoast.com\/wordpress\/plugins\/seo\/ -->\n<title>Gr\u00e9ckokatol\u00edcky chr\u00e1m | M\u00fazeum Trebi\u0161ov - Ka\u0161tie\u013e Andr\u00e1ssyovcov<\/title>\n<meta name=\"robots\" content=\"index, follow, max-snippet:-1, max-image-preview:large, max-video-preview:-1\" \/>\n<link rel=\"canonical\" href=\"https:\/\/www.muzeumtrebisov.sk\/hu\/blog\/greckokatolicky-chram\/\" \/>\n<meta property=\"og:locale\" content=\"hu_HU\" \/>\n<meta property=\"og:type\" content=\"article\" \/>\n<meta property=\"og:title\" content=\"Gr\u00e9ckokatol\u00edcky chr\u00e1m | M\u00fazeum Trebi\u0161ov - Ka\u0161tie\u013e Andr\u00e1ssyovcov\" \/>\n<meta property=\"og:description\" content=\"Matrika gr\u00e9ckokatol\u00edckej cirkvi Trebi\u0161ova je zachovan\u00e1 od roku 1776 a je v s\u00fa\u010dasnosti najstar\u0161\u00edm p\u00edsomn\u00fdm dokladom, no nehovor\u00ed o po\u010diatkoch existencie samostatne stojaceho kostola pre gr\u00e9ckokatol\u00edckych veriacich. Mo\u017eno n\u00e1zov \u201eStar\u00e1 fara\u201c poukazuje na mo\u017enos\u0165 jeho existencie. D\u00e1 sa predpoklada\u0165, \u017ee star\u00fd kostol bol dreven\u00fd a mal slamen\u00fa strechu. S n\u00e1rastom migr\u00e1cie obyvate\u013estva zo severov\u00fdchodu horn\u00e9ho\" \/>\n<meta property=\"og:url\" content=\"https:\/\/www.muzeumtrebisov.sk\/hu\/blog\/greckokatolicky-chram\/\" \/>\n<meta property=\"og:site_name\" content=\"M\u00fazeum Trebi\u0161ov - Ka\u0161tie\u013e Andr\u00e1ssyovcov\" \/>\n<meta property=\"article:publisher\" content=\"https:\/\/www.facebook.com\/muzeumtvkastielandrassyovcov\" \/>\n<meta property=\"article:published_time\" content=\"2024-11-28T06:56:00+00:00\" \/>\n<meta property=\"article:modified_time\" content=\"2025-02-18T07:12:11+00:00\" \/>\n<meta property=\"og:image\" content=\"https:\/\/www.muzeumtrebisov.sk\/wp-content\/uploads\/2025\/02\/469521430_905211271792976_9077565970930990722_n.jpg\" \/>\n\t<meta property=\"og:image:width\" content=\"1209\" \/>\n\t<meta property=\"og:image:height\" content=\"1777\" \/>\n\t<meta property=\"og:image:type\" content=\"image\/jpeg\" \/>\n<meta name=\"twitter:card\" content=\"summary_large_image\" \/>\n<meta name=\"twitter:label1\" content=\"Szerz\u0151:\" \/>\n\t<meta name=\"twitter:data1\" content=\"muzeumtvadmin\" \/>\n\t<meta name=\"twitter:label2\" content=\"Becs\u00fclt olvas\u00e1si id\u0151\" \/>\n\t<meta name=\"twitter:data2\" content=\"3 perc\" \/>\n<script type=\"application\/ld+json\" class=\"yoast-schema-graph\">{\"@context\":\"https:\/\/schema.org\",\"@graph\":[{\"@type\":\"Organization\",\"@id\":\"https:\/\/www.muzeumtrebisov.sk\/#organization\",\"name\":\"M\u00fazeum Trebi\u0161ov - Ka\u0161tie\u013e Andr\u00e1ssyovcov\",\"url\":\"https:\/\/www.muzeumtrebisov.sk\/\",\"sameAs\":[\"https:\/\/www.facebook.com\/muzeumtvkastielandrassyovcov\",\"https:\/\/www.instagram.com\/muzeumtrebisovkastielandrassy\/\",\"https:\/\/www.youtube.com\/channel\/UCprfZHvPNIxqZ2IHCDwfv1w\"],\"logo\":{\"@type\":\"ImageObject\",\"@id\":\"https:\/\/www.muzeumtrebisov.sk\/#logo\",\"inLanguage\":\"hu\",\"url\":\"https:\/\/www.muzeumtrebisov.sk\/wp-content\/uploads\/2022\/04\/dual-logo-color-hor.png\",\"contentUrl\":\"https:\/\/www.muzeumtrebisov.sk\/wp-content\/uploads\/2022\/04\/dual-logo-color-hor.png\",\"width\":749,\"height\":140,\"caption\":\"M\u00fazeum Trebi\u0161ov - Ka\u0161tie\u013e Andr\u00e1ssyovcov\"},\"image\":{\"@id\":\"https:\/\/www.muzeumtrebisov.sk\/#logo\"}},{\"@type\":\"WebSite\",\"@id\":\"https:\/\/www.muzeumtrebisov.sk\/#website\",\"url\":\"https:\/\/www.muzeumtrebisov.sk\/\",\"name\":\"M\u00fazeum Trebi\u0161ov - Ka\u0161tie\u013e Andr\u00e1ssyovcov\",\"description\":\"Hist\u00f3ria Andr\u00e1ssyovcov a ju\u017en\u00e9ho Zempl\u00edna\",\"publisher\":{\"@id\":\"https:\/\/www.muzeumtrebisov.sk\/#organization\"},\"potentialAction\":[{\"@type\":\"SearchAction\",\"target\":{\"@type\":\"EntryPoint\",\"urlTemplate\":\"https:\/\/www.muzeumtrebisov.sk\/?s={search_term_string}\"},\"query-input\":\"required name=search_term_string\"}],\"inLanguage\":\"hu\"},{\"@type\":\"ImageObject\",\"@id\":\"https:\/\/www.muzeumtrebisov.sk\/blog\/greckokatolicky-chram\/#primaryimage\",\"inLanguage\":\"hu\",\"url\":\"https:\/\/www.muzeumtrebisov.sk\/wp-content\/uploads\/2025\/02\/469521430_905211271792976_9077565970930990722_n.jpg\",\"contentUrl\":\"https:\/\/www.muzeumtrebisov.sk\/wp-content\/uploads\/2025\/02\/469521430_905211271792976_9077565970930990722_n.jpg\",\"width\":1209,\"height\":1777},{\"@type\":\"WebPage\",\"@id\":\"https:\/\/www.muzeumtrebisov.sk\/blog\/greckokatolicky-chram\/#webpage\",\"url\":\"https:\/\/www.muzeumtrebisov.sk\/blog\/greckokatolicky-chram\/\",\"name\":\"Gr\u00e9ckokatol\u00edcky chr\u00e1m | M\u00fazeum Trebi\u0161ov - Ka\u0161tie\u013e Andr\u00e1ssyovcov\",\"isPartOf\":{\"@id\":\"https:\/\/www.muzeumtrebisov.sk\/#website\"},\"primaryImageOfPage\":{\"@id\":\"https:\/\/www.muzeumtrebisov.sk\/blog\/greckokatolicky-chram\/#primaryimage\"},\"datePublished\":\"2024-11-28T06:56:00+00:00\",\"dateModified\":\"2025-02-18T07:12:11+00:00\",\"breadcrumb\":{\"@id\":\"https:\/\/www.muzeumtrebisov.sk\/blog\/greckokatolicky-chram\/#breadcrumb\"},\"inLanguage\":\"hu\",\"potentialAction\":[{\"@type\":\"ReadAction\",\"target\":[\"https:\/\/www.muzeumtrebisov.sk\/blog\/greckokatolicky-chram\/\"]}]},{\"@type\":\"BreadcrumbList\",\"@id\":\"https:\/\/www.muzeumtrebisov.sk\/blog\/greckokatolicky-chram\/#breadcrumb\",\"itemListElement\":[{\"@type\":\"ListItem\",\"position\":1,\"name\":\"Home\",\"item\":\"https:\/\/www.muzeumtrebisov.sk\/\"},{\"@type\":\"ListItem\",\"position\":2,\"name\":\"Gr\u00e9ckokatol\u00edcky chr\u00e1m\"}]},{\"@type\":\"Article\",\"@id\":\"https:\/\/www.muzeumtrebisov.sk\/blog\/greckokatolicky-chram\/#article\",\"isPartOf\":{\"@id\":\"https:\/\/www.muzeumtrebisov.sk\/blog\/greckokatolicky-chram\/#webpage\"},\"author\":{\"@id\":\"https:\/\/www.muzeumtrebisov.sk\/#\/schema\/person\/e020f4c0852b191613d063438d60ae6b\"},\"headline\":\"Gr\u00e9ckokatol\u00edcky chr\u00e1m\",\"datePublished\":\"2024-11-28T06:56:00+00:00\",\"dateModified\":\"2025-02-18T07:12:11+00:00\",\"mainEntityOfPage\":{\"@id\":\"https:\/\/www.muzeumtrebisov.sk\/blog\/greckokatolicky-chram\/#webpage\"},\"wordCount\":454,\"commentCount\":0,\"publisher\":{\"@id\":\"https:\/\/www.muzeumtrebisov.sk\/#organization\"},\"image\":{\"@id\":\"https:\/\/www.muzeumtrebisov.sk\/blog\/greckokatolicky-chram\/#primaryimage\"},\"thumbnailUrl\":\"https:\/\/www.muzeumtrebisov.sk\/wp-content\/uploads\/2025\/02\/469521430_905211271792976_9077565970930990722_n.jpg\",\"articleSection\":[\"Blog\",\"M\u00fazeum\"],\"inLanguage\":\"hu\",\"potentialAction\":[{\"@type\":\"CommentAction\",\"name\":\"Comment\",\"target\":[\"https:\/\/www.muzeumtrebisov.sk\/blog\/greckokatolicky-chram\/#respond\"]}]},{\"@type\":\"Person\",\"@id\":\"https:\/\/www.muzeumtrebisov.sk\/#\/schema\/person\/e020f4c0852b191613d063438d60ae6b\",\"name\":\"muzeumtvadmin\",\"image\":{\"@type\":\"ImageObject\",\"@id\":\"https:\/\/www.muzeumtrebisov.sk\/#personlogo\",\"inLanguage\":\"hu\",\"url\":\"https:\/\/secure.gravatar.com\/avatar\/115030f8384675efad0cc99183d7cd51?s=96&d=mm&r=g\",\"contentUrl\":\"https:\/\/secure.gravatar.com\/avatar\/115030f8384675efad0cc99183d7cd51?s=96&d=mm&r=g\",\"caption\":\"muzeumtvadmin\"},\"sameAs\":[\"https:\/\/www.muzeumtrebisov.sk\"],\"url\":\"https:\/\/www.muzeumtrebisov.sk\/hu\/author\/muzeumtvadmin\/\"}]}<\/script>\n<!-- \/ Yoast SEO plugin. -->","yoast_head_json":{"title":"Gr\u00e9ckokatol\u00edcky chr\u00e1m | M\u00fazeum Trebi\u0161ov - Ka\u0161tie\u013e Andr\u00e1ssyovcov","robots":{"index":"index","follow":"follow","max-snippet":"max-snippet:-1","max-image-preview":"max-image-preview:large","max-video-preview":"max-video-preview:-1"},"canonical":"https:\/\/www.muzeumtrebisov.sk\/hu\/blog\/greckokatolicky-chram\/","og_locale":"hu_HU","og_type":"article","og_title":"Gr\u00e9ckokatol\u00edcky chr\u00e1m | M\u00fazeum Trebi\u0161ov - Ka\u0161tie\u013e Andr\u00e1ssyovcov","og_description":"Matrika gr\u00e9ckokatol\u00edckej cirkvi Trebi\u0161ova je zachovan\u00e1 od roku 1776 a je v s\u00fa\u010dasnosti najstar\u0161\u00edm p\u00edsomn\u00fdm dokladom, no nehovor\u00ed o po\u010diatkoch existencie samostatne stojaceho kostola pre gr\u00e9ckokatol\u00edckych veriacich. Mo\u017eno n\u00e1zov \u201eStar\u00e1 fara\u201c poukazuje na mo\u017enos\u0165 jeho existencie. D\u00e1 sa predpoklada\u0165, \u017ee star\u00fd kostol bol dreven\u00fd a mal slamen\u00fa strechu. S n\u00e1rastom migr\u00e1cie obyvate\u013estva zo severov\u00fdchodu horn\u00e9ho","og_url":"https:\/\/www.muzeumtrebisov.sk\/hu\/blog\/greckokatolicky-chram\/","og_site_name":"M\u00fazeum Trebi\u0161ov - Ka\u0161tie\u013e Andr\u00e1ssyovcov","article_publisher":"https:\/\/www.facebook.com\/muzeumtvkastielandrassyovcov","article_published_time":"2024-11-28T06:56:00+00:00","article_modified_time":"2025-02-18T07:12:11+00:00","og_image":[{"width":1209,"height":1777,"url":"https:\/\/www.muzeumtrebisov.sk\/wp-content\/uploads\/2025\/02\/469521430_905211271792976_9077565970930990722_n.jpg","type":"image\/jpeg"}],"twitter_card":"summary_large_image","twitter_misc":{"Szerz\u0151:":"muzeumtvadmin","Becs\u00fclt olvas\u00e1si id\u0151":"3 perc"},"schema":{"@context":"https:\/\/schema.org","@graph":[{"@type":"Organization","@id":"https:\/\/www.muzeumtrebisov.sk\/#organization","name":"M\u00fazeum Trebi\u0161ov - Ka\u0161tie\u013e Andr\u00e1ssyovcov","url":"https:\/\/www.muzeumtrebisov.sk\/","sameAs":["https:\/\/www.facebook.com\/muzeumtvkastielandrassyovcov","https:\/\/www.instagram.com\/muzeumtrebisovkastielandrassy\/","https:\/\/www.youtube.com\/channel\/UCprfZHvPNIxqZ2IHCDwfv1w"],"logo":{"@type":"ImageObject","@id":"https:\/\/www.muzeumtrebisov.sk\/#logo","inLanguage":"hu","url":"https:\/\/www.muzeumtrebisov.sk\/wp-content\/uploads\/2022\/04\/dual-logo-color-hor.png","contentUrl":"https:\/\/www.muzeumtrebisov.sk\/wp-content\/uploads\/2022\/04\/dual-logo-color-hor.png","width":749,"height":140,"caption":"M\u00fazeum Trebi\u0161ov - Ka\u0161tie\u013e Andr\u00e1ssyovcov"},"image":{"@id":"https:\/\/www.muzeumtrebisov.sk\/#logo"}},{"@type":"WebSite","@id":"https:\/\/www.muzeumtrebisov.sk\/#website","url":"https:\/\/www.muzeumtrebisov.sk\/","name":"M\u00fazeum Trebi\u0161ov - Ka\u0161tie\u013e Andr\u00e1ssyovcov","description":"Hist\u00f3ria Andr\u00e1ssyovcov a ju\u017en\u00e9ho Zempl\u00edna","publisher":{"@id":"https:\/\/www.muzeumtrebisov.sk\/#organization"},"potentialAction":[{"@type":"SearchAction","target":{"@type":"EntryPoint","urlTemplate":"https:\/\/www.muzeumtrebisov.sk\/?s={search_term_string}"},"query-input":"required name=search_term_string"}],"inLanguage":"hu"},{"@type":"ImageObject","@id":"https:\/\/www.muzeumtrebisov.sk\/blog\/greckokatolicky-chram\/#primaryimage","inLanguage":"hu","url":"https:\/\/www.muzeumtrebisov.sk\/wp-content\/uploads\/2025\/02\/469521430_905211271792976_9077565970930990722_n.jpg","contentUrl":"https:\/\/www.muzeumtrebisov.sk\/wp-content\/uploads\/2025\/02\/469521430_905211271792976_9077565970930990722_n.jpg","width":1209,"height":1777},{"@type":"WebPage","@id":"https:\/\/www.muzeumtrebisov.sk\/blog\/greckokatolicky-chram\/#webpage","url":"https:\/\/www.muzeumtrebisov.sk\/blog\/greckokatolicky-chram\/","name":"Gr\u00e9ckokatol\u00edcky chr\u00e1m | M\u00fazeum Trebi\u0161ov - Ka\u0161tie\u013e Andr\u00e1ssyovcov","isPartOf":{"@id":"https:\/\/www.muzeumtrebisov.sk\/#website"},"primaryImageOfPage":{"@id":"https:\/\/www.muzeumtrebisov.sk\/blog\/greckokatolicky-chram\/#primaryimage"},"datePublished":"2024-11-28T06:56:00+00:00","dateModified":"2025-02-18T07:12:11+00:00","breadcrumb":{"@id":"https:\/\/www.muzeumtrebisov.sk\/blog\/greckokatolicky-chram\/#breadcrumb"},"inLanguage":"hu","potentialAction":[{"@type":"ReadAction","target":["https:\/\/www.muzeumtrebisov.sk\/blog\/greckokatolicky-chram\/"]}]},{"@type":"BreadcrumbList","@id":"https:\/\/www.muzeumtrebisov.sk\/blog\/greckokatolicky-chram\/#breadcrumb","itemListElement":[{"@type":"ListItem","position":1,"name":"Home","item":"https:\/\/www.muzeumtrebisov.sk\/"},{"@type":"ListItem","position":2,"name":"Gr\u00e9ckokatol\u00edcky chr\u00e1m"}]},{"@type":"Article","@id":"https:\/\/www.muzeumtrebisov.sk\/blog\/greckokatolicky-chram\/#article","isPartOf":{"@id":"https:\/\/www.muzeumtrebisov.sk\/blog\/greckokatolicky-chram\/#webpage"},"author":{"@id":"https:\/\/www.muzeumtrebisov.sk\/#\/schema\/person\/e020f4c0852b191613d063438d60ae6b"},"headline":"Gr\u00e9ckokatol\u00edcky chr\u00e1m","datePublished":"2024-11-28T06:56:00+00:00","dateModified":"2025-02-18T07:12:11+00:00","mainEntityOfPage":{"@id":"https:\/\/www.muzeumtrebisov.sk\/blog\/greckokatolicky-chram\/#webpage"},"wordCount":454,"commentCount":0,"publisher":{"@id":"https:\/\/www.muzeumtrebisov.sk\/#organization"},"image":{"@id":"https:\/\/www.muzeumtrebisov.sk\/blog\/greckokatolicky-chram\/#primaryimage"},"thumbnailUrl":"https:\/\/www.muzeumtrebisov.sk\/wp-content\/uploads\/2025\/02\/469521430_905211271792976_9077565970930990722_n.jpg","articleSection":["Blog","M\u00fazeum"],"inLanguage":"hu","potentialAction":[{"@type":"CommentAction","name":"Comment","target":["https:\/\/www.muzeumtrebisov.sk\/blog\/greckokatolicky-chram\/#respond"]}]},{"@type":"Person","@id":"https:\/\/www.muzeumtrebisov.sk\/#\/schema\/person\/e020f4c0852b191613d063438d60ae6b","name":"muzeumtvadmin","image":{"@type":"ImageObject","@id":"https:\/\/www.muzeumtrebisov.sk\/#personlogo","inLanguage":"hu","url":"https:\/\/secure.gravatar.com\/avatar\/115030f8384675efad0cc99183d7cd51?s=96&d=mm&r=g","contentUrl":"https:\/\/secure.gravatar.com\/avatar\/115030f8384675efad0cc99183d7cd51?s=96&d=mm&r=g","caption":"muzeumtvadmin"},"sameAs":["https:\/\/www.muzeumtrebisov.sk"],"url":"https:\/\/www.muzeumtrebisov.sk\/hu\/author\/muzeumtvadmin\/"}]}},"_links":{"self":[{"href":"https:\/\/www.muzeumtrebisov.sk\/hu\/wp-json\/wp\/v2\/posts\/6958"}],"collection":[{"href":"https:\/\/www.muzeumtrebisov.sk\/hu\/wp-json\/wp\/v2\/posts"}],"about":[{"href":"https:\/\/www.muzeumtrebisov.sk\/hu\/wp-json\/wp\/v2\/types\/post"}],"author":[{"embeddable":true,"href":"https:\/\/www.muzeumtrebisov.sk\/hu\/wp-json\/wp\/v2\/users\/1"}],"replies":[{"embeddable":true,"href":"https:\/\/www.muzeumtrebisov.sk\/hu\/wp-json\/wp\/v2\/comments?post=6958"}],"version-history":[{"count":1,"href":"https:\/\/www.muzeumtrebisov.sk\/hu\/wp-json\/wp\/v2\/posts\/6958\/revisions"}],"predecessor-version":[{"id":6961,"href":"https:\/\/www.muzeumtrebisov.sk\/hu\/wp-json\/wp\/v2\/posts\/6958\/revisions\/6961"}],"wp:featuredmedia":[{"embeddable":true,"href":"https:\/\/www.muzeumtrebisov.sk\/hu\/wp-json\/wp\/v2\/media\/6959"}],"wp:attachment":[{"href":"https:\/\/www.muzeumtrebisov.sk\/hu\/wp-json\/wp\/v2\/media?parent=6958"}],"wp:term":[{"taxonomy":"category","embeddable":true,"href":"https:\/\/www.muzeumtrebisov.sk\/hu\/wp-json\/wp\/v2\/categories?post=6958"},{"taxonomy":"post_tag","embeddable":true,"href":"https:\/\/www.muzeumtrebisov.sk\/hu\/wp-json\/wp\/v2\/tags?post=6958"}],"curies":[{"name":"wp","href":"https:\/\/api.w.org\/{rel}","templated":true}]}}