{"id":6954,"date":"2025-01-05T07:54:00","date_gmt":"2025-01-05T06:54:00","guid":{"rendered":"https:\/\/www.muzeumtrebisov.sk\/?p=6954"},"modified":"2025-02-18T07:48:30","modified_gmt":"2025-02-18T06:48:30","slug":"medzinarodny-den-pamiatky-obeti-holokaustu","status":"publish","type":"post","link":"https:\/\/www.muzeumtrebisov.sk\/hu\/blog\/medzinarodny-den-pamiatky-obeti-holokaustu\/","title":{"rendered":"Medzin\u00e1rodn\u00fd de\u0148 pamiatky obet\u00ed holokaustu"},"content":{"rendered":"<p>27. janu\u00e1r vyhl\u00e1silo Valn\u00e9 zhroma\u017edenie OSN na po\u010des\u0165 oslobodenia najv\u00e4\u010d\u0161ieho vyhladzovacieho t\u00e1bor Auschwitz-Birkenou (Osvien\u010dim) Medzin\u00e1rodn\u00fdm d\u0148om pamiatky obet\u00ed holokaustu. Svet si v tento de\u0148 pripom\u00edna utrpenie mili\u00f3nov \u017didov, ktor\u00ed boli obe\u0165ami holokaustu po\u010das 2. svetovej vojny.<\/p>\n\n\n\n<p>Ani na Slovensku sa \u017eiadna obec nevyhla t\u00fdmto smutn\u00fdm udalostiam. Pod\u013ea nov\u00fdch nariaden\u00ed mali by\u0165 zo Slovensk\u00e9ho \u0161t\u00e1tu vys\u0165ahovan\u00ed v\u0161etci \u017didia. V\u00fdnimku mali len tzv. \u201enepostr\u00e1date\u013en\u00ed\u201c t.j. t\u00ed, ktor\u00ed zast\u00e1vali v \u0161t\u00e1tnom hospod\u00e1rstve d\u00f4le\u017eit\u00e9 funkcie, \u010falej lek\u00e1ri, lek\u00e1rnici, ve\u013ekoobchodn\u00edci a pod..<\/p>\n\n\n\n<p>Aj na\u0161e mesto zasiahla proti\u017eidovsk\u00e1 akcia, ktor\u00e1 bola vykonan\u00e1 10. a\u017e 11. janu\u00e1ra presne pred osemdesiatymi rokmi. Bolo vydan\u00e9 nariadenie, pod\u013ea ktor\u00e9ho mali v\u0161etci \u017didia odovzda\u0165 ko\u017eu\u0161iny a ko\u017eu\u0161inov\u00e9 kab\u00e1ty do tzv. Gardovne, kde im ich odoberali \u010dlenovia Hlinkovej gardy. Bol to len za\u010diatok \u010dinov, ktor\u00e9 viedli k ve\u013ek\u00e9mu utrpeniu.<\/p>\n\n\n\n<p>Z n\u00e1\u0161ho mesta bolo vys\u0165ahovan\u00fdch 548 \u017didov a ako \u201enepostr\u00e1date\u013en\u00fdch\u201c bolo ponechan\u00fdch 46 \u017didov. Niektor\u00ed z t\u00fdchto sa dali aj so svojimi rodinami pokrsti\u0165 na r\u00edmskokatol\u00edcku alebo gr\u00e9ckokatol\u00edcku vieru. T\u00ed, ktor\u00ed boli n\u00faten\u00ed od\u00eds\u0165 mohli si so sebou zobra\u0165 najnutnej\u0161ie veci, ktor\u00fdch hmotnos\u0165 nesmela prekro\u010di\u0165<\/p>\n\n\n\n<p>50 kg na jednu osobu. Zostali po nich opusten\u00e9 byty, ktor\u00e9 boli \u00faradne zape\u010daten\u00e9. Mnoh\u00ed z nich si cennej\u0161ie men\u0161ie veci ponechali ukryt\u00e9 u svojich dobr\u00fdch zn\u00e1mych, aby si zachr\u00e1nili \u010das\u0165 majetku.<\/p>\n\n\n\n<p>V bl\u00edzkej dobe na\u0161e m\u00fazeum pripravuje ve\u013emi emot\u00edvnu a zauj\u00edmav\u00fa v\u00fdstavu, ktor\u00e1 sa venuje danej t\u00e9me. V\u00fdstavu pripravujeme v spolupr\u00e1ci s M\u00fazeom holokaustu Auschwitz-Birkenau Osvien\u010dim a budeme V\u00e1s o nej v\u010das informova\u0165.<\/p>\n\n\n\n<p>Text: Tatiana Vargov\u00e1<\/p>\n\n\n\n<p>Fotografie: Trebi\u0161ov na star\u00fdch fotografi\u00e1ch<\/p>\n\n\n\n<p>Zdroj: Pam\u00e4tn\u00e1 kniha ll<\/p>\n\n\n\n<p>Na fotografi\u00e1ch je synag\u00f3ga a u\u017e neexistuj\u00faci \u017eidovsk\u00fd cintor\u00edn v Trebi\u0161ove<\/p>\n\n\n<div class=\"wp-block-image\">\n<figure class=\"aligncenter size-full\"><img loading=\"lazy\" width=\"600\" height=\"371\" src=\"https:\/\/www.muzeumtrebisov.sk\/wp-content\/uploads\/2025\/02\/zidia.jpg\" alt=\"\" class=\"wp-image-6955\" srcset=\"https:\/\/www.muzeumtrebisov.sk\/wp-content\/uploads\/2025\/02\/zidia.jpg 600w, https:\/\/www.muzeumtrebisov.sk\/wp-content\/uploads\/2025\/02\/zidia-300x186.jpg 300w, https:\/\/www.muzeumtrebisov.sk\/wp-content\/uploads\/2025\/02\/zidia-18x12.jpg 18w, https:\/\/www.muzeumtrebisov.sk\/wp-content\/uploads\/2025\/02\/zidia-500x309.jpg 500w\" sizes=\"(max-width: 600px) 100vw, 600px\" \/><\/figure><\/div>\n\n<div class=\"wp-block-image\">\n<figure class=\"aligncenter size-large\"><img loading=\"lazy\" width=\"1024\" height=\"677\" src=\"https:\/\/www.muzeumtrebisov.sk\/wp-content\/uploads\/2025\/02\/zidia2-1024x677.jpg\" alt=\"\" class=\"wp-image-6956\" srcset=\"https:\/\/www.muzeumtrebisov.sk\/wp-content\/uploads\/2025\/02\/zidia2-1024x677.jpg 1024w, https:\/\/www.muzeumtrebisov.sk\/wp-content\/uploads\/2025\/02\/zidia2-300x198.jpg 300w, https:\/\/www.muzeumtrebisov.sk\/wp-content\/uploads\/2025\/02\/zidia2-768x508.jpg 768w, https:\/\/www.muzeumtrebisov.sk\/wp-content\/uploads\/2025\/02\/zidia2-1536x1016.jpg 1536w, https:\/\/www.muzeumtrebisov.sk\/wp-content\/uploads\/2025\/02\/zidia2-18x12.jpg 18w, https:\/\/www.muzeumtrebisov.sk\/wp-content\/uploads\/2025\/02\/zidia2-500x331.jpg 500w, https:\/\/www.muzeumtrebisov.sk\/wp-content\/uploads\/2025\/02\/zidia2-800x529.jpg 800w, https:\/\/www.muzeumtrebisov.sk\/wp-content\/uploads\/2025\/02\/zidia2-1280x847.jpg 1280w, https:\/\/www.muzeumtrebisov.sk\/wp-content\/uploads\/2025\/02\/zidia2-1920x1270.jpg 1920w, https:\/\/www.muzeumtrebisov.sk\/wp-content\/uploads\/2025\/02\/zidia2-350x230.jpg 350w, https:\/\/www.muzeumtrebisov.sk\/wp-content\/uploads\/2025\/02\/zidia2-600x397.jpg 600w, https:\/\/www.muzeumtrebisov.sk\/wp-content\/uploads\/2025\/02\/zidia2.jpg 2009w\" sizes=\"(max-width: 1024px) 100vw, 1024px\" \/><\/figure><\/div>","protected":false},"excerpt":{"rendered":"<p>27. janu\u00e1r vyhl\u00e1silo Valn\u00e9 zhroma\u017edenie OSN na po\u010des\u0165 oslobodenia najv\u00e4\u010d\u0161ieho vyhladzovacieho t\u00e1bor Auschwitz-Birkenou (Osvien\u010dim) Medzin\u00e1rodn\u00fdm d\u0148om pamiatky obet\u00ed holokaustu. Svet si v tento de\u0148 pripom\u00edna utrpenie mili\u00f3nov \u017didov, ktor\u00ed boli obe\u0165ami holokaustu po\u010das 2. svetovej vojny. Ani na Slovensku sa \u017eiadna obec nevyhla t\u00fdmto smutn\u00fdm udalostiam. Pod\u013ea nov\u00fdch nariaden\u00ed mali by\u0165 zo Slovensk\u00e9ho \u0161t\u00e1tu vys\u0165ahovan\u00ed<\/p>","protected":false},"author":1,"featured_media":6956,"comment_status":"open","ping_status":"open","sticky":false,"template":"","format":"standard","meta":{"om_disable_all_campaigns":false,"_vp_format_video_url":"","_vp_image_focal_point":[]},"categories":[20,73],"tags":[],"aioseo_notices":[],"yoast_head":"<!-- This site is optimized with the Yoast SEO plugin v18.5.1 - https:\/\/yoast.com\/wordpress\/plugins\/seo\/ -->\n<title>Medzin\u00e1rodn\u00fd de\u0148 pamiatky obet\u00ed holokaustu | M\u00fazeum Trebi\u0161ov - Ka\u0161tie\u013e Andr\u00e1ssyovcov<\/title>\n<meta name=\"robots\" content=\"index, follow, max-snippet:-1, max-image-preview:large, max-video-preview:-1\" \/>\n<link rel=\"canonical\" href=\"https:\/\/www.muzeumtrebisov.sk\/hu\/blog\/medzinarodny-den-pamiatky-obeti-holokaustu\/\" \/>\n<meta property=\"og:locale\" content=\"hu_HU\" \/>\n<meta property=\"og:type\" content=\"article\" \/>\n<meta property=\"og:title\" content=\"Medzin\u00e1rodn\u00fd de\u0148 pamiatky obet\u00ed holokaustu | M\u00fazeum Trebi\u0161ov - Ka\u0161tie\u013e Andr\u00e1ssyovcov\" \/>\n<meta property=\"og:description\" content=\"27. janu\u00e1r vyhl\u00e1silo Valn\u00e9 zhroma\u017edenie OSN na po\u010des\u0165 oslobodenia najv\u00e4\u010d\u0161ieho vyhladzovacieho t\u00e1bor Auschwitz-Birkenou (Osvien\u010dim) Medzin\u00e1rodn\u00fdm d\u0148om pamiatky obet\u00ed holokaustu. Svet si v tento de\u0148 pripom\u00edna utrpenie mili\u00f3nov \u017didov, ktor\u00ed boli obe\u0165ami holokaustu po\u010das 2. svetovej vojny. Ani na Slovensku sa \u017eiadna obec nevyhla t\u00fdmto smutn\u00fdm udalostiam. Pod\u013ea nov\u00fdch nariaden\u00ed mali by\u0165 zo Slovensk\u00e9ho \u0161t\u00e1tu vys\u0165ahovan\u00ed\" \/>\n<meta property=\"og:url\" content=\"https:\/\/www.muzeumtrebisov.sk\/hu\/blog\/medzinarodny-den-pamiatky-obeti-holokaustu\/\" \/>\n<meta property=\"og:site_name\" content=\"M\u00fazeum Trebi\u0161ov - Ka\u0161tie\u013e Andr\u00e1ssyovcov\" \/>\n<meta property=\"article:publisher\" content=\"https:\/\/www.facebook.com\/muzeumtvkastielandrassyovcov\" \/>\n<meta property=\"article:published_time\" content=\"2025-01-05T06:54:00+00:00\" \/>\n<meta property=\"article:modified_time\" content=\"2025-02-18T06:48:30+00:00\" \/>\n<meta property=\"og:image\" content=\"https:\/\/www.muzeumtrebisov.sk\/wp-content\/uploads\/2025\/02\/zidia2.jpg\" \/>\n\t<meta property=\"og:image:width\" content=\"2009\" \/>\n\t<meta property=\"og:image:height\" content=\"1329\" \/>\n\t<meta property=\"og:image:type\" content=\"image\/jpeg\" \/>\n<meta name=\"twitter:card\" content=\"summary_large_image\" \/>\n<meta name=\"twitter:label1\" content=\"Szerz\u0151:\" \/>\n\t<meta name=\"twitter:data1\" content=\"muzeumtvadmin\" \/>\n\t<meta name=\"twitter:label2\" content=\"Becs\u00fclt olvas\u00e1si id\u0151\" \/>\n\t<meta name=\"twitter:data2\" content=\"2 perc\" \/>\n<script type=\"application\/ld+json\" class=\"yoast-schema-graph\">{\"@context\":\"https:\/\/schema.org\",\"@graph\":[{\"@type\":\"Organization\",\"@id\":\"https:\/\/www.muzeumtrebisov.sk\/#organization\",\"name\":\"M\u00fazeum Trebi\u0161ov - Ka\u0161tie\u013e Andr\u00e1ssyovcov\",\"url\":\"https:\/\/www.muzeumtrebisov.sk\/\",\"sameAs\":[\"https:\/\/www.facebook.com\/muzeumtvkastielandrassyovcov\",\"https:\/\/www.instagram.com\/muzeumtrebisovkastielandrassy\/\",\"https:\/\/www.youtube.com\/channel\/UCprfZHvPNIxqZ2IHCDwfv1w\"],\"logo\":{\"@type\":\"ImageObject\",\"@id\":\"https:\/\/www.muzeumtrebisov.sk\/#logo\",\"inLanguage\":\"hu\",\"url\":\"https:\/\/www.muzeumtrebisov.sk\/wp-content\/uploads\/2022\/04\/dual-logo-color-hor.png\",\"contentUrl\":\"https:\/\/www.muzeumtrebisov.sk\/wp-content\/uploads\/2022\/04\/dual-logo-color-hor.png\",\"width\":749,\"height\":140,\"caption\":\"M\u00fazeum Trebi\u0161ov - Ka\u0161tie\u013e Andr\u00e1ssyovcov\"},\"image\":{\"@id\":\"https:\/\/www.muzeumtrebisov.sk\/#logo\"}},{\"@type\":\"WebSite\",\"@id\":\"https:\/\/www.muzeumtrebisov.sk\/#website\",\"url\":\"https:\/\/www.muzeumtrebisov.sk\/\",\"name\":\"M\u00fazeum Trebi\u0161ov - Ka\u0161tie\u013e Andr\u00e1ssyovcov\",\"description\":\"Hist\u00f3ria Andr\u00e1ssyovcov a ju\u017en\u00e9ho Zempl\u00edna\",\"publisher\":{\"@id\":\"https:\/\/www.muzeumtrebisov.sk\/#organization\"},\"potentialAction\":[{\"@type\":\"SearchAction\",\"target\":{\"@type\":\"EntryPoint\",\"urlTemplate\":\"https:\/\/www.muzeumtrebisov.sk\/?s={search_term_string}\"},\"query-input\":\"required name=search_term_string\"}],\"inLanguage\":\"hu\"},{\"@type\":\"ImageObject\",\"@id\":\"https:\/\/www.muzeumtrebisov.sk\/blog\/medzinarodny-den-pamiatky-obeti-holokaustu\/#primaryimage\",\"inLanguage\":\"hu\",\"url\":\"https:\/\/www.muzeumtrebisov.sk\/wp-content\/uploads\/2025\/02\/zidia2.jpg\",\"contentUrl\":\"https:\/\/www.muzeumtrebisov.sk\/wp-content\/uploads\/2025\/02\/zidia2.jpg\",\"width\":2009,\"height\":1329},{\"@type\":\"WebPage\",\"@id\":\"https:\/\/www.muzeumtrebisov.sk\/blog\/medzinarodny-den-pamiatky-obeti-holokaustu\/#webpage\",\"url\":\"https:\/\/www.muzeumtrebisov.sk\/blog\/medzinarodny-den-pamiatky-obeti-holokaustu\/\",\"name\":\"Medzin\u00e1rodn\u00fd de\u0148 pamiatky obet\u00ed holokaustu | M\u00fazeum Trebi\u0161ov - Ka\u0161tie\u013e Andr\u00e1ssyovcov\",\"isPartOf\":{\"@id\":\"https:\/\/www.muzeumtrebisov.sk\/#website\"},\"primaryImageOfPage\":{\"@id\":\"https:\/\/www.muzeumtrebisov.sk\/blog\/medzinarodny-den-pamiatky-obeti-holokaustu\/#primaryimage\"},\"datePublished\":\"2025-01-05T06:54:00+00:00\",\"dateModified\":\"2025-02-18T06:48:30+00:00\",\"breadcrumb\":{\"@id\":\"https:\/\/www.muzeumtrebisov.sk\/blog\/medzinarodny-den-pamiatky-obeti-holokaustu\/#breadcrumb\"},\"inLanguage\":\"hu\",\"potentialAction\":[{\"@type\":\"ReadAction\",\"target\":[\"https:\/\/www.muzeumtrebisov.sk\/blog\/medzinarodny-den-pamiatky-obeti-holokaustu\/\"]}]},{\"@type\":\"BreadcrumbList\",\"@id\":\"https:\/\/www.muzeumtrebisov.sk\/blog\/medzinarodny-den-pamiatky-obeti-holokaustu\/#breadcrumb\",\"itemListElement\":[{\"@type\":\"ListItem\",\"position\":1,\"name\":\"Home\",\"item\":\"https:\/\/www.muzeumtrebisov.sk\/\"},{\"@type\":\"ListItem\",\"position\":2,\"name\":\"Medzin\u00e1rodn\u00fd de\u0148 pamiatky obet\u00ed holokaustu\"}]},{\"@type\":\"Article\",\"@id\":\"https:\/\/www.muzeumtrebisov.sk\/blog\/medzinarodny-den-pamiatky-obeti-holokaustu\/#article\",\"isPartOf\":{\"@id\":\"https:\/\/www.muzeumtrebisov.sk\/blog\/medzinarodny-den-pamiatky-obeti-holokaustu\/#webpage\"},\"author\":{\"@id\":\"https:\/\/www.muzeumtrebisov.sk\/#\/schema\/person\/e020f4c0852b191613d063438d60ae6b\"},\"headline\":\"Medzin\u00e1rodn\u00fd de\u0148 pamiatky obet\u00ed holokaustu\",\"datePublished\":\"2025-01-05T06:54:00+00:00\",\"dateModified\":\"2025-02-18T06:48:30+00:00\",\"mainEntityOfPage\":{\"@id\":\"https:\/\/www.muzeumtrebisov.sk\/blog\/medzinarodny-den-pamiatky-obeti-holokaustu\/#webpage\"},\"wordCount\":353,\"commentCount\":0,\"publisher\":{\"@id\":\"https:\/\/www.muzeumtrebisov.sk\/#organization\"},\"image\":{\"@id\":\"https:\/\/www.muzeumtrebisov.sk\/blog\/medzinarodny-den-pamiatky-obeti-holokaustu\/#primaryimage\"},\"thumbnailUrl\":\"https:\/\/www.muzeumtrebisov.sk\/wp-content\/uploads\/2025\/02\/zidia2.jpg\",\"articleSection\":[\"Blog\",\"M\u00fazeum\"],\"inLanguage\":\"hu\",\"potentialAction\":[{\"@type\":\"CommentAction\",\"name\":\"Comment\",\"target\":[\"https:\/\/www.muzeumtrebisov.sk\/blog\/medzinarodny-den-pamiatky-obeti-holokaustu\/#respond\"]}]},{\"@type\":\"Person\",\"@id\":\"https:\/\/www.muzeumtrebisov.sk\/#\/schema\/person\/e020f4c0852b191613d063438d60ae6b\",\"name\":\"muzeumtvadmin\",\"image\":{\"@type\":\"ImageObject\",\"@id\":\"https:\/\/www.muzeumtrebisov.sk\/#personlogo\",\"inLanguage\":\"hu\",\"url\":\"https:\/\/secure.gravatar.com\/avatar\/115030f8384675efad0cc99183d7cd51?s=96&d=mm&r=g\",\"contentUrl\":\"https:\/\/secure.gravatar.com\/avatar\/115030f8384675efad0cc99183d7cd51?s=96&d=mm&r=g\",\"caption\":\"muzeumtvadmin\"},\"sameAs\":[\"https:\/\/www.muzeumtrebisov.sk\"],\"url\":\"https:\/\/www.muzeumtrebisov.sk\/hu\/author\/muzeumtvadmin\/\"}]}<\/script>\n<!-- \/ Yoast SEO plugin. -->","yoast_head_json":{"title":"Medzin\u00e1rodn\u00fd de\u0148 pamiatky obet\u00ed holokaustu | M\u00fazeum Trebi\u0161ov - Ka\u0161tie\u013e Andr\u00e1ssyovcov","robots":{"index":"index","follow":"follow","max-snippet":"max-snippet:-1","max-image-preview":"max-image-preview:large","max-video-preview":"max-video-preview:-1"},"canonical":"https:\/\/www.muzeumtrebisov.sk\/hu\/blog\/medzinarodny-den-pamiatky-obeti-holokaustu\/","og_locale":"hu_HU","og_type":"article","og_title":"Medzin\u00e1rodn\u00fd de\u0148 pamiatky obet\u00ed holokaustu | M\u00fazeum Trebi\u0161ov - Ka\u0161tie\u013e Andr\u00e1ssyovcov","og_description":"27. janu\u00e1r vyhl\u00e1silo Valn\u00e9 zhroma\u017edenie OSN na po\u010des\u0165 oslobodenia najv\u00e4\u010d\u0161ieho vyhladzovacieho t\u00e1bor Auschwitz-Birkenou (Osvien\u010dim) Medzin\u00e1rodn\u00fdm d\u0148om pamiatky obet\u00ed holokaustu. Svet si v tento de\u0148 pripom\u00edna utrpenie mili\u00f3nov \u017didov, ktor\u00ed boli obe\u0165ami holokaustu po\u010das 2. svetovej vojny. Ani na Slovensku sa \u017eiadna obec nevyhla t\u00fdmto smutn\u00fdm udalostiam. Pod\u013ea nov\u00fdch nariaden\u00ed mali by\u0165 zo Slovensk\u00e9ho \u0161t\u00e1tu vys\u0165ahovan\u00ed","og_url":"https:\/\/www.muzeumtrebisov.sk\/hu\/blog\/medzinarodny-den-pamiatky-obeti-holokaustu\/","og_site_name":"M\u00fazeum Trebi\u0161ov - Ka\u0161tie\u013e Andr\u00e1ssyovcov","article_publisher":"https:\/\/www.facebook.com\/muzeumtvkastielandrassyovcov","article_published_time":"2025-01-05T06:54:00+00:00","article_modified_time":"2025-02-18T06:48:30+00:00","og_image":[{"width":2009,"height":1329,"url":"https:\/\/www.muzeumtrebisov.sk\/wp-content\/uploads\/2025\/02\/zidia2.jpg","type":"image\/jpeg"}],"twitter_card":"summary_large_image","twitter_misc":{"Szerz\u0151:":"muzeumtvadmin","Becs\u00fclt olvas\u00e1si id\u0151":"2 perc"},"schema":{"@context":"https:\/\/schema.org","@graph":[{"@type":"Organization","@id":"https:\/\/www.muzeumtrebisov.sk\/#organization","name":"M\u00fazeum Trebi\u0161ov - Ka\u0161tie\u013e Andr\u00e1ssyovcov","url":"https:\/\/www.muzeumtrebisov.sk\/","sameAs":["https:\/\/www.facebook.com\/muzeumtvkastielandrassyovcov","https:\/\/www.instagram.com\/muzeumtrebisovkastielandrassy\/","https:\/\/www.youtube.com\/channel\/UCprfZHvPNIxqZ2IHCDwfv1w"],"logo":{"@type":"ImageObject","@id":"https:\/\/www.muzeumtrebisov.sk\/#logo","inLanguage":"hu","url":"https:\/\/www.muzeumtrebisov.sk\/wp-content\/uploads\/2022\/04\/dual-logo-color-hor.png","contentUrl":"https:\/\/www.muzeumtrebisov.sk\/wp-content\/uploads\/2022\/04\/dual-logo-color-hor.png","width":749,"height":140,"caption":"M\u00fazeum Trebi\u0161ov - Ka\u0161tie\u013e Andr\u00e1ssyovcov"},"image":{"@id":"https:\/\/www.muzeumtrebisov.sk\/#logo"}},{"@type":"WebSite","@id":"https:\/\/www.muzeumtrebisov.sk\/#website","url":"https:\/\/www.muzeumtrebisov.sk\/","name":"M\u00fazeum Trebi\u0161ov - Ka\u0161tie\u013e Andr\u00e1ssyovcov","description":"Hist\u00f3ria Andr\u00e1ssyovcov a ju\u017en\u00e9ho Zempl\u00edna","publisher":{"@id":"https:\/\/www.muzeumtrebisov.sk\/#organization"},"potentialAction":[{"@type":"SearchAction","target":{"@type":"EntryPoint","urlTemplate":"https:\/\/www.muzeumtrebisov.sk\/?s={search_term_string}"},"query-input":"required name=search_term_string"}],"inLanguage":"hu"},{"@type":"ImageObject","@id":"https:\/\/www.muzeumtrebisov.sk\/blog\/medzinarodny-den-pamiatky-obeti-holokaustu\/#primaryimage","inLanguage":"hu","url":"https:\/\/www.muzeumtrebisov.sk\/wp-content\/uploads\/2025\/02\/zidia2.jpg","contentUrl":"https:\/\/www.muzeumtrebisov.sk\/wp-content\/uploads\/2025\/02\/zidia2.jpg","width":2009,"height":1329},{"@type":"WebPage","@id":"https:\/\/www.muzeumtrebisov.sk\/blog\/medzinarodny-den-pamiatky-obeti-holokaustu\/#webpage","url":"https:\/\/www.muzeumtrebisov.sk\/blog\/medzinarodny-den-pamiatky-obeti-holokaustu\/","name":"Medzin\u00e1rodn\u00fd de\u0148 pamiatky obet\u00ed holokaustu | M\u00fazeum Trebi\u0161ov - Ka\u0161tie\u013e Andr\u00e1ssyovcov","isPartOf":{"@id":"https:\/\/www.muzeumtrebisov.sk\/#website"},"primaryImageOfPage":{"@id":"https:\/\/www.muzeumtrebisov.sk\/blog\/medzinarodny-den-pamiatky-obeti-holokaustu\/#primaryimage"},"datePublished":"2025-01-05T06:54:00+00:00","dateModified":"2025-02-18T06:48:30+00:00","breadcrumb":{"@id":"https:\/\/www.muzeumtrebisov.sk\/blog\/medzinarodny-den-pamiatky-obeti-holokaustu\/#breadcrumb"},"inLanguage":"hu","potentialAction":[{"@type":"ReadAction","target":["https:\/\/www.muzeumtrebisov.sk\/blog\/medzinarodny-den-pamiatky-obeti-holokaustu\/"]}]},{"@type":"BreadcrumbList","@id":"https:\/\/www.muzeumtrebisov.sk\/blog\/medzinarodny-den-pamiatky-obeti-holokaustu\/#breadcrumb","itemListElement":[{"@type":"ListItem","position":1,"name":"Home","item":"https:\/\/www.muzeumtrebisov.sk\/"},{"@type":"ListItem","position":2,"name":"Medzin\u00e1rodn\u00fd de\u0148 pamiatky obet\u00ed holokaustu"}]},{"@type":"Article","@id":"https:\/\/www.muzeumtrebisov.sk\/blog\/medzinarodny-den-pamiatky-obeti-holokaustu\/#article","isPartOf":{"@id":"https:\/\/www.muzeumtrebisov.sk\/blog\/medzinarodny-den-pamiatky-obeti-holokaustu\/#webpage"},"author":{"@id":"https:\/\/www.muzeumtrebisov.sk\/#\/schema\/person\/e020f4c0852b191613d063438d60ae6b"},"headline":"Medzin\u00e1rodn\u00fd de\u0148 pamiatky obet\u00ed holokaustu","datePublished":"2025-01-05T06:54:00+00:00","dateModified":"2025-02-18T06:48:30+00:00","mainEntityOfPage":{"@id":"https:\/\/www.muzeumtrebisov.sk\/blog\/medzinarodny-den-pamiatky-obeti-holokaustu\/#webpage"},"wordCount":353,"commentCount":0,"publisher":{"@id":"https:\/\/www.muzeumtrebisov.sk\/#organization"},"image":{"@id":"https:\/\/www.muzeumtrebisov.sk\/blog\/medzinarodny-den-pamiatky-obeti-holokaustu\/#primaryimage"},"thumbnailUrl":"https:\/\/www.muzeumtrebisov.sk\/wp-content\/uploads\/2025\/02\/zidia2.jpg","articleSection":["Blog","M\u00fazeum"],"inLanguage":"hu","potentialAction":[{"@type":"CommentAction","name":"Comment","target":["https:\/\/www.muzeumtrebisov.sk\/blog\/medzinarodny-den-pamiatky-obeti-holokaustu\/#respond"]}]},{"@type":"Person","@id":"https:\/\/www.muzeumtrebisov.sk\/#\/schema\/person\/e020f4c0852b191613d063438d60ae6b","name":"muzeumtvadmin","image":{"@type":"ImageObject","@id":"https:\/\/www.muzeumtrebisov.sk\/#personlogo","inLanguage":"hu","url":"https:\/\/secure.gravatar.com\/avatar\/115030f8384675efad0cc99183d7cd51?s=96&d=mm&r=g","contentUrl":"https:\/\/secure.gravatar.com\/avatar\/115030f8384675efad0cc99183d7cd51?s=96&d=mm&r=g","caption":"muzeumtvadmin"},"sameAs":["https:\/\/www.muzeumtrebisov.sk"],"url":"https:\/\/www.muzeumtrebisov.sk\/hu\/author\/muzeumtvadmin\/"}]}},"_links":{"self":[{"href":"https:\/\/www.muzeumtrebisov.sk\/hu\/wp-json\/wp\/v2\/posts\/6954"}],"collection":[{"href":"https:\/\/www.muzeumtrebisov.sk\/hu\/wp-json\/wp\/v2\/posts"}],"about":[{"href":"https:\/\/www.muzeumtrebisov.sk\/hu\/wp-json\/wp\/v2\/types\/post"}],"author":[{"embeddable":true,"href":"https:\/\/www.muzeumtrebisov.sk\/hu\/wp-json\/wp\/v2\/users\/1"}],"replies":[{"embeddable":true,"href":"https:\/\/www.muzeumtrebisov.sk\/hu\/wp-json\/wp\/v2\/comments?post=6954"}],"version-history":[{"count":1,"href":"https:\/\/www.muzeumtrebisov.sk\/hu\/wp-json\/wp\/v2\/posts\/6954\/revisions"}],"predecessor-version":[{"id":6957,"href":"https:\/\/www.muzeumtrebisov.sk\/hu\/wp-json\/wp\/v2\/posts\/6954\/revisions\/6957"}],"wp:featuredmedia":[{"embeddable":true,"href":"https:\/\/www.muzeumtrebisov.sk\/hu\/wp-json\/wp\/v2\/media\/6956"}],"wp:attachment":[{"href":"https:\/\/www.muzeumtrebisov.sk\/hu\/wp-json\/wp\/v2\/media?parent=6954"}],"wp:term":[{"taxonomy":"category","embeddable":true,"href":"https:\/\/www.muzeumtrebisov.sk\/hu\/wp-json\/wp\/v2\/categories?post=6954"},{"taxonomy":"post_tag","embeddable":true,"href":"https:\/\/www.muzeumtrebisov.sk\/hu\/wp-json\/wp\/v2\/tags?post=6954"}],"curies":[{"name":"wp","href":"https:\/\/api.w.org\/{rel}","templated":true}]}}