{"id":6860,"date":"2025-01-20T14:07:58","date_gmt":"2025-01-20T13:07:58","guid":{"rendered":"https:\/\/www.muzeumtrebisov.sk\/?p=6860"},"modified":"2025-01-21T13:59:53","modified_gmt":"2025-01-21T12:59:53","slug":"sutaz-35-rocnik-co-vies-o-hviezdach","status":"publish","type":"post","link":"https:\/\/www.muzeumtrebisov.sk\/hu\/astronomia\/sutaz-35-rocnik-co-vies-o-hviezdach\/","title":{"rendered":"S\u00fa\u0165a\u017e &#8211; 35. ro\u010dn\u00edk \u010co vie\u0161 o hviezdach?"},"content":{"rendered":"<p><strong>M\u00fazeum a Kult\u00farne centrum ju\u017en\u00e9ho Zempl\u00edna v Trebi\u0161ove, \u00fatvar astron\u00f3mie<\/strong> kult\u00farne zariadenie ko\u0161ick\u00e9ho samospr\u00e1vneho kraja vyhlasuje&nbsp;<strong>okresn\u00e9 kolo<\/strong> 35. ro\u010dn\u00edka celoslovenskej vedomostnej s\u00fa\u0165a\u017ee z astron\u00f3mie<\/p>\n\n\n\n<p class=\"has-huge-font-size\"><strong>\u010cO VIE\u0160 O HVIEZDACH?<\/strong><\/p>\n\n\n\n<p>Do tejto s\u00fa\u0165a\u017ee sa ka\u017edoro\u010dne zap\u00e1jaj\u00fa \u017eiaci Z\u0160, \u0161tudenti gymn\u00e1zi\u00ed a stredn\u00fdch \u0161k\u00f4l v&nbsp;na\u0161om okrese. <\/p>\n\n\n\n<p>V&nbsp;tomto roku <strong>&nbsp;organizujeme 35. ro\u010dn\u00edk okresn\u00e9ho&nbsp; kola, ktor\u00e9 sa uskuto\u010dn\u00ed v&nbsp;d\u0148och:<\/strong><\/p>\n\n\n\n<p><strong>1. kateg\u00f3ria\u00a0&#8211; 27. marec 2025 \/ \u0161tvrtok \/\u00a0 <\/strong>\u017eiaci z\u00e1kladn\u00fdch \u0161k\u00f4l\u00a0\u00a0 4. &#8211; 6. ro\u010dn\u00edk a 1. ro\u010dn\u00edk 8 &#8211; ro\u010dn\u00e9ho gymn\u00e1zia<\/p>\n\n\n\n<p><strong>2. kateg\u00f3ria\u00a0&#8211; 28. marec 2025 \/ piatok \/\u00a0\u00a0 <\/strong>\u017eiaci z\u00e1kladn\u00fdch \u0161k\u00f4l\u00a0 7. &#8211; 9. ro\u010dn\u00edk,<strong> <\/strong>2. &#8211; 4.\u00a0 ro\u010dn\u00edk 8 &#8211; ro\u010dn\u00e9ho gymn\u00e1zia a\u00a01. ro\u010dn\u00edk\u00a0 5 &#8211; ro\u010dn\u00e9ho gymn\u00e1zia\u00a0<\/p>\n\n\n\n<p><strong>3. kateg\u00f3ria&nbsp;&#8211; 28. marec 2025 \/ piatok \/ &nbsp;<\/strong>\u0161tudenti stredn\u00fdch \u0161k\u00f4l, gymn\u00e1zi\u00ed, 5. &#8211; &nbsp;8. ro\u010dn\u00edk 8 &#8211; ro\u010dn\u00e9ho gymn\u00e1zia, a&nbsp;2. &#8211; 5. ro\u010dn\u00edk 5 &#8211; ro\u010dn\u00e9ho gymn\u00e1zia.<\/p>\n\n\n\n<p>Prihl\u00e1senie do s\u00fa\u0165a\u017ee je mo\u017en\u00e9 <strong>do 7. marca 2025<\/strong> elektronicky alebo po\u0161tou. Bli\u017e\u0161ie inform\u00e1cie o&nbsp;s\u00fa\u0165a\u017ei&nbsp;sa&nbsp;dozviete&nbsp;na tel. \u010d\u00edsle: 0902 627 882, alebo osobne na na\u0161ej adrese. <\/p>\n\n\n\n<p class=\"has-large-font-size\"><strong>Prihl\u00e1\u0161ka:<\/strong> <\/p>\n\n\n\n<div class=\"wp-block-file\"><object class=\"wp-block-file__embed\" data=\"https:\/\/www.muzeumtrebisov.sk\/wp-content\/uploads\/2025\/01\/Co-vies-o-hviezdach-prihlaska-2025.pdf\" type=\"application\/pdf\" style=\"width:100%;height:600px\" aria-label=\"Vlo\u017ei\u0165 Co-vies-o-hviezdach-prihlaska-2025.\"><\/object><a id=\"wp-block-file--media-e7499762-0a0a-4166-906f-3bbe353ee12e\" href=\"https:\/\/www.muzeumtrebisov.sk\/wp-content\/uploads\/2025\/01\/Co-vies-o-hviezdach-prihlaska-2025.pdf\">Co-vies-o-hviezdach-prihlaska-2025<\/a><a href=\"https:\/\/www.muzeumtrebisov.sk\/wp-content\/uploads\/2025\/01\/Co-vies-o-hviezdach-prihlaska-2025.pdf\" class=\"wp-block-file__button\" download aria-describedby=\"wp-block-file--media-e7499762-0a0a-4166-906f-3bbe353ee12e\">Stiahnu\u0165<\/a><\/div>\n\n\n\n<p class=\"has-large-font-size\"><strong>S\u00fahlas so spracovan\u00edm osobn\u00fdch \u00fadajov:<\/strong><\/p>\n\n\n\n<div class=\"wp-block-file\"><object class=\"wp-block-file__embed\" data=\"https:\/\/www.muzeumtrebisov.sk\/wp-content\/uploads\/2025\/01\/suhlas-so-spracovanim-osobnych-udajov.pdf\" type=\"application\/pdf\" style=\"width:100%;height:600px\" aria-label=\"Vlo\u017ei\u0165 suhlas-so-spracovanim-osobnych-udajov.\"><\/object><a id=\"wp-block-file--media-bd15dfa7-6f80-49c4-9a22-a8dc6c30cb90\" href=\"https:\/\/www.muzeumtrebisov.sk\/wp-content\/uploads\/2025\/01\/suhlas-so-spracovanim-osobnych-udajov.pdf\">suhlas-so-spracovanim-osobnych-udajov<\/a><a href=\"https:\/\/www.muzeumtrebisov.sk\/wp-content\/uploads\/2025\/01\/suhlas-so-spracovanim-osobnych-udajov.pdf\" class=\"wp-block-file__button\" download aria-describedby=\"wp-block-file--media-bd15dfa7-6f80-49c4-9a22-a8dc6c30cb90\">Stiahnu\u0165<\/a><\/div>\n\n\n\n<p class=\"has-large-font-size\"><strong>\u0160tat\u00fat s\u00fa\u0165a\u017ee:<\/strong><\/p>\n\n\n\n<div class=\"wp-block-file\"><object class=\"wp-block-file__embed\" data=\"https:\/\/www.muzeumtrebisov.sk\/wp-content\/uploads\/2025\/01\/Co-vies-o-hviezdach-statut-TV.pdf\" type=\"application\/pdf\" style=\"width:100%;height:600px\" aria-label=\"Vlo\u017ei\u0165 Co-vies-o-hviezdach-statut-TV.\"><\/object><a id=\"wp-block-file--media-a1ecf728-f856-4a97-adbb-94038ba27044\" href=\"https:\/\/www.muzeumtrebisov.sk\/wp-content\/uploads\/2025\/01\/Co-vies-o-hviezdach-statut-TV.pdf\">Co-vies-o-hviezdach-statut-TV<\/a><a href=\"https:\/\/www.muzeumtrebisov.sk\/wp-content\/uploads\/2025\/01\/Co-vies-o-hviezdach-statut-TV.pdf\" class=\"wp-block-file__button\" download aria-describedby=\"wp-block-file--media-a1ecf728-f856-4a97-adbb-94038ba27044\">Stiahnu\u0165<\/a><\/div>","protected":false},"excerpt":{"rendered":"<p>M\u00fazeum a Kult\u00farne centrum ju\u017en\u00e9ho Zempl\u00edna v Trebi\u0161ove, \u00fatvar astron\u00f3mie kult\u00farne zariadenie ko\u0161ick\u00e9ho samospr\u00e1vneho kraja vyhlasuje&nbsp;okresn\u00e9 kolo 35. ro\u010dn\u00edka celoslovenskej vedomostnej s\u00fa\u0165a\u017ee z astron\u00f3mie \u010cO VIE\u0160 O HVIEZDACH? Do tejto s\u00fa\u0165a\u017ee sa ka\u017edoro\u010dne zap\u00e1jaj\u00fa \u017eiaci Z\u0160, \u0161tudenti gymn\u00e1zi\u00ed a stredn\u00fdch \u0161k\u00f4l v&nbsp;na\u0161om okrese. V&nbsp;tomto roku &nbsp;organizujeme 35. ro\u010dn\u00edk okresn\u00e9ho&nbsp; kola, ktor\u00e9 sa uskuto\u010dn\u00ed v&nbsp;d\u0148och: 1.<\/p>","protected":false},"author":5,"featured_media":6861,"comment_status":"open","ping_status":"open","sticky":false,"template":"","format":"standard","meta":{"om_disable_all_campaigns":false,"_vp_format_video_url":"","_vp_image_focal_point":[]},"categories":[70],"tags":[],"aioseo_notices":[],"yoast_head":"<!-- This site is optimized with the Yoast SEO plugin v18.5.1 - https:\/\/yoast.com\/wordpress\/plugins\/seo\/ -->\n<title>S\u00fa\u0165a\u017e - 35. ro\u010dn\u00edk \u010co vie\u0161 o hviezdach? | M\u00fazeum Trebi\u0161ov - Ka\u0161tie\u013e Andr\u00e1ssyovcov<\/title>\n<meta name=\"robots\" content=\"index, follow, max-snippet:-1, max-image-preview:large, max-video-preview:-1\" \/>\n<link rel=\"canonical\" href=\"https:\/\/www.muzeumtrebisov.sk\/hu\/astronomia\/sutaz-35-rocnik-co-vies-o-hviezdach\/\" \/>\n<meta property=\"og:locale\" content=\"hu_HU\" \/>\n<meta property=\"og:type\" content=\"article\" \/>\n<meta property=\"og:title\" content=\"S\u00fa\u0165a\u017e - 35. ro\u010dn\u00edk \u010co vie\u0161 o hviezdach? | M\u00fazeum Trebi\u0161ov - Ka\u0161tie\u013e Andr\u00e1ssyovcov\" \/>\n<meta property=\"og:description\" content=\"M\u00fazeum a Kult\u00farne centrum ju\u017en\u00e9ho Zempl\u00edna v Trebi\u0161ove, \u00fatvar astron\u00f3mie kult\u00farne zariadenie ko\u0161ick\u00e9ho samospr\u00e1vneho kraja vyhlasuje&nbsp;okresn\u00e9 kolo 35. ro\u010dn\u00edka celoslovenskej vedomostnej s\u00fa\u0165a\u017ee z astron\u00f3mie \u010cO VIE\u0160 O HVIEZDACH? Do tejto s\u00fa\u0165a\u017ee sa ka\u017edoro\u010dne zap\u00e1jaj\u00fa \u017eiaci Z\u0160, \u0161tudenti gymn\u00e1zi\u00ed a stredn\u00fdch \u0161k\u00f4l v&nbsp;na\u0161om okrese. V&nbsp;tomto roku &nbsp;organizujeme 35. ro\u010dn\u00edk okresn\u00e9ho&nbsp; kola, ktor\u00e9 sa uskuto\u010dn\u00ed v&nbsp;d\u0148och: 1.\" \/>\n<meta property=\"og:url\" content=\"https:\/\/www.muzeumtrebisov.sk\/hu\/astronomia\/sutaz-35-rocnik-co-vies-o-hviezdach\/\" \/>\n<meta property=\"og:site_name\" content=\"M\u00fazeum Trebi\u0161ov - Ka\u0161tie\u013e Andr\u00e1ssyovcov\" \/>\n<meta property=\"article:publisher\" content=\"https:\/\/www.facebook.com\/muzeumtvkastielandrassyovcov\" \/>\n<meta property=\"article:published_time\" content=\"2025-01-20T13:07:58+00:00\" \/>\n<meta property=\"article:modified_time\" content=\"2025-01-21T12:59:53+00:00\" \/>\n<meta property=\"og:image\" content=\"https:\/\/www.muzeumtrebisov.sk\/wp-content\/uploads\/2025\/01\/cvoh.jpg\" \/>\n\t<meta property=\"og:image:width\" content=\"2482\" \/>\n\t<meta property=\"og:image:height\" content=\"1182\" \/>\n\t<meta property=\"og:image:type\" content=\"image\/jpeg\" \/>\n<meta name=\"twitter:card\" content=\"summary_large_image\" \/>\n<meta name=\"twitter:label1\" content=\"Szerz\u0151:\" \/>\n\t<meta name=\"twitter:data1\" content=\"Be\u00e1ta Le\u0161kov\u00e1\" \/>\n\t<meta name=\"twitter:label2\" content=\"Becs\u00fclt olvas\u00e1si id\u0151\" \/>\n\t<meta name=\"twitter:data2\" content=\"1 perc\" \/>\n<script type=\"application\/ld+json\" class=\"yoast-schema-graph\">{\"@context\":\"https:\/\/schema.org\",\"@graph\":[{\"@type\":\"Organization\",\"@id\":\"https:\/\/www.muzeumtrebisov.sk\/#organization\",\"name\":\"M\u00fazeum Trebi\u0161ov - Ka\u0161tie\u013e Andr\u00e1ssyovcov\",\"url\":\"https:\/\/www.muzeumtrebisov.sk\/\",\"sameAs\":[\"https:\/\/www.facebook.com\/muzeumtvkastielandrassyovcov\",\"https:\/\/www.instagram.com\/muzeumtrebisovkastielandrassy\/\",\"https:\/\/www.youtube.com\/channel\/UCprfZHvPNIxqZ2IHCDwfv1w\"],\"logo\":{\"@type\":\"ImageObject\",\"@id\":\"https:\/\/www.muzeumtrebisov.sk\/#logo\",\"inLanguage\":\"hu\",\"url\":\"https:\/\/www.muzeumtrebisov.sk\/wp-content\/uploads\/2022\/04\/dual-logo-color-hor.png\",\"contentUrl\":\"https:\/\/www.muzeumtrebisov.sk\/wp-content\/uploads\/2022\/04\/dual-logo-color-hor.png\",\"width\":749,\"height\":140,\"caption\":\"M\u00fazeum Trebi\u0161ov - Ka\u0161tie\u013e Andr\u00e1ssyovcov\"},\"image\":{\"@id\":\"https:\/\/www.muzeumtrebisov.sk\/#logo\"}},{\"@type\":\"WebSite\",\"@id\":\"https:\/\/www.muzeumtrebisov.sk\/#website\",\"url\":\"https:\/\/www.muzeumtrebisov.sk\/\",\"name\":\"M\u00fazeum Trebi\u0161ov - Ka\u0161tie\u013e Andr\u00e1ssyovcov\",\"description\":\"Hist\u00f3ria Andr\u00e1ssyovcov a ju\u017en\u00e9ho Zempl\u00edna\",\"publisher\":{\"@id\":\"https:\/\/www.muzeumtrebisov.sk\/#organization\"},\"potentialAction\":[{\"@type\":\"SearchAction\",\"target\":{\"@type\":\"EntryPoint\",\"urlTemplate\":\"https:\/\/www.muzeumtrebisov.sk\/?s={search_term_string}\"},\"query-input\":\"required name=search_term_string\"}],\"inLanguage\":\"hu\"},{\"@type\":\"ImageObject\",\"@id\":\"https:\/\/www.muzeumtrebisov.sk\/astronomia\/sutaz-35-rocnik-co-vies-o-hviezdach\/#primaryimage\",\"inLanguage\":\"hu\",\"url\":\"https:\/\/www.muzeumtrebisov.sk\/wp-content\/uploads\/2025\/01\/cvoh.jpg\",\"contentUrl\":\"https:\/\/www.muzeumtrebisov.sk\/wp-content\/uploads\/2025\/01\/cvoh.jpg\",\"width\":2482,\"height\":1182},{\"@type\":\"WebPage\",\"@id\":\"https:\/\/www.muzeumtrebisov.sk\/astronomia\/sutaz-35-rocnik-co-vies-o-hviezdach\/#webpage\",\"url\":\"https:\/\/www.muzeumtrebisov.sk\/astronomia\/sutaz-35-rocnik-co-vies-o-hviezdach\/\",\"name\":\"S\u00fa\u0165a\u017e - 35. ro\u010dn\u00edk \u010co vie\u0161 o hviezdach? | M\u00fazeum Trebi\u0161ov - Ka\u0161tie\u013e Andr\u00e1ssyovcov\",\"isPartOf\":{\"@id\":\"https:\/\/www.muzeumtrebisov.sk\/#website\"},\"primaryImageOfPage\":{\"@id\":\"https:\/\/www.muzeumtrebisov.sk\/astronomia\/sutaz-35-rocnik-co-vies-o-hviezdach\/#primaryimage\"},\"datePublished\":\"2025-01-20T13:07:58+00:00\",\"dateModified\":\"2025-01-21T12:59:53+00:00\",\"breadcrumb\":{\"@id\":\"https:\/\/www.muzeumtrebisov.sk\/astronomia\/sutaz-35-rocnik-co-vies-o-hviezdach\/#breadcrumb\"},\"inLanguage\":\"hu\",\"potentialAction\":[{\"@type\":\"ReadAction\",\"target\":[\"https:\/\/www.muzeumtrebisov.sk\/astronomia\/sutaz-35-rocnik-co-vies-o-hviezdach\/\"]}]},{\"@type\":\"BreadcrumbList\",\"@id\":\"https:\/\/www.muzeumtrebisov.sk\/astronomia\/sutaz-35-rocnik-co-vies-o-hviezdach\/#breadcrumb\",\"itemListElement\":[{\"@type\":\"ListItem\",\"position\":1,\"name\":\"Home\",\"item\":\"https:\/\/www.muzeumtrebisov.sk\/\"},{\"@type\":\"ListItem\",\"position\":2,\"name\":\"S\u00fa\u0165a\u017e &#8211; 35. ro\u010dn\u00edk \u010co vie\u0161 o hviezdach?\"}]},{\"@type\":\"Article\",\"@id\":\"https:\/\/www.muzeumtrebisov.sk\/astronomia\/sutaz-35-rocnik-co-vies-o-hviezdach\/#article\",\"isPartOf\":{\"@id\":\"https:\/\/www.muzeumtrebisov.sk\/astronomia\/sutaz-35-rocnik-co-vies-o-hviezdach\/#webpage\"},\"author\":{\"@id\":\"https:\/\/www.muzeumtrebisov.sk\/#\/schema\/person\/2786780212ca6d4bc140536add5d3326\"},\"headline\":\"S\u00fa\u0165a\u017e &#8211; 35. ro\u010dn\u00edk \u010co vie\u0161 o hviezdach?\",\"datePublished\":\"2025-01-20T13:07:58+00:00\",\"dateModified\":\"2025-01-21T12:59:53+00:00\",\"mainEntityOfPage\":{\"@id\":\"https:\/\/www.muzeumtrebisov.sk\/astronomia\/sutaz-35-rocnik-co-vies-o-hviezdach\/#webpage\"},\"wordCount\":256,\"commentCount\":0,\"publisher\":{\"@id\":\"https:\/\/www.muzeumtrebisov.sk\/#organization\"},\"image\":{\"@id\":\"https:\/\/www.muzeumtrebisov.sk\/astronomia\/sutaz-35-rocnik-co-vies-o-hviezdach\/#primaryimage\"},\"thumbnailUrl\":\"https:\/\/www.muzeumtrebisov.sk\/wp-content\/uploads\/2025\/01\/cvoh.jpg\",\"articleSection\":[\"Astron\u00f3mia\"],\"inLanguage\":\"hu\",\"potentialAction\":[{\"@type\":\"CommentAction\",\"name\":\"Comment\",\"target\":[\"https:\/\/www.muzeumtrebisov.sk\/astronomia\/sutaz-35-rocnik-co-vies-o-hviezdach\/#respond\"]}]},{\"@type\":\"Person\",\"@id\":\"https:\/\/www.muzeumtrebisov.sk\/#\/schema\/person\/2786780212ca6d4bc140536add5d3326\",\"name\":\"Be\u00e1ta Le\u0161kov\u00e1\",\"image\":{\"@type\":\"ImageObject\",\"@id\":\"https:\/\/www.muzeumtrebisov.sk\/#personlogo\",\"inLanguage\":\"hu\",\"url\":\"https:\/\/secure.gravatar.com\/avatar\/e675f6913a1f8194035a44748fb98881?s=96&d=mm&r=g\",\"contentUrl\":\"https:\/\/secure.gravatar.com\/avatar\/e675f6913a1f8194035a44748fb98881?s=96&d=mm&r=g\",\"caption\":\"Be\u00e1ta Le\u0161kov\u00e1\"},\"url\":\"https:\/\/www.muzeumtrebisov.sk\/hu\/author\/beataleskova\/\"}]}<\/script>\n<!-- \/ Yoast SEO plugin. -->","yoast_head_json":{"title":"S\u00fa\u0165a\u017e - 35. ro\u010dn\u00edk \u010co vie\u0161 o hviezdach? | M\u00fazeum Trebi\u0161ov - Ka\u0161tie\u013e Andr\u00e1ssyovcov","robots":{"index":"index","follow":"follow","max-snippet":"max-snippet:-1","max-image-preview":"max-image-preview:large","max-video-preview":"max-video-preview:-1"},"canonical":"https:\/\/www.muzeumtrebisov.sk\/hu\/astronomia\/sutaz-35-rocnik-co-vies-o-hviezdach\/","og_locale":"hu_HU","og_type":"article","og_title":"S\u00fa\u0165a\u017e - 35. ro\u010dn\u00edk \u010co vie\u0161 o hviezdach? | M\u00fazeum Trebi\u0161ov - Ka\u0161tie\u013e Andr\u00e1ssyovcov","og_description":"M\u00fazeum a Kult\u00farne centrum ju\u017en\u00e9ho Zempl\u00edna v Trebi\u0161ove, \u00fatvar astron\u00f3mie kult\u00farne zariadenie ko\u0161ick\u00e9ho samospr\u00e1vneho kraja vyhlasuje&nbsp;okresn\u00e9 kolo 35. ro\u010dn\u00edka celoslovenskej vedomostnej s\u00fa\u0165a\u017ee z astron\u00f3mie \u010cO VIE\u0160 O HVIEZDACH? Do tejto s\u00fa\u0165a\u017ee sa ka\u017edoro\u010dne zap\u00e1jaj\u00fa \u017eiaci Z\u0160, \u0161tudenti gymn\u00e1zi\u00ed a stredn\u00fdch \u0161k\u00f4l v&nbsp;na\u0161om okrese. V&nbsp;tomto roku &nbsp;organizujeme 35. ro\u010dn\u00edk okresn\u00e9ho&nbsp; kola, ktor\u00e9 sa uskuto\u010dn\u00ed v&nbsp;d\u0148och: 1.","og_url":"https:\/\/www.muzeumtrebisov.sk\/hu\/astronomia\/sutaz-35-rocnik-co-vies-o-hviezdach\/","og_site_name":"M\u00fazeum Trebi\u0161ov - Ka\u0161tie\u013e Andr\u00e1ssyovcov","article_publisher":"https:\/\/www.facebook.com\/muzeumtvkastielandrassyovcov","article_published_time":"2025-01-20T13:07:58+00:00","article_modified_time":"2025-01-21T12:59:53+00:00","og_image":[{"width":2482,"height":1182,"url":"https:\/\/www.muzeumtrebisov.sk\/wp-content\/uploads\/2025\/01\/cvoh.jpg","type":"image\/jpeg"}],"twitter_card":"summary_large_image","twitter_misc":{"Szerz\u0151:":"Be\u00e1ta Le\u0161kov\u00e1","Becs\u00fclt olvas\u00e1si id\u0151":"1 perc"},"schema":{"@context":"https:\/\/schema.org","@graph":[{"@type":"Organization","@id":"https:\/\/www.muzeumtrebisov.sk\/#organization","name":"M\u00fazeum Trebi\u0161ov - Ka\u0161tie\u013e Andr\u00e1ssyovcov","url":"https:\/\/www.muzeumtrebisov.sk\/","sameAs":["https:\/\/www.facebook.com\/muzeumtvkastielandrassyovcov","https:\/\/www.instagram.com\/muzeumtrebisovkastielandrassy\/","https:\/\/www.youtube.com\/channel\/UCprfZHvPNIxqZ2IHCDwfv1w"],"logo":{"@type":"ImageObject","@id":"https:\/\/www.muzeumtrebisov.sk\/#logo","inLanguage":"hu","url":"https:\/\/www.muzeumtrebisov.sk\/wp-content\/uploads\/2022\/04\/dual-logo-color-hor.png","contentUrl":"https:\/\/www.muzeumtrebisov.sk\/wp-content\/uploads\/2022\/04\/dual-logo-color-hor.png","width":749,"height":140,"caption":"M\u00fazeum Trebi\u0161ov - Ka\u0161tie\u013e Andr\u00e1ssyovcov"},"image":{"@id":"https:\/\/www.muzeumtrebisov.sk\/#logo"}},{"@type":"WebSite","@id":"https:\/\/www.muzeumtrebisov.sk\/#website","url":"https:\/\/www.muzeumtrebisov.sk\/","name":"M\u00fazeum Trebi\u0161ov - Ka\u0161tie\u013e Andr\u00e1ssyovcov","description":"Hist\u00f3ria Andr\u00e1ssyovcov a ju\u017en\u00e9ho Zempl\u00edna","publisher":{"@id":"https:\/\/www.muzeumtrebisov.sk\/#organization"},"potentialAction":[{"@type":"SearchAction","target":{"@type":"EntryPoint","urlTemplate":"https:\/\/www.muzeumtrebisov.sk\/?s={search_term_string}"},"query-input":"required name=search_term_string"}],"inLanguage":"hu"},{"@type":"ImageObject","@id":"https:\/\/www.muzeumtrebisov.sk\/astronomia\/sutaz-35-rocnik-co-vies-o-hviezdach\/#primaryimage","inLanguage":"hu","url":"https:\/\/www.muzeumtrebisov.sk\/wp-content\/uploads\/2025\/01\/cvoh.jpg","contentUrl":"https:\/\/www.muzeumtrebisov.sk\/wp-content\/uploads\/2025\/01\/cvoh.jpg","width":2482,"height":1182},{"@type":"WebPage","@id":"https:\/\/www.muzeumtrebisov.sk\/astronomia\/sutaz-35-rocnik-co-vies-o-hviezdach\/#webpage","url":"https:\/\/www.muzeumtrebisov.sk\/astronomia\/sutaz-35-rocnik-co-vies-o-hviezdach\/","name":"S\u00fa\u0165a\u017e - 35. ro\u010dn\u00edk \u010co vie\u0161 o hviezdach? | M\u00fazeum Trebi\u0161ov - Ka\u0161tie\u013e Andr\u00e1ssyovcov","isPartOf":{"@id":"https:\/\/www.muzeumtrebisov.sk\/#website"},"primaryImageOfPage":{"@id":"https:\/\/www.muzeumtrebisov.sk\/astronomia\/sutaz-35-rocnik-co-vies-o-hviezdach\/#primaryimage"},"datePublished":"2025-01-20T13:07:58+00:00","dateModified":"2025-01-21T12:59:53+00:00","breadcrumb":{"@id":"https:\/\/www.muzeumtrebisov.sk\/astronomia\/sutaz-35-rocnik-co-vies-o-hviezdach\/#breadcrumb"},"inLanguage":"hu","potentialAction":[{"@type":"ReadAction","target":["https:\/\/www.muzeumtrebisov.sk\/astronomia\/sutaz-35-rocnik-co-vies-o-hviezdach\/"]}]},{"@type":"BreadcrumbList","@id":"https:\/\/www.muzeumtrebisov.sk\/astronomia\/sutaz-35-rocnik-co-vies-o-hviezdach\/#breadcrumb","itemListElement":[{"@type":"ListItem","position":1,"name":"Home","item":"https:\/\/www.muzeumtrebisov.sk\/"},{"@type":"ListItem","position":2,"name":"S\u00fa\u0165a\u017e &#8211; 35. ro\u010dn\u00edk \u010co vie\u0161 o hviezdach?"}]},{"@type":"Article","@id":"https:\/\/www.muzeumtrebisov.sk\/astronomia\/sutaz-35-rocnik-co-vies-o-hviezdach\/#article","isPartOf":{"@id":"https:\/\/www.muzeumtrebisov.sk\/astronomia\/sutaz-35-rocnik-co-vies-o-hviezdach\/#webpage"},"author":{"@id":"https:\/\/www.muzeumtrebisov.sk\/#\/schema\/person\/2786780212ca6d4bc140536add5d3326"},"headline":"S\u00fa\u0165a\u017e &#8211; 35. ro\u010dn\u00edk \u010co vie\u0161 o hviezdach?","datePublished":"2025-01-20T13:07:58+00:00","dateModified":"2025-01-21T12:59:53+00:00","mainEntityOfPage":{"@id":"https:\/\/www.muzeumtrebisov.sk\/astronomia\/sutaz-35-rocnik-co-vies-o-hviezdach\/#webpage"},"wordCount":256,"commentCount":0,"publisher":{"@id":"https:\/\/www.muzeumtrebisov.sk\/#organization"},"image":{"@id":"https:\/\/www.muzeumtrebisov.sk\/astronomia\/sutaz-35-rocnik-co-vies-o-hviezdach\/#primaryimage"},"thumbnailUrl":"https:\/\/www.muzeumtrebisov.sk\/wp-content\/uploads\/2025\/01\/cvoh.jpg","articleSection":["Astron\u00f3mia"],"inLanguage":"hu","potentialAction":[{"@type":"CommentAction","name":"Comment","target":["https:\/\/www.muzeumtrebisov.sk\/astronomia\/sutaz-35-rocnik-co-vies-o-hviezdach\/#respond"]}]},{"@type":"Person","@id":"https:\/\/www.muzeumtrebisov.sk\/#\/schema\/person\/2786780212ca6d4bc140536add5d3326","name":"Be\u00e1ta Le\u0161kov\u00e1","image":{"@type":"ImageObject","@id":"https:\/\/www.muzeumtrebisov.sk\/#personlogo","inLanguage":"hu","url":"https:\/\/secure.gravatar.com\/avatar\/e675f6913a1f8194035a44748fb98881?s=96&d=mm&r=g","contentUrl":"https:\/\/secure.gravatar.com\/avatar\/e675f6913a1f8194035a44748fb98881?s=96&d=mm&r=g","caption":"Be\u00e1ta Le\u0161kov\u00e1"},"url":"https:\/\/www.muzeumtrebisov.sk\/hu\/author\/beataleskova\/"}]}},"_links":{"self":[{"href":"https:\/\/www.muzeumtrebisov.sk\/hu\/wp-json\/wp\/v2\/posts\/6860"}],"collection":[{"href":"https:\/\/www.muzeumtrebisov.sk\/hu\/wp-json\/wp\/v2\/posts"}],"about":[{"href":"https:\/\/www.muzeumtrebisov.sk\/hu\/wp-json\/wp\/v2\/types\/post"}],"author":[{"embeddable":true,"href":"https:\/\/www.muzeumtrebisov.sk\/hu\/wp-json\/wp\/v2\/users\/5"}],"replies":[{"embeddable":true,"href":"https:\/\/www.muzeumtrebisov.sk\/hu\/wp-json\/wp\/v2\/comments?post=6860"}],"version-history":[{"count":6,"href":"https:\/\/www.muzeumtrebisov.sk\/hu\/wp-json\/wp\/v2\/posts\/6860\/revisions"}],"predecessor-version":[{"id":7909,"href":"https:\/\/www.muzeumtrebisov.sk\/hu\/wp-json\/wp\/v2\/posts\/6860\/revisions\/7909"}],"wp:featuredmedia":[{"embeddable":true,"href":"https:\/\/www.muzeumtrebisov.sk\/hu\/wp-json\/wp\/v2\/media\/6861"}],"wp:attachment":[{"href":"https:\/\/www.muzeumtrebisov.sk\/hu\/wp-json\/wp\/v2\/media?parent=6860"}],"wp:term":[{"taxonomy":"category","embeddable":true,"href":"https:\/\/www.muzeumtrebisov.sk\/hu\/wp-json\/wp\/v2\/categories?post=6860"},{"taxonomy":"post_tag","embeddable":true,"href":"https:\/\/www.muzeumtrebisov.sk\/hu\/wp-json\/wp\/v2\/tags?post=6860"}],"curies":[{"name":"wp","href":"https:\/\/api.w.org\/{rel}","templated":true}]}}