{"id":6842,"date":"2025-01-17T11:26:36","date_gmt":"2025-01-17T10:26:36","guid":{"rendered":"https:\/\/www.muzeumtrebisov.sk\/?p=6842"},"modified":"2025-01-17T11:50:32","modified_gmt":"2025-01-17T10:50:32","slug":"sutaz-40-rocnik-vesmir-ocami-deti","status":"publish","type":"post","link":"https:\/\/www.muzeumtrebisov.sk\/hu\/astronomia\/sutaz-40-rocnik-vesmir-ocami-deti\/","title":{"rendered":"S\u00fa\u0165a\u017e &#8211; 40. ro\u010dn\u00edk Vesm\u00edr o\u010dami det\u00ed"},"content":{"rendered":"<p><strong>M\u00fazeum a Kult\u00farne centrum ju\u017en\u00e9ho Zempl\u00edna v Trebi\u0161ove, \u00fatvar astron\u00f3mie<\/strong> kult\u00farne zariadenie ko\u0161ick\u00e9ho samospr\u00e1vneho kraja vyhlasuje\u00a0<strong>okresn\u00e9 kolo, len pre okres TREBI\u0160OV,<\/strong> 40. ro\u010dn\u00edk celoslovenskej v\u00fdtvarnej s\u00fa\u0165a\u017ee<strong><em>,\u00a0<\/em><\/strong>s\u00a0\u00fa\u010das\u0165ou Slov\u00e1kov \u017eij\u00facich v zahrani\u010d\u00ed<\/p>\n\n\n\n<p class=\"has-huge-font-size\"><strong>VESM\u00cdR O\u010cAMI DET\u00cd<\/strong><\/p>\n\n\n\n<p><\/p>\n\n\n\n<p><\/p>\n\n\n\n<p><strong>Do s\u00fa\u0165a\u017ee je mo\u017en\u00e9 posla\u0165 v\u00fdkresy spracovan\u00e9 \u013eubovo\u013enou technikou (okrem 3D) vo form\u00e1te maxim\u00e1lne A2.<\/strong> Na zadn\u00fa stranu pr\u00e1ce je potrebn\u00e9 <strong><u>\u010ditate\u013ene pali\u010dkov\u00fdm p\u00edsmom<\/u><\/strong> nap\u00edsa\u0165 n\u00e1zov pr\u00e1ce, meno a adresu autora, jeho vek, kateg\u00f3riu, triedu a meno vyu\u010duj\u00faceho. Vzor na vyplnenie zadnej strany v\u00fdkresu sa nach\u00e1dza: <a href=\"https:\/\/www.suh.sk\/organizujeme\/sutaze\/vesmir-ocami-deti\/\">https:\/\/www.suh.sk\/organizujeme\/sutaze\/vesmir-ocami-deti\/<\/a> Ka\u017ed\u00e1 pr\u00e1ca mus\u00ed by\u0165 ozna\u010den\u00e1 pe\u010diatkou \u0161koly, pri\u010dom \u0161kola m\u00f4\u017ee zasla\u0165 maxim\u00e1lne 10 pr\u00e1c z jednej kateg\u00f3rie.<\/p>\n\n\n\n<p><em><u>S\u00fa\u0165a\u017en\u00e9&nbsp; pr\u00e1ce<strong> v&nbsp; 1. etape <\/strong><\/u><\/em><strong><em><u>&nbsp;<\/u><\/em><\/strong><strong><em><u>doru\u010dte &nbsp;do&nbsp; 17.&nbsp; marca 2025&nbsp; <\/u><\/em><\/strong><em><u>na adresu:<\/u><\/em><strong><em><u><\/u><\/em><\/strong><\/p>\n\n\n\n<p><strong>M\u00fazeum a&nbsp;Kult\u00farne centrum ju\u017en\u00e9ho Zempl\u00edna v&nbsp;Trebi\u0161ove, <\/strong>\u00fatvar astron\u00f3mie<\/p>\n\n\n\n<p><strong>M. R. \u0160tef\u00e1nika 257\/65<\/strong><\/p>\n\n\n\n<p><strong>075 01 Trebi\u0161ov<\/strong><\/p>\n\n\n\n<p>tel.: 0902 627882, <em>e-mail: hvezdaren@muzeumtrebisov.sk, leskova.beata@muzeumtrebisov.sk<\/em><\/p>\n\n\n\n<p>INTERNET:\u00a0 <em>http:\/\/www.muzeumtrebisov.sk<\/em><\/p>\n\n\n\n<p><\/p>\n\n\n\n<p><\/p>\n\n\n<div class=\"wp-block-image\">\n<figure class=\"aligncenter size-large is-resized\"><img loading=\"lazy\" src=\"https:\/\/www.muzeumtrebisov.sk\/wp-content\/uploads\/2025\/01\/VOD-plagat-1-725x1024.jpg\" alt=\"\" class=\"wp-image-6845\" width=\"881\" height=\"1243\" srcset=\"https:\/\/www.muzeumtrebisov.sk\/wp-content\/uploads\/2025\/01\/VOD-plagat-1-725x1024.jpg 725w, https:\/\/www.muzeumtrebisov.sk\/wp-content\/uploads\/2025\/01\/VOD-plagat-1-212x300.jpg 212w, https:\/\/www.muzeumtrebisov.sk\/wp-content\/uploads\/2025\/01\/VOD-plagat-1-768x1085.jpg 768w, https:\/\/www.muzeumtrebisov.sk\/wp-content\/uploads\/2025\/01\/VOD-plagat-1-8x12.jpg 8w, https:\/\/www.muzeumtrebisov.sk\/wp-content\/uploads\/2025\/01\/VOD-plagat-1-600x848.jpg 600w\" sizes=\"(max-width: 881px) 100vw, 881px\" \/><\/figure><\/div>","protected":false},"excerpt":{"rendered":"<p>M\u00fazeum a Kult\u00farne centrum ju\u017en\u00e9ho Zempl\u00edna v Trebi\u0161ove, \u00fatvar astron\u00f3mie kult\u00farne zariadenie ko\u0161ick\u00e9ho samospr\u00e1vneho kraja vyhlasuje\u00a0okresn\u00e9 kolo, len pre okres TREBI\u0160OV, 40. ro\u010dn\u00edk celoslovenskej v\u00fdtvarnej s\u00fa\u0165a\u017ee,\u00a0s\u00a0\u00fa\u010das\u0165ou Slov\u00e1kov \u017eij\u00facich v zahrani\u010d\u00ed VESM\u00cdR O\u010cAMI DET\u00cd Do s\u00fa\u0165a\u017ee je mo\u017en\u00e9 posla\u0165 v\u00fdkresy spracovan\u00e9 \u013eubovo\u013enou technikou (okrem 3D) vo form\u00e1te maxim\u00e1lne A2. Na zadn\u00fa stranu pr\u00e1ce je potrebn\u00e9 \u010ditate\u013ene<\/p>","protected":false},"author":5,"featured_media":6848,"comment_status":"open","ping_status":"open","sticky":false,"template":"","format":"standard","meta":{"om_disable_all_campaigns":false,"_vp_format_video_url":"","_vp_image_focal_point":{"x":0.5100000000000000088817841970012523233890533447265625,"y":0.200000000000000011102230246251565404236316680908203125}},"categories":[70],"tags":[],"aioseo_notices":[],"yoast_head":"<!-- This site is optimized with the Yoast SEO plugin v18.5.1 - https:\/\/yoast.com\/wordpress\/plugins\/seo\/ -->\n<title>S\u00fa\u0165a\u017e - 40. ro\u010dn\u00edk Vesm\u00edr o\u010dami det\u00ed | M\u00fazeum Trebi\u0161ov - Ka\u0161tie\u013e Andr\u00e1ssyovcov<\/title>\n<meta name=\"robots\" content=\"index, follow, max-snippet:-1, max-image-preview:large, max-video-preview:-1\" \/>\n<link rel=\"canonical\" href=\"https:\/\/www.muzeumtrebisov.sk\/hu\/astronomia\/sutaz-40-rocnik-vesmir-ocami-deti\/\" \/>\n<meta property=\"og:locale\" content=\"hu_HU\" \/>\n<meta property=\"og:type\" content=\"article\" \/>\n<meta property=\"og:title\" content=\"S\u00fa\u0165a\u017e - 40. ro\u010dn\u00edk Vesm\u00edr o\u010dami det\u00ed | M\u00fazeum Trebi\u0161ov - Ka\u0161tie\u013e Andr\u00e1ssyovcov\" \/>\n<meta property=\"og:description\" content=\"M\u00fazeum a Kult\u00farne centrum ju\u017en\u00e9ho Zempl\u00edna v Trebi\u0161ove, \u00fatvar astron\u00f3mie kult\u00farne zariadenie ko\u0161ick\u00e9ho samospr\u00e1vneho kraja vyhlasuje\u00a0okresn\u00e9 kolo, len pre okres TREBI\u0160OV, 40. ro\u010dn\u00edk celoslovenskej v\u00fdtvarnej s\u00fa\u0165a\u017ee,\u00a0s\u00a0\u00fa\u010das\u0165ou Slov\u00e1kov \u017eij\u00facich v zahrani\u010d\u00ed VESM\u00cdR O\u010cAMI DET\u00cd Do s\u00fa\u0165a\u017ee je mo\u017en\u00e9 posla\u0165 v\u00fdkresy spracovan\u00e9 \u013eubovo\u013enou technikou (okrem 3D) vo form\u00e1te maxim\u00e1lne A2. Na zadn\u00fa stranu pr\u00e1ce je potrebn\u00e9 \u010ditate\u013ene\" \/>\n<meta property=\"og:url\" content=\"https:\/\/www.muzeumtrebisov.sk\/hu\/astronomia\/sutaz-40-rocnik-vesmir-ocami-deti\/\" \/>\n<meta property=\"og:site_name\" content=\"M\u00fazeum Trebi\u0161ov - Ka\u0161tie\u013e Andr\u00e1ssyovcov\" \/>\n<meta property=\"article:publisher\" content=\"https:\/\/www.facebook.com\/muzeumtvkastielandrassyovcov\" \/>\n<meta property=\"article:published_time\" content=\"2025-01-17T10:26:36+00:00\" \/>\n<meta property=\"article:modified_time\" content=\"2025-01-17T10:50:32+00:00\" \/>\n<meta property=\"og:image\" content=\"https:\/\/www.muzeumtrebisov.sk\/wp-content\/uploads\/2025\/01\/Bez-nazvu-\u2013-1-1.jpg\" \/>\n\t<meta property=\"og:image:width\" content=\"2482\" \/>\n\t<meta property=\"og:image:height\" content=\"1042\" \/>\n\t<meta property=\"og:image:type\" content=\"image\/jpeg\" \/>\n<meta name=\"twitter:card\" content=\"summary_large_image\" \/>\n<meta name=\"twitter:label1\" content=\"Szerz\u0151:\" \/>\n\t<meta name=\"twitter:data1\" content=\"Be\u00e1ta Le\u0161kov\u00e1\" \/>\n\t<meta name=\"twitter:label2\" content=\"Becs\u00fclt olvas\u00e1si id\u0151\" \/>\n\t<meta name=\"twitter:data2\" content=\"1 perc\" \/>\n<script type=\"application\/ld+json\" class=\"yoast-schema-graph\">{\"@context\":\"https:\/\/schema.org\",\"@graph\":[{\"@type\":\"Organization\",\"@id\":\"https:\/\/www.muzeumtrebisov.sk\/#organization\",\"name\":\"M\u00fazeum Trebi\u0161ov - Ka\u0161tie\u013e Andr\u00e1ssyovcov\",\"url\":\"https:\/\/www.muzeumtrebisov.sk\/\",\"sameAs\":[\"https:\/\/www.facebook.com\/muzeumtvkastielandrassyovcov\",\"https:\/\/www.instagram.com\/muzeumtrebisovkastielandrassy\/\",\"https:\/\/www.youtube.com\/channel\/UCprfZHvPNIxqZ2IHCDwfv1w\"],\"logo\":{\"@type\":\"ImageObject\",\"@id\":\"https:\/\/www.muzeumtrebisov.sk\/#logo\",\"inLanguage\":\"hu\",\"url\":\"https:\/\/www.muzeumtrebisov.sk\/wp-content\/uploads\/2022\/04\/dual-logo-color-hor.png\",\"contentUrl\":\"https:\/\/www.muzeumtrebisov.sk\/wp-content\/uploads\/2022\/04\/dual-logo-color-hor.png\",\"width\":749,\"height\":140,\"caption\":\"M\u00fazeum Trebi\u0161ov - Ka\u0161tie\u013e Andr\u00e1ssyovcov\"},\"image\":{\"@id\":\"https:\/\/www.muzeumtrebisov.sk\/#logo\"}},{\"@type\":\"WebSite\",\"@id\":\"https:\/\/www.muzeumtrebisov.sk\/#website\",\"url\":\"https:\/\/www.muzeumtrebisov.sk\/\",\"name\":\"M\u00fazeum Trebi\u0161ov - Ka\u0161tie\u013e Andr\u00e1ssyovcov\",\"description\":\"Hist\u00f3ria Andr\u00e1ssyovcov a ju\u017en\u00e9ho Zempl\u00edna\",\"publisher\":{\"@id\":\"https:\/\/www.muzeumtrebisov.sk\/#organization\"},\"potentialAction\":[{\"@type\":\"SearchAction\",\"target\":{\"@type\":\"EntryPoint\",\"urlTemplate\":\"https:\/\/www.muzeumtrebisov.sk\/?s={search_term_string}\"},\"query-input\":\"required name=search_term_string\"}],\"inLanguage\":\"hu\"},{\"@type\":\"ImageObject\",\"@id\":\"https:\/\/www.muzeumtrebisov.sk\/astronomia\/sutaz-40-rocnik-vesmir-ocami-deti\/#primaryimage\",\"inLanguage\":\"hu\",\"url\":\"https:\/\/www.muzeumtrebisov.sk\/wp-content\/uploads\/2025\/01\/Bez-nazvu-\u2013-1-1.jpg\",\"contentUrl\":\"https:\/\/www.muzeumtrebisov.sk\/wp-content\/uploads\/2025\/01\/Bez-nazvu-\u2013-1-1.jpg\",\"width\":2482,\"height\":1042},{\"@type\":\"WebPage\",\"@id\":\"https:\/\/www.muzeumtrebisov.sk\/astronomia\/sutaz-40-rocnik-vesmir-ocami-deti\/#webpage\",\"url\":\"https:\/\/www.muzeumtrebisov.sk\/astronomia\/sutaz-40-rocnik-vesmir-ocami-deti\/\",\"name\":\"S\u00fa\u0165a\u017e - 40. ro\u010dn\u00edk Vesm\u00edr o\u010dami det\u00ed | M\u00fazeum Trebi\u0161ov - Ka\u0161tie\u013e Andr\u00e1ssyovcov\",\"isPartOf\":{\"@id\":\"https:\/\/www.muzeumtrebisov.sk\/#website\"},\"primaryImageOfPage\":{\"@id\":\"https:\/\/www.muzeumtrebisov.sk\/astronomia\/sutaz-40-rocnik-vesmir-ocami-deti\/#primaryimage\"},\"datePublished\":\"2025-01-17T10:26:36+00:00\",\"dateModified\":\"2025-01-17T10:50:32+00:00\",\"breadcrumb\":{\"@id\":\"https:\/\/www.muzeumtrebisov.sk\/astronomia\/sutaz-40-rocnik-vesmir-ocami-deti\/#breadcrumb\"},\"inLanguage\":\"hu\",\"potentialAction\":[{\"@type\":\"ReadAction\",\"target\":[\"https:\/\/www.muzeumtrebisov.sk\/astronomia\/sutaz-40-rocnik-vesmir-ocami-deti\/\"]}]},{\"@type\":\"BreadcrumbList\",\"@id\":\"https:\/\/www.muzeumtrebisov.sk\/astronomia\/sutaz-40-rocnik-vesmir-ocami-deti\/#breadcrumb\",\"itemListElement\":[{\"@type\":\"ListItem\",\"position\":1,\"name\":\"Home\",\"item\":\"https:\/\/www.muzeumtrebisov.sk\/\"},{\"@type\":\"ListItem\",\"position\":2,\"name\":\"S\u00fa\u0165a\u017e &#8211; 40. ro\u010dn\u00edk Vesm\u00edr o\u010dami det\u00ed\"}]},{\"@type\":\"Article\",\"@id\":\"https:\/\/www.muzeumtrebisov.sk\/astronomia\/sutaz-40-rocnik-vesmir-ocami-deti\/#article\",\"isPartOf\":{\"@id\":\"https:\/\/www.muzeumtrebisov.sk\/astronomia\/sutaz-40-rocnik-vesmir-ocami-deti\/#webpage\"},\"author\":{\"@id\":\"https:\/\/www.muzeumtrebisov.sk\/#\/schema\/person\/2786780212ca6d4bc140536add5d3326\"},\"headline\":\"S\u00fa\u0165a\u017e &#8211; 40. ro\u010dn\u00edk Vesm\u00edr o\u010dami det\u00ed\",\"datePublished\":\"2025-01-17T10:26:36+00:00\",\"dateModified\":\"2025-01-17T10:50:32+00:00\",\"mainEntityOfPage\":{\"@id\":\"https:\/\/www.muzeumtrebisov.sk\/astronomia\/sutaz-40-rocnik-vesmir-ocami-deti\/#webpage\"},\"wordCount\":225,\"commentCount\":0,\"publisher\":{\"@id\":\"https:\/\/www.muzeumtrebisov.sk\/#organization\"},\"image\":{\"@id\":\"https:\/\/www.muzeumtrebisov.sk\/astronomia\/sutaz-40-rocnik-vesmir-ocami-deti\/#primaryimage\"},\"thumbnailUrl\":\"https:\/\/www.muzeumtrebisov.sk\/wp-content\/uploads\/2025\/01\/Bez-nazvu-\u2013-1-1.jpg\",\"articleSection\":[\"Astron\u00f3mia\"],\"inLanguage\":\"hu\",\"potentialAction\":[{\"@type\":\"CommentAction\",\"name\":\"Comment\",\"target\":[\"https:\/\/www.muzeumtrebisov.sk\/astronomia\/sutaz-40-rocnik-vesmir-ocami-deti\/#respond\"]}]},{\"@type\":\"Person\",\"@id\":\"https:\/\/www.muzeumtrebisov.sk\/#\/schema\/person\/2786780212ca6d4bc140536add5d3326\",\"name\":\"Be\u00e1ta Le\u0161kov\u00e1\",\"image\":{\"@type\":\"ImageObject\",\"@id\":\"https:\/\/www.muzeumtrebisov.sk\/#personlogo\",\"inLanguage\":\"hu\",\"url\":\"https:\/\/secure.gravatar.com\/avatar\/e675f6913a1f8194035a44748fb98881?s=96&d=mm&r=g\",\"contentUrl\":\"https:\/\/secure.gravatar.com\/avatar\/e675f6913a1f8194035a44748fb98881?s=96&d=mm&r=g\",\"caption\":\"Be\u00e1ta Le\u0161kov\u00e1\"},\"url\":\"https:\/\/www.muzeumtrebisov.sk\/hu\/author\/beataleskova\/\"}]}<\/script>\n<!-- \/ Yoast SEO plugin. -->","yoast_head_json":{"title":"S\u00fa\u0165a\u017e - 40. ro\u010dn\u00edk Vesm\u00edr o\u010dami det\u00ed | M\u00fazeum Trebi\u0161ov - Ka\u0161tie\u013e Andr\u00e1ssyovcov","robots":{"index":"index","follow":"follow","max-snippet":"max-snippet:-1","max-image-preview":"max-image-preview:large","max-video-preview":"max-video-preview:-1"},"canonical":"https:\/\/www.muzeumtrebisov.sk\/hu\/astronomia\/sutaz-40-rocnik-vesmir-ocami-deti\/","og_locale":"hu_HU","og_type":"article","og_title":"S\u00fa\u0165a\u017e - 40. ro\u010dn\u00edk Vesm\u00edr o\u010dami det\u00ed | M\u00fazeum Trebi\u0161ov - Ka\u0161tie\u013e Andr\u00e1ssyovcov","og_description":"M\u00fazeum a Kult\u00farne centrum ju\u017en\u00e9ho Zempl\u00edna v Trebi\u0161ove, \u00fatvar astron\u00f3mie kult\u00farne zariadenie ko\u0161ick\u00e9ho samospr\u00e1vneho kraja vyhlasuje\u00a0okresn\u00e9 kolo, len pre okres TREBI\u0160OV, 40. ro\u010dn\u00edk celoslovenskej v\u00fdtvarnej s\u00fa\u0165a\u017ee,\u00a0s\u00a0\u00fa\u010das\u0165ou Slov\u00e1kov \u017eij\u00facich v zahrani\u010d\u00ed VESM\u00cdR O\u010cAMI DET\u00cd Do s\u00fa\u0165a\u017ee je mo\u017en\u00e9 posla\u0165 v\u00fdkresy spracovan\u00e9 \u013eubovo\u013enou technikou (okrem 3D) vo form\u00e1te maxim\u00e1lne A2. Na zadn\u00fa stranu pr\u00e1ce je potrebn\u00e9 \u010ditate\u013ene","og_url":"https:\/\/www.muzeumtrebisov.sk\/hu\/astronomia\/sutaz-40-rocnik-vesmir-ocami-deti\/","og_site_name":"M\u00fazeum Trebi\u0161ov - Ka\u0161tie\u013e Andr\u00e1ssyovcov","article_publisher":"https:\/\/www.facebook.com\/muzeumtvkastielandrassyovcov","article_published_time":"2025-01-17T10:26:36+00:00","article_modified_time":"2025-01-17T10:50:32+00:00","og_image":[{"width":2482,"height":1042,"url":"https:\/\/www.muzeumtrebisov.sk\/wp-content\/uploads\/2025\/01\/Bez-nazvu-\u2013-1-1.jpg","type":"image\/jpeg"}],"twitter_card":"summary_large_image","twitter_misc":{"Szerz\u0151:":"Be\u00e1ta Le\u0161kov\u00e1","Becs\u00fclt olvas\u00e1si id\u0151":"1 perc"},"schema":{"@context":"https:\/\/schema.org","@graph":[{"@type":"Organization","@id":"https:\/\/www.muzeumtrebisov.sk\/#organization","name":"M\u00fazeum Trebi\u0161ov - Ka\u0161tie\u013e Andr\u00e1ssyovcov","url":"https:\/\/www.muzeumtrebisov.sk\/","sameAs":["https:\/\/www.facebook.com\/muzeumtvkastielandrassyovcov","https:\/\/www.instagram.com\/muzeumtrebisovkastielandrassy\/","https:\/\/www.youtube.com\/channel\/UCprfZHvPNIxqZ2IHCDwfv1w"],"logo":{"@type":"ImageObject","@id":"https:\/\/www.muzeumtrebisov.sk\/#logo","inLanguage":"hu","url":"https:\/\/www.muzeumtrebisov.sk\/wp-content\/uploads\/2022\/04\/dual-logo-color-hor.png","contentUrl":"https:\/\/www.muzeumtrebisov.sk\/wp-content\/uploads\/2022\/04\/dual-logo-color-hor.png","width":749,"height":140,"caption":"M\u00fazeum Trebi\u0161ov - Ka\u0161tie\u013e Andr\u00e1ssyovcov"},"image":{"@id":"https:\/\/www.muzeumtrebisov.sk\/#logo"}},{"@type":"WebSite","@id":"https:\/\/www.muzeumtrebisov.sk\/#website","url":"https:\/\/www.muzeumtrebisov.sk\/","name":"M\u00fazeum Trebi\u0161ov - Ka\u0161tie\u013e Andr\u00e1ssyovcov","description":"Hist\u00f3ria Andr\u00e1ssyovcov a ju\u017en\u00e9ho Zempl\u00edna","publisher":{"@id":"https:\/\/www.muzeumtrebisov.sk\/#organization"},"potentialAction":[{"@type":"SearchAction","target":{"@type":"EntryPoint","urlTemplate":"https:\/\/www.muzeumtrebisov.sk\/?s={search_term_string}"},"query-input":"required name=search_term_string"}],"inLanguage":"hu"},{"@type":"ImageObject","@id":"https:\/\/www.muzeumtrebisov.sk\/astronomia\/sutaz-40-rocnik-vesmir-ocami-deti\/#primaryimage","inLanguage":"hu","url":"https:\/\/www.muzeumtrebisov.sk\/wp-content\/uploads\/2025\/01\/Bez-nazvu-\u2013-1-1.jpg","contentUrl":"https:\/\/www.muzeumtrebisov.sk\/wp-content\/uploads\/2025\/01\/Bez-nazvu-\u2013-1-1.jpg","width":2482,"height":1042},{"@type":"WebPage","@id":"https:\/\/www.muzeumtrebisov.sk\/astronomia\/sutaz-40-rocnik-vesmir-ocami-deti\/#webpage","url":"https:\/\/www.muzeumtrebisov.sk\/astronomia\/sutaz-40-rocnik-vesmir-ocami-deti\/","name":"S\u00fa\u0165a\u017e - 40. ro\u010dn\u00edk Vesm\u00edr o\u010dami det\u00ed | M\u00fazeum Trebi\u0161ov - Ka\u0161tie\u013e Andr\u00e1ssyovcov","isPartOf":{"@id":"https:\/\/www.muzeumtrebisov.sk\/#website"},"primaryImageOfPage":{"@id":"https:\/\/www.muzeumtrebisov.sk\/astronomia\/sutaz-40-rocnik-vesmir-ocami-deti\/#primaryimage"},"datePublished":"2025-01-17T10:26:36+00:00","dateModified":"2025-01-17T10:50:32+00:00","breadcrumb":{"@id":"https:\/\/www.muzeumtrebisov.sk\/astronomia\/sutaz-40-rocnik-vesmir-ocami-deti\/#breadcrumb"},"inLanguage":"hu","potentialAction":[{"@type":"ReadAction","target":["https:\/\/www.muzeumtrebisov.sk\/astronomia\/sutaz-40-rocnik-vesmir-ocami-deti\/"]}]},{"@type":"BreadcrumbList","@id":"https:\/\/www.muzeumtrebisov.sk\/astronomia\/sutaz-40-rocnik-vesmir-ocami-deti\/#breadcrumb","itemListElement":[{"@type":"ListItem","position":1,"name":"Home","item":"https:\/\/www.muzeumtrebisov.sk\/"},{"@type":"ListItem","position":2,"name":"S\u00fa\u0165a\u017e &#8211; 40. ro\u010dn\u00edk Vesm\u00edr o\u010dami det\u00ed"}]},{"@type":"Article","@id":"https:\/\/www.muzeumtrebisov.sk\/astronomia\/sutaz-40-rocnik-vesmir-ocami-deti\/#article","isPartOf":{"@id":"https:\/\/www.muzeumtrebisov.sk\/astronomia\/sutaz-40-rocnik-vesmir-ocami-deti\/#webpage"},"author":{"@id":"https:\/\/www.muzeumtrebisov.sk\/#\/schema\/person\/2786780212ca6d4bc140536add5d3326"},"headline":"S\u00fa\u0165a\u017e &#8211; 40. ro\u010dn\u00edk Vesm\u00edr o\u010dami det\u00ed","datePublished":"2025-01-17T10:26:36+00:00","dateModified":"2025-01-17T10:50:32+00:00","mainEntityOfPage":{"@id":"https:\/\/www.muzeumtrebisov.sk\/astronomia\/sutaz-40-rocnik-vesmir-ocami-deti\/#webpage"},"wordCount":225,"commentCount":0,"publisher":{"@id":"https:\/\/www.muzeumtrebisov.sk\/#organization"},"image":{"@id":"https:\/\/www.muzeumtrebisov.sk\/astronomia\/sutaz-40-rocnik-vesmir-ocami-deti\/#primaryimage"},"thumbnailUrl":"https:\/\/www.muzeumtrebisov.sk\/wp-content\/uploads\/2025\/01\/Bez-nazvu-\u2013-1-1.jpg","articleSection":["Astron\u00f3mia"],"inLanguage":"hu","potentialAction":[{"@type":"CommentAction","name":"Comment","target":["https:\/\/www.muzeumtrebisov.sk\/astronomia\/sutaz-40-rocnik-vesmir-ocami-deti\/#respond"]}]},{"@type":"Person","@id":"https:\/\/www.muzeumtrebisov.sk\/#\/schema\/person\/2786780212ca6d4bc140536add5d3326","name":"Be\u00e1ta Le\u0161kov\u00e1","image":{"@type":"ImageObject","@id":"https:\/\/www.muzeumtrebisov.sk\/#personlogo","inLanguage":"hu","url":"https:\/\/secure.gravatar.com\/avatar\/e675f6913a1f8194035a44748fb98881?s=96&d=mm&r=g","contentUrl":"https:\/\/secure.gravatar.com\/avatar\/e675f6913a1f8194035a44748fb98881?s=96&d=mm&r=g","caption":"Be\u00e1ta Le\u0161kov\u00e1"},"url":"https:\/\/www.muzeumtrebisov.sk\/hu\/author\/beataleskova\/"}]}},"_links":{"self":[{"href":"https:\/\/www.muzeumtrebisov.sk\/hu\/wp-json\/wp\/v2\/posts\/6842"}],"collection":[{"href":"https:\/\/www.muzeumtrebisov.sk\/hu\/wp-json\/wp\/v2\/posts"}],"about":[{"href":"https:\/\/www.muzeumtrebisov.sk\/hu\/wp-json\/wp\/v2\/types\/post"}],"author":[{"embeddable":true,"href":"https:\/\/www.muzeumtrebisov.sk\/hu\/wp-json\/wp\/v2\/users\/5"}],"replies":[{"embeddable":true,"href":"https:\/\/www.muzeumtrebisov.sk\/hu\/wp-json\/wp\/v2\/comments?post=6842"}],"version-history":[{"count":5,"href":"https:\/\/www.muzeumtrebisov.sk\/hu\/wp-json\/wp\/v2\/posts\/6842\/revisions"}],"predecessor-version":[{"id":7915,"href":"https:\/\/www.muzeumtrebisov.sk\/hu\/wp-json\/wp\/v2\/posts\/6842\/revisions\/7915"}],"wp:featuredmedia":[{"embeddable":true,"href":"https:\/\/www.muzeumtrebisov.sk\/hu\/wp-json\/wp\/v2\/media\/6848"}],"wp:attachment":[{"href":"https:\/\/www.muzeumtrebisov.sk\/hu\/wp-json\/wp\/v2\/media?parent=6842"}],"wp:term":[{"taxonomy":"category","embeddable":true,"href":"https:\/\/www.muzeumtrebisov.sk\/hu\/wp-json\/wp\/v2\/categories?post=6842"},{"taxonomy":"post_tag","embeddable":true,"href":"https:\/\/www.muzeumtrebisov.sk\/hu\/wp-json\/wp\/v2\/tags?post=6842"}],"curies":[{"name":"wp","href":"https:\/\/api.w.org\/{rel}","templated":true}]}}