{"id":6316,"date":"2024-05-16T13:06:00","date_gmt":"2024-05-16T11:06:00","guid":{"rendered":"https:\/\/www.muzeumtrebisov.sk\/?p=6316"},"modified":"2024-07-18T07:02:29","modified_gmt":"2024-07-18T05:02:29","slug":"celodenny-letny-tabor-kastielkovo","status":"publish","type":"post","link":"https:\/\/www.muzeumtrebisov.sk\/hu\/kulturne-centrum\/celodenny-letny-tabor-kastielkovo\/","title":{"rendered":"Celodenn\u00fd letn\u00fd t\u00e1bor Ka\u0161tie\u013ekovo"},"content":{"rendered":"<p class=\"has-huge-font-size\"><strong>t\u00e1bor je u\u017e plne obsaden\u00fd<\/strong><\/p>\n\n\n<div class=\"wp-block-image\">\n<figure class=\"alignleft size-large\"><img loading=\"lazy\" width=\"724\" height=\"1024\" src=\"https:\/\/www.muzeumtrebisov.sk\/wp-content\/uploads\/2024\/06\/letak-kastielkovo-724x1024.jpg\" alt=\"\" class=\"wp-image-6317\" srcset=\"https:\/\/www.muzeumtrebisov.sk\/wp-content\/uploads\/2024\/06\/letak-kastielkovo-724x1024.jpg 724w, https:\/\/www.muzeumtrebisov.sk\/wp-content\/uploads\/2024\/06\/letak-kastielkovo-212x300.jpg 212w, https:\/\/www.muzeumtrebisov.sk\/wp-content\/uploads\/2024\/06\/letak-kastielkovo-768x1086.jpg 768w, https:\/\/www.muzeumtrebisov.sk\/wp-content\/uploads\/2024\/06\/letak-kastielkovo-1086x1536.jpg 1086w, https:\/\/www.muzeumtrebisov.sk\/wp-content\/uploads\/2024\/06\/letak-kastielkovo-1448x2048.jpg 1448w, https:\/\/www.muzeumtrebisov.sk\/wp-content\/uploads\/2024\/06\/letak-kastielkovo-8x12.jpg 8w, https:\/\/www.muzeumtrebisov.sk\/wp-content\/uploads\/2024\/06\/letak-kastielkovo-500x707.jpg 500w, https:\/\/www.muzeumtrebisov.sk\/wp-content\/uploads\/2024\/06\/letak-kastielkovo-800x1132.jpg 800w, https:\/\/www.muzeumtrebisov.sk\/wp-content\/uploads\/2024\/06\/letak-kastielkovo-1280x1810.jpg 1280w, https:\/\/www.muzeumtrebisov.sk\/wp-content\/uploads\/2024\/06\/letak-kastielkovo-1920x2716.jpg 1920w, https:\/\/www.muzeumtrebisov.sk\/wp-content\/uploads\/2024\/06\/letak-kastielkovo-600x849.jpg 600w, https:\/\/www.muzeumtrebisov.sk\/wp-content\/uploads\/2024\/06\/letak-kastielkovo-scaled.jpg 1810w\" sizes=\"(max-width: 724px) 100vw, 724px\" \/><\/figure><\/div>\n\n\n<figure class=\"wp-block-video\"><video controls src=\"https:\/\/www.muzeumtrebisov.sk\/wp-content\/uploads\/2024\/07\/YouCut_20240716_135531102.mp4\"><\/video><\/figure>\n\n\n\n<p><\/p>","protected":false},"excerpt":{"rendered":"<p>t\u00e1bor je u\u017e plne obsaden\u00fd<\/p>","protected":false},"author":7,"featured_media":6317,"comment_status":"open","ping_status":"open","sticky":false,"template":"","format":"standard","meta":{"om_disable_all_campaigns":false,"_vp_format_video_url":"","_vp_image_focal_point":[]},"categories":[71],"tags":[],"aioseo_notices":[],"yoast_head":"<!-- This site is optimized with the Yoast SEO plugin v18.5.1 - https:\/\/yoast.com\/wordpress\/plugins\/seo\/ -->\n<title>Celodenn\u00fd letn\u00fd t\u00e1bor Ka\u0161tie\u013ekovo | M\u00fazeum Trebi\u0161ov - Ka\u0161tie\u013e Andr\u00e1ssyovcov<\/title>\n<meta name=\"robots\" content=\"index, follow, max-snippet:-1, max-image-preview:large, max-video-preview:-1\" \/>\n<link rel=\"canonical\" href=\"https:\/\/www.muzeumtrebisov.sk\/hu\/kulturne-centrum\/celodenny-letny-tabor-kastielkovo\/\" \/>\n<meta property=\"og:locale\" content=\"hu_HU\" \/>\n<meta property=\"og:type\" content=\"article\" \/>\n<meta property=\"og:title\" content=\"Celodenn\u00fd letn\u00fd t\u00e1bor Ka\u0161tie\u013ekovo | M\u00fazeum Trebi\u0161ov - Ka\u0161tie\u013e Andr\u00e1ssyovcov\" \/>\n<meta property=\"og:description\" content=\"t\u00e1bor je u\u017e plne obsaden\u00fd\" \/>\n<meta property=\"og:url\" content=\"https:\/\/www.muzeumtrebisov.sk\/hu\/kulturne-centrum\/celodenny-letny-tabor-kastielkovo\/\" \/>\n<meta property=\"og:site_name\" content=\"M\u00fazeum Trebi\u0161ov - Ka\u0161tie\u013e Andr\u00e1ssyovcov\" \/>\n<meta property=\"article:publisher\" content=\"https:\/\/www.facebook.com\/muzeumtvkastielandrassyovcov\" \/>\n<meta property=\"article:published_time\" content=\"2024-05-16T11:06:00+00:00\" \/>\n<meta property=\"article:modified_time\" content=\"2024-07-18T05:02:29+00:00\" \/>\n<meta property=\"og:image\" content=\"https:\/\/www.muzeumtrebisov.sk\/wp-content\/uploads\/2024\/06\/letak-kastielkovo-scaled.jpg\" \/>\n\t<meta property=\"og:image:width\" content=\"1810\" \/>\n\t<meta property=\"og:image:height\" content=\"2560\" \/>\n\t<meta property=\"og:image:type\" content=\"image\/jpeg\" \/>\n<meta name=\"twitter:card\" content=\"summary_large_image\" \/>\n<meta name=\"twitter:label1\" content=\"Szerz\u0151:\" \/>\n\t<meta name=\"twitter:data1\" content=\"Zuzana Pavlov\u00e1\" \/>\n\t<meta name=\"twitter:label2\" content=\"Becs\u00fclt olvas\u00e1si id\u0151\" \/>\n\t<meta name=\"twitter:data2\" content=\"1 perc\" \/>\n<script type=\"application\/ld+json\" class=\"yoast-schema-graph\">{\"@context\":\"https:\/\/schema.org\",\"@graph\":[{\"@type\":\"Organization\",\"@id\":\"https:\/\/www.muzeumtrebisov.sk\/#organization\",\"name\":\"M\u00fazeum Trebi\u0161ov - Ka\u0161tie\u013e Andr\u00e1ssyovcov\",\"url\":\"https:\/\/www.muzeumtrebisov.sk\/\",\"sameAs\":[\"https:\/\/www.facebook.com\/muzeumtvkastielandrassyovcov\",\"https:\/\/www.instagram.com\/muzeumtrebisovkastielandrassy\/\",\"https:\/\/www.youtube.com\/channel\/UCprfZHvPNIxqZ2IHCDwfv1w\"],\"logo\":{\"@type\":\"ImageObject\",\"@id\":\"https:\/\/www.muzeumtrebisov.sk\/#logo\",\"inLanguage\":\"hu\",\"url\":\"https:\/\/www.muzeumtrebisov.sk\/wp-content\/uploads\/2022\/04\/dual-logo-color-hor.png\",\"contentUrl\":\"https:\/\/www.muzeumtrebisov.sk\/wp-content\/uploads\/2022\/04\/dual-logo-color-hor.png\",\"width\":749,\"height\":140,\"caption\":\"M\u00fazeum Trebi\u0161ov - Ka\u0161tie\u013e Andr\u00e1ssyovcov\"},\"image\":{\"@id\":\"https:\/\/www.muzeumtrebisov.sk\/#logo\"}},{\"@type\":\"WebSite\",\"@id\":\"https:\/\/www.muzeumtrebisov.sk\/#website\",\"url\":\"https:\/\/www.muzeumtrebisov.sk\/\",\"name\":\"M\u00fazeum Trebi\u0161ov - Ka\u0161tie\u013e Andr\u00e1ssyovcov\",\"description\":\"Hist\u00f3ria Andr\u00e1ssyovcov a ju\u017en\u00e9ho Zempl\u00edna\",\"publisher\":{\"@id\":\"https:\/\/www.muzeumtrebisov.sk\/#organization\"},\"potentialAction\":[{\"@type\":\"SearchAction\",\"target\":{\"@type\":\"EntryPoint\",\"urlTemplate\":\"https:\/\/www.muzeumtrebisov.sk\/?s={search_term_string}\"},\"query-input\":\"required name=search_term_string\"}],\"inLanguage\":\"hu\"},{\"@type\":\"ImageObject\",\"@id\":\"https:\/\/www.muzeumtrebisov.sk\/kulturne-centrum\/celodenny-letny-tabor-kastielkovo\/#primaryimage\",\"inLanguage\":\"hu\",\"url\":\"https:\/\/www.muzeumtrebisov.sk\/wp-content\/uploads\/2024\/06\/letak-kastielkovo-scaled.jpg\",\"contentUrl\":\"https:\/\/www.muzeumtrebisov.sk\/wp-content\/uploads\/2024\/06\/letak-kastielkovo-scaled.jpg\",\"width\":1810,\"height\":2560},{\"@type\":\"WebPage\",\"@id\":\"https:\/\/www.muzeumtrebisov.sk\/kulturne-centrum\/celodenny-letny-tabor-kastielkovo\/#webpage\",\"url\":\"https:\/\/www.muzeumtrebisov.sk\/kulturne-centrum\/celodenny-letny-tabor-kastielkovo\/\",\"name\":\"Celodenn\u00fd letn\u00fd t\u00e1bor Ka\u0161tie\u013ekovo | M\u00fazeum Trebi\u0161ov - Ka\u0161tie\u013e Andr\u00e1ssyovcov\",\"isPartOf\":{\"@id\":\"https:\/\/www.muzeumtrebisov.sk\/#website\"},\"primaryImageOfPage\":{\"@id\":\"https:\/\/www.muzeumtrebisov.sk\/kulturne-centrum\/celodenny-letny-tabor-kastielkovo\/#primaryimage\"},\"datePublished\":\"2024-05-16T11:06:00+00:00\",\"dateModified\":\"2024-07-18T05:02:29+00:00\",\"breadcrumb\":{\"@id\":\"https:\/\/www.muzeumtrebisov.sk\/kulturne-centrum\/celodenny-letny-tabor-kastielkovo\/#breadcrumb\"},\"inLanguage\":\"hu\",\"potentialAction\":[{\"@type\":\"ReadAction\",\"target\":[\"https:\/\/www.muzeumtrebisov.sk\/kulturne-centrum\/celodenny-letny-tabor-kastielkovo\/\"]}]},{\"@type\":\"BreadcrumbList\",\"@id\":\"https:\/\/www.muzeumtrebisov.sk\/kulturne-centrum\/celodenny-letny-tabor-kastielkovo\/#breadcrumb\",\"itemListElement\":[{\"@type\":\"ListItem\",\"position\":1,\"name\":\"Home\",\"item\":\"https:\/\/www.muzeumtrebisov.sk\/\"},{\"@type\":\"ListItem\",\"position\":2,\"name\":\"Celodenn\u00fd letn\u00fd t\u00e1bor Ka\u0161tie\u013ekovo\"}]},{\"@type\":\"Article\",\"@id\":\"https:\/\/www.muzeumtrebisov.sk\/kulturne-centrum\/celodenny-letny-tabor-kastielkovo\/#article\",\"isPartOf\":{\"@id\":\"https:\/\/www.muzeumtrebisov.sk\/kulturne-centrum\/celodenny-letny-tabor-kastielkovo\/#webpage\"},\"author\":{\"@id\":\"https:\/\/www.muzeumtrebisov.sk\/#\/schema\/person\/4c9d33ad1585681bd95c62bbd495ff57\"},\"headline\":\"Celodenn\u00fd letn\u00fd t\u00e1bor Ka\u0161tie\u013ekovo\",\"datePublished\":\"2024-05-16T11:06:00+00:00\",\"dateModified\":\"2024-07-18T05:02:29+00:00\",\"mainEntityOfPage\":{\"@id\":\"https:\/\/www.muzeumtrebisov.sk\/kulturne-centrum\/celodenny-letny-tabor-kastielkovo\/#webpage\"},\"wordCount\":13,\"commentCount\":0,\"publisher\":{\"@id\":\"https:\/\/www.muzeumtrebisov.sk\/#organization\"},\"image\":{\"@id\":\"https:\/\/www.muzeumtrebisov.sk\/kulturne-centrum\/celodenny-letny-tabor-kastielkovo\/#primaryimage\"},\"thumbnailUrl\":\"https:\/\/www.muzeumtrebisov.sk\/wp-content\/uploads\/2024\/06\/letak-kastielkovo-scaled.jpg\",\"articleSection\":[\"Kult\u00farne centrum\"],\"inLanguage\":\"hu\",\"potentialAction\":[{\"@type\":\"CommentAction\",\"name\":\"Comment\",\"target\":[\"https:\/\/www.muzeumtrebisov.sk\/kulturne-centrum\/celodenny-letny-tabor-kastielkovo\/#respond\"]}]},{\"@type\":\"Person\",\"@id\":\"https:\/\/www.muzeumtrebisov.sk\/#\/schema\/person\/4c9d33ad1585681bd95c62bbd495ff57\",\"name\":\"Zuzana Pavlov\u00e1\",\"image\":{\"@type\":\"ImageObject\",\"@id\":\"https:\/\/www.muzeumtrebisov.sk\/#personlogo\",\"inLanguage\":\"hu\",\"url\":\"https:\/\/secure.gravatar.com\/avatar\/81f3942ec0447d4f9691fcbf67a6295e?s=96&d=mm&r=g\",\"contentUrl\":\"https:\/\/secure.gravatar.com\/avatar\/81f3942ec0447d4f9691fcbf67a6295e?s=96&d=mm&r=g\",\"caption\":\"Zuzana Pavlov\u00e1\"},\"url\":\"https:\/\/www.muzeumtrebisov.sk\/hu\/author\/zuzanapavlova\/\"}]}<\/script>\n<!-- \/ Yoast SEO plugin. -->","yoast_head_json":{"title":"Celodenn\u00fd letn\u00fd t\u00e1bor Ka\u0161tie\u013ekovo | M\u00fazeum Trebi\u0161ov - Ka\u0161tie\u013e Andr\u00e1ssyovcov","robots":{"index":"index","follow":"follow","max-snippet":"max-snippet:-1","max-image-preview":"max-image-preview:large","max-video-preview":"max-video-preview:-1"},"canonical":"https:\/\/www.muzeumtrebisov.sk\/hu\/kulturne-centrum\/celodenny-letny-tabor-kastielkovo\/","og_locale":"hu_HU","og_type":"article","og_title":"Celodenn\u00fd letn\u00fd t\u00e1bor Ka\u0161tie\u013ekovo | M\u00fazeum Trebi\u0161ov - Ka\u0161tie\u013e Andr\u00e1ssyovcov","og_description":"t\u00e1bor je u\u017e plne obsaden\u00fd","og_url":"https:\/\/www.muzeumtrebisov.sk\/hu\/kulturne-centrum\/celodenny-letny-tabor-kastielkovo\/","og_site_name":"M\u00fazeum Trebi\u0161ov - Ka\u0161tie\u013e Andr\u00e1ssyovcov","article_publisher":"https:\/\/www.facebook.com\/muzeumtvkastielandrassyovcov","article_published_time":"2024-05-16T11:06:00+00:00","article_modified_time":"2024-07-18T05:02:29+00:00","og_image":[{"width":1810,"height":2560,"url":"https:\/\/www.muzeumtrebisov.sk\/wp-content\/uploads\/2024\/06\/letak-kastielkovo-scaled.jpg","type":"image\/jpeg"}],"twitter_card":"summary_large_image","twitter_misc":{"Szerz\u0151:":"Zuzana Pavlov\u00e1","Becs\u00fclt olvas\u00e1si id\u0151":"1 perc"},"schema":{"@context":"https:\/\/schema.org","@graph":[{"@type":"Organization","@id":"https:\/\/www.muzeumtrebisov.sk\/#organization","name":"M\u00fazeum Trebi\u0161ov - Ka\u0161tie\u013e Andr\u00e1ssyovcov","url":"https:\/\/www.muzeumtrebisov.sk\/","sameAs":["https:\/\/www.facebook.com\/muzeumtvkastielandrassyovcov","https:\/\/www.instagram.com\/muzeumtrebisovkastielandrassy\/","https:\/\/www.youtube.com\/channel\/UCprfZHvPNIxqZ2IHCDwfv1w"],"logo":{"@type":"ImageObject","@id":"https:\/\/www.muzeumtrebisov.sk\/#logo","inLanguage":"hu","url":"https:\/\/www.muzeumtrebisov.sk\/wp-content\/uploads\/2022\/04\/dual-logo-color-hor.png","contentUrl":"https:\/\/www.muzeumtrebisov.sk\/wp-content\/uploads\/2022\/04\/dual-logo-color-hor.png","width":749,"height":140,"caption":"M\u00fazeum Trebi\u0161ov - Ka\u0161tie\u013e Andr\u00e1ssyovcov"},"image":{"@id":"https:\/\/www.muzeumtrebisov.sk\/#logo"}},{"@type":"WebSite","@id":"https:\/\/www.muzeumtrebisov.sk\/#website","url":"https:\/\/www.muzeumtrebisov.sk\/","name":"M\u00fazeum Trebi\u0161ov - Ka\u0161tie\u013e Andr\u00e1ssyovcov","description":"Hist\u00f3ria Andr\u00e1ssyovcov a ju\u017en\u00e9ho Zempl\u00edna","publisher":{"@id":"https:\/\/www.muzeumtrebisov.sk\/#organization"},"potentialAction":[{"@type":"SearchAction","target":{"@type":"EntryPoint","urlTemplate":"https:\/\/www.muzeumtrebisov.sk\/?s={search_term_string}"},"query-input":"required name=search_term_string"}],"inLanguage":"hu"},{"@type":"ImageObject","@id":"https:\/\/www.muzeumtrebisov.sk\/kulturne-centrum\/celodenny-letny-tabor-kastielkovo\/#primaryimage","inLanguage":"hu","url":"https:\/\/www.muzeumtrebisov.sk\/wp-content\/uploads\/2024\/06\/letak-kastielkovo-scaled.jpg","contentUrl":"https:\/\/www.muzeumtrebisov.sk\/wp-content\/uploads\/2024\/06\/letak-kastielkovo-scaled.jpg","width":1810,"height":2560},{"@type":"WebPage","@id":"https:\/\/www.muzeumtrebisov.sk\/kulturne-centrum\/celodenny-letny-tabor-kastielkovo\/#webpage","url":"https:\/\/www.muzeumtrebisov.sk\/kulturne-centrum\/celodenny-letny-tabor-kastielkovo\/","name":"Celodenn\u00fd letn\u00fd t\u00e1bor Ka\u0161tie\u013ekovo | M\u00fazeum Trebi\u0161ov - Ka\u0161tie\u013e Andr\u00e1ssyovcov","isPartOf":{"@id":"https:\/\/www.muzeumtrebisov.sk\/#website"},"primaryImageOfPage":{"@id":"https:\/\/www.muzeumtrebisov.sk\/kulturne-centrum\/celodenny-letny-tabor-kastielkovo\/#primaryimage"},"datePublished":"2024-05-16T11:06:00+00:00","dateModified":"2024-07-18T05:02:29+00:00","breadcrumb":{"@id":"https:\/\/www.muzeumtrebisov.sk\/kulturne-centrum\/celodenny-letny-tabor-kastielkovo\/#breadcrumb"},"inLanguage":"hu","potentialAction":[{"@type":"ReadAction","target":["https:\/\/www.muzeumtrebisov.sk\/kulturne-centrum\/celodenny-letny-tabor-kastielkovo\/"]}]},{"@type":"BreadcrumbList","@id":"https:\/\/www.muzeumtrebisov.sk\/kulturne-centrum\/celodenny-letny-tabor-kastielkovo\/#breadcrumb","itemListElement":[{"@type":"ListItem","position":1,"name":"Home","item":"https:\/\/www.muzeumtrebisov.sk\/"},{"@type":"ListItem","position":2,"name":"Celodenn\u00fd letn\u00fd t\u00e1bor Ka\u0161tie\u013ekovo"}]},{"@type":"Article","@id":"https:\/\/www.muzeumtrebisov.sk\/kulturne-centrum\/celodenny-letny-tabor-kastielkovo\/#article","isPartOf":{"@id":"https:\/\/www.muzeumtrebisov.sk\/kulturne-centrum\/celodenny-letny-tabor-kastielkovo\/#webpage"},"author":{"@id":"https:\/\/www.muzeumtrebisov.sk\/#\/schema\/person\/4c9d33ad1585681bd95c62bbd495ff57"},"headline":"Celodenn\u00fd letn\u00fd t\u00e1bor Ka\u0161tie\u013ekovo","datePublished":"2024-05-16T11:06:00+00:00","dateModified":"2024-07-18T05:02:29+00:00","mainEntityOfPage":{"@id":"https:\/\/www.muzeumtrebisov.sk\/kulturne-centrum\/celodenny-letny-tabor-kastielkovo\/#webpage"},"wordCount":13,"commentCount":0,"publisher":{"@id":"https:\/\/www.muzeumtrebisov.sk\/#organization"},"image":{"@id":"https:\/\/www.muzeumtrebisov.sk\/kulturne-centrum\/celodenny-letny-tabor-kastielkovo\/#primaryimage"},"thumbnailUrl":"https:\/\/www.muzeumtrebisov.sk\/wp-content\/uploads\/2024\/06\/letak-kastielkovo-scaled.jpg","articleSection":["Kult\u00farne centrum"],"inLanguage":"hu","potentialAction":[{"@type":"CommentAction","name":"Comment","target":["https:\/\/www.muzeumtrebisov.sk\/kulturne-centrum\/celodenny-letny-tabor-kastielkovo\/#respond"]}]},{"@type":"Person","@id":"https:\/\/www.muzeumtrebisov.sk\/#\/schema\/person\/4c9d33ad1585681bd95c62bbd495ff57","name":"Zuzana Pavlov\u00e1","image":{"@type":"ImageObject","@id":"https:\/\/www.muzeumtrebisov.sk\/#personlogo","inLanguage":"hu","url":"https:\/\/secure.gravatar.com\/avatar\/81f3942ec0447d4f9691fcbf67a6295e?s=96&d=mm&r=g","contentUrl":"https:\/\/secure.gravatar.com\/avatar\/81f3942ec0447d4f9691fcbf67a6295e?s=96&d=mm&r=g","caption":"Zuzana Pavlov\u00e1"},"url":"https:\/\/www.muzeumtrebisov.sk\/hu\/author\/zuzanapavlova\/"}]}},"_links":{"self":[{"href":"https:\/\/www.muzeumtrebisov.sk\/hu\/wp-json\/wp\/v2\/posts\/6316"}],"collection":[{"href":"https:\/\/www.muzeumtrebisov.sk\/hu\/wp-json\/wp\/v2\/posts"}],"about":[{"href":"https:\/\/www.muzeumtrebisov.sk\/hu\/wp-json\/wp\/v2\/types\/post"}],"author":[{"embeddable":true,"href":"https:\/\/www.muzeumtrebisov.sk\/hu\/wp-json\/wp\/v2\/users\/7"}],"replies":[{"embeddable":true,"href":"https:\/\/www.muzeumtrebisov.sk\/hu\/wp-json\/wp\/v2\/comments?post=6316"}],"version-history":[{"count":5,"href":"https:\/\/www.muzeumtrebisov.sk\/hu\/wp-json\/wp\/v2\/posts\/6316\/revisions"}],"predecessor-version":[{"id":6489,"href":"https:\/\/www.muzeumtrebisov.sk\/hu\/wp-json\/wp\/v2\/posts\/6316\/revisions\/6489"}],"wp:featuredmedia":[{"embeddable":true,"href":"https:\/\/www.muzeumtrebisov.sk\/hu\/wp-json\/wp\/v2\/media\/6317"}],"wp:attachment":[{"href":"https:\/\/www.muzeumtrebisov.sk\/hu\/wp-json\/wp\/v2\/media?parent=6316"}],"wp:term":[{"taxonomy":"category","embeddable":true,"href":"https:\/\/www.muzeumtrebisov.sk\/hu\/wp-json\/wp\/v2\/categories?post=6316"},{"taxonomy":"post_tag","embeddable":true,"href":"https:\/\/www.muzeumtrebisov.sk\/hu\/wp-json\/wp\/v2\/tags?post=6316"}],"curies":[{"name":"wp","href":"https:\/\/api.w.org\/{rel}","templated":true}]}}