{"id":6110,"date":"2024-05-20T11:58:44","date_gmt":"2024-05-20T09:58:44","guid":{"rendered":"https:\/\/www.muzeumtrebisov.sk\/?p=6110"},"modified":"2024-05-20T12:04:53","modified_gmt":"2024-05-20T10:04:53","slug":"chorvatske-volosko-miesto-umrtia-grofa-juliusa-andrassyho","status":"publish","type":"post","link":"https:\/\/www.muzeumtrebisov.sk\/hu\/blog\/chorvatske-volosko-miesto-umrtia-grofa-juliusa-andrassyho\/","title":{"rendered":"Chorv\u00e1tske Volosko &#8211; miesto \u00famrtia gr\u00f3fa J\u00faliusa Andr\u00e1ssyho"},"content":{"rendered":"<p><section class=\"kc-elm kc-css-466389 kc_row\"><div class=\"kc-row-container  kc-container\"><div class=\"kc-wrap-columns\"><div class=\"kc-elm kc-css-990789 kc_col-sm-12 kc_column kc_col-sm-12\"><div class=\"kc-col-container\"><div class=\"kc-elm kc-css-86626 kc-animated kc-animate-eff-fadeInUp kc_shortcode kc_single_image\">\n\n        <img src=\"https:\/\/www.muzeumtrebisov.sk\/wp-content\/uploads\/2024\/05\/DSC_5631-scaled-1280x400xc.jpg\" class=\"\" alt=\"\" \/>    <\/div>\n<div class=\"kc-elm kc-css-969475\" style=\"height: 50px; clear: both; width:100%;\"><\/div><\/div><\/div><\/div><\/div><\/section><section class=\"kc-elm kc-css-218477 kc_row\"><div class=\"kc-row-container  kc-container\"><div class=\"kc-wrap-columns\"><div class=\"kc-elm kc-css-877225 kc_col-sm-12 kc_column kc_col-sm-12\"><div class=\"kc-col-container\">\n<div class=\"kc-elm kc-css-824955 kc-title-wrap\">\n\n\t<h1 class=\"kc_title\">Volosko, Opatija (Chorv\u00e1tsko)<\/h1>\n<\/div>\n<\/div><\/div><\/div><\/div><\/section><section class=\"kc-elm kc-css-857824 kc_row\"><div class=\"kc-row-container  kc-container\"><div class=\"kc-wrap-columns\"><div class=\"kc-elm kc-css-405753 kc_col-sm-12 kc_column kc_col-sm-12\"><div class=\"kc-col-container\">\n<div class=\"kc-elm kc-css-238705 kc-title-wrap\">\n\n\t<h4 class=\"kc_title\">Kr\u00e1tka report\u00e1\u017e z n\u00e1v\u0161tevy miesta \u00famrtia gr\u00f3fa J\u00faliusa Andr\u00e1ssyho<\/h4>\n<\/div>\n\n<div class=\"kc-elm kc-css-452243 kc-title-wrap\">\n\n\t<h6 class=\"kc_title\">Dominik Feren\u010d\u00edk, Jozef Danko <\/h6>\n<\/div>\n<\/div><\/div><\/div><\/div><\/section><section class=\"kc-elm kc-css-315744 kc_row\"><div class=\"kc-row-container  kc-container\"><div class=\"kc-wrap-columns\"><div class=\"kc-elm kc-css-878023 kc_column kc_col-sm-12\"><div class=\"kc-col-container\"><div class=\"kc-elm kc-css-128577 kc_text_block\"><\/p>\n<p><p align=\"justify\"> V d\u0148och 11. a\u017e 14. apr\u00edla 2024 sme nav\u0161t\u00edvili <b>Volosko<\/b> v chorv\u00e1tskej Opatiji &#8211; ryb\u00e1rsku dedinku ne\u010faleko mesta Rijeka. Malebn\u00e1 obec je zasaden\u00e1 do ute\u0161en\u00e9ho prostredia typick\u00e9ho chorv\u00e1tskeho pobre\u017eia, lemovan\u00e9ho n\u00edzkymi skalnat\u00fdmi kopcami, olivov\u00fdmi h\u00e1jmi a neve\u013ek\u00fdmi meste\u010dkami. Obec nesie zn\u00e1mky rak\u00faskeho architektonick\u00e9ho vplyvu, nako\u013eko patrila k rak\u00faskej \u010dasti Habsburskej monarchie &#8211; zn\u00e1ma bola pod menom <i>Volosca.<\/i><\/p><\/p>\n<p>\n<\/div><\/div><\/div><\/div><\/div><\/section><section class=\"kc-elm kc-css-485748 kc_row\"><div class=\"kc-row-container  kc-container\"><div class=\"kc-wrap-columns\"><div class=\"kc-elm kc-css-233215 kc_col-sm-12 kc_column kc_col-sm-12\"><div class=\"kc-col-container\"><div class=\"kc-elm kc-css-274908\" style=\"height: 50px; clear: both; width:100%;\"><\/div>\n<div class=\"kc-elm kc-css-405159 kc-title-wrap\">\n\n\t<h4 class=\"kc_title\">Poh\u013ead na Volosko<\/h4>\n<\/div>\n<div class=\"kc-image-gallery kc-elm kc-css-991388\">\n<div class=\"kc_image_gallery kc-carousel-image kc-grid\">\n<div class=\"item-grid grid-6\"><a class=\"kc-image-link kc-pretty-photo\" data-lightbox=\"kc-lightbox\" rel=\"kc-pretty-photo[32347415]\" href=\"https:\/\/www.muzeumtrebisov.sk\/wp-content\/uploads\/2024\/05\/DSC_5729-scaled.jpg\"><img src=\"https:\/\/www.muzeumtrebisov.sk\/wp-content\/uploads\/2024\/05\/DSC_5729-300x200.jpg\" alt=\"\"\/><div class=\"kc-image-overlay\"><i class=\"egypt-icon-search\"><\/i><\/div><\/a><\/div><div class=\"item-grid grid-6\"><a class=\"kc-image-link kc-pretty-photo\" data-lightbox=\"kc-lightbox\" rel=\"kc-pretty-photo[32347415]\" href=\"https:\/\/www.muzeumtrebisov.sk\/wp-content\/uploads\/2024\/05\/DSC_5698-scaled.jpg\"><img src=\"https:\/\/www.muzeumtrebisov.sk\/wp-content\/uploads\/2024\/05\/DSC_5698-300x200.jpg\" alt=\"\"\/><div class=\"kc-image-overlay\"><i class=\"egypt-icon-search\"><\/i><\/div><\/a><\/div><div class=\"item-grid grid-6\"><a class=\"kc-image-link kc-pretty-photo\" data-lightbox=\"kc-lightbox\" rel=\"kc-pretty-photo[32347415]\" href=\"https:\/\/www.muzeumtrebisov.sk\/wp-content\/uploads\/2024\/05\/DSC_5649-scaled.jpg\"><img src=\"https:\/\/www.muzeumtrebisov.sk\/wp-content\/uploads\/2024\/05\/DSC_5649-300x200.jpg\" alt=\"\"\/><div class=\"kc-image-overlay\"><i class=\"egypt-icon-search\"><\/i><\/div><\/a><\/div><div class=\"item-grid grid-6\"><a class=\"kc-image-link kc-pretty-photo\" data-lightbox=\"kc-lightbox\" rel=\"kc-pretty-photo[32347415]\" href=\"https:\/\/www.muzeumtrebisov.sk\/wp-content\/uploads\/2024\/05\/DSC_5640-1-scaled.jpg\"><img src=\"https:\/\/www.muzeumtrebisov.sk\/wp-content\/uploads\/2024\/05\/DSC_5640-1-300x200.jpg\" alt=\"\"\/><div class=\"kc-image-overlay\"><i class=\"egypt-icon-search\"><\/i><\/div><\/a><\/div><div class=\"item-grid grid-6\"><a class=\"kc-image-link kc-pretty-photo\" data-lightbox=\"kc-lightbox\" rel=\"kc-pretty-photo[32347415]\" href=\"https:\/\/www.muzeumtrebisov.sk\/wp-content\/uploads\/2024\/05\/DSC_5628-scaled.jpg\"><img src=\"https:\/\/www.muzeumtrebisov.sk\/wp-content\/uploads\/2024\/05\/DSC_5628-300x200.jpg\" alt=\"\"\/><div class=\"kc-image-overlay\"><i class=\"egypt-icon-search\"><\/i><\/div><\/a><\/div><\/div>\n<\/div><div class=\"kc-elm kc-css-290657\" style=\"height: 50px; clear: both; width:100%;\"><\/div><div class=\"kc-elm kc-css-130772 kc_text_block\"><\/p>\n<p><p align=\"justify\">Je spojen\u00e1 s \u00famrt\u00edm b\u00fdval\u00e9ho majite\u013ea trebi\u0161ovsk\u00e9ho ka\u0161tie\u013ea &#8211; gr\u00f3fa J\u00faliusa Andr\u00e1ssyho. U\u017e po\u010das v\u00fdkonu funkcie ministra zahrani\u010dn\u00fdch vec\u00ed Rak\u00fasko-Uhorska bol gr\u00f3f v\u00e1\u017ene chor\u00fd. Po zhor\u0161en\u00ed zdravotn\u00e9ho stavu sa v roku 1879 vzdal tejto d\u00f4le\u017eitej funkcie a s rodinou sa pres\u0165ahoval \u2013 pod\u013ea vlastn\u00fdch slov \u2013 do svojho ob\u013e\u00faben\u00e9ho ka\u0161tie\u013ea v Trebi\u0161ove. Na\u010falej sa v\u0161ak akt\u00edvne zauj\u00edmal o politiku a zap\u00e1jal sa do politick\u00e9ho diania aj ako radca cis\u00e1ra Franti\u0161ka Jozefa I. Koncom roka 1889 sa zdravotn\u00fd stav gr\u00f3fa nato\u013eko zhor\u0161il, \u017ee lek\u00e1ri odporu\u010dili zmenu podnebia. Na odpor\u00fa\u010danie lek\u00e1rov sa rodina s \u0165a\u017eko chor\u00fdm gr\u00f3fom presunula na pobre\u017eie Jadransk\u00e9ho mora.<\/p><\/p>\n<p>Gr\u00f3fova vnu\u010dka &#8211; Katinka Andr\u00e1ssy &#8211; si na posledn\u00e9 dni svojho star\u00e9ho otca vo svojich pam\u00e4tiach spom\u00edna nasledovne:<\/p>\n<hr>\n<p><p align=\"justify\"><i>&#8222;Ke\u010f m\u00f4j star\u00fd otec le\u017eal vo Voloske, malej jadranskej ryb\u00e1rskej dedinke pri Ab\u00e1zii, na smrte\u013enej posteli mu kr\u00e1\u013eovn\u00e1 Al\u017ebeta poslala do daru zlat\u00e9 hodinky. V\u017edy sa mi videlo, \u017ee to nebol najtaktnej\u0161\u00ed dar pre umieraj\u00faceho.&#8220;<\/i><\/p><\/p>\n<hr>\n<p><p align=\"justify\">Gr\u00f3f Andr\u00e1ssy zomrel 18. febru\u00e1ra 1890, pri\u010dom jeho smr\u0165 hlboko zasiahla man\u017eelku Katinku a jeho deti Tivadara, Ilonu a Gyulu. Rakva s gr\u00f3fov\u00fdmi pozostatkami bola prevezen\u00e1 do Budape\u0161ti, kde sa 21. febru\u00e1ra so svoj\u00edm niekdaj\u0161\u00edm priate\u013eom a radcom pri\u0161iel rozl\u00fa\u010di\u0165 cis\u00e1r Franti\u0161ek Jozef I. a cis\u00e1rovn\u00e1 Al\u017ebeta, ktor\u00e1 mu na rakvu polo\u017eila kr\u00e1sny strieborn\u00fd veniec a konvalinky. Cis\u00e1rovn\u00e1 nav\u0161t\u00edvila gr\u00f3fku Katinku, aby jej kondolovala. Gr\u00f3fka cis\u00e1rovn\u00fa ubezpe\u010dila o svojej vernosti, oddanosti a l\u00e1ske a prosila cis\u00e1rovn\u00fa, aby sa na \u0148u a jej synov spo\u013eahla v ka\u017edej situ\u00e1cii.<\/p><\/p>\n<p>\n<\/div><div class=\"kc-elm kc-css-738076\" style=\"height: 50px; clear: both; width:100%;\"><\/div>\n<div class=\"kc-elm kc-css-719921 kc-title-wrap\">\n\n\t<h4 class=\"kc_title\">Pr\u00edmorsk\u00e1 vila, v ktorej gr\u00f3f Andr\u00e1ssy str\u00e1vil posledn\u00e9 chv\u00edle svojho \u017eivota a v ktorej aj zomrel<\/h4>\n<\/div>\n<div class=\"kc-image-gallery kc-elm kc-css-690488\">\n<div class=\"kc_image_gallery kc-carousel-image kc-grid\">\n<div class=\"item-grid grid-6\"><a class=\"kc-image-link kc-pretty-photo\" data-lightbox=\"kc-lightbox\" rel=\"kc-pretty-photo[1917751]\" href=\"https:\/\/www.muzeumtrebisov.sk\/wp-content\/uploads\/2024\/05\/DSC_5782-scaled.jpg\"><img src=\"https:\/\/www.muzeumtrebisov.sk\/wp-content\/uploads\/2024\/05\/DSC_5782-300x200.jpg\" alt=\"\"\/><div class=\"kc-image-overlay\"><i class=\"egypt-icon-search\"><\/i><\/div><\/a><\/div><div class=\"item-grid grid-6\"><a class=\"kc-image-link kc-pretty-photo\" data-lightbox=\"kc-lightbox\" rel=\"kc-pretty-photo[1917751]\" href=\"https:\/\/www.muzeumtrebisov.sk\/wp-content\/uploads\/2024\/05\/DSC_5666-scaled.jpg\"><img src=\"https:\/\/www.muzeumtrebisov.sk\/wp-content\/uploads\/2024\/05\/DSC_5666-300x200.jpg\" alt=\"\"\/><div class=\"kc-image-overlay\"><i class=\"egypt-icon-search\"><\/i><\/div><\/a><\/div><div class=\"item-grid grid-6\"><a class=\"kc-image-link kc-pretty-photo\" data-lightbox=\"kc-lightbox\" rel=\"kc-pretty-photo[1917751]\" href=\"https:\/\/www.muzeumtrebisov.sk\/wp-content\/uploads\/2024\/05\/DSC_5659-scaled.jpg\"><img src=\"https:\/\/www.muzeumtrebisov.sk\/wp-content\/uploads\/2024\/05\/DSC_5659-300x200.jpg\" alt=\"\"\/><div class=\"kc-image-overlay\"><i class=\"egypt-icon-search\"><\/i><\/div><\/a><\/div><div class=\"item-grid grid-6\"><a class=\"kc-image-link kc-pretty-photo\" data-lightbox=\"kc-lightbox\" rel=\"kc-pretty-photo[1917751]\" href=\"https:\/\/www.muzeumtrebisov.sk\/wp-content\/uploads\/2024\/05\/DSC_5639-scaled.jpg\"><img src=\"https:\/\/www.muzeumtrebisov.sk\/wp-content\/uploads\/2024\/05\/DSC_5639-300x200.jpg\" alt=\"\"\/><div class=\"kc-image-overlay\"><i class=\"egypt-icon-search\"><\/i><\/div><\/a><\/div><div class=\"item-grid grid-6\"><a class=\"kc-image-link kc-pretty-photo\" data-lightbox=\"kc-lightbox\" rel=\"kc-pretty-photo[1917751]\" href=\"https:\/\/www.muzeumtrebisov.sk\/wp-content\/uploads\/2024\/05\/DSC_5631-1-scaled.jpg\"><img src=\"https:\/\/www.muzeumtrebisov.sk\/wp-content\/uploads\/2024\/05\/DSC_5631-1-300x200.jpg\" alt=\"\"\/><div class=\"kc-image-overlay\"><i class=\"egypt-icon-search\"><\/i><\/div><\/a><\/div><\/div>\n<\/div><div class=\"kc-elm kc-css-267896\" style=\"height: 59px; clear: both; width:100%;\"><\/div><div class=\"kc-elm kc-css-34824 kc_text_block\"><\/p>\n<p>Cis\u00e1rovn\u00e1 Al\u017ebeta sa svojej dc\u00e9re M\u00e1rii Val\u00e9rii po jeho smrti zd\u00f4verila:\u00a0<\/p>\n<hr>\n<p><p align=\"justify\"><i>&#8222;Zomrel mi posledn\u00fd a jedin\u00fd priate\u013e&#8230; A\u017e teraz viem, \u010do som v Andr\u00e1ssym mala. Po prv\u00fd raz sa c\u00edtim celkom opusten\u00e1, bez ak\u00e9hoko\u013evek poradcu a priate\u013ea. Andr\u00e1ssyho duch nebude preb\u00fdva\u0165 ani v jeho synoch, ani v nikom inom.&#8220;<\/p><\/i><\/p>\n<hr>\n<p>\n<\/div><div class=\"kc-elm kc-css-229329\" style=\"height: 59px; clear: both; width:100%;\"><\/div>\n<div class=\"kc-elm kc-css-914548 kc-title-wrap\">\n\n\t<h4 class=\"kc_title\">Historick\u00e9 poh\u013eady na dedinku<\/h4>\n<\/div>\n<div class=\"kc-image-gallery kc-elm kc-css-754953\">\n<div class=\"kc_image_gallery kc-carousel-image kc-grid\">\n<div class=\"item-grid grid-6\"><a class=\"kc-image-link kc-pretty-photo\" data-lightbox=\"kc-lightbox\" rel=\"kc-pretty-photo[20933792]\" href=\"https:\/\/www.muzeumtrebisov.sk\/wp-content\/uploads\/2024\/05\/Volosko_Opatija_na_razglednica.jpg\"><img src=\"https:\/\/www.muzeumtrebisov.sk\/wp-content\/uploads\/2024\/05\/Volosko_Opatija_na_razglednica-300x185.jpg\" alt=\"\"\/><div class=\"kc-image-overlay\"><i class=\"egypt-icon-search\"><\/i><\/div><\/a><\/div><div class=\"item-grid grid-6\"><a class=\"kc-image-link kc-pretty-photo\" data-lightbox=\"kc-lightbox\" rel=\"kc-pretty-photo[20933792]\" href=\"https:\/\/www.muzeumtrebisov.sk\/wp-content\/uploads\/2024\/05\/Screenshot_2.jpg\"><img src=\"https:\/\/www.muzeumtrebisov.sk\/wp-content\/uploads\/2024\/05\/Screenshot_2-300x197.jpg\" alt=\"\"\/><div class=\"kc-image-overlay\"><i class=\"egypt-icon-search\"><\/i><\/div><\/a><\/div><\/div>\n<\/div><div class=\"kc-elm kc-css-455845\" style=\"height: 59px; clear: both; width:100%;\"><\/div>\n<div class=\"kc-elm kc-css-388122 kc-title-wrap\">\n\n\t<h4 class=\"kc_title\">Informa\u010dn\u00e1 tabu\u013ea v meste a pam\u00e4tn\u00e1 tabu\u013ea na m\u00fare pri vile<\/h4>\n<\/div>\n<div class=\"kc-image-gallery kc-elm kc-css-71408\">\n<div class=\"kc_image_gallery kc-carousel-image kc-grid\">\n<div class=\"item-grid grid-6\"><a class=\"kc-image-link kc-pretty-photo\" data-lightbox=\"kc-lightbox\" rel=\"kc-pretty-photo[3061990]\" href=\"https:\/\/www.muzeumtrebisov.sk\/wp-content\/uploads\/2024\/05\/DSC_5746-scaled.jpg\"><img src=\"https:\/\/www.muzeumtrebisov.sk\/wp-content\/uploads\/2024\/05\/DSC_5746-300x200.jpg\" alt=\"\"\/><div class=\"kc-image-overlay\"><i class=\"egypt-icon-search\"><\/i><\/div><\/a><\/div><div class=\"item-grid grid-6\"><a class=\"kc-image-link kc-pretty-photo\" data-lightbox=\"kc-lightbox\" rel=\"kc-pretty-photo[3061990]\" href=\"https:\/\/www.muzeumtrebisov.sk\/wp-content\/uploads\/2024\/05\/DSC_5667-scaled.jpg\"><img src=\"https:\/\/www.muzeumtrebisov.sk\/wp-content\/uploads\/2024\/05\/DSC_5667-300x200.jpg\" alt=\"\"\/><div class=\"kc-image-overlay\"><i class=\"egypt-icon-search\"><\/i><\/div><\/a><\/div><\/div>\n<\/div><\/div><\/div><\/div><\/div><\/section><section class=\"kc-elm kc-css-776762 kc_row\"><div class=\"kc-row-container  kc-container\"><div class=\"kc-wrap-columns\"><div class=\"kc-elm kc-css-967134 kc_col-sm-12 kc_column kc_col-sm-12\"><div class=\"kc-col-container\"><div class=\"kc-elm kc-css-494436\" style=\"height: 59px; clear: both; width:100%;\"><\/div><\/div><\/div><\/div><\/div><\/section><section class=\"kc-elm kc-css-135826 kc_row\"><div class=\"kc-row-container  kc-container\"><div class=\"kc-wrap-columns\"><div class=\"kc-elm kc-css-851547 kc_column kc_col-sm-12\"><div class=\"kc-col-container\">\n<div class=\"kc-elm kc-css-604941 kc-title-wrap\">\n\n\t<h4 class=\"kc_title\">S\u00fa\u010dasnos\u0165<\/h4>\n<\/div>\n<div class=\"kc-elm kc-css-240256 kc_text_block\"><\/p>\n<p><p align=\"justify\">V s\u00fa\u010dasnosti je vila v s\u00fakromnom vlastn\u00edctve a nie je vo\u013ene pr\u00edstupn\u00e1 pre n\u00e1v\u0161tevn\u00edkov. Na ohradenom pozemku sa nach\u00e1dza pam\u00e4tn\u00e1 tabu\u013ea, pripom\u00ednaj\u00faca smr\u0165 gr\u00f3fa Andr\u00e1ssyho. Je vidite\u013en\u00e1 z takmer cel\u00e9ho pobre\u017eia patriaceho k Volosku, aj ke\u010f ide o pomerne nen\u00e1padn\u00fa budovu. <\/p><\/p>\n<p>\n<\/div><\/div><\/div><\/div><\/div><\/section><section class=\"kc-elm kc_row\"><div class=\"kc-row-container  kc-container\"><div class=\"kc-wrap-columns\"><div class=\"kc-elm kc-css-959343 kc_col-sm-12 kc_column kc_col-sm-12\"><div class=\"kc-col-container\"><div class=\"kc-elm kc-css-75708\" style=\"height: 59px; clear: both; width:100%;\"><\/div><\/div><\/div><\/div><\/div><\/section><\/p>","protected":false},"excerpt":{"rendered":"","protected":false},"author":1,"featured_media":6114,"comment_status":"open","ping_status":"open","sticky":false,"template":"tpl-king_composer.php","format":"standard","meta":{"om_disable_all_campaigns":false,"_vp_format_video_url":"","_vp_image_focal_point":[]},"categories":[20],"tags":[],"aioseo_notices":[],"yoast_head":"<!-- This site is optimized with the Yoast SEO plugin v18.5.1 - https:\/\/yoast.com\/wordpress\/plugins\/seo\/ -->\n<title>Chorv\u00e1tske Volosko - miesto \u00famrtia gr\u00f3fa J\u00faliusa Andr\u00e1ssyho | M\u00fazeum Trebi\u0161ov - Ka\u0161tie\u013e Andr\u00e1ssyovcov<\/title>\n<meta name=\"robots\" content=\"index, follow, max-snippet:-1, max-image-preview:large, max-video-preview:-1\" \/>\n<link rel=\"canonical\" href=\"https:\/\/www.muzeumtrebisov.sk\/hu\/blog\/chorvatske-volosko-miesto-umrtia-grofa-juliusa-andrassyho\/\" \/>\n<meta property=\"og:locale\" content=\"hu_HU\" \/>\n<meta property=\"og:type\" content=\"article\" \/>\n<meta property=\"og:title\" content=\"Chorv\u00e1tske Volosko - miesto \u00famrtia gr\u00f3fa J\u00faliusa Andr\u00e1ssyho | M\u00fazeum Trebi\u0161ov - Ka\u0161tie\u013e Andr\u00e1ssyovcov\" \/>\n<meta property=\"og:description\" content=\"Volosko, Opatija (Chorv\u00e1tsko) Kr\u00e1tka report\u00e1\u017e z n\u00e1v\u0161tevy miesta \u00famrtia gr\u00f3fa J\u00faliusa Andr\u00e1ssyho Dominik Feren\u010d\u00edk, Jozef Danko V d\u0148och 11. a\u017e 14. apr\u00edla 2024 sme nav\u0161t\u00edvili Volosko v chorv\u00e1tskej Opatiji &#8211; ryb\u00e1rsku dedinku ne\u010faleko mesta Rijeka. Malebn\u00e1 obec je zasaden\u00e1 do ute\u0161en\u00e9ho prostredia typick\u00e9ho chorv\u00e1tskeho pobre\u017eia, lemovan\u00e9ho n\u00edzkymi skalnat\u00fdmi kopcami, olivov\u00fdmi h\u00e1jmi a neve\u013ek\u00fdmi meste\u010dkami. Obec\" \/>\n<meta property=\"og:url\" content=\"https:\/\/www.muzeumtrebisov.sk\/hu\/blog\/chorvatske-volosko-miesto-umrtia-grofa-juliusa-andrassyho\/\" \/>\n<meta property=\"og:site_name\" content=\"M\u00fazeum Trebi\u0161ov - Ka\u0161tie\u013e Andr\u00e1ssyovcov\" \/>\n<meta property=\"article:publisher\" content=\"https:\/\/www.facebook.com\/muzeumtvkastielandrassyovcov\" \/>\n<meta property=\"article:published_time\" content=\"2024-05-20T09:58:44+00:00\" \/>\n<meta property=\"article:modified_time\" content=\"2024-05-20T10:04:53+00:00\" \/>\n<meta property=\"og:image\" content=\"https:\/\/www.muzeumtrebisov.sk\/wp-content\/uploads\/2024\/05\/DSC_5640-scaled.jpg\" \/>\n\t<meta property=\"og:image:width\" content=\"2560\" \/>\n\t<meta property=\"og:image:height\" content=\"1710\" \/>\n\t<meta property=\"og:image:type\" content=\"image\/jpeg\" \/>\n<meta name=\"twitter:card\" content=\"summary_large_image\" \/>\n<meta name=\"twitter:label1\" content=\"Szerz\u0151:\" \/>\n\t<meta name=\"twitter:data1\" content=\"muzeumtvadmin\" \/>\n\t<meta name=\"twitter:label2\" content=\"Becs\u00fclt olvas\u00e1si id\u0151\" \/>\n\t<meta name=\"twitter:data2\" content=\"3 perc\" \/>\n<script type=\"application\/ld+json\" class=\"yoast-schema-graph\">{\"@context\":\"https:\/\/schema.org\",\"@graph\":[{\"@type\":\"Organization\",\"@id\":\"https:\/\/www.muzeumtrebisov.sk\/#organization\",\"name\":\"M\u00fazeum Trebi\u0161ov - Ka\u0161tie\u013e Andr\u00e1ssyovcov\",\"url\":\"https:\/\/www.muzeumtrebisov.sk\/\",\"sameAs\":[\"https:\/\/www.facebook.com\/muzeumtvkastielandrassyovcov\",\"https:\/\/www.instagram.com\/muzeumtrebisovkastielandrassy\/\",\"https:\/\/www.youtube.com\/channel\/UCprfZHvPNIxqZ2IHCDwfv1w\"],\"logo\":{\"@type\":\"ImageObject\",\"@id\":\"https:\/\/www.muzeumtrebisov.sk\/#logo\",\"inLanguage\":\"hu\",\"url\":\"https:\/\/www.muzeumtrebisov.sk\/wp-content\/uploads\/2022\/04\/dual-logo-color-hor.png\",\"contentUrl\":\"https:\/\/www.muzeumtrebisov.sk\/wp-content\/uploads\/2022\/04\/dual-logo-color-hor.png\",\"width\":749,\"height\":140,\"caption\":\"M\u00fazeum Trebi\u0161ov - Ka\u0161tie\u013e Andr\u00e1ssyovcov\"},\"image\":{\"@id\":\"https:\/\/www.muzeumtrebisov.sk\/#logo\"}},{\"@type\":\"WebSite\",\"@id\":\"https:\/\/www.muzeumtrebisov.sk\/#website\",\"url\":\"https:\/\/www.muzeumtrebisov.sk\/\",\"name\":\"M\u00fazeum Trebi\u0161ov - Ka\u0161tie\u013e Andr\u00e1ssyovcov\",\"description\":\"Hist\u00f3ria Andr\u00e1ssyovcov a ju\u017en\u00e9ho Zempl\u00edna\",\"publisher\":{\"@id\":\"https:\/\/www.muzeumtrebisov.sk\/#organization\"},\"potentialAction\":[{\"@type\":\"SearchAction\",\"target\":{\"@type\":\"EntryPoint\",\"urlTemplate\":\"https:\/\/www.muzeumtrebisov.sk\/?s={search_term_string}\"},\"query-input\":\"required name=search_term_string\"}],\"inLanguage\":\"hu\"},{\"@type\":\"ImageObject\",\"@id\":\"https:\/\/www.muzeumtrebisov.sk\/blog\/chorvatske-volosko-miesto-umrtia-grofa-juliusa-andrassyho\/#primaryimage\",\"inLanguage\":\"hu\",\"url\":\"https:\/\/www.muzeumtrebisov.sk\/wp-content\/uploads\/2024\/05\/DSC_5640-scaled.jpg\",\"contentUrl\":\"https:\/\/www.muzeumtrebisov.sk\/wp-content\/uploads\/2024\/05\/DSC_5640-scaled.jpg\",\"width\":2560,\"height\":1710},{\"@type\":\"WebPage\",\"@id\":\"https:\/\/www.muzeumtrebisov.sk\/blog\/chorvatske-volosko-miesto-umrtia-grofa-juliusa-andrassyho\/#webpage\",\"url\":\"https:\/\/www.muzeumtrebisov.sk\/blog\/chorvatske-volosko-miesto-umrtia-grofa-juliusa-andrassyho\/\",\"name\":\"Chorv\u00e1tske Volosko - miesto \u00famrtia gr\u00f3fa J\u00faliusa Andr\u00e1ssyho | M\u00fazeum Trebi\u0161ov - Ka\u0161tie\u013e Andr\u00e1ssyovcov\",\"isPartOf\":{\"@id\":\"https:\/\/www.muzeumtrebisov.sk\/#website\"},\"primaryImageOfPage\":{\"@id\":\"https:\/\/www.muzeumtrebisov.sk\/blog\/chorvatske-volosko-miesto-umrtia-grofa-juliusa-andrassyho\/#primaryimage\"},\"datePublished\":\"2024-05-20T09:58:44+00:00\",\"dateModified\":\"2024-05-20T10:04:53+00:00\",\"breadcrumb\":{\"@id\":\"https:\/\/www.muzeumtrebisov.sk\/blog\/chorvatske-volosko-miesto-umrtia-grofa-juliusa-andrassyho\/#breadcrumb\"},\"inLanguage\":\"hu\",\"potentialAction\":[{\"@type\":\"ReadAction\",\"target\":[\"https:\/\/www.muzeumtrebisov.sk\/blog\/chorvatske-volosko-miesto-umrtia-grofa-juliusa-andrassyho\/\"]}]},{\"@type\":\"BreadcrumbList\",\"@id\":\"https:\/\/www.muzeumtrebisov.sk\/blog\/chorvatske-volosko-miesto-umrtia-grofa-juliusa-andrassyho\/#breadcrumb\",\"itemListElement\":[{\"@type\":\"ListItem\",\"position\":1,\"name\":\"Home\",\"item\":\"https:\/\/www.muzeumtrebisov.sk\/\"},{\"@type\":\"ListItem\",\"position\":2,\"name\":\"Chorv\u00e1tske Volosko &#8211; miesto \u00famrtia gr\u00f3fa J\u00faliusa Andr\u00e1ssyho\"}]},{\"@type\":\"Article\",\"@id\":\"https:\/\/www.muzeumtrebisov.sk\/blog\/chorvatske-volosko-miesto-umrtia-grofa-juliusa-andrassyho\/#article\",\"isPartOf\":{\"@id\":\"https:\/\/www.muzeumtrebisov.sk\/blog\/chorvatske-volosko-miesto-umrtia-grofa-juliusa-andrassyho\/#webpage\"},\"author\":{\"@id\":\"https:\/\/www.muzeumtrebisov.sk\/#\/schema\/person\/e020f4c0852b191613d063438d60ae6b\"},\"headline\":\"Chorv\u00e1tske Volosko &#8211; miesto \u00famrtia gr\u00f3fa J\u00faliusa Andr\u00e1ssyho\",\"datePublished\":\"2024-05-20T09:58:44+00:00\",\"dateModified\":\"2024-05-20T10:04:53+00:00\",\"mainEntityOfPage\":{\"@id\":\"https:\/\/www.muzeumtrebisov.sk\/blog\/chorvatske-volosko-miesto-umrtia-grofa-juliusa-andrassyho\/#webpage\"},\"wordCount\":616,\"commentCount\":0,\"publisher\":{\"@id\":\"https:\/\/www.muzeumtrebisov.sk\/#organization\"},\"image\":{\"@id\":\"https:\/\/www.muzeumtrebisov.sk\/blog\/chorvatske-volosko-miesto-umrtia-grofa-juliusa-andrassyho\/#primaryimage\"},\"thumbnailUrl\":\"https:\/\/www.muzeumtrebisov.sk\/wp-content\/uploads\/2024\/05\/DSC_5640-scaled.jpg\",\"articleSection\":[\"Blog\"],\"inLanguage\":\"hu\",\"potentialAction\":[{\"@type\":\"CommentAction\",\"name\":\"Comment\",\"target\":[\"https:\/\/www.muzeumtrebisov.sk\/blog\/chorvatske-volosko-miesto-umrtia-grofa-juliusa-andrassyho\/#respond\"]}]},{\"@type\":\"Person\",\"@id\":\"https:\/\/www.muzeumtrebisov.sk\/#\/schema\/person\/e020f4c0852b191613d063438d60ae6b\",\"name\":\"muzeumtvadmin\",\"image\":{\"@type\":\"ImageObject\",\"@id\":\"https:\/\/www.muzeumtrebisov.sk\/#personlogo\",\"inLanguage\":\"hu\",\"url\":\"https:\/\/secure.gravatar.com\/avatar\/115030f8384675efad0cc99183d7cd51?s=96&d=mm&r=g\",\"contentUrl\":\"https:\/\/secure.gravatar.com\/avatar\/115030f8384675efad0cc99183d7cd51?s=96&d=mm&r=g\",\"caption\":\"muzeumtvadmin\"},\"sameAs\":[\"https:\/\/www.muzeumtrebisov.sk\"],\"url\":\"https:\/\/www.muzeumtrebisov.sk\/hu\/author\/muzeumtvadmin\/\"}]}<\/script>\n<!-- \/ Yoast SEO plugin. -->","yoast_head_json":{"title":"Chorv\u00e1tske Volosko - miesto \u00famrtia gr\u00f3fa J\u00faliusa Andr\u00e1ssyho | M\u00fazeum Trebi\u0161ov - Ka\u0161tie\u013e Andr\u00e1ssyovcov","robots":{"index":"index","follow":"follow","max-snippet":"max-snippet:-1","max-image-preview":"max-image-preview:large","max-video-preview":"max-video-preview:-1"},"canonical":"https:\/\/www.muzeumtrebisov.sk\/hu\/blog\/chorvatske-volosko-miesto-umrtia-grofa-juliusa-andrassyho\/","og_locale":"hu_HU","og_type":"article","og_title":"Chorv\u00e1tske Volosko - miesto \u00famrtia gr\u00f3fa J\u00faliusa Andr\u00e1ssyho | M\u00fazeum Trebi\u0161ov - Ka\u0161tie\u013e Andr\u00e1ssyovcov","og_description":"Volosko, Opatija (Chorv\u00e1tsko) Kr\u00e1tka report\u00e1\u017e z n\u00e1v\u0161tevy miesta \u00famrtia gr\u00f3fa J\u00faliusa Andr\u00e1ssyho Dominik Feren\u010d\u00edk, Jozef Danko V d\u0148och 11. a\u017e 14. apr\u00edla 2024 sme nav\u0161t\u00edvili Volosko v chorv\u00e1tskej Opatiji &#8211; ryb\u00e1rsku dedinku ne\u010faleko mesta Rijeka. Malebn\u00e1 obec je zasaden\u00e1 do ute\u0161en\u00e9ho prostredia typick\u00e9ho chorv\u00e1tskeho pobre\u017eia, lemovan\u00e9ho n\u00edzkymi skalnat\u00fdmi kopcami, olivov\u00fdmi h\u00e1jmi a neve\u013ek\u00fdmi meste\u010dkami. Obec","og_url":"https:\/\/www.muzeumtrebisov.sk\/hu\/blog\/chorvatske-volosko-miesto-umrtia-grofa-juliusa-andrassyho\/","og_site_name":"M\u00fazeum Trebi\u0161ov - Ka\u0161tie\u013e Andr\u00e1ssyovcov","article_publisher":"https:\/\/www.facebook.com\/muzeumtvkastielandrassyovcov","article_published_time":"2024-05-20T09:58:44+00:00","article_modified_time":"2024-05-20T10:04:53+00:00","og_image":[{"width":2560,"height":1710,"url":"https:\/\/www.muzeumtrebisov.sk\/wp-content\/uploads\/2024\/05\/DSC_5640-scaled.jpg","type":"image\/jpeg"}],"twitter_card":"summary_large_image","twitter_misc":{"Szerz\u0151:":"muzeumtvadmin","Becs\u00fclt olvas\u00e1si id\u0151":"3 perc"},"schema":{"@context":"https:\/\/schema.org","@graph":[{"@type":"Organization","@id":"https:\/\/www.muzeumtrebisov.sk\/#organization","name":"M\u00fazeum Trebi\u0161ov - Ka\u0161tie\u013e Andr\u00e1ssyovcov","url":"https:\/\/www.muzeumtrebisov.sk\/","sameAs":["https:\/\/www.facebook.com\/muzeumtvkastielandrassyovcov","https:\/\/www.instagram.com\/muzeumtrebisovkastielandrassy\/","https:\/\/www.youtube.com\/channel\/UCprfZHvPNIxqZ2IHCDwfv1w"],"logo":{"@type":"ImageObject","@id":"https:\/\/www.muzeumtrebisov.sk\/#logo","inLanguage":"hu","url":"https:\/\/www.muzeumtrebisov.sk\/wp-content\/uploads\/2022\/04\/dual-logo-color-hor.png","contentUrl":"https:\/\/www.muzeumtrebisov.sk\/wp-content\/uploads\/2022\/04\/dual-logo-color-hor.png","width":749,"height":140,"caption":"M\u00fazeum Trebi\u0161ov - Ka\u0161tie\u013e Andr\u00e1ssyovcov"},"image":{"@id":"https:\/\/www.muzeumtrebisov.sk\/#logo"}},{"@type":"WebSite","@id":"https:\/\/www.muzeumtrebisov.sk\/#website","url":"https:\/\/www.muzeumtrebisov.sk\/","name":"M\u00fazeum Trebi\u0161ov - Ka\u0161tie\u013e Andr\u00e1ssyovcov","description":"Hist\u00f3ria Andr\u00e1ssyovcov a ju\u017en\u00e9ho Zempl\u00edna","publisher":{"@id":"https:\/\/www.muzeumtrebisov.sk\/#organization"},"potentialAction":[{"@type":"SearchAction","target":{"@type":"EntryPoint","urlTemplate":"https:\/\/www.muzeumtrebisov.sk\/?s={search_term_string}"},"query-input":"required name=search_term_string"}],"inLanguage":"hu"},{"@type":"ImageObject","@id":"https:\/\/www.muzeumtrebisov.sk\/blog\/chorvatske-volosko-miesto-umrtia-grofa-juliusa-andrassyho\/#primaryimage","inLanguage":"hu","url":"https:\/\/www.muzeumtrebisov.sk\/wp-content\/uploads\/2024\/05\/DSC_5640-scaled.jpg","contentUrl":"https:\/\/www.muzeumtrebisov.sk\/wp-content\/uploads\/2024\/05\/DSC_5640-scaled.jpg","width":2560,"height":1710},{"@type":"WebPage","@id":"https:\/\/www.muzeumtrebisov.sk\/blog\/chorvatske-volosko-miesto-umrtia-grofa-juliusa-andrassyho\/#webpage","url":"https:\/\/www.muzeumtrebisov.sk\/blog\/chorvatske-volosko-miesto-umrtia-grofa-juliusa-andrassyho\/","name":"Chorv\u00e1tske Volosko - miesto \u00famrtia gr\u00f3fa J\u00faliusa Andr\u00e1ssyho | M\u00fazeum Trebi\u0161ov - Ka\u0161tie\u013e Andr\u00e1ssyovcov","isPartOf":{"@id":"https:\/\/www.muzeumtrebisov.sk\/#website"},"primaryImageOfPage":{"@id":"https:\/\/www.muzeumtrebisov.sk\/blog\/chorvatske-volosko-miesto-umrtia-grofa-juliusa-andrassyho\/#primaryimage"},"datePublished":"2024-05-20T09:58:44+00:00","dateModified":"2024-05-20T10:04:53+00:00","breadcrumb":{"@id":"https:\/\/www.muzeumtrebisov.sk\/blog\/chorvatske-volosko-miesto-umrtia-grofa-juliusa-andrassyho\/#breadcrumb"},"inLanguage":"hu","potentialAction":[{"@type":"ReadAction","target":["https:\/\/www.muzeumtrebisov.sk\/blog\/chorvatske-volosko-miesto-umrtia-grofa-juliusa-andrassyho\/"]}]},{"@type":"BreadcrumbList","@id":"https:\/\/www.muzeumtrebisov.sk\/blog\/chorvatske-volosko-miesto-umrtia-grofa-juliusa-andrassyho\/#breadcrumb","itemListElement":[{"@type":"ListItem","position":1,"name":"Home","item":"https:\/\/www.muzeumtrebisov.sk\/"},{"@type":"ListItem","position":2,"name":"Chorv\u00e1tske Volosko &#8211; miesto \u00famrtia gr\u00f3fa J\u00faliusa Andr\u00e1ssyho"}]},{"@type":"Article","@id":"https:\/\/www.muzeumtrebisov.sk\/blog\/chorvatske-volosko-miesto-umrtia-grofa-juliusa-andrassyho\/#article","isPartOf":{"@id":"https:\/\/www.muzeumtrebisov.sk\/blog\/chorvatske-volosko-miesto-umrtia-grofa-juliusa-andrassyho\/#webpage"},"author":{"@id":"https:\/\/www.muzeumtrebisov.sk\/#\/schema\/person\/e020f4c0852b191613d063438d60ae6b"},"headline":"Chorv\u00e1tske Volosko &#8211; miesto \u00famrtia gr\u00f3fa J\u00faliusa Andr\u00e1ssyho","datePublished":"2024-05-20T09:58:44+00:00","dateModified":"2024-05-20T10:04:53+00:00","mainEntityOfPage":{"@id":"https:\/\/www.muzeumtrebisov.sk\/blog\/chorvatske-volosko-miesto-umrtia-grofa-juliusa-andrassyho\/#webpage"},"wordCount":616,"commentCount":0,"publisher":{"@id":"https:\/\/www.muzeumtrebisov.sk\/#organization"},"image":{"@id":"https:\/\/www.muzeumtrebisov.sk\/blog\/chorvatske-volosko-miesto-umrtia-grofa-juliusa-andrassyho\/#primaryimage"},"thumbnailUrl":"https:\/\/www.muzeumtrebisov.sk\/wp-content\/uploads\/2024\/05\/DSC_5640-scaled.jpg","articleSection":["Blog"],"inLanguage":"hu","potentialAction":[{"@type":"CommentAction","name":"Comment","target":["https:\/\/www.muzeumtrebisov.sk\/blog\/chorvatske-volosko-miesto-umrtia-grofa-juliusa-andrassyho\/#respond"]}]},{"@type":"Person","@id":"https:\/\/www.muzeumtrebisov.sk\/#\/schema\/person\/e020f4c0852b191613d063438d60ae6b","name":"muzeumtvadmin","image":{"@type":"ImageObject","@id":"https:\/\/www.muzeumtrebisov.sk\/#personlogo","inLanguage":"hu","url":"https:\/\/secure.gravatar.com\/avatar\/115030f8384675efad0cc99183d7cd51?s=96&d=mm&r=g","contentUrl":"https:\/\/secure.gravatar.com\/avatar\/115030f8384675efad0cc99183d7cd51?s=96&d=mm&r=g","caption":"muzeumtvadmin"},"sameAs":["https:\/\/www.muzeumtrebisov.sk"],"url":"https:\/\/www.muzeumtrebisov.sk\/hu\/author\/muzeumtvadmin\/"}]}},"_links":{"self":[{"href":"https:\/\/www.muzeumtrebisov.sk\/hu\/wp-json\/wp\/v2\/posts\/6110"}],"collection":[{"href":"https:\/\/www.muzeumtrebisov.sk\/hu\/wp-json\/wp\/v2\/posts"}],"about":[{"href":"https:\/\/www.muzeumtrebisov.sk\/hu\/wp-json\/wp\/v2\/types\/post"}],"author":[{"embeddable":true,"href":"https:\/\/www.muzeumtrebisov.sk\/hu\/wp-json\/wp\/v2\/users\/1"}],"replies":[{"embeddable":true,"href":"https:\/\/www.muzeumtrebisov.sk\/hu\/wp-json\/wp\/v2\/comments?post=6110"}],"version-history":[{"count":6,"href":"https:\/\/www.muzeumtrebisov.sk\/hu\/wp-json\/wp\/v2\/posts\/6110\/revisions"}],"predecessor-version":[{"id":6155,"href":"https:\/\/www.muzeumtrebisov.sk\/hu\/wp-json\/wp\/v2\/posts\/6110\/revisions\/6155"}],"wp:featuredmedia":[{"embeddable":true,"href":"https:\/\/www.muzeumtrebisov.sk\/hu\/wp-json\/wp\/v2\/media\/6114"}],"wp:attachment":[{"href":"https:\/\/www.muzeumtrebisov.sk\/hu\/wp-json\/wp\/v2\/media?parent=6110"}],"wp:term":[{"taxonomy":"category","embeddable":true,"href":"https:\/\/www.muzeumtrebisov.sk\/hu\/wp-json\/wp\/v2\/categories?post=6110"},{"taxonomy":"post_tag","embeddable":true,"href":"https:\/\/www.muzeumtrebisov.sk\/hu\/wp-json\/wp\/v2\/tags?post=6110"}],"curies":[{"name":"wp","href":"https:\/\/api.w.org\/{rel}","templated":true}]}}