{"id":5972,"date":"2024-04-23T21:30:00","date_gmt":"2024-04-23T19:30:00","guid":{"rendered":"https:\/\/www.muzeumtrebisov.sk\/?p=5972"},"modified":"2024-05-08T22:03:59","modified_gmt":"2024-05-08T20:03:59","slug":"dakujeme-patrikovi-hermanovi","status":"publish","type":"post","link":"https:\/\/www.muzeumtrebisov.sk\/hu\/spravy\/dakujeme-patrikovi-hermanovi\/","title":{"rendered":"\u010eakujeme Patrikovi Hermanovi"},"content":{"rendered":"<figure class=\"wp-block-video\"><video controls src=\"https:\/\/www.muzeumtrebisov.sk\/wp-content\/uploads\/2024\/04\/440347793_932241818600855_1575111524928039849_n.mp4\"><\/video><\/figure>\n\n\n\n<p class=\"has-text-align-center\">\u010eakujeme Patrikovi Hermanovi \ud83d\udc95 a budeme sa te\u0161i\u0165 na \u010fal\u0161iu n\u00e1v\u0161tevu \ud83d\udc4d\ud83c\udffb\ud83d\udc4f\ud83c\udffb<\/p>","protected":false},"excerpt":{"rendered":"<p>\u010eakujeme Patrikovi Hermanovi \ud83d\udc95 a budeme sa te\u0161i\u0165 na \u010fal\u0161iu n\u00e1v\u0161tevu \ud83d\udc4d\ud83c\udffb\ud83d\udc4f\ud83c\udffb<\/p>","protected":false},"author":6,"featured_media":5985,"comment_status":"open","ping_status":"open","sticky":false,"template":"","format":"standard","meta":{"om_disable_all_campaigns":false,"_vp_format_video_url":"https:\/\/www.muzeumtrebisov.sk\/wp-content\/uploads\/2024\/04\/440347793_932241818600855_1575111524928039849_n.mp4","_vp_image_focal_point":{"x":0.5,"y":0.5}},"categories":[19],"tags":[],"aioseo_notices":[],"yoast_head":"<!-- This site is optimized with the Yoast SEO plugin v18.5.1 - https:\/\/yoast.com\/wordpress\/plugins\/seo\/ -->\n<title>\u010eakujeme Patrikovi Hermanovi | M\u00fazeum Trebi\u0161ov - Ka\u0161tie\u013e Andr\u00e1ssyovcov<\/title>\n<meta name=\"robots\" content=\"index, follow, max-snippet:-1, max-image-preview:large, max-video-preview:-1\" \/>\n<link rel=\"canonical\" href=\"https:\/\/www.muzeumtrebisov.sk\/hu\/spravy\/dakujeme-patrikovi-hermanovi\/\" \/>\n<meta property=\"og:locale\" content=\"hu_HU\" \/>\n<meta property=\"og:type\" content=\"article\" \/>\n<meta property=\"og:title\" content=\"\u010eakujeme Patrikovi Hermanovi | M\u00fazeum Trebi\u0161ov - Ka\u0161tie\u013e Andr\u00e1ssyovcov\" \/>\n<meta property=\"og:description\" content=\"\u010eakujeme Patrikovi Hermanovi \ud83d\udc95 a budeme sa te\u0161i\u0165 na \u010fal\u0161iu n\u00e1v\u0161tevu \ud83d\udc4d\ud83c\udffb\ud83d\udc4f\ud83c\udffb\" \/>\n<meta property=\"og:url\" content=\"https:\/\/www.muzeumtrebisov.sk\/hu\/spravy\/dakujeme-patrikovi-hermanovi\/\" \/>\n<meta property=\"og:site_name\" content=\"M\u00fazeum Trebi\u0161ov - Ka\u0161tie\u013e Andr\u00e1ssyovcov\" \/>\n<meta property=\"article:publisher\" content=\"https:\/\/www.facebook.com\/muzeumtvkastielandrassyovcov\" \/>\n<meta property=\"article:published_time\" content=\"2024-04-23T19:30:00+00:00\" \/>\n<meta property=\"article:modified_time\" content=\"2024-05-08T20:03:59+00:00\" \/>\n<meta property=\"og:image\" content=\"https:\/\/www.muzeumtrebisov.sk\/wp-content\/uploads\/2024\/04\/Snimka-obrazovky-2024-04-29-214001.jpg\" \/>\n\t<meta property=\"og:image:width\" content=\"531\" \/>\n\t<meta property=\"og:image:height\" content=\"901\" \/>\n\t<meta property=\"og:image:type\" content=\"image\/jpeg\" \/>\n<meta name=\"twitter:card\" content=\"summary_large_image\" \/>\n<meta name=\"twitter:label1\" content=\"Szerz\u0151:\" \/>\n\t<meta name=\"twitter:data1\" content=\"Darina Majovsk\u00e1\" \/>\n\t<meta name=\"twitter:label2\" content=\"Becs\u00fclt olvas\u00e1si id\u0151\" \/>\n\t<meta name=\"twitter:data2\" content=\"1 perc\" \/>\n<script type=\"application\/ld+json\" class=\"yoast-schema-graph\">{\"@context\":\"https:\/\/schema.org\",\"@graph\":[{\"@type\":\"Organization\",\"@id\":\"https:\/\/www.muzeumtrebisov.sk\/#organization\",\"name\":\"M\u00fazeum Trebi\u0161ov - Ka\u0161tie\u013e Andr\u00e1ssyovcov\",\"url\":\"https:\/\/www.muzeumtrebisov.sk\/\",\"sameAs\":[\"https:\/\/www.facebook.com\/muzeumtvkastielandrassyovcov\",\"https:\/\/www.instagram.com\/muzeumtrebisovkastielandrassy\/\",\"https:\/\/www.youtube.com\/channel\/UCprfZHvPNIxqZ2IHCDwfv1w\"],\"logo\":{\"@type\":\"ImageObject\",\"@id\":\"https:\/\/www.muzeumtrebisov.sk\/#logo\",\"inLanguage\":\"hu\",\"url\":\"https:\/\/www.muzeumtrebisov.sk\/wp-content\/uploads\/2022\/04\/dual-logo-color-hor.png\",\"contentUrl\":\"https:\/\/www.muzeumtrebisov.sk\/wp-content\/uploads\/2022\/04\/dual-logo-color-hor.png\",\"width\":749,\"height\":140,\"caption\":\"M\u00fazeum Trebi\u0161ov - Ka\u0161tie\u013e Andr\u00e1ssyovcov\"},\"image\":{\"@id\":\"https:\/\/www.muzeumtrebisov.sk\/#logo\"}},{\"@type\":\"WebSite\",\"@id\":\"https:\/\/www.muzeumtrebisov.sk\/#website\",\"url\":\"https:\/\/www.muzeumtrebisov.sk\/\",\"name\":\"M\u00fazeum Trebi\u0161ov - Ka\u0161tie\u013e Andr\u00e1ssyovcov\",\"description\":\"Hist\u00f3ria Andr\u00e1ssyovcov a ju\u017en\u00e9ho Zempl\u00edna\",\"publisher\":{\"@id\":\"https:\/\/www.muzeumtrebisov.sk\/#organization\"},\"potentialAction\":[{\"@type\":\"SearchAction\",\"target\":{\"@type\":\"EntryPoint\",\"urlTemplate\":\"https:\/\/www.muzeumtrebisov.sk\/?s={search_term_string}\"},\"query-input\":\"required name=search_term_string\"}],\"inLanguage\":\"hu\"},{\"@type\":\"ImageObject\",\"@id\":\"https:\/\/www.muzeumtrebisov.sk\/spravy\/dakujeme-patrikovi-hermanovi\/#primaryimage\",\"inLanguage\":\"hu\",\"url\":\"https:\/\/www.muzeumtrebisov.sk\/wp-content\/uploads\/2024\/04\/Snimka-obrazovky-2024-04-29-214001.jpg\",\"contentUrl\":\"https:\/\/www.muzeumtrebisov.sk\/wp-content\/uploads\/2024\/04\/Snimka-obrazovky-2024-04-29-214001.jpg\",\"width\":531,\"height\":901},{\"@type\":\"WebPage\",\"@id\":\"https:\/\/www.muzeumtrebisov.sk\/spravy\/dakujeme-patrikovi-hermanovi\/#webpage\",\"url\":\"https:\/\/www.muzeumtrebisov.sk\/spravy\/dakujeme-patrikovi-hermanovi\/\",\"name\":\"\u010eakujeme Patrikovi Hermanovi | M\u00fazeum Trebi\u0161ov - Ka\u0161tie\u013e Andr\u00e1ssyovcov\",\"isPartOf\":{\"@id\":\"https:\/\/www.muzeumtrebisov.sk\/#website\"},\"primaryImageOfPage\":{\"@id\":\"https:\/\/www.muzeumtrebisov.sk\/spravy\/dakujeme-patrikovi-hermanovi\/#primaryimage\"},\"datePublished\":\"2024-04-23T19:30:00+00:00\",\"dateModified\":\"2024-05-08T20:03:59+00:00\",\"breadcrumb\":{\"@id\":\"https:\/\/www.muzeumtrebisov.sk\/spravy\/dakujeme-patrikovi-hermanovi\/#breadcrumb\"},\"inLanguage\":\"hu\",\"potentialAction\":[{\"@type\":\"ReadAction\",\"target\":[\"https:\/\/www.muzeumtrebisov.sk\/spravy\/dakujeme-patrikovi-hermanovi\/\"]}]},{\"@type\":\"BreadcrumbList\",\"@id\":\"https:\/\/www.muzeumtrebisov.sk\/spravy\/dakujeme-patrikovi-hermanovi\/#breadcrumb\",\"itemListElement\":[{\"@type\":\"ListItem\",\"position\":1,\"name\":\"Home\",\"item\":\"https:\/\/www.muzeumtrebisov.sk\/\"},{\"@type\":\"ListItem\",\"position\":2,\"name\":\"\u010eakujeme Patrikovi Hermanovi\"}]},{\"@type\":\"Article\",\"@id\":\"https:\/\/www.muzeumtrebisov.sk\/spravy\/dakujeme-patrikovi-hermanovi\/#article\",\"isPartOf\":{\"@id\":\"https:\/\/www.muzeumtrebisov.sk\/spravy\/dakujeme-patrikovi-hermanovi\/#webpage\"},\"author\":{\"@id\":\"https:\/\/www.muzeumtrebisov.sk\/#\/schema\/person\/aa2b8173282c50c62a23d448ec125363\"},\"headline\":\"\u010eakujeme Patrikovi Hermanovi\",\"datePublished\":\"2024-04-23T19:30:00+00:00\",\"dateModified\":\"2024-05-08T20:03:59+00:00\",\"mainEntityOfPage\":{\"@id\":\"https:\/\/www.muzeumtrebisov.sk\/spravy\/dakujeme-patrikovi-hermanovi\/#webpage\"},\"wordCount\":17,\"commentCount\":0,\"publisher\":{\"@id\":\"https:\/\/www.muzeumtrebisov.sk\/#organization\"},\"image\":{\"@id\":\"https:\/\/www.muzeumtrebisov.sk\/spravy\/dakujeme-patrikovi-hermanovi\/#primaryimage\"},\"thumbnailUrl\":\"https:\/\/www.muzeumtrebisov.sk\/wp-content\/uploads\/2024\/04\/Snimka-obrazovky-2024-04-29-214001.jpg\",\"articleSection\":[\"Spr\u00e1vy\"],\"inLanguage\":\"hu\",\"potentialAction\":[{\"@type\":\"CommentAction\",\"name\":\"Comment\",\"target\":[\"https:\/\/www.muzeumtrebisov.sk\/spravy\/dakujeme-patrikovi-hermanovi\/#respond\"]}]},{\"@type\":\"Person\",\"@id\":\"https:\/\/www.muzeumtrebisov.sk\/#\/schema\/person\/aa2b8173282c50c62a23d448ec125363\",\"name\":\"Darina Majovsk\u00e1\",\"image\":{\"@type\":\"ImageObject\",\"@id\":\"https:\/\/www.muzeumtrebisov.sk\/#personlogo\",\"inLanguage\":\"hu\",\"url\":\"https:\/\/secure.gravatar.com\/avatar\/2d8dbaec9494a9acb5681d5878e38fd6?s=96&d=mm&r=g\",\"contentUrl\":\"https:\/\/secure.gravatar.com\/avatar\/2d8dbaec9494a9acb5681d5878e38fd6?s=96&d=mm&r=g\",\"caption\":\"Darina Majovsk\u00e1\"},\"url\":\"https:\/\/www.muzeumtrebisov.sk\/hu\/author\/darinamajovska\/\"}]}<\/script>\n<!-- \/ Yoast SEO plugin. -->","yoast_head_json":{"title":"\u010eakujeme Patrikovi Hermanovi | M\u00fazeum Trebi\u0161ov - Ka\u0161tie\u013e Andr\u00e1ssyovcov","robots":{"index":"index","follow":"follow","max-snippet":"max-snippet:-1","max-image-preview":"max-image-preview:large","max-video-preview":"max-video-preview:-1"},"canonical":"https:\/\/www.muzeumtrebisov.sk\/hu\/spravy\/dakujeme-patrikovi-hermanovi\/","og_locale":"hu_HU","og_type":"article","og_title":"\u010eakujeme Patrikovi Hermanovi | M\u00fazeum Trebi\u0161ov - Ka\u0161tie\u013e Andr\u00e1ssyovcov","og_description":"\u010eakujeme Patrikovi Hermanovi \ud83d\udc95 a budeme sa te\u0161i\u0165 na \u010fal\u0161iu n\u00e1v\u0161tevu \ud83d\udc4d\ud83c\udffb\ud83d\udc4f\ud83c\udffb","og_url":"https:\/\/www.muzeumtrebisov.sk\/hu\/spravy\/dakujeme-patrikovi-hermanovi\/","og_site_name":"M\u00fazeum Trebi\u0161ov - Ka\u0161tie\u013e Andr\u00e1ssyovcov","article_publisher":"https:\/\/www.facebook.com\/muzeumtvkastielandrassyovcov","article_published_time":"2024-04-23T19:30:00+00:00","article_modified_time":"2024-05-08T20:03:59+00:00","og_image":[{"width":531,"height":901,"url":"https:\/\/www.muzeumtrebisov.sk\/wp-content\/uploads\/2024\/04\/Snimka-obrazovky-2024-04-29-214001.jpg","type":"image\/jpeg"}],"twitter_card":"summary_large_image","twitter_misc":{"Szerz\u0151:":"Darina Majovsk\u00e1","Becs\u00fclt olvas\u00e1si id\u0151":"1 perc"},"schema":{"@context":"https:\/\/schema.org","@graph":[{"@type":"Organization","@id":"https:\/\/www.muzeumtrebisov.sk\/#organization","name":"M\u00fazeum Trebi\u0161ov - Ka\u0161tie\u013e Andr\u00e1ssyovcov","url":"https:\/\/www.muzeumtrebisov.sk\/","sameAs":["https:\/\/www.facebook.com\/muzeumtvkastielandrassyovcov","https:\/\/www.instagram.com\/muzeumtrebisovkastielandrassy\/","https:\/\/www.youtube.com\/channel\/UCprfZHvPNIxqZ2IHCDwfv1w"],"logo":{"@type":"ImageObject","@id":"https:\/\/www.muzeumtrebisov.sk\/#logo","inLanguage":"hu","url":"https:\/\/www.muzeumtrebisov.sk\/wp-content\/uploads\/2022\/04\/dual-logo-color-hor.png","contentUrl":"https:\/\/www.muzeumtrebisov.sk\/wp-content\/uploads\/2022\/04\/dual-logo-color-hor.png","width":749,"height":140,"caption":"M\u00fazeum Trebi\u0161ov - Ka\u0161tie\u013e Andr\u00e1ssyovcov"},"image":{"@id":"https:\/\/www.muzeumtrebisov.sk\/#logo"}},{"@type":"WebSite","@id":"https:\/\/www.muzeumtrebisov.sk\/#website","url":"https:\/\/www.muzeumtrebisov.sk\/","name":"M\u00fazeum Trebi\u0161ov - Ka\u0161tie\u013e Andr\u00e1ssyovcov","description":"Hist\u00f3ria Andr\u00e1ssyovcov a ju\u017en\u00e9ho Zempl\u00edna","publisher":{"@id":"https:\/\/www.muzeumtrebisov.sk\/#organization"},"potentialAction":[{"@type":"SearchAction","target":{"@type":"EntryPoint","urlTemplate":"https:\/\/www.muzeumtrebisov.sk\/?s={search_term_string}"},"query-input":"required name=search_term_string"}],"inLanguage":"hu"},{"@type":"ImageObject","@id":"https:\/\/www.muzeumtrebisov.sk\/spravy\/dakujeme-patrikovi-hermanovi\/#primaryimage","inLanguage":"hu","url":"https:\/\/www.muzeumtrebisov.sk\/wp-content\/uploads\/2024\/04\/Snimka-obrazovky-2024-04-29-214001.jpg","contentUrl":"https:\/\/www.muzeumtrebisov.sk\/wp-content\/uploads\/2024\/04\/Snimka-obrazovky-2024-04-29-214001.jpg","width":531,"height":901},{"@type":"WebPage","@id":"https:\/\/www.muzeumtrebisov.sk\/spravy\/dakujeme-patrikovi-hermanovi\/#webpage","url":"https:\/\/www.muzeumtrebisov.sk\/spravy\/dakujeme-patrikovi-hermanovi\/","name":"\u010eakujeme Patrikovi Hermanovi | M\u00fazeum Trebi\u0161ov - Ka\u0161tie\u013e Andr\u00e1ssyovcov","isPartOf":{"@id":"https:\/\/www.muzeumtrebisov.sk\/#website"},"primaryImageOfPage":{"@id":"https:\/\/www.muzeumtrebisov.sk\/spravy\/dakujeme-patrikovi-hermanovi\/#primaryimage"},"datePublished":"2024-04-23T19:30:00+00:00","dateModified":"2024-05-08T20:03:59+00:00","breadcrumb":{"@id":"https:\/\/www.muzeumtrebisov.sk\/spravy\/dakujeme-patrikovi-hermanovi\/#breadcrumb"},"inLanguage":"hu","potentialAction":[{"@type":"ReadAction","target":["https:\/\/www.muzeumtrebisov.sk\/spravy\/dakujeme-patrikovi-hermanovi\/"]}]},{"@type":"BreadcrumbList","@id":"https:\/\/www.muzeumtrebisov.sk\/spravy\/dakujeme-patrikovi-hermanovi\/#breadcrumb","itemListElement":[{"@type":"ListItem","position":1,"name":"Home","item":"https:\/\/www.muzeumtrebisov.sk\/"},{"@type":"ListItem","position":2,"name":"\u010eakujeme Patrikovi Hermanovi"}]},{"@type":"Article","@id":"https:\/\/www.muzeumtrebisov.sk\/spravy\/dakujeme-patrikovi-hermanovi\/#article","isPartOf":{"@id":"https:\/\/www.muzeumtrebisov.sk\/spravy\/dakujeme-patrikovi-hermanovi\/#webpage"},"author":{"@id":"https:\/\/www.muzeumtrebisov.sk\/#\/schema\/person\/aa2b8173282c50c62a23d448ec125363"},"headline":"\u010eakujeme Patrikovi Hermanovi","datePublished":"2024-04-23T19:30:00+00:00","dateModified":"2024-05-08T20:03:59+00:00","mainEntityOfPage":{"@id":"https:\/\/www.muzeumtrebisov.sk\/spravy\/dakujeme-patrikovi-hermanovi\/#webpage"},"wordCount":17,"commentCount":0,"publisher":{"@id":"https:\/\/www.muzeumtrebisov.sk\/#organization"},"image":{"@id":"https:\/\/www.muzeumtrebisov.sk\/spravy\/dakujeme-patrikovi-hermanovi\/#primaryimage"},"thumbnailUrl":"https:\/\/www.muzeumtrebisov.sk\/wp-content\/uploads\/2024\/04\/Snimka-obrazovky-2024-04-29-214001.jpg","articleSection":["Spr\u00e1vy"],"inLanguage":"hu","potentialAction":[{"@type":"CommentAction","name":"Comment","target":["https:\/\/www.muzeumtrebisov.sk\/spravy\/dakujeme-patrikovi-hermanovi\/#respond"]}]},{"@type":"Person","@id":"https:\/\/www.muzeumtrebisov.sk\/#\/schema\/person\/aa2b8173282c50c62a23d448ec125363","name":"Darina Majovsk\u00e1","image":{"@type":"ImageObject","@id":"https:\/\/www.muzeumtrebisov.sk\/#personlogo","inLanguage":"hu","url":"https:\/\/secure.gravatar.com\/avatar\/2d8dbaec9494a9acb5681d5878e38fd6?s=96&d=mm&r=g","contentUrl":"https:\/\/secure.gravatar.com\/avatar\/2d8dbaec9494a9acb5681d5878e38fd6?s=96&d=mm&r=g","caption":"Darina Majovsk\u00e1"},"url":"https:\/\/www.muzeumtrebisov.sk\/hu\/author\/darinamajovska\/"}]}},"_links":{"self":[{"href":"https:\/\/www.muzeumtrebisov.sk\/hu\/wp-json\/wp\/v2\/posts\/5972"}],"collection":[{"href":"https:\/\/www.muzeumtrebisov.sk\/hu\/wp-json\/wp\/v2\/posts"}],"about":[{"href":"https:\/\/www.muzeumtrebisov.sk\/hu\/wp-json\/wp\/v2\/types\/post"}],"author":[{"embeddable":true,"href":"https:\/\/www.muzeumtrebisov.sk\/hu\/wp-json\/wp\/v2\/users\/6"}],"replies":[{"embeddable":true,"href":"https:\/\/www.muzeumtrebisov.sk\/hu\/wp-json\/wp\/v2\/comments?post=5972"}],"version-history":[{"count":6,"href":"https:\/\/www.muzeumtrebisov.sk\/hu\/wp-json\/wp\/v2\/posts\/5972\/revisions"}],"predecessor-version":[{"id":6103,"href":"https:\/\/www.muzeumtrebisov.sk\/hu\/wp-json\/wp\/v2\/posts\/5972\/revisions\/6103"}],"wp:featuredmedia":[{"embeddable":true,"href":"https:\/\/www.muzeumtrebisov.sk\/hu\/wp-json\/wp\/v2\/media\/5985"}],"wp:attachment":[{"href":"https:\/\/www.muzeumtrebisov.sk\/hu\/wp-json\/wp\/v2\/media?parent=5972"}],"wp:term":[{"taxonomy":"category","embeddable":true,"href":"https:\/\/www.muzeumtrebisov.sk\/hu\/wp-json\/wp\/v2\/categories?post=5972"},{"taxonomy":"post_tag","embeddable":true,"href":"https:\/\/www.muzeumtrebisov.sk\/hu\/wp-json\/wp\/v2\/tags?post=5972"}],"curies":[{"name":"wp","href":"https:\/\/api.w.org\/{rel}","templated":true}]}}