{"id":5584,"date":"2024-02-20T17:15:45","date_gmt":"2024-02-20T16:15:45","guid":{"rendered":"https:\/\/www.muzeumtrebisov.sk\/?p=5584"},"modified":"2024-02-21T08:33:06","modified_gmt":"2024-02-21T07:33:06","slug":"co-vies-o-hviezdach","status":"publish","type":"post","link":"https:\/\/www.muzeumtrebisov.sk\/hu\/astronomia\/co-vies-o-hviezdach\/","title":{"rendered":"S\u00fa\u0165a\u017e &#8211; \u010co vie\u0161 o hviezdach ?"},"content":{"rendered":"<p><section class=\"kc-elm kc-css-361190 kc_row\"><div class=\"kc-row-container  kc-container\"><div class=\"kc-wrap-columns\"><div class=\"kc-elm kc-css-337461 kc_col-sm-12 kc_column kc_col-sm-12\"><div class=\"kc-col-container\"><div class=\"kc-elm kc-css-266199\" style=\"height: 63px; clear: both; width:100%;\"><\/div>\n<div class=\"kc-elm kc-css-935371 kc-title-wrap\">\n\n\t<h1 class=\"kc_title\">\u010cO VIE\u0160 O HVIEZDACH ? 2024<\/h1>\n<\/div>\n\n<div class=\"kc-elm kc-css-660961 kc-title-wrap\">\n\n\t<h1 class=\"kc_title\">\u0160tat\u00fat 34. ro\u010dn\u00edka celoslovenskej vedomostnej s\u00fa\u0165a\u017ee<\/h1>\n<\/div>\n<div class=\"kc-elm kc-css-659093\" style=\"height: 40px; clear: both; width:100%;\"><\/div><\/div><\/div><\/div><\/div><\/section><section data-kc-equalheight=\"true\" data-kc-equalheight-align=\"middle\" class=\"kc-elm kc-css-209357 kc_row\"><div class=\"kc-row-container  kc-container\"><div class=\"kc-wrap-columns\"><div class=\"kc-elm kc-css-36667 kc_col-sm-6 kc_column kc_col-sm-6\"><div class=\"kc-col-container\"><div data-kc-equalheight=\"true\" data-kc-row-action=\"true\" data-kc-equalheight-align=\"top\" class=\"kc-elm kc-css-630630 kc_row kc_row_inner\"><div class=\"kc-elm kc-css-683948 kc_col-sm-12 kc_column_inner kc_col-sm-12\"><div class=\"kc_wrapper kc-col-inner-container\"><div class=\"kc-elm kc-css-151276 kc-animate-delay-200 kc-animate-speed-3s kc_shortcode kc_single_image\">\n\n        <img src=\"https:\/\/www.muzeumtrebisov.sk\/wp-content\/uploads\/2024\/02\/na-webco-vies-o-hviezdach-plagat-2.jpg\" class=\"\" alt=\"\" \/>    <\/div>\n<\/div><\/div><\/div><\/div><\/div><div class=\"kc-elm kc-css-427394 kc_col-sm-6 kc_column kc_col-sm-6\"><div class=\"kc-col-container\"><div class=\"kc-elm kc-css-752409 kc_row kc_row_inner\"><div class=\"kc-elm kc-css-787593 kc_col-sm-12 kc_column_inner kc_col-sm-12\"><div class=\"kc_wrapper kc-col-inner-container\"><div class=\"kc-elm kc_row kc_row_inner\"><div class=\"kc-elm kc_col-sm-1 kc_column_inner kc_col-sm-1\"><div class=\"kc_wrapper kc-col-inner-container\">\n<div class=\"kc-elm kc-css-829683 kc-pro-button kc-button-7\">\n\t<a href=\"https:\/\/www.muzeumtrebisov.sk\/wp-content\/uploads\/2024\/02\/Co-vies-o-hviezdach-prihlaska.pdf\">\n\t\t<span class=\"creative_title\">Prihl\u00e1\u0161ka<\/span>\t<\/a>\n<\/div>\n<div class=\"kc-elm kc-css-436177\" style=\"height: 20px; clear: both; width:100%;\"><\/div>\n<div class=\"kc-elm kc-css-576694 kc-pro-button kc-button-7\">\n\t<a href=\"https:\/\/www.muzeumtrebisov.sk\/wp-content\/uploads\/2024\/02\/Suhlas-so-spracovanim-osobnych-udajov.pdf\">\n\t\t<span class=\"creative_title\">S\u00fahlas so spracovan\u00edm osobn\u00fdch \u00fadajov<\/span>\t<\/a>\n<\/div>\n<\/div><\/div><\/div><\/div><\/div><\/div><\/div><\/div><\/div><\/div><\/section><section class=\"kc-elm kc-css-74916 kc_row\"><div class=\"kc-row-container  kc-container\"><div class=\"kc-wrap-columns\"><div class=\"kc-elm kc-css-739906 kc_col-sm-12 kc_column kc_col-sm-12\"><div class=\"kc-col-container\"><div class=\"kc-elm kc-css-510637 kc_row kc_row_inner\"><div class=\"kc-elm kc-css-607300 kc_col-sm-12 kc_column_inner kc_col-sm-12\"><div class=\"kc_wrapper kc-col-inner-container\">\n<div class=\"kc-elm kc-css-25639 divider_line\">\n\t<div class=\"divider_inner divider_line3\">\n\t\t<span class=\"line_text\">Inform\u00e1cie o podujat\u00ed<\/span>\t<\/div>\n<\/div>\n<div class=\"kc-elm kc-css-927177 kc_text_block\"><\/p>\n<p style=\"text-align: center;\"><strong>Vyhlasovatelia celoslovensk\u00e9ho kola:<\/strong> Slovensk\u00e1 \u00fastredn\u00e1 hvezd\u00e1re\u0148 v\u00a0Hurbanove<br \/>v\u00a0spolupr\u00e1ci s hvezd\u00e1r\u0148ami a planet\u00e1riami, okresn\u00fdmi astronomick\u00fdmi kabinetmi, okresn\u00fdmi osvetov\u00fdmi strediskami, centrami vo\u013en\u00e9ho \u010dasu, region\u00e1lnymi kult\u00farnymi centrami<\/p>\n<p style=\"text-align: center;\"><strong>Vyhlasovate\u013e okresn\u00e9ho kola: M\u00fazeum a\u00a0Kult\u00farne centrum ju\u017en\u00e9ho Zempl\u00edna v\u00a0Trebi\u0161ove,<br \/>\u00fatvar astron\u00f3mie<\/strong><\/p>\n<p style=\"text-align: center;\"><strong>Cie\u013e s\u00fa\u0165a\u017ee: <\/strong>Cie\u013eom s\u00fa\u0165a\u017ee je preuk\u00e1za\u0165 vedomosti \u017eiakov a\u00a0\u0161tudentov z\u00a0astron\u00f3mie a\u00a0aktivizova\u0165 ich k\u00a0z\u00edskavaniu nov\u00fdch poznatkov z\u00a0astron\u00f3mie a\u00a0\u010fal\u0161\u00edch pr\u00edrodovedn\u00fdch predmetov. Zameranie \u00faloh a\u00a0ot\u00e1zok podnecuje \u00fa\u010dastn\u00edkov s\u00fa\u0165a\u017ee k\u00a0samostatn\u00e9mu pozorovaniu a\u00a0orient\u00e1cii na oblohe.<\/p>\n<p><strong>Podmienky:<\/strong> \u00a0 S\u00fa\u0165a\u017ei\u0165 sa bude v troch kateg\u00f3ri\u00e1ch :<\/p>\n<p><strong>1. kateg\u00f3ria\u00a0\u00a0\u00a0 &#8211;\u00a0\u00a0\u00a0 21. marec 2024 \/ \u0161tvrtok \/\u00a0 <br \/><\/strong>\u017eiaci z\u00e1kladn\u00fdch \u0161k\u00f4l\u00a0\u00a0 4. &#8211; 6. ro\u010dn\u00edka a 1. ro\u010dn\u00edk 8 &#8211; ro\u010dn\u00e9ho gymn\u00e1zia<\/p>\n<p><strong>2. kateg\u00f3ria\u00a0\u00a0\u00a0 &#8211;\u00a0\u00a0\u00a0 22. marec 2024 \/ piatok \/\u00a0\u00a0 <br \/><\/strong>\u017eiaci z\u00e1kladn\u00fdch \u0161k\u00f4l\u00a0 7. &#8211; 9. ro\u010dn\u00edk, 2. &#8211; 4.\u00a0 ro\u010dn\u00edk 8 &#8211; ro\u010dn\u00e9ho gymn\u00e1zia\u00a0 a\u00a01. ro\u010dn\u00edk\u00a0 5 &#8211; ro\u010dn\u00e9ho gymn\u00e1zia<\/p>\n<p><strong>3. kateg\u00f3ria\u00a0\u00a0\u00a0 &#8211;\u00a0\u00a0 22. marec 2024 \/piatok\/\u00a0 <\/strong><br \/>\u0161tudenti stredn\u00fdch \u0161k\u00f4l, gymn\u00e1zi\u00ed,\u00a0 5. &#8211; \u00a08. ro\u010dn\u00edk 8 &#8211; ro\u010dn\u00e9ho gymn\u00e1zia,\u00a0 a\u00a02. &#8211; 5. ro\u010dn\u00edk 5 &#8211; ro\u010dn\u00e9ho gymn\u00e1zia<\/p>\n<p style=\"text-align: center;\"><strong>Obsahov\u00fa n\u00e1pl\u0148 bud\u00fa tvori\u0165 ot\u00e1zky z nasleduj\u00facich okruhov:<\/strong><\/p>\n<p style=\"text-align: center;\"><strong><em>v\u0161eobecn\u00e1 astron\u00f3mia, hist\u00f3ria astron\u00f3mie, slne\u010dn\u00e1 s\u00fastava, astronomick\u00e9 pr\u00edstroje, vyu\u017eitie kozmonautick\u00fdch prostriedkov v astron\u00f3mii.<\/em><\/strong><\/p>\n<p style=\"text-align: center;\"><strong>Ak m\u00e1te z\u00e1ujem prihl\u00e1si\u0165 sa do tejto s\u00fa\u0165a\u017ee,<\/strong> pros\u00edme V\u00e1s, aby ste prilo\u017een\u00fa prihl\u00e1\u0161ku <strong>vyplnili a do 12. marca\u00a0 2024 zaslali na na\u0161u adresu be\u017enou, alebo elektronickou po\u0161tou.<\/strong> Z\u00e1rove\u0148 pros\u00edme o\u00a0vyplnenie a zaslanie s\u00fahlasu na spracovanie osobn\u00fdch \u00fadajov. Bli\u017e\u0161ie inform\u00e1cie o s\u00fa\u0165a\u017ei sa dozviete\u00a0 na \u010d. t. 0902 627 882, alebo osobne na na\u0161ej adrese.<\/p>\n<p style=\"text-align: center;\"><strong>Pozv\u00e1nku na okresn\u00e9 kolo s\u00fa\u0165a\u017ee V\u00e1m e\u0161te za\u0161leme\u00a0 pred s\u00fa\u0165a\u017eou.<\/strong><\/p>\n<p><strong>Priebeh s\u00fa\u0165a\u017ee:<\/strong> S\u00fa\u0165a\u017e bude trojstup\u0148ov\u00e1<\/p>\n<p><strong>I. Okresn\u00e9 kolo <\/strong>\u00a0\u2013 <strong>M\u00fazeum a\u00a0Kult\u00farne centrum ju\u017en\u00e9ho Zempl\u00edna <\/strong><strong>v\u00a0Trebi\u0161ove, \u00fatvar astron\u00f3mie<\/strong><\/p>\n<p><strong>II. Krajsk\u00e9 kolo<\/strong>\u00a0 \u2013 organiz\u00e1tor Krajsk\u00e1 hvezd\u00e1re\u0148\u00a0 a Zempl\u00ednske kult\u00farne centrum\u00a0 Michalovce (presn\u00fd term\u00edn a miesto konania bude ozn\u00e1men\u00e9 na okresnom kole)<\/p>\n<p><strong>III. Celoslovensk\u00e9 kolo<\/strong> \u2013 organiza\u010dne zabezpe\u010d\u00ed Slovensk\u00e1 \u00fastredn\u00e1 hvezd\u00e1re\u0148 v Hurbanove<\/p>\n<p><strong>Postupov\u00fd k\u013e\u00fa\u010d: <\/strong>Do krajsk\u00fdch k\u00f4l bud\u00fa postupova\u0165 jednotlivci umiestnen\u00ed na 1. a\u017e 3. mieste v okresn\u00fdch kol\u00e1ch,\u00a0 do\u00a0 celoslovensk\u00e9ho kola bud\u00fa postupova\u0165 umiestnen\u00ed na 1. a\u017e 3. mieste v krajsk\u00fdch kol\u00e1ch.\u00a0\u00a0<\/p>\n<p>\n<\/div><\/div><\/div><\/div><\/div><\/div><\/div><\/div><\/section><\/p>","protected":false},"excerpt":{"rendered":"","protected":false},"author":1,"featured_media":5586,"comment_status":"open","ping_status":"open","sticky":false,"template":"tpl-king_composer.php","format":"standard","meta":{"om_disable_all_campaigns":false,"_vp_format_video_url":"","_vp_image_focal_point":[]},"categories":[70],"tags":[],"aioseo_notices":[],"yoast_head":"<!-- This site is optimized with the Yoast SEO plugin v18.5.1 - https:\/\/yoast.com\/wordpress\/plugins\/seo\/ -->\n<title>S\u00fa\u0165a\u017e - \u010co vie\u0161 o hviezdach ? | M\u00fazeum Trebi\u0161ov - Ka\u0161tie\u013e Andr\u00e1ssyovcov<\/title>\n<meta name=\"robots\" content=\"index, follow, max-snippet:-1, max-image-preview:large, max-video-preview:-1\" \/>\n<link rel=\"canonical\" href=\"https:\/\/www.muzeumtrebisov.sk\/hu\/astronomia\/co-vies-o-hviezdach\/\" \/>\n<meta property=\"og:locale\" content=\"hu_HU\" \/>\n<meta property=\"og:type\" content=\"article\" \/>\n<meta property=\"og:title\" content=\"S\u00fa\u0165a\u017e - \u010co vie\u0161 o hviezdach ? | M\u00fazeum Trebi\u0161ov - Ka\u0161tie\u013e Andr\u00e1ssyovcov\" \/>\n<meta property=\"og:description\" content=\"\u010cO VIE\u0160 O HVIEZDACH ? 2024 \u0160tat\u00fat 34. ro\u010dn\u00edka celoslovenskej vedomostnej s\u00fa\u0165a\u017ee Prihl\u00e1\u0161ka S\u00fahlas so spracovan\u00edm osobn\u00fdch \u00fadajov Inform\u00e1cie o podujat\u00ed Vyhlasovatelia celoslovensk\u00e9ho kola: Slovensk\u00e1 \u00fastredn\u00e1 hvezd\u00e1re\u0148 v\u00a0Hurbanovev\u00a0spolupr\u00e1ci s hvezd\u00e1r\u0148ami a planet\u00e1riami, okresn\u00fdmi astronomick\u00fdmi kabinetmi, okresn\u00fdmi osvetov\u00fdmi strediskami, centrami vo\u013en\u00e9ho \u010dasu, region\u00e1lnymi kult\u00farnymi centrami Vyhlasovate\u013e okresn\u00e9ho kola: M\u00fazeum a\u00a0Kult\u00farne centrum ju\u017en\u00e9ho Zempl\u00edna v\u00a0Trebi\u0161ove,\u00fatvar astron\u00f3mie Cie\u013e\" \/>\n<meta property=\"og:url\" content=\"https:\/\/www.muzeumtrebisov.sk\/hu\/astronomia\/co-vies-o-hviezdach\/\" \/>\n<meta property=\"og:site_name\" content=\"M\u00fazeum Trebi\u0161ov - Ka\u0161tie\u013e Andr\u00e1ssyovcov\" \/>\n<meta property=\"article:publisher\" content=\"https:\/\/www.facebook.com\/muzeumtvkastielandrassyovcov\" \/>\n<meta property=\"article:published_time\" content=\"2024-02-20T16:15:45+00:00\" \/>\n<meta property=\"article:modified_time\" content=\"2024-02-21T07:33:06+00:00\" \/>\n<meta property=\"og:image\" content=\"https:\/\/www.muzeumtrebisov.sk\/wp-content\/uploads\/2024\/02\/na-webco-vies-o-hviezdach-plagat-2.jpg\" \/>\n\t<meta property=\"og:image:width\" content=\"1754\" \/>\n\t<meta property=\"og:image:height\" content=\"1240\" \/>\n\t<meta property=\"og:image:type\" content=\"image\/jpeg\" \/>\n<meta name=\"twitter:card\" content=\"summary_large_image\" \/>\n<meta name=\"twitter:label1\" content=\"Szerz\u0151:\" \/>\n\t<meta name=\"twitter:data1\" content=\"muzeumtvadmin\" \/>\n<script type=\"application\/ld+json\" class=\"yoast-schema-graph\">{\"@context\":\"https:\/\/schema.org\",\"@graph\":[{\"@type\":\"Organization\",\"@id\":\"https:\/\/www.muzeumtrebisov.sk\/#organization\",\"name\":\"M\u00fazeum Trebi\u0161ov - Ka\u0161tie\u013e Andr\u00e1ssyovcov\",\"url\":\"https:\/\/www.muzeumtrebisov.sk\/\",\"sameAs\":[\"https:\/\/www.facebook.com\/muzeumtvkastielandrassyovcov\",\"https:\/\/www.instagram.com\/muzeumtrebisovkastielandrassy\/\",\"https:\/\/www.youtube.com\/channel\/UCprfZHvPNIxqZ2IHCDwfv1w\"],\"logo\":{\"@type\":\"ImageObject\",\"@id\":\"https:\/\/www.muzeumtrebisov.sk\/#logo\",\"inLanguage\":\"hu\",\"url\":\"https:\/\/www.muzeumtrebisov.sk\/wp-content\/uploads\/2022\/04\/dual-logo-color-hor.png\",\"contentUrl\":\"https:\/\/www.muzeumtrebisov.sk\/wp-content\/uploads\/2022\/04\/dual-logo-color-hor.png\",\"width\":749,\"height\":140,\"caption\":\"M\u00fazeum Trebi\u0161ov - Ka\u0161tie\u013e Andr\u00e1ssyovcov\"},\"image\":{\"@id\":\"https:\/\/www.muzeumtrebisov.sk\/#logo\"}},{\"@type\":\"WebSite\",\"@id\":\"https:\/\/www.muzeumtrebisov.sk\/#website\",\"url\":\"https:\/\/www.muzeumtrebisov.sk\/\",\"name\":\"M\u00fazeum Trebi\u0161ov - Ka\u0161tie\u013e Andr\u00e1ssyovcov\",\"description\":\"Hist\u00f3ria Andr\u00e1ssyovcov a ju\u017en\u00e9ho Zempl\u00edna\",\"publisher\":{\"@id\":\"https:\/\/www.muzeumtrebisov.sk\/#organization\"},\"potentialAction\":[{\"@type\":\"SearchAction\",\"target\":{\"@type\":\"EntryPoint\",\"urlTemplate\":\"https:\/\/www.muzeumtrebisov.sk\/?s={search_term_string}\"},\"query-input\":\"required name=search_term_string\"}],\"inLanguage\":\"hu\"},{\"@type\":\"ImageObject\",\"@id\":\"https:\/\/www.muzeumtrebisov.sk\/astronomia\/co-vies-o-hviezdach\/#primaryimage\",\"inLanguage\":\"hu\",\"url\":\"https:\/\/www.muzeumtrebisov.sk\/wp-content\/uploads\/2024\/02\/na-webco-vies-o-hviezdach-plagat-2.jpg\",\"contentUrl\":\"https:\/\/www.muzeumtrebisov.sk\/wp-content\/uploads\/2024\/02\/na-webco-vies-o-hviezdach-plagat-2.jpg\",\"width\":1754,\"height\":1240},{\"@type\":\"WebPage\",\"@id\":\"https:\/\/www.muzeumtrebisov.sk\/astronomia\/co-vies-o-hviezdach\/#webpage\",\"url\":\"https:\/\/www.muzeumtrebisov.sk\/astronomia\/co-vies-o-hviezdach\/\",\"name\":\"S\u00fa\u0165a\u017e - \u010co vie\u0161 o hviezdach ? | M\u00fazeum Trebi\u0161ov - Ka\u0161tie\u013e Andr\u00e1ssyovcov\",\"isPartOf\":{\"@id\":\"https:\/\/www.muzeumtrebisov.sk\/#website\"},\"primaryImageOfPage\":{\"@id\":\"https:\/\/www.muzeumtrebisov.sk\/astronomia\/co-vies-o-hviezdach\/#primaryimage\"},\"datePublished\":\"2024-02-20T16:15:45+00:00\",\"dateModified\":\"2024-02-21T07:33:06+00:00\",\"breadcrumb\":{\"@id\":\"https:\/\/www.muzeumtrebisov.sk\/astronomia\/co-vies-o-hviezdach\/#breadcrumb\"},\"inLanguage\":\"hu\",\"potentialAction\":[{\"@type\":\"ReadAction\",\"target\":[\"https:\/\/www.muzeumtrebisov.sk\/astronomia\/co-vies-o-hviezdach\/\"]}]},{\"@type\":\"BreadcrumbList\",\"@id\":\"https:\/\/www.muzeumtrebisov.sk\/astronomia\/co-vies-o-hviezdach\/#breadcrumb\",\"itemListElement\":[{\"@type\":\"ListItem\",\"position\":1,\"name\":\"Home\",\"item\":\"https:\/\/www.muzeumtrebisov.sk\/\"},{\"@type\":\"ListItem\",\"position\":2,\"name\":\"S\u00fa\u0165a\u017e &#8211; \u010co vie\u0161 o hviezdach ?\"}]},{\"@type\":\"Article\",\"@id\":\"https:\/\/www.muzeumtrebisov.sk\/astronomia\/co-vies-o-hviezdach\/#article\",\"isPartOf\":{\"@id\":\"https:\/\/www.muzeumtrebisov.sk\/astronomia\/co-vies-o-hviezdach\/#webpage\"},\"author\":{\"@id\":\"https:\/\/www.muzeumtrebisov.sk\/#\/schema\/person\/e020f4c0852b191613d063438d60ae6b\"},\"headline\":\"S\u00fa\u0165a\u017e &#8211; \u010co vie\u0161 o hviezdach ?\",\"datePublished\":\"2024-02-20T16:15:45+00:00\",\"dateModified\":\"2024-02-21T07:33:06+00:00\",\"mainEntityOfPage\":{\"@id\":\"https:\/\/www.muzeumtrebisov.sk\/astronomia\/co-vies-o-hviezdach\/#webpage\"},\"wordCount\":482,\"commentCount\":0,\"publisher\":{\"@id\":\"https:\/\/www.muzeumtrebisov.sk\/#organization\"},\"image\":{\"@id\":\"https:\/\/www.muzeumtrebisov.sk\/astronomia\/co-vies-o-hviezdach\/#primaryimage\"},\"thumbnailUrl\":\"https:\/\/www.muzeumtrebisov.sk\/wp-content\/uploads\/2024\/02\/na-webco-vies-o-hviezdach-plagat-2.jpg\",\"articleSection\":[\"Astron\u00f3mia\"],\"inLanguage\":\"hu\",\"potentialAction\":[{\"@type\":\"CommentAction\",\"name\":\"Comment\",\"target\":[\"https:\/\/www.muzeumtrebisov.sk\/astronomia\/co-vies-o-hviezdach\/#respond\"]}]},{\"@type\":\"Person\",\"@id\":\"https:\/\/www.muzeumtrebisov.sk\/#\/schema\/person\/e020f4c0852b191613d063438d60ae6b\",\"name\":\"muzeumtvadmin\",\"image\":{\"@type\":\"ImageObject\",\"@id\":\"https:\/\/www.muzeumtrebisov.sk\/#personlogo\",\"inLanguage\":\"hu\",\"url\":\"https:\/\/secure.gravatar.com\/avatar\/115030f8384675efad0cc99183d7cd51?s=96&d=mm&r=g\",\"contentUrl\":\"https:\/\/secure.gravatar.com\/avatar\/115030f8384675efad0cc99183d7cd51?s=96&d=mm&r=g\",\"caption\":\"muzeumtvadmin\"},\"sameAs\":[\"https:\/\/www.muzeumtrebisov.sk\"],\"url\":\"https:\/\/www.muzeumtrebisov.sk\/hu\/author\/muzeumtvadmin\/\"}]}<\/script>\n<!-- \/ Yoast SEO plugin. -->","yoast_head_json":{"title":"S\u00fa\u0165a\u017e - \u010co vie\u0161 o hviezdach ? | M\u00fazeum Trebi\u0161ov - Ka\u0161tie\u013e Andr\u00e1ssyovcov","robots":{"index":"index","follow":"follow","max-snippet":"max-snippet:-1","max-image-preview":"max-image-preview:large","max-video-preview":"max-video-preview:-1"},"canonical":"https:\/\/www.muzeumtrebisov.sk\/hu\/astronomia\/co-vies-o-hviezdach\/","og_locale":"hu_HU","og_type":"article","og_title":"S\u00fa\u0165a\u017e - \u010co vie\u0161 o hviezdach ? | M\u00fazeum Trebi\u0161ov - Ka\u0161tie\u013e Andr\u00e1ssyovcov","og_description":"\u010cO VIE\u0160 O HVIEZDACH ? 2024 \u0160tat\u00fat 34. ro\u010dn\u00edka celoslovenskej vedomostnej s\u00fa\u0165a\u017ee Prihl\u00e1\u0161ka S\u00fahlas so spracovan\u00edm osobn\u00fdch \u00fadajov Inform\u00e1cie o podujat\u00ed Vyhlasovatelia celoslovensk\u00e9ho kola: Slovensk\u00e1 \u00fastredn\u00e1 hvezd\u00e1re\u0148 v\u00a0Hurbanovev\u00a0spolupr\u00e1ci s hvezd\u00e1r\u0148ami a planet\u00e1riami, okresn\u00fdmi astronomick\u00fdmi kabinetmi, okresn\u00fdmi osvetov\u00fdmi strediskami, centrami vo\u013en\u00e9ho \u010dasu, region\u00e1lnymi kult\u00farnymi centrami Vyhlasovate\u013e okresn\u00e9ho kola: M\u00fazeum a\u00a0Kult\u00farne centrum ju\u017en\u00e9ho Zempl\u00edna v\u00a0Trebi\u0161ove,\u00fatvar astron\u00f3mie Cie\u013e","og_url":"https:\/\/www.muzeumtrebisov.sk\/hu\/astronomia\/co-vies-o-hviezdach\/","og_site_name":"M\u00fazeum Trebi\u0161ov - Ka\u0161tie\u013e Andr\u00e1ssyovcov","article_publisher":"https:\/\/www.facebook.com\/muzeumtvkastielandrassyovcov","article_published_time":"2024-02-20T16:15:45+00:00","article_modified_time":"2024-02-21T07:33:06+00:00","og_image":[{"width":1754,"height":1240,"url":"https:\/\/www.muzeumtrebisov.sk\/wp-content\/uploads\/2024\/02\/na-webco-vies-o-hviezdach-plagat-2.jpg","type":"image\/jpeg"}],"twitter_card":"summary_large_image","twitter_misc":{"Szerz\u0151:":"muzeumtvadmin"},"schema":{"@context":"https:\/\/schema.org","@graph":[{"@type":"Organization","@id":"https:\/\/www.muzeumtrebisov.sk\/#organization","name":"M\u00fazeum Trebi\u0161ov - Ka\u0161tie\u013e Andr\u00e1ssyovcov","url":"https:\/\/www.muzeumtrebisov.sk\/","sameAs":["https:\/\/www.facebook.com\/muzeumtvkastielandrassyovcov","https:\/\/www.instagram.com\/muzeumtrebisovkastielandrassy\/","https:\/\/www.youtube.com\/channel\/UCprfZHvPNIxqZ2IHCDwfv1w"],"logo":{"@type":"ImageObject","@id":"https:\/\/www.muzeumtrebisov.sk\/#logo","inLanguage":"hu","url":"https:\/\/www.muzeumtrebisov.sk\/wp-content\/uploads\/2022\/04\/dual-logo-color-hor.png","contentUrl":"https:\/\/www.muzeumtrebisov.sk\/wp-content\/uploads\/2022\/04\/dual-logo-color-hor.png","width":749,"height":140,"caption":"M\u00fazeum Trebi\u0161ov - Ka\u0161tie\u013e Andr\u00e1ssyovcov"},"image":{"@id":"https:\/\/www.muzeumtrebisov.sk\/#logo"}},{"@type":"WebSite","@id":"https:\/\/www.muzeumtrebisov.sk\/#website","url":"https:\/\/www.muzeumtrebisov.sk\/","name":"M\u00fazeum Trebi\u0161ov - Ka\u0161tie\u013e Andr\u00e1ssyovcov","description":"Hist\u00f3ria Andr\u00e1ssyovcov a ju\u017en\u00e9ho Zempl\u00edna","publisher":{"@id":"https:\/\/www.muzeumtrebisov.sk\/#organization"},"potentialAction":[{"@type":"SearchAction","target":{"@type":"EntryPoint","urlTemplate":"https:\/\/www.muzeumtrebisov.sk\/?s={search_term_string}"},"query-input":"required name=search_term_string"}],"inLanguage":"hu"},{"@type":"ImageObject","@id":"https:\/\/www.muzeumtrebisov.sk\/astronomia\/co-vies-o-hviezdach\/#primaryimage","inLanguage":"hu","url":"https:\/\/www.muzeumtrebisov.sk\/wp-content\/uploads\/2024\/02\/na-webco-vies-o-hviezdach-plagat-2.jpg","contentUrl":"https:\/\/www.muzeumtrebisov.sk\/wp-content\/uploads\/2024\/02\/na-webco-vies-o-hviezdach-plagat-2.jpg","width":1754,"height":1240},{"@type":"WebPage","@id":"https:\/\/www.muzeumtrebisov.sk\/astronomia\/co-vies-o-hviezdach\/#webpage","url":"https:\/\/www.muzeumtrebisov.sk\/astronomia\/co-vies-o-hviezdach\/","name":"S\u00fa\u0165a\u017e - \u010co vie\u0161 o hviezdach ? | M\u00fazeum Trebi\u0161ov - Ka\u0161tie\u013e Andr\u00e1ssyovcov","isPartOf":{"@id":"https:\/\/www.muzeumtrebisov.sk\/#website"},"primaryImageOfPage":{"@id":"https:\/\/www.muzeumtrebisov.sk\/astronomia\/co-vies-o-hviezdach\/#primaryimage"},"datePublished":"2024-02-20T16:15:45+00:00","dateModified":"2024-02-21T07:33:06+00:00","breadcrumb":{"@id":"https:\/\/www.muzeumtrebisov.sk\/astronomia\/co-vies-o-hviezdach\/#breadcrumb"},"inLanguage":"hu","potentialAction":[{"@type":"ReadAction","target":["https:\/\/www.muzeumtrebisov.sk\/astronomia\/co-vies-o-hviezdach\/"]}]},{"@type":"BreadcrumbList","@id":"https:\/\/www.muzeumtrebisov.sk\/astronomia\/co-vies-o-hviezdach\/#breadcrumb","itemListElement":[{"@type":"ListItem","position":1,"name":"Home","item":"https:\/\/www.muzeumtrebisov.sk\/"},{"@type":"ListItem","position":2,"name":"S\u00fa\u0165a\u017e &#8211; \u010co vie\u0161 o hviezdach ?"}]},{"@type":"Article","@id":"https:\/\/www.muzeumtrebisov.sk\/astronomia\/co-vies-o-hviezdach\/#article","isPartOf":{"@id":"https:\/\/www.muzeumtrebisov.sk\/astronomia\/co-vies-o-hviezdach\/#webpage"},"author":{"@id":"https:\/\/www.muzeumtrebisov.sk\/#\/schema\/person\/e020f4c0852b191613d063438d60ae6b"},"headline":"S\u00fa\u0165a\u017e &#8211; \u010co vie\u0161 o hviezdach ?","datePublished":"2024-02-20T16:15:45+00:00","dateModified":"2024-02-21T07:33:06+00:00","mainEntityOfPage":{"@id":"https:\/\/www.muzeumtrebisov.sk\/astronomia\/co-vies-o-hviezdach\/#webpage"},"wordCount":482,"commentCount":0,"publisher":{"@id":"https:\/\/www.muzeumtrebisov.sk\/#organization"},"image":{"@id":"https:\/\/www.muzeumtrebisov.sk\/astronomia\/co-vies-o-hviezdach\/#primaryimage"},"thumbnailUrl":"https:\/\/www.muzeumtrebisov.sk\/wp-content\/uploads\/2024\/02\/na-webco-vies-o-hviezdach-plagat-2.jpg","articleSection":["Astron\u00f3mia"],"inLanguage":"hu","potentialAction":[{"@type":"CommentAction","name":"Comment","target":["https:\/\/www.muzeumtrebisov.sk\/astronomia\/co-vies-o-hviezdach\/#respond"]}]},{"@type":"Person","@id":"https:\/\/www.muzeumtrebisov.sk\/#\/schema\/person\/e020f4c0852b191613d063438d60ae6b","name":"muzeumtvadmin","image":{"@type":"ImageObject","@id":"https:\/\/www.muzeumtrebisov.sk\/#personlogo","inLanguage":"hu","url":"https:\/\/secure.gravatar.com\/avatar\/115030f8384675efad0cc99183d7cd51?s=96&d=mm&r=g","contentUrl":"https:\/\/secure.gravatar.com\/avatar\/115030f8384675efad0cc99183d7cd51?s=96&d=mm&r=g","caption":"muzeumtvadmin"},"sameAs":["https:\/\/www.muzeumtrebisov.sk"],"url":"https:\/\/www.muzeumtrebisov.sk\/hu\/author\/muzeumtvadmin\/"}]}},"_links":{"self":[{"href":"https:\/\/www.muzeumtrebisov.sk\/hu\/wp-json\/wp\/v2\/posts\/5584"}],"collection":[{"href":"https:\/\/www.muzeumtrebisov.sk\/hu\/wp-json\/wp\/v2\/posts"}],"about":[{"href":"https:\/\/www.muzeumtrebisov.sk\/hu\/wp-json\/wp\/v2\/types\/post"}],"author":[{"embeddable":true,"href":"https:\/\/www.muzeumtrebisov.sk\/hu\/wp-json\/wp\/v2\/users\/1"}],"replies":[{"embeddable":true,"href":"https:\/\/www.muzeumtrebisov.sk\/hu\/wp-json\/wp\/v2\/comments?post=5584"}],"version-history":[{"count":6,"href":"https:\/\/www.muzeumtrebisov.sk\/hu\/wp-json\/wp\/v2\/posts\/5584\/revisions"}],"predecessor-version":[{"id":5616,"href":"https:\/\/www.muzeumtrebisov.sk\/hu\/wp-json\/wp\/v2\/posts\/5584\/revisions\/5616"}],"wp:featuredmedia":[{"embeddable":true,"href":"https:\/\/www.muzeumtrebisov.sk\/hu\/wp-json\/wp\/v2\/media\/5586"}],"wp:attachment":[{"href":"https:\/\/www.muzeumtrebisov.sk\/hu\/wp-json\/wp\/v2\/media?parent=5584"}],"wp:term":[{"taxonomy":"category","embeddable":true,"href":"https:\/\/www.muzeumtrebisov.sk\/hu\/wp-json\/wp\/v2\/categories?post=5584"},{"taxonomy":"post_tag","embeddable":true,"href":"https:\/\/www.muzeumtrebisov.sk\/hu\/wp-json\/wp\/v2\/tags?post=5584"}],"curies":[{"name":"wp","href":"https:\/\/api.w.org\/{rel}","templated":true}]}}