{"id":5458,"date":"2024-01-30T12:28:10","date_gmt":"2024-01-30T11:28:10","guid":{"rendered":"https:\/\/www.muzeumtrebisov.sk\/?p=5458"},"modified":"2024-01-30T12:30:11","modified_gmt":"2024-01-30T11:30:11","slug":"zemplin-antiqua","status":"publish","type":"post","link":"https:\/\/www.muzeumtrebisov.sk\/hu\/spravy\/zemplin-antiqua\/","title":{"rendered":"Zempl\u00edn ANTIQUA"},"content":{"rendered":"<section class=\"kc-elm kc-css-740259 kc_row\"><div class=\"kc-row-container  kc-container\"><div class=\"kc-wrap-columns\"><div class=\"kc-elm kc-css-162479 kc_column kc_col-sm-12\"><div class=\"kc-col-container\"><div class=\"kc-elm kc-css-612466 kc_text_block\"><\/p>\n<p><strong>&lt;\/p&gt;&lt;p&gt;Archeol&oacute;gia m&aacute; k\u013e&uacute;\u010d k porozumeniu kto sme a odkia\u013e sme pri&scaron;li&hellip;&lt;\/p&gt;<\/strong><\/p>\n<p>M\u00fazeum a\u00a0Kult\u00farne centrum ju\u017en\u00e9ho Zempl\u00edna v\u00a0Trebi\u0161ove, kult\u00farne zariadenie Ko\u0161ick\u00e9ho samospr\u00e1vneho kraja, pripravilo pre n\u00e1v\u0161tevn\u00edkov a\u00a0najm\u00e4 nad\u0161encov archeol\u00f3gie nov\u00fa interakt\u00edvnu archeologick\u00fa expoz\u00edciu zameran\u00fa na obdobie najstar\u0161\u00edch dej\u00edn \u013eudstva \u2013 praveku. \u010casov\u00e1 os prevedie n\u00e1v\u0161tevn\u00edkov dobou kamennou, bronzovou a\u00a0\u017eeleznou a\u017e po v\u010dasn\u00fd stredovek. In\u0161talovan\u00e9 artefakty bud\u00fa \u201ereprezentantmi\u201c dan\u00e9ho obdobia alebo archeologickej kult\u00fary, o\u00a0ktor\u00fdch si bud\u00fa m\u00f4c\u0165 n\u00e1v\u0161tevn\u00edci pre\u010d\u00edta\u0165 v\u00a0interakt\u00edvnych tabletoch.<\/p>\n<p>Nov\u00e1 archeologick\u00e1 expoz\u00edcia zameran\u00e1 na obdobie praveku dopln\u00ed u\u017e existuj\u00facu expoz\u00edciu <em>Stredovek\u00e9 dejiny regi\u00f3nu ju\u017en\u00e9ho Zempl\u00edna<\/em>. N\u00e1v\u0161tevn\u00edci bud\u00fa ma\u0165 komplexn\u00fd poh\u013ead na v\u00fdvoj region\u00e1lnych dej\u00edn Trebi\u0161ova \u010di bli\u017e\u0161ieho, ako aj jeho vzdialenej\u0161ie okolia od praveku po obdobie neskor\u00e9ho stredoveku.<\/p>\n<p><em>\u201eS\u00fa\u010das\u0165ou expoz\u00edcie s\u00fa aj prvky m\u00fazejnej pedagogiky v\u00a0podobe magnetick\u00e9ho puzzle \u010di hry Poskladaj si artefakt. Pr\u00e1cu archeol\u00f3ga v\u00a0ter\u00e9ne pribl\u00ed\u017ei dotykov\u00fd interakt\u00edvny sarkof\u00e1g, ktor\u00fd umo\u017en\u00ed odkry\u0165 hrob \u017eeny zo star\u0161ej doby bronzovej. Postupn\u00e9 odkr\u00fdvanie hrobu pomocou jednotliv\u00fdch krokov (\u010distenie hrobu, fotografovanie \u010di prekreslenie hrobu na milimetrov\u00fd papier priamo na displeji) pribl\u00ed\u017ei najm\u00e4 \u0161tudentom jednotliv\u00e9 f\u00e1zy v\u00fdskumu hrobu v\u00a0r\u00e1mci pohrebiska\u201c<\/em>, povedal Rastislav Trnka, predseda Ko\u0161ick\u00e9ho samospr\u00e1vneho kraja.<\/p>\n<p><em>\u201eExpoz\u00edcia je koncipovan\u00e1 nielen pre odborn\u00fa i laick\u00fa verejnos\u0165, ale najm\u00e4 pre z\u00e1kladn\u00e9 a\u00a0stredn\u00e9 \u0161koly, s\u00a0ktor\u00fdmi chceme <\/em><em>posilni\u0165 vz\u00e1jomn\u00fd kontakt e\u0161te intenz\u00edvnej\u0161ou spolupr\u00e1cou. Prostredn\u00edctvom novej interakt\u00edvnej expoz\u00edcie chceme vyvola\u0165 u\u00a0\u0161tudentov pocit objavova\u0165 \u201enepoznan\u00e9\u201c, \u010d\u00edm by sa mohol zmeni\u0165 ich poh\u013ead na dejepis\/hist\u00f3riu, ktor\u00e9 \u010dastokr\u00e1t pova\u017euj\u00fa za vedu historick\u00fdch faktov, ktor\u00e9 sa musia u\u010di\u0165 naspam\u00e4\u0165\u201c<\/em>, povedala riadite\u013eka m\u00fazea Be\u00e1ta Kere\u0161tanov\u00e1.<\/p>\n<p>Expoz\u00edcia so zakomponovan\u00fdmi proticovidov\u00fdmi opatreniami bola vytvoren\u00e1 v\u010faka \u00faspe\u0161n\u00e9mu projektu v\u00a0r\u00e1mci v\u00fdzvy <em>Udr\u017eate\u013enos\u0165 a\u00a0odolnos\u0165 kult\u00farnych in\u0161tit\u00faci\u00ed<\/em> vyhl\u00e1senej Ministerstvom kult\u00fary SR, na ktor\u00fa bola vy\u010dlenen\u00e1 suma 120\u00a0783,60 \u20ac. Dofinancovanie projektu zabezpe\u010dil n\u00e1\u0161 zria\u010fovate\u013e \u2013 Ko\u0161ick\u00fd samospr\u00e1vny kraj \u2013 v\u00a0celkovej sume 5\u00a0336,36 \u20ac.<\/p>\n<p>Expoz\u00edcia bude pre verejnos\u0165 spr\u00edstupnen\u00e1 od 18. febru\u00e1ra v\u00a0trebi\u0161ovskom m\u00fazeu \u2013 v ka\u0161tieli Andr\u00e1ssyovcov.<strong>&lt;\/p&gt;<\/strong><\/p>\n<p>\n<\/div><\/div><\/div><\/div><\/div><\/section>","protected":false},"excerpt":{"rendered":"","protected":false},"author":1,"featured_media":5461,"comment_status":"open","ping_status":"open","sticky":false,"template":"tpl-king_composer.php","format":"standard","meta":{"om_disable_all_campaigns":false,"_vp_format_video_url":"","_vp_image_focal_point":[]},"categories":[73,19],"tags":[],"aioseo_notices":[],"yoast_head":"<!-- This site is optimized with the Yoast SEO plugin v18.5.1 - https:\/\/yoast.com\/wordpress\/plugins\/seo\/ -->\n<title>Zempl\u00edn ANTIQUA | M\u00fazeum Trebi\u0161ov - Ka\u0161tie\u013e Andr\u00e1ssyovcov<\/title>\n<meta name=\"robots\" content=\"index, follow, max-snippet:-1, max-image-preview:large, max-video-preview:-1\" \/>\n<link rel=\"canonical\" href=\"https:\/\/www.muzeumtrebisov.sk\/hu\/spravy\/zemplin-antiqua\/\" \/>\n<meta property=\"og:locale\" content=\"hu_HU\" \/>\n<meta property=\"og:type\" content=\"article\" \/>\n<meta property=\"og:title\" content=\"Zempl\u00edn ANTIQUA | M\u00fazeum Trebi\u0161ov - Ka\u0161tie\u013e Andr\u00e1ssyovcov\" \/>\n<meta property=\"og:description\" content=\"&lt;\/p&gt;&lt;p&gt;Archeol\u00f3gia m\u00e1 k\u013e\u00fa\u010d k porozumeniu kto sme a odkia\u013e sme pri\u0161li&#8230;&lt;\/p&gt; M\u00fazeum a\u00a0Kult\u00farne centrum ju\u017en\u00e9ho Zempl\u00edna v\u00a0Trebi\u0161ove, kult\u00farne zariadenie Ko\u0161ick\u00e9ho samospr\u00e1vneho kraja, pripravilo pre n\u00e1v\u0161tevn\u00edkov a\u00a0najm\u00e4 nad\u0161encov archeol\u00f3gie nov\u00fa interakt\u00edvnu archeologick\u00fa expoz\u00edciu zameran\u00fa na obdobie najstar\u0161\u00edch dej\u00edn \u013eudstva \u2013 praveku. \u010casov\u00e1 os prevedie n\u00e1v\u0161tevn\u00edkov dobou kamennou, bronzovou a\u00a0\u017eeleznou a\u017e po v\u010dasn\u00fd stredovek. In\u0161talovan\u00e9 artefakty bud\u00fa\" \/>\n<meta property=\"og:url\" content=\"https:\/\/www.muzeumtrebisov.sk\/hu\/spravy\/zemplin-antiqua\/\" \/>\n<meta property=\"og:site_name\" content=\"M\u00fazeum Trebi\u0161ov - Ka\u0161tie\u013e Andr\u00e1ssyovcov\" \/>\n<meta property=\"article:publisher\" content=\"https:\/\/www.facebook.com\/muzeumtvkastielandrassyovcov\" \/>\n<meta property=\"article:published_time\" content=\"2024-01-30T11:28:10+00:00\" \/>\n<meta property=\"article:modified_time\" content=\"2024-01-30T11:30:11+00:00\" \/>\n<meta property=\"og:image\" content=\"https:\/\/www.muzeumtrebisov.sk\/wp-content\/uploads\/2024\/01\/Artboard-1@2x-1024x1024.jpg\" \/>\n\t<meta property=\"og:image:width\" content=\"1024\" \/>\n\t<meta property=\"og:image:height\" content=\"1024\" \/>\n\t<meta property=\"og:image:type\" content=\"image\/jpeg\" \/>\n<meta name=\"twitter:card\" content=\"summary_large_image\" \/>\n<meta name=\"twitter:label1\" content=\"Szerz\u0151:\" \/>\n\t<meta name=\"twitter:data1\" content=\"muzeumtvadmin\" \/>\n\t<meta name=\"twitter:label2\" content=\"Becs\u00fclt olvas\u00e1si id\u0151\" \/>\n\t<meta name=\"twitter:data2\" content=\"2 perc\" \/>\n<script type=\"application\/ld+json\" class=\"yoast-schema-graph\">{\"@context\":\"https:\/\/schema.org\",\"@graph\":[{\"@type\":\"Organization\",\"@id\":\"https:\/\/www.muzeumtrebisov.sk\/#organization\",\"name\":\"M\u00fazeum Trebi\u0161ov - Ka\u0161tie\u013e Andr\u00e1ssyovcov\",\"url\":\"https:\/\/www.muzeumtrebisov.sk\/\",\"sameAs\":[\"https:\/\/www.facebook.com\/muzeumtvkastielandrassyovcov\",\"https:\/\/www.instagram.com\/muzeumtrebisovkastielandrassy\/\",\"https:\/\/www.youtube.com\/channel\/UCprfZHvPNIxqZ2IHCDwfv1w\"],\"logo\":{\"@type\":\"ImageObject\",\"@id\":\"https:\/\/www.muzeumtrebisov.sk\/#logo\",\"inLanguage\":\"hu\",\"url\":\"https:\/\/www.muzeumtrebisov.sk\/wp-content\/uploads\/2022\/04\/dual-logo-color-hor.png\",\"contentUrl\":\"https:\/\/www.muzeumtrebisov.sk\/wp-content\/uploads\/2022\/04\/dual-logo-color-hor.png\",\"width\":749,\"height\":140,\"caption\":\"M\u00fazeum Trebi\u0161ov - Ka\u0161tie\u013e Andr\u00e1ssyovcov\"},\"image\":{\"@id\":\"https:\/\/www.muzeumtrebisov.sk\/#logo\"}},{\"@type\":\"WebSite\",\"@id\":\"https:\/\/www.muzeumtrebisov.sk\/#website\",\"url\":\"https:\/\/www.muzeumtrebisov.sk\/\",\"name\":\"M\u00fazeum Trebi\u0161ov - Ka\u0161tie\u013e Andr\u00e1ssyovcov\",\"description\":\"Hist\u00f3ria Andr\u00e1ssyovcov a ju\u017en\u00e9ho Zempl\u00edna\",\"publisher\":{\"@id\":\"https:\/\/www.muzeumtrebisov.sk\/#organization\"},\"potentialAction\":[{\"@type\":\"SearchAction\",\"target\":{\"@type\":\"EntryPoint\",\"urlTemplate\":\"https:\/\/www.muzeumtrebisov.sk\/?s={search_term_string}\"},\"query-input\":\"required name=search_term_string\"}],\"inLanguage\":\"hu\"},{\"@type\":\"ImageObject\",\"@id\":\"https:\/\/www.muzeumtrebisov.sk\/spravy\/zemplin-antiqua\/#primaryimage\",\"inLanguage\":\"hu\",\"url\":\"https:\/\/www.muzeumtrebisov.sk\/wp-content\/uploads\/2024\/01\/Artboard-1@2x.jpg\",\"contentUrl\":\"https:\/\/www.muzeumtrebisov.sk\/wp-content\/uploads\/2024\/01\/Artboard-1@2x.jpg\",\"width\":2160,\"height\":2160},{\"@type\":\"WebPage\",\"@id\":\"https:\/\/www.muzeumtrebisov.sk\/spravy\/zemplin-antiqua\/#webpage\",\"url\":\"https:\/\/www.muzeumtrebisov.sk\/spravy\/zemplin-antiqua\/\",\"name\":\"Zempl\u00edn ANTIQUA | M\u00fazeum Trebi\u0161ov - Ka\u0161tie\u013e Andr\u00e1ssyovcov\",\"isPartOf\":{\"@id\":\"https:\/\/www.muzeumtrebisov.sk\/#website\"},\"primaryImageOfPage\":{\"@id\":\"https:\/\/www.muzeumtrebisov.sk\/spravy\/zemplin-antiqua\/#primaryimage\"},\"datePublished\":\"2024-01-30T11:28:10+00:00\",\"dateModified\":\"2024-01-30T11:30:11+00:00\",\"breadcrumb\":{\"@id\":\"https:\/\/www.muzeumtrebisov.sk\/spravy\/zemplin-antiqua\/#breadcrumb\"},\"inLanguage\":\"hu\",\"potentialAction\":[{\"@type\":\"ReadAction\",\"target\":[\"https:\/\/www.muzeumtrebisov.sk\/spravy\/zemplin-antiqua\/\"]}]},{\"@type\":\"BreadcrumbList\",\"@id\":\"https:\/\/www.muzeumtrebisov.sk\/spravy\/zemplin-antiqua\/#breadcrumb\",\"itemListElement\":[{\"@type\":\"ListItem\",\"position\":1,\"name\":\"Home\",\"item\":\"https:\/\/www.muzeumtrebisov.sk\/\"},{\"@type\":\"ListItem\",\"position\":2,\"name\":\"Zempl\u00edn ANTIQUA\"}]},{\"@type\":\"Article\",\"@id\":\"https:\/\/www.muzeumtrebisov.sk\/spravy\/zemplin-antiqua\/#article\",\"isPartOf\":{\"@id\":\"https:\/\/www.muzeumtrebisov.sk\/spravy\/zemplin-antiqua\/#webpage\"},\"author\":{\"@id\":\"https:\/\/www.muzeumtrebisov.sk\/#\/schema\/person\/e020f4c0852b191613d063438d60ae6b\"},\"headline\":\"Zempl\u00edn ANTIQUA\",\"datePublished\":\"2024-01-30T11:28:10+00:00\",\"dateModified\":\"2024-01-30T11:30:11+00:00\",\"mainEntityOfPage\":{\"@id\":\"https:\/\/www.muzeumtrebisov.sk\/spravy\/zemplin-antiqua\/#webpage\"},\"wordCount\":433,\"commentCount\":0,\"publisher\":{\"@id\":\"https:\/\/www.muzeumtrebisov.sk\/#organization\"},\"image\":{\"@id\":\"https:\/\/www.muzeumtrebisov.sk\/spravy\/zemplin-antiqua\/#primaryimage\"},\"thumbnailUrl\":\"https:\/\/www.muzeumtrebisov.sk\/wp-content\/uploads\/2024\/01\/Artboard-1@2x.jpg\",\"articleSection\":[\"M\u00fazeum\",\"Spr\u00e1vy\"],\"inLanguage\":\"hu\",\"potentialAction\":[{\"@type\":\"CommentAction\",\"name\":\"Comment\",\"target\":[\"https:\/\/www.muzeumtrebisov.sk\/spravy\/zemplin-antiqua\/#respond\"]}]},{\"@type\":\"Person\",\"@id\":\"https:\/\/www.muzeumtrebisov.sk\/#\/schema\/person\/e020f4c0852b191613d063438d60ae6b\",\"name\":\"muzeumtvadmin\",\"image\":{\"@type\":\"ImageObject\",\"@id\":\"https:\/\/www.muzeumtrebisov.sk\/#personlogo\",\"inLanguage\":\"hu\",\"url\":\"https:\/\/secure.gravatar.com\/avatar\/115030f8384675efad0cc99183d7cd51?s=96&d=mm&r=g\",\"contentUrl\":\"https:\/\/secure.gravatar.com\/avatar\/115030f8384675efad0cc99183d7cd51?s=96&d=mm&r=g\",\"caption\":\"muzeumtvadmin\"},\"sameAs\":[\"https:\/\/www.muzeumtrebisov.sk\"],\"url\":\"https:\/\/www.muzeumtrebisov.sk\/hu\/author\/muzeumtvadmin\/\"}]}<\/script>\n<!-- \/ Yoast SEO plugin. -->","yoast_head_json":{"title":"Zempl\u00edn ANTIQUA | M\u00fazeum Trebi\u0161ov - Ka\u0161tie\u013e Andr\u00e1ssyovcov","robots":{"index":"index","follow":"follow","max-snippet":"max-snippet:-1","max-image-preview":"max-image-preview:large","max-video-preview":"max-video-preview:-1"},"canonical":"https:\/\/www.muzeumtrebisov.sk\/hu\/spravy\/zemplin-antiqua\/","og_locale":"hu_HU","og_type":"article","og_title":"Zempl\u00edn ANTIQUA | M\u00fazeum Trebi\u0161ov - Ka\u0161tie\u013e Andr\u00e1ssyovcov","og_description":"&lt;\/p&gt;&lt;p&gt;Archeol\u00f3gia m\u00e1 k\u013e\u00fa\u010d k porozumeniu kto sme a odkia\u013e sme pri\u0161li&#8230;&lt;\/p&gt; M\u00fazeum a\u00a0Kult\u00farne centrum ju\u017en\u00e9ho Zempl\u00edna v\u00a0Trebi\u0161ove, kult\u00farne zariadenie Ko\u0161ick\u00e9ho samospr\u00e1vneho kraja, pripravilo pre n\u00e1v\u0161tevn\u00edkov a\u00a0najm\u00e4 nad\u0161encov archeol\u00f3gie nov\u00fa interakt\u00edvnu archeologick\u00fa expoz\u00edciu zameran\u00fa na obdobie najstar\u0161\u00edch dej\u00edn \u013eudstva \u2013 praveku. \u010casov\u00e1 os prevedie n\u00e1v\u0161tevn\u00edkov dobou kamennou, bronzovou a\u00a0\u017eeleznou a\u017e po v\u010dasn\u00fd stredovek. In\u0161talovan\u00e9 artefakty bud\u00fa","og_url":"https:\/\/www.muzeumtrebisov.sk\/hu\/spravy\/zemplin-antiqua\/","og_site_name":"M\u00fazeum Trebi\u0161ov - Ka\u0161tie\u013e Andr\u00e1ssyovcov","article_publisher":"https:\/\/www.facebook.com\/muzeumtvkastielandrassyovcov","article_published_time":"2024-01-30T11:28:10+00:00","article_modified_time":"2024-01-30T11:30:11+00:00","og_image":[{"width":1024,"height":1024,"url":"https:\/\/www.muzeumtrebisov.sk\/wp-content\/uploads\/2024\/01\/Artboard-1@2x-1024x1024.jpg","type":"image\/jpeg"}],"twitter_card":"summary_large_image","twitter_misc":{"Szerz\u0151:":"muzeumtvadmin","Becs\u00fclt olvas\u00e1si id\u0151":"2 perc"},"schema":{"@context":"https:\/\/schema.org","@graph":[{"@type":"Organization","@id":"https:\/\/www.muzeumtrebisov.sk\/#organization","name":"M\u00fazeum Trebi\u0161ov - Ka\u0161tie\u013e Andr\u00e1ssyovcov","url":"https:\/\/www.muzeumtrebisov.sk\/","sameAs":["https:\/\/www.facebook.com\/muzeumtvkastielandrassyovcov","https:\/\/www.instagram.com\/muzeumtrebisovkastielandrassy\/","https:\/\/www.youtube.com\/channel\/UCprfZHvPNIxqZ2IHCDwfv1w"],"logo":{"@type":"ImageObject","@id":"https:\/\/www.muzeumtrebisov.sk\/#logo","inLanguage":"hu","url":"https:\/\/www.muzeumtrebisov.sk\/wp-content\/uploads\/2022\/04\/dual-logo-color-hor.png","contentUrl":"https:\/\/www.muzeumtrebisov.sk\/wp-content\/uploads\/2022\/04\/dual-logo-color-hor.png","width":749,"height":140,"caption":"M\u00fazeum Trebi\u0161ov - Ka\u0161tie\u013e Andr\u00e1ssyovcov"},"image":{"@id":"https:\/\/www.muzeumtrebisov.sk\/#logo"}},{"@type":"WebSite","@id":"https:\/\/www.muzeumtrebisov.sk\/#website","url":"https:\/\/www.muzeumtrebisov.sk\/","name":"M\u00fazeum Trebi\u0161ov - Ka\u0161tie\u013e Andr\u00e1ssyovcov","description":"Hist\u00f3ria Andr\u00e1ssyovcov a ju\u017en\u00e9ho Zempl\u00edna","publisher":{"@id":"https:\/\/www.muzeumtrebisov.sk\/#organization"},"potentialAction":[{"@type":"SearchAction","target":{"@type":"EntryPoint","urlTemplate":"https:\/\/www.muzeumtrebisov.sk\/?s={search_term_string}"},"query-input":"required name=search_term_string"}],"inLanguage":"hu"},{"@type":"ImageObject","@id":"https:\/\/www.muzeumtrebisov.sk\/spravy\/zemplin-antiqua\/#primaryimage","inLanguage":"hu","url":"https:\/\/www.muzeumtrebisov.sk\/wp-content\/uploads\/2024\/01\/Artboard-1@2x.jpg","contentUrl":"https:\/\/www.muzeumtrebisov.sk\/wp-content\/uploads\/2024\/01\/Artboard-1@2x.jpg","width":2160,"height":2160},{"@type":"WebPage","@id":"https:\/\/www.muzeumtrebisov.sk\/spravy\/zemplin-antiqua\/#webpage","url":"https:\/\/www.muzeumtrebisov.sk\/spravy\/zemplin-antiqua\/","name":"Zempl\u00edn ANTIQUA | M\u00fazeum Trebi\u0161ov - Ka\u0161tie\u013e Andr\u00e1ssyovcov","isPartOf":{"@id":"https:\/\/www.muzeumtrebisov.sk\/#website"},"primaryImageOfPage":{"@id":"https:\/\/www.muzeumtrebisov.sk\/spravy\/zemplin-antiqua\/#primaryimage"},"datePublished":"2024-01-30T11:28:10+00:00","dateModified":"2024-01-30T11:30:11+00:00","breadcrumb":{"@id":"https:\/\/www.muzeumtrebisov.sk\/spravy\/zemplin-antiqua\/#breadcrumb"},"inLanguage":"hu","potentialAction":[{"@type":"ReadAction","target":["https:\/\/www.muzeumtrebisov.sk\/spravy\/zemplin-antiqua\/"]}]},{"@type":"BreadcrumbList","@id":"https:\/\/www.muzeumtrebisov.sk\/spravy\/zemplin-antiqua\/#breadcrumb","itemListElement":[{"@type":"ListItem","position":1,"name":"Home","item":"https:\/\/www.muzeumtrebisov.sk\/"},{"@type":"ListItem","position":2,"name":"Zempl\u00edn ANTIQUA"}]},{"@type":"Article","@id":"https:\/\/www.muzeumtrebisov.sk\/spravy\/zemplin-antiqua\/#article","isPartOf":{"@id":"https:\/\/www.muzeumtrebisov.sk\/spravy\/zemplin-antiqua\/#webpage"},"author":{"@id":"https:\/\/www.muzeumtrebisov.sk\/#\/schema\/person\/e020f4c0852b191613d063438d60ae6b"},"headline":"Zempl\u00edn ANTIQUA","datePublished":"2024-01-30T11:28:10+00:00","dateModified":"2024-01-30T11:30:11+00:00","mainEntityOfPage":{"@id":"https:\/\/www.muzeumtrebisov.sk\/spravy\/zemplin-antiqua\/#webpage"},"wordCount":433,"commentCount":0,"publisher":{"@id":"https:\/\/www.muzeumtrebisov.sk\/#organization"},"image":{"@id":"https:\/\/www.muzeumtrebisov.sk\/spravy\/zemplin-antiqua\/#primaryimage"},"thumbnailUrl":"https:\/\/www.muzeumtrebisov.sk\/wp-content\/uploads\/2024\/01\/Artboard-1@2x.jpg","articleSection":["M\u00fazeum","Spr\u00e1vy"],"inLanguage":"hu","potentialAction":[{"@type":"CommentAction","name":"Comment","target":["https:\/\/www.muzeumtrebisov.sk\/spravy\/zemplin-antiqua\/#respond"]}]},{"@type":"Person","@id":"https:\/\/www.muzeumtrebisov.sk\/#\/schema\/person\/e020f4c0852b191613d063438d60ae6b","name":"muzeumtvadmin","image":{"@type":"ImageObject","@id":"https:\/\/www.muzeumtrebisov.sk\/#personlogo","inLanguage":"hu","url":"https:\/\/secure.gravatar.com\/avatar\/115030f8384675efad0cc99183d7cd51?s=96&d=mm&r=g","contentUrl":"https:\/\/secure.gravatar.com\/avatar\/115030f8384675efad0cc99183d7cd51?s=96&d=mm&r=g","caption":"muzeumtvadmin"},"sameAs":["https:\/\/www.muzeumtrebisov.sk"],"url":"https:\/\/www.muzeumtrebisov.sk\/hu\/author\/muzeumtvadmin\/"}]}},"_links":{"self":[{"href":"https:\/\/www.muzeumtrebisov.sk\/hu\/wp-json\/wp\/v2\/posts\/5458"}],"collection":[{"href":"https:\/\/www.muzeumtrebisov.sk\/hu\/wp-json\/wp\/v2\/posts"}],"about":[{"href":"https:\/\/www.muzeumtrebisov.sk\/hu\/wp-json\/wp\/v2\/types\/post"}],"author":[{"embeddable":true,"href":"https:\/\/www.muzeumtrebisov.sk\/hu\/wp-json\/wp\/v2\/users\/1"}],"replies":[{"embeddable":true,"href":"https:\/\/www.muzeumtrebisov.sk\/hu\/wp-json\/wp\/v2\/comments?post=5458"}],"version-history":[{"count":4,"href":"https:\/\/www.muzeumtrebisov.sk\/hu\/wp-json\/wp\/v2\/posts\/5458\/revisions"}],"predecessor-version":[{"id":5463,"href":"https:\/\/www.muzeumtrebisov.sk\/hu\/wp-json\/wp\/v2\/posts\/5458\/revisions\/5463"}],"wp:featuredmedia":[{"embeddable":true,"href":"https:\/\/www.muzeumtrebisov.sk\/hu\/wp-json\/wp\/v2\/media\/5461"}],"wp:attachment":[{"href":"https:\/\/www.muzeumtrebisov.sk\/hu\/wp-json\/wp\/v2\/media?parent=5458"}],"wp:term":[{"taxonomy":"category","embeddable":true,"href":"https:\/\/www.muzeumtrebisov.sk\/hu\/wp-json\/wp\/v2\/categories?post=5458"},{"taxonomy":"post_tag","embeddable":true,"href":"https:\/\/www.muzeumtrebisov.sk\/hu\/wp-json\/wp\/v2\/tags?post=5458"}],"curies":[{"name":"wp","href":"https:\/\/api.w.org\/{rel}","templated":true}]}}