{"id":5393,"date":"2024-01-16T19:11:55","date_gmt":"2024-01-16T18:11:55","guid":{"rendered":"https:\/\/www.muzeumtrebisov.sk\/?p=5393"},"modified":"2024-01-16T19:13:30","modified_gmt":"2024-01-16T18:13:30","slug":"sutaz-vytvarne-spektrum-2024","status":"publish","type":"post","link":"https:\/\/www.muzeumtrebisov.sk\/hu\/kulturne-centrum\/sutaz-vytvarne-spektrum-2024\/","title":{"rendered":"S\u00fa\u0165a\u017e &#8211; V\u00fdtvarn\u00e9 spektrum 2024"},"content":{"rendered":"<p><section class=\"kc-elm kc-css-325336 kc_row\"><div class=\"kc-row-container  kc-container\"><div class=\"kc-wrap-columns\"><div class=\"kc-elm kc-css-382398 kc_col-sm-12 kc_column kc_col-sm-12\"><div class=\"kc-col-container\"><div class=\"kc-elm kc-css-582413 kc_text_block\"><\/p>\n<p>Uk\u00e1\u017e svoj talent!Prihl\u00e1s sa do region\u00e1lneho kola 61. ro\u010dn\u00edka celo\u0161t\u00e1tnej postupovej s\u00fa\u0165a\u017ee a v\u00fdstavy neprofesion\u00e1lnej v\u00fdtvarnej tvorby V\u00fdtvarn\u00e9 Spektrum. S\u00fa\u0165a\u017e je trojstup\u0148ov\u00e1 a pozost\u00e1va z region\u00e1lneho, krajsk\u00e9ho a celo\u0161t\u00e1tneho kola. Do s\u00fa\u0165a\u017ee m\u00f4\u017ee\u0161 prihl\u00e1si\u0165 nielen svoju kresbu a ma\u013ebu, ale aj dizajn, digit\u00e1lnu ma\u013ebu \u010di experiment.<br \/>\nS\u00fa\u0165a\u017e je ur\u010den\u00e1 neprofesion\u00e1lnym v\u00fdtvarn\u00edkom od 15 rokov. Ocenen\u00e9 diela postupuj\u00fa do krajsk\u00e9ho kola s\u00fa\u0165a\u017ee.<\/p>\n<p>\n<\/div>\n<div class=\"kc-elm kc-css-566071 kc-title-wrap\">\n\n\t<h1 class=\"kc_title\">V\u00fdtvarn\u00e9 spektrum 2024<\/h1>\n<\/div>\n\n<div class=\"kc-elm kc-css-385182 kc-title-wrap\">\n\n\t<h1 class=\"kc_title\">16. janu\u00e1r 2024<\/h1>\n<\/div>\n<div class=\"kc-elm kc-css-177730\" style=\"height: 40px; clear: both; width:100%;\"><\/div><\/div><\/div><\/div><\/div><\/section><section data-kc-equalheight=\"true\" data-kc-equalheight-align=\"middle\" class=\"kc-elm kc-css-401375 kc_row\"><div class=\"kc-row-container  kc-container\"><div class=\"kc-wrap-columns\"><div class=\"kc-elm kc-css-847933 kc_col-sm-6 kc_column kc_col-sm-6\"><div class=\"kc-col-container\"><div data-kc-equalheight=\"true\" data-kc-row-action=\"true\" data-kc-equalheight-align=\"top\" class=\"kc-elm kc-css-642797 kc_row kc_row_inner\"><div class=\"kc-elm kc-css-544610 kc_col-sm-12 kc_column_inner kc_col-sm-12\"><div class=\"kc_wrapper kc-col-inner-container\"><div class=\"kc-elm kc-css-744545 kc-animate-delay-200 kc-animate-speed-3s kc_shortcode kc_single_image\">\n\n        <img src=\"https:\/\/www.muzeumtrebisov.sk\/wp-content\/uploads\/2024\/01\/vytvarne-spektrum-plagat-2024-scaled.jpg\" class=\"\" alt=\"\" \/>    <\/div>\n<\/div><\/div><\/div><\/div><\/div><div class=\"kc-elm kc-css-210382 kc_col-sm-6 kc_column kc_col-sm-6\"><div class=\"kc-col-container\"><div class=\"kc-elm kc-css-991033 kc_text_block\"><\/p>\n<p><strong>Uk\u00e1\u017e svoj talent!<\/strong><\/p>\n<p>Prihl\u00e1s sa do region\u00e1lneho kola 61. ro\u010dn\u00edka celo\u0161t\u00e1tnej postupovej s\u00fa\u0165a\u017ee a v\u00fdstavy neprofesion\u00e1lnej v\u00fdtvarnej tvorby V\u00fdtvarn\u00e9 Spektrum. S\u00fa\u0165a\u017e je trojstup\u0148ov\u00e1 a pozost\u00e1va z region\u00e1lneho, krajsk\u00e9ho a celo\u0161t\u00e1tneho kola. Do s\u00fa\u0165a\u017ee m\u00f4\u017ee\u0161 prihl\u00e1si\u0165 nielen svoju kresbu a ma\u013ebu, ale aj dizajn, digit\u00e1lnu ma\u013ebu \u010di experiment.<br \/>S\u00fa\u0165a\u017e je ur\u010den\u00e1 neprofesion\u00e1lnym v\u00fdtvarn\u00edkom od 15 rokov. Ocenen\u00e9 diela postupuj\u00fa do krajsk\u00e9ho kola s\u00fa\u0165a\u017ee.<\/p>\n<p>Do region\u00e1lneho kola s\u00fa\u0165a\u017ee sa m\u00f4\u017ee\u0161 prihl\u00e1si\u0165<strong> od 2.1.2024 do 9.2.2024<\/strong> vyplnen\u00edm elektronick\u00e9ho formul\u00e1ra na str\u00e1nke N\u00e1rodn\u00e9ho osvetov\u00e9ho centra : <a href=\"https:\/\/www.nocka.sk\/chcemsaprihlasit\/prihlasenie\">https:\/\/www.nocka.sk\/chcemsaprihlasit\/prihlasenie<\/a><\/p>\n<p>Prihl\u00e1sen\u00ed \u00fa\u010dastn\u00edci z okolia Trebi\u0161ova m\u00f4\u017eu svoje pr\u00e1ce prinies\u0165 do M\u00fazea a Kult\u00farneho centra ju\u017en\u00e9ho Zempl\u00edn v Trebi\u0161ove do 16.febru\u00e1ra 2024.<\/p>\n<p>V\u0161etky potrebn\u00e9 inform\u00e1cie propoz\u00edcie s\u00fa\u0165a\u017ee n\u00e1jde\u0161 na webe: <a href=\"https:\/\/www.nocka.sk\/sutaze-a-prehliadky\/vytvarne-spektrum\/\">https:\/\/www.nocka.sk\/sutaze-a-prehliadky\/vytvarne-spektrum\/<\/a><\/p>\n<p>\n<\/div><\/div><\/div><\/div><\/div><\/section><\/p>","protected":false},"excerpt":{"rendered":"","protected":false},"author":1,"featured_media":5391,"comment_status":"open","ping_status":"open","sticky":false,"template":"tpl-king_composer.php","format":"standard","meta":{"om_disable_all_campaigns":false,"_vp_format_video_url":"","_vp_image_focal_point":[]},"categories":[71],"tags":[],"aioseo_notices":[],"yoast_head":"<!-- This site is optimized with the Yoast SEO plugin v18.5.1 - https:\/\/yoast.com\/wordpress\/plugins\/seo\/ -->\n<title>S\u00fa\u0165a\u017e - V\u00fdtvarn\u00e9 spektrum 2024 | M\u00fazeum Trebi\u0161ov - Ka\u0161tie\u013e Andr\u00e1ssyovcov<\/title>\n<meta name=\"robots\" content=\"index, follow, max-snippet:-1, max-image-preview:large, max-video-preview:-1\" \/>\n<link rel=\"canonical\" href=\"https:\/\/www.muzeumtrebisov.sk\/hu\/kulturne-centrum\/sutaz-vytvarne-spektrum-2024\/\" \/>\n<meta property=\"og:locale\" content=\"hu_HU\" \/>\n<meta property=\"og:type\" content=\"article\" \/>\n<meta property=\"og:title\" content=\"S\u00fa\u0165a\u017e - V\u00fdtvarn\u00e9 spektrum 2024 | M\u00fazeum Trebi\u0161ov - Ka\u0161tie\u013e Andr\u00e1ssyovcov\" \/>\n<meta property=\"og:description\" content=\"Uk\u00e1\u017e svoj talent!Prihl\u00e1s sa do region\u00e1lneho kola 61. ro\u010dn\u00edka celo\u0161t\u00e1tnej postupovej s\u00fa\u0165a\u017ee a v\u00fdstavy neprofesion\u00e1lnej v\u00fdtvarnej tvorby V\u00fdtvarn\u00e9 Spektrum. S\u00fa\u0165a\u017e je trojstup\u0148ov\u00e1 a pozost\u00e1va z region\u00e1lneho, krajsk\u00e9ho a celo\u0161t\u00e1tneho kola. Do s\u00fa\u0165a\u017ee m\u00f4\u017ee\u0161 prihl\u00e1si\u0165 nielen svoju kresbu a ma\u013ebu, ale aj dizajn, digit\u00e1lnu ma\u013ebu \u010di experiment. S\u00fa\u0165a\u017e je ur\u010den\u00e1 neprofesion\u00e1lnym v\u00fdtvarn\u00edkom od 15 rokov. Ocenen\u00e9\" \/>\n<meta property=\"og:url\" content=\"https:\/\/www.muzeumtrebisov.sk\/hu\/kulturne-centrum\/sutaz-vytvarne-spektrum-2024\/\" \/>\n<meta property=\"og:site_name\" content=\"M\u00fazeum Trebi\u0161ov - Ka\u0161tie\u013e Andr\u00e1ssyovcov\" \/>\n<meta property=\"article:publisher\" content=\"https:\/\/www.facebook.com\/muzeumtvkastielandrassyovcov\" \/>\n<meta property=\"article:published_time\" content=\"2024-01-16T18:11:55+00:00\" \/>\n<meta property=\"article:modified_time\" content=\"2024-01-16T18:13:30+00:00\" \/>\n<meta property=\"og:image\" content=\"https:\/\/www.muzeumtrebisov.sk\/wp-content\/uploads\/2022\/04\/DSC_9950-scaled.jpg\" \/>\n\t<meta property=\"og:image:width\" content=\"2560\" \/>\n\t<meta property=\"og:image:height\" content=\"960\" \/>\n\t<meta property=\"og:image:type\" content=\"image\/jpeg\" \/>\n<meta name=\"twitter:card\" content=\"summary_large_image\" \/>\n<meta name=\"twitter:label1\" content=\"Szerz\u0151:\" \/>\n\t<meta name=\"twitter:data1\" content=\"muzeumtvadmin\" \/>\n<script type=\"application\/ld+json\" class=\"yoast-schema-graph\">{\"@context\":\"https:\/\/schema.org\",\"@graph\":[{\"@type\":\"Organization\",\"@id\":\"https:\/\/www.muzeumtrebisov.sk\/#organization\",\"name\":\"M\u00fazeum Trebi\u0161ov - Ka\u0161tie\u013e Andr\u00e1ssyovcov\",\"url\":\"https:\/\/www.muzeumtrebisov.sk\/\",\"sameAs\":[\"https:\/\/www.facebook.com\/muzeumtvkastielandrassyovcov\",\"https:\/\/www.instagram.com\/muzeumtrebisovkastielandrassy\/\",\"https:\/\/www.youtube.com\/channel\/UCprfZHvPNIxqZ2IHCDwfv1w\"],\"logo\":{\"@type\":\"ImageObject\",\"@id\":\"https:\/\/www.muzeumtrebisov.sk\/#logo\",\"inLanguage\":\"hu\",\"url\":\"https:\/\/www.muzeumtrebisov.sk\/wp-content\/uploads\/2022\/04\/dual-logo-color-hor.png\",\"contentUrl\":\"https:\/\/www.muzeumtrebisov.sk\/wp-content\/uploads\/2022\/04\/dual-logo-color-hor.png\",\"width\":749,\"height\":140,\"caption\":\"M\u00fazeum Trebi\u0161ov - Ka\u0161tie\u013e Andr\u00e1ssyovcov\"},\"image\":{\"@id\":\"https:\/\/www.muzeumtrebisov.sk\/#logo\"}},{\"@type\":\"WebSite\",\"@id\":\"https:\/\/www.muzeumtrebisov.sk\/#website\",\"url\":\"https:\/\/www.muzeumtrebisov.sk\/\",\"name\":\"M\u00fazeum Trebi\u0161ov - Ka\u0161tie\u013e Andr\u00e1ssyovcov\",\"description\":\"Hist\u00f3ria Andr\u00e1ssyovcov a ju\u017en\u00e9ho Zempl\u00edna\",\"publisher\":{\"@id\":\"https:\/\/www.muzeumtrebisov.sk\/#organization\"},\"potentialAction\":[{\"@type\":\"SearchAction\",\"target\":{\"@type\":\"EntryPoint\",\"urlTemplate\":\"https:\/\/www.muzeumtrebisov.sk\/?s={search_term_string}\"},\"query-input\":\"required name=search_term_string\"}],\"inLanguage\":\"hu\"},{\"@type\":\"ImageObject\",\"@id\":\"https:\/\/www.muzeumtrebisov.sk\/kulturne-centrum\/sutaz-vytvarne-spektrum-2024\/#primaryimage\",\"inLanguage\":\"hu\",\"url\":\"https:\/\/www.muzeumtrebisov.sk\/wp-content\/uploads\/2024\/01\/vytvarne-spektrum-plagat-2024-scaled.jpg\",\"contentUrl\":\"https:\/\/www.muzeumtrebisov.sk\/wp-content\/uploads\/2024\/01\/vytvarne-spektrum-plagat-2024-scaled.jpg\",\"width\":1811,\"height\":2560},{\"@type\":\"WebPage\",\"@id\":\"https:\/\/www.muzeumtrebisov.sk\/kulturne-centrum\/sutaz-vytvarne-spektrum-2024\/#webpage\",\"url\":\"https:\/\/www.muzeumtrebisov.sk\/kulturne-centrum\/sutaz-vytvarne-spektrum-2024\/\",\"name\":\"S\u00fa\u0165a\u017e - V\u00fdtvarn\u00e9 spektrum 2024 | M\u00fazeum Trebi\u0161ov - Ka\u0161tie\u013e Andr\u00e1ssyovcov\",\"isPartOf\":{\"@id\":\"https:\/\/www.muzeumtrebisov.sk\/#website\"},\"primaryImageOfPage\":{\"@id\":\"https:\/\/www.muzeumtrebisov.sk\/kulturne-centrum\/sutaz-vytvarne-spektrum-2024\/#primaryimage\"},\"datePublished\":\"2024-01-16T18:11:55+00:00\",\"dateModified\":\"2024-01-16T18:13:30+00:00\",\"breadcrumb\":{\"@id\":\"https:\/\/www.muzeumtrebisov.sk\/kulturne-centrum\/sutaz-vytvarne-spektrum-2024\/#breadcrumb\"},\"inLanguage\":\"hu\",\"potentialAction\":[{\"@type\":\"ReadAction\",\"target\":[\"https:\/\/www.muzeumtrebisov.sk\/kulturne-centrum\/sutaz-vytvarne-spektrum-2024\/\"]}]},{\"@type\":\"BreadcrumbList\",\"@id\":\"https:\/\/www.muzeumtrebisov.sk\/kulturne-centrum\/sutaz-vytvarne-spektrum-2024\/#breadcrumb\",\"itemListElement\":[{\"@type\":\"ListItem\",\"position\":1,\"name\":\"Home\",\"item\":\"https:\/\/www.muzeumtrebisov.sk\/\"},{\"@type\":\"ListItem\",\"position\":2,\"name\":\"S\u00fa\u0165a\u017e &#8211; V\u00fdtvarn\u00e9 spektrum 2024\"}]},{\"@type\":\"Article\",\"@id\":\"https:\/\/www.muzeumtrebisov.sk\/kulturne-centrum\/sutaz-vytvarne-spektrum-2024\/#article\",\"isPartOf\":{\"@id\":\"https:\/\/www.muzeumtrebisov.sk\/kulturne-centrum\/sutaz-vytvarne-spektrum-2024\/#webpage\"},\"author\":{\"@id\":\"https:\/\/www.muzeumtrebisov.sk\/#\/schema\/person\/e020f4c0852b191613d063438d60ae6b\"},\"headline\":\"S\u00fa\u0165a\u017e &#8211; V\u00fdtvarn\u00e9 spektrum 2024\",\"datePublished\":\"2024-01-16T18:11:55+00:00\",\"dateModified\":\"2024-01-16T18:13:30+00:00\",\"mainEntityOfPage\":{\"@id\":\"https:\/\/www.muzeumtrebisov.sk\/kulturne-centrum\/sutaz-vytvarne-spektrum-2024\/#webpage\"},\"wordCount\":286,\"commentCount\":0,\"publisher\":{\"@id\":\"https:\/\/www.muzeumtrebisov.sk\/#organization\"},\"image\":{\"@id\":\"https:\/\/www.muzeumtrebisov.sk\/kulturne-centrum\/sutaz-vytvarne-spektrum-2024\/#primaryimage\"},\"thumbnailUrl\":\"https:\/\/www.muzeumtrebisov.sk\/wp-content\/uploads\/2024\/01\/vytvarne-spektrum-plagat-2024-scaled.jpg\",\"articleSection\":[\"Kult\u00farne centrum\"],\"inLanguage\":\"hu\",\"potentialAction\":[{\"@type\":\"CommentAction\",\"name\":\"Comment\",\"target\":[\"https:\/\/www.muzeumtrebisov.sk\/kulturne-centrum\/sutaz-vytvarne-spektrum-2024\/#respond\"]}]},{\"@type\":\"Person\",\"@id\":\"https:\/\/www.muzeumtrebisov.sk\/#\/schema\/person\/e020f4c0852b191613d063438d60ae6b\",\"name\":\"muzeumtvadmin\",\"image\":{\"@type\":\"ImageObject\",\"@id\":\"https:\/\/www.muzeumtrebisov.sk\/#personlogo\",\"inLanguage\":\"hu\",\"url\":\"https:\/\/secure.gravatar.com\/avatar\/115030f8384675efad0cc99183d7cd51?s=96&d=mm&r=g\",\"contentUrl\":\"https:\/\/secure.gravatar.com\/avatar\/115030f8384675efad0cc99183d7cd51?s=96&d=mm&r=g\",\"caption\":\"muzeumtvadmin\"},\"sameAs\":[\"https:\/\/www.muzeumtrebisov.sk\"],\"url\":\"https:\/\/www.muzeumtrebisov.sk\/hu\/author\/muzeumtvadmin\/\"}]}<\/script>\n<!-- \/ Yoast SEO plugin. -->","yoast_head_json":{"title":"S\u00fa\u0165a\u017e - V\u00fdtvarn\u00e9 spektrum 2024 | M\u00fazeum Trebi\u0161ov - Ka\u0161tie\u013e Andr\u00e1ssyovcov","robots":{"index":"index","follow":"follow","max-snippet":"max-snippet:-1","max-image-preview":"max-image-preview:large","max-video-preview":"max-video-preview:-1"},"canonical":"https:\/\/www.muzeumtrebisov.sk\/hu\/kulturne-centrum\/sutaz-vytvarne-spektrum-2024\/","og_locale":"hu_HU","og_type":"article","og_title":"S\u00fa\u0165a\u017e - V\u00fdtvarn\u00e9 spektrum 2024 | M\u00fazeum Trebi\u0161ov - Ka\u0161tie\u013e Andr\u00e1ssyovcov","og_description":"Uk\u00e1\u017e svoj talent!Prihl\u00e1s sa do region\u00e1lneho kola 61. ro\u010dn\u00edka celo\u0161t\u00e1tnej postupovej s\u00fa\u0165a\u017ee a v\u00fdstavy neprofesion\u00e1lnej v\u00fdtvarnej tvorby V\u00fdtvarn\u00e9 Spektrum. S\u00fa\u0165a\u017e je trojstup\u0148ov\u00e1 a pozost\u00e1va z region\u00e1lneho, krajsk\u00e9ho a celo\u0161t\u00e1tneho kola. Do s\u00fa\u0165a\u017ee m\u00f4\u017ee\u0161 prihl\u00e1si\u0165 nielen svoju kresbu a ma\u013ebu, ale aj dizajn, digit\u00e1lnu ma\u013ebu \u010di experiment. S\u00fa\u0165a\u017e je ur\u010den\u00e1 neprofesion\u00e1lnym v\u00fdtvarn\u00edkom od 15 rokov. Ocenen\u00e9","og_url":"https:\/\/www.muzeumtrebisov.sk\/hu\/kulturne-centrum\/sutaz-vytvarne-spektrum-2024\/","og_site_name":"M\u00fazeum Trebi\u0161ov - Ka\u0161tie\u013e Andr\u00e1ssyovcov","article_publisher":"https:\/\/www.facebook.com\/muzeumtvkastielandrassyovcov","article_published_time":"2024-01-16T18:11:55+00:00","article_modified_time":"2024-01-16T18:13:30+00:00","og_image":[{"width":2560,"height":960,"url":"https:\/\/www.muzeumtrebisov.sk\/wp-content\/uploads\/2022\/04\/DSC_9950-scaled.jpg","type":"image\/jpeg"}],"twitter_card":"summary_large_image","twitter_misc":{"Szerz\u0151:":"muzeumtvadmin"},"schema":{"@context":"https:\/\/schema.org","@graph":[{"@type":"Organization","@id":"https:\/\/www.muzeumtrebisov.sk\/#organization","name":"M\u00fazeum Trebi\u0161ov - Ka\u0161tie\u013e Andr\u00e1ssyovcov","url":"https:\/\/www.muzeumtrebisov.sk\/","sameAs":["https:\/\/www.facebook.com\/muzeumtvkastielandrassyovcov","https:\/\/www.instagram.com\/muzeumtrebisovkastielandrassy\/","https:\/\/www.youtube.com\/channel\/UCprfZHvPNIxqZ2IHCDwfv1w"],"logo":{"@type":"ImageObject","@id":"https:\/\/www.muzeumtrebisov.sk\/#logo","inLanguage":"hu","url":"https:\/\/www.muzeumtrebisov.sk\/wp-content\/uploads\/2022\/04\/dual-logo-color-hor.png","contentUrl":"https:\/\/www.muzeumtrebisov.sk\/wp-content\/uploads\/2022\/04\/dual-logo-color-hor.png","width":749,"height":140,"caption":"M\u00fazeum Trebi\u0161ov - Ka\u0161tie\u013e Andr\u00e1ssyovcov"},"image":{"@id":"https:\/\/www.muzeumtrebisov.sk\/#logo"}},{"@type":"WebSite","@id":"https:\/\/www.muzeumtrebisov.sk\/#website","url":"https:\/\/www.muzeumtrebisov.sk\/","name":"M\u00fazeum Trebi\u0161ov - Ka\u0161tie\u013e Andr\u00e1ssyovcov","description":"Hist\u00f3ria Andr\u00e1ssyovcov a ju\u017en\u00e9ho Zempl\u00edna","publisher":{"@id":"https:\/\/www.muzeumtrebisov.sk\/#organization"},"potentialAction":[{"@type":"SearchAction","target":{"@type":"EntryPoint","urlTemplate":"https:\/\/www.muzeumtrebisov.sk\/?s={search_term_string}"},"query-input":"required name=search_term_string"}],"inLanguage":"hu"},{"@type":"ImageObject","@id":"https:\/\/www.muzeumtrebisov.sk\/kulturne-centrum\/sutaz-vytvarne-spektrum-2024\/#primaryimage","inLanguage":"hu","url":"https:\/\/www.muzeumtrebisov.sk\/wp-content\/uploads\/2024\/01\/vytvarne-spektrum-plagat-2024-scaled.jpg","contentUrl":"https:\/\/www.muzeumtrebisov.sk\/wp-content\/uploads\/2024\/01\/vytvarne-spektrum-plagat-2024-scaled.jpg","width":1811,"height":2560},{"@type":"WebPage","@id":"https:\/\/www.muzeumtrebisov.sk\/kulturne-centrum\/sutaz-vytvarne-spektrum-2024\/#webpage","url":"https:\/\/www.muzeumtrebisov.sk\/kulturne-centrum\/sutaz-vytvarne-spektrum-2024\/","name":"S\u00fa\u0165a\u017e - V\u00fdtvarn\u00e9 spektrum 2024 | M\u00fazeum Trebi\u0161ov - Ka\u0161tie\u013e Andr\u00e1ssyovcov","isPartOf":{"@id":"https:\/\/www.muzeumtrebisov.sk\/#website"},"primaryImageOfPage":{"@id":"https:\/\/www.muzeumtrebisov.sk\/kulturne-centrum\/sutaz-vytvarne-spektrum-2024\/#primaryimage"},"datePublished":"2024-01-16T18:11:55+00:00","dateModified":"2024-01-16T18:13:30+00:00","breadcrumb":{"@id":"https:\/\/www.muzeumtrebisov.sk\/kulturne-centrum\/sutaz-vytvarne-spektrum-2024\/#breadcrumb"},"inLanguage":"hu","potentialAction":[{"@type":"ReadAction","target":["https:\/\/www.muzeumtrebisov.sk\/kulturne-centrum\/sutaz-vytvarne-spektrum-2024\/"]}]},{"@type":"BreadcrumbList","@id":"https:\/\/www.muzeumtrebisov.sk\/kulturne-centrum\/sutaz-vytvarne-spektrum-2024\/#breadcrumb","itemListElement":[{"@type":"ListItem","position":1,"name":"Home","item":"https:\/\/www.muzeumtrebisov.sk\/"},{"@type":"ListItem","position":2,"name":"S\u00fa\u0165a\u017e &#8211; V\u00fdtvarn\u00e9 spektrum 2024"}]},{"@type":"Article","@id":"https:\/\/www.muzeumtrebisov.sk\/kulturne-centrum\/sutaz-vytvarne-spektrum-2024\/#article","isPartOf":{"@id":"https:\/\/www.muzeumtrebisov.sk\/kulturne-centrum\/sutaz-vytvarne-spektrum-2024\/#webpage"},"author":{"@id":"https:\/\/www.muzeumtrebisov.sk\/#\/schema\/person\/e020f4c0852b191613d063438d60ae6b"},"headline":"S\u00fa\u0165a\u017e &#8211; V\u00fdtvarn\u00e9 spektrum 2024","datePublished":"2024-01-16T18:11:55+00:00","dateModified":"2024-01-16T18:13:30+00:00","mainEntityOfPage":{"@id":"https:\/\/www.muzeumtrebisov.sk\/kulturne-centrum\/sutaz-vytvarne-spektrum-2024\/#webpage"},"wordCount":286,"commentCount":0,"publisher":{"@id":"https:\/\/www.muzeumtrebisov.sk\/#organization"},"image":{"@id":"https:\/\/www.muzeumtrebisov.sk\/kulturne-centrum\/sutaz-vytvarne-spektrum-2024\/#primaryimage"},"thumbnailUrl":"https:\/\/www.muzeumtrebisov.sk\/wp-content\/uploads\/2024\/01\/vytvarne-spektrum-plagat-2024-scaled.jpg","articleSection":["Kult\u00farne centrum"],"inLanguage":"hu","potentialAction":[{"@type":"CommentAction","name":"Comment","target":["https:\/\/www.muzeumtrebisov.sk\/kulturne-centrum\/sutaz-vytvarne-spektrum-2024\/#respond"]}]},{"@type":"Person","@id":"https:\/\/www.muzeumtrebisov.sk\/#\/schema\/person\/e020f4c0852b191613d063438d60ae6b","name":"muzeumtvadmin","image":{"@type":"ImageObject","@id":"https:\/\/www.muzeumtrebisov.sk\/#personlogo","inLanguage":"hu","url":"https:\/\/secure.gravatar.com\/avatar\/115030f8384675efad0cc99183d7cd51?s=96&d=mm&r=g","contentUrl":"https:\/\/secure.gravatar.com\/avatar\/115030f8384675efad0cc99183d7cd51?s=96&d=mm&r=g","caption":"muzeumtvadmin"},"sameAs":["https:\/\/www.muzeumtrebisov.sk"],"url":"https:\/\/www.muzeumtrebisov.sk\/hu\/author\/muzeumtvadmin\/"}]}},"_links":{"self":[{"href":"https:\/\/www.muzeumtrebisov.sk\/hu\/wp-json\/wp\/v2\/posts\/5393"}],"collection":[{"href":"https:\/\/www.muzeumtrebisov.sk\/hu\/wp-json\/wp\/v2\/posts"}],"about":[{"href":"https:\/\/www.muzeumtrebisov.sk\/hu\/wp-json\/wp\/v2\/types\/post"}],"author":[{"embeddable":true,"href":"https:\/\/www.muzeumtrebisov.sk\/hu\/wp-json\/wp\/v2\/users\/1"}],"replies":[{"embeddable":true,"href":"https:\/\/www.muzeumtrebisov.sk\/hu\/wp-json\/wp\/v2\/comments?post=5393"}],"version-history":[{"count":6,"href":"https:\/\/www.muzeumtrebisov.sk\/hu\/wp-json\/wp\/v2\/posts\/5393\/revisions"}],"predecessor-version":[{"id":5401,"href":"https:\/\/www.muzeumtrebisov.sk\/hu\/wp-json\/wp\/v2\/posts\/5393\/revisions\/5401"}],"wp:featuredmedia":[{"embeddable":true,"href":"https:\/\/www.muzeumtrebisov.sk\/hu\/wp-json\/wp\/v2\/media\/5391"}],"wp:attachment":[{"href":"https:\/\/www.muzeumtrebisov.sk\/hu\/wp-json\/wp\/v2\/media?parent=5393"}],"wp:term":[{"taxonomy":"category","embeddable":true,"href":"https:\/\/www.muzeumtrebisov.sk\/hu\/wp-json\/wp\/v2\/categories?post=5393"},{"taxonomy":"post_tag","embeddable":true,"href":"https:\/\/www.muzeumtrebisov.sk\/hu\/wp-json\/wp\/v2\/tags?post=5393"}],"curies":[{"name":"wp","href":"https:\/\/api.w.org\/{rel}","templated":true}]}}