{"id":4137,"date":"2023-07-20T18:55:02","date_gmt":"2023-07-20T16:55:02","guid":{"rendered":"https:\/\/www.muzeumtrebisov.sk\/?p=4137"},"modified":"2023-08-17T21:24:14","modified_gmt":"2023-08-17T19:24:14","slug":"noc-mladych-astronomov","status":"publish","type":"post","link":"https:\/\/www.muzeumtrebisov.sk\/hu\/astronomia\/noc-mladych-astronomov\/","title":{"rendered":"Noc mlad\u00fdch astron\u00f3mov"},"content":{"rendered":"<section class=\"kc-elm kc-css-850655 kc_row\"><div class=\"kc-row-container  kc-container\"><div class=\"kc-wrap-columns\"><div class=\"kc-elm kc-css-829305 kc_col-sm-12 kc_column kc_col-sm-12\"><div class=\"kc-col-container\"><div class=\"kc-elm kc-css-266984 kc_text_block\"><\/p>\n<p>V tomto roku\u00a0 sa uskuto\u010dnil u\u017e 5. ro\u010dn\u00edk podujatia s n\u00e1zvom <strong><em>Noc mlad\u00fdch astron\u00f3mov<\/em><\/strong>. Je to ukon\u010denie \u0161kolsk\u00e9ho roka a\u00a0otvorenia pr\u00e1zdnin\u00a0 pozorovan\u00edm no\u010dnej oblohy. Pre na\u0161ich kr\u00fa\u017ekarov, mlad\u00fdch astron\u00f3mov, sme pripravili noc vo hvezd\u00e1rni.<\/p>\n<p>\n<\/div>\n<div class=\"kc-elm kc-css-830160 kc-title-wrap\">\n\n\t<h1 class=\"kc_title\">Pozorovanie ve\u010dernej oblohy<\/h1>\n<\/div>\n<div class=\"kc-elm kc-css-945585 kc_row kc_row_inner\"><div class=\"kc-elm kc-css-415077 kc_col-sm-12 kc_column_inner kc_col-sm-12\"><div class=\"kc_wrapper kc-col-inner-container\"><div class=\"kc-elm kc-css-263127 kc_text_block\"><\/p>\n<p style=\"text-align: center;\">V tomto roku&nbsp; sa uskuto\u010dnil u\u017e 5. ro\u010dn\u00edk podujatia s n\u00e1zvom <strong><em>Noc mlad\u00fdch astron\u00f3mov<\/em><\/strong>. Je to ukon\u010denie \u0161kolsk\u00e9ho roka a&nbsp;otvorenia pr\u00e1zdnin&nbsp; pozorovan\u00edm no\u010dnej oblohy. Pre na\u0161ich kr\u00fa\u017ekarov, mlad\u00fdch astron\u00f3mov, sme pripravili noc vo hvezd\u00e1rni. V&nbsp;piatok 30. j\u00fana sme sa stretli ve\u010der o 18:00 hod. Stretnutie sa za\u010dalo priv\u00edtan\u00edm a&nbsp;pozorovan\u00edm Slnka slne\u010dn\u00fdm \u010falekoh\u013eadom. Poh\u013ead do teleskopu si&nbsp; vychutnali aj rodi\u010dia, ktor\u00ed priviedli svoje deti k&nbsp;n\u00e1m \u201edo hvezd\u00e1rne\u201c. Potom sa mlad\u00ed n\u00e1dejn\u00ed astron\u00f3movia rozdelili so dvoj\u00edc, ktor\u00e9 sa venovali jednotliv\u00fdm aktivit\u00e1m. Na tr\u00e9novanie zru\u010dnos\u0165 si zhotovili raketu, sk\u00fa\u0161kou s\u00fastredenia a&nbsp;pozornosti bolo h\u013eadanie farebn\u00fdch predmetov nepatriacich do prostredia a&nbsp;nech\u00fdbali ani s\u00fa\u0165a\u017ee, napr\u00edklad koho raketa dolet\u00ed naj\u010falej. Po malom &nbsp;ob\u010derstven\u00ed v&nbsp;podobe pizze sa pokra\u010dovalo rie\u0161en\u00edm zauj\u00edmav\u00fdch astronomick\u00fdch \u00faloh. Za svoju snahu boli odmenen\u00ed mal\u00fdmi vecn\u00fdmi cenami. Nasledovalo pozorovanie no\u010dnej oblohy. Pri \u0148om si mohli vysk\u00fa\u0161a\u0165 nastavenie \u010falekoh\u013eadu na sledovan\u00fd objekt. S\u00fahvezdia zo slep\u00fdch mapiek, ktor\u00e9 u\u017e poznali zo s\u00fa\u0165a\u017e\u00ed, si mohli overi\u0165 na skuto\u010dnej oblohe.<\/p>\n<p style=\"text-align: center;\">\u00danava predsa len don\u00fatila mlad\u00fdch astron\u00f3mov, aby vyu\u017eili le\u017eadla a&nbsp;spacie vaky na oddych a\u017e do r\u00e1na. Toto, ver\u00edme, \u017ee zauj\u00edmav\u00e9 podujatie sme ukon\u010dili pri sladk\u00fdch ra\u0148ajk\u00e1ch, po ktor\u00fdch si rodi\u010dia vesm\u00edrnych b\u00e1date\u013eov, spolu s&nbsp;pozvan\u00edm na chystan\u00e9 pozorovania a&nbsp;prian\u00edm vydaren\u00fdch pr\u00e1zdnin, odviezli domov. D\u00fafame, \u017ee t\u00e1to nov\u00e1 trad\u00edcia bude pokra\u010dova\u0165 a&nbsp;deti si ho radi znovu zopakuj\u00fa.<\/p>\n<p>\n<\/div><\/div><\/div><\/div><div class=\"kc-elm kc-css-759032\" style=\"height: 97px; clear: both; width:100%;\"><\/div><div class=\"kc-image-gallery kc-elm kc-css-929631\">\n<div class=\"kc_image_gallery kc-carousel-image kc-grid\" data-image_masonry=\"yes\">\n<div class=\"item-grid grid-4\"><a class=\"kc-image-link kc-pretty-photo\" data-lightbox=\"kc-lightbox\" rel=\"kc-pretty-photo[35457587]\" href=\"https:\/\/www.muzeumtrebisov.sk\/wp-content\/uploads\/2023\/07\/vecer-ml.-astronomv-1.jpg\"><img src=\"https:\/\/www.muzeumtrebisov.sk\/wp-content\/uploads\/2023\/07\/vecer-ml.-astronomv-1-620x700 xc.jpg\" alt=\"\"\/><div class=\"kc-image-overlay\"><i class=\"egypt-icon-focus\"><\/i><\/div><\/a><\/div><div class=\"item-grid grid-4\"><a class=\"kc-image-link kc-pretty-photo\" data-lightbox=\"kc-lightbox\" rel=\"kc-pretty-photo[35457587]\" href=\"https:\/\/www.muzeumtrebisov.sk\/wp-content\/uploads\/2023\/07\/vecer-ml.-astronomv-2.jpg\"><img src=\"https:\/\/www.muzeumtrebisov.sk\/wp-content\/uploads\/2023\/07\/vecer-ml.-astronomv-2-620x700 xc.jpg\" alt=\"\"\/><div class=\"kc-image-overlay\"><i class=\"egypt-icon-focus\"><\/i><\/div><\/a><\/div><div class=\"item-grid grid-4\"><a class=\"kc-image-link kc-pretty-photo\" data-lightbox=\"kc-lightbox\" rel=\"kc-pretty-photo[35457587]\" href=\"https:\/\/www.muzeumtrebisov.sk\/wp-content\/uploads\/2023\/07\/vecer-ml.-astronomv-3.jpg\"><img src=\"https:\/\/www.muzeumtrebisov.sk\/wp-content\/uploads\/2023\/07\/vecer-ml.-astronomv-3-620x700 xc.jpg\" alt=\"\"\/><div class=\"kc-image-overlay\"><i class=\"egypt-icon-focus\"><\/i><\/div><\/a><\/div><div class=\"item-grid grid-4\"><a class=\"kc-image-link kc-pretty-photo\" data-lightbox=\"kc-lightbox\" rel=\"kc-pretty-photo[35457587]\" href=\"https:\/\/www.muzeumtrebisov.sk\/wp-content\/uploads\/2023\/07\/vecer-ml.-astronomv-4.jpg\"><img src=\"https:\/\/www.muzeumtrebisov.sk\/wp-content\/uploads\/2023\/07\/vecer-ml.-astronomv-4-620x700 xc.jpg\" alt=\"\"\/><div class=\"kc-image-overlay\"><i class=\"egypt-icon-focus\"><\/i><\/div><\/a><\/div><div class=\"item-grid grid-4\"><a class=\"kc-image-link kc-pretty-photo\" data-lightbox=\"kc-lightbox\" rel=\"kc-pretty-photo[35457587]\" href=\"https:\/\/www.muzeumtrebisov.sk\/wp-content\/uploads\/2023\/07\/vecer-ml.-astronomv-5.jpg\"><img src=\"https:\/\/www.muzeumtrebisov.sk\/wp-content\/uploads\/2023\/07\/vecer-ml.-astronomv-5-620x700 xc.jpg\" alt=\"\"\/><div class=\"kc-image-overlay\"><i class=\"egypt-icon-focus\"><\/i><\/div><\/a><\/div><div class=\"item-grid grid-4\"><a class=\"kc-image-link kc-pretty-photo\" data-lightbox=\"kc-lightbox\" rel=\"kc-pretty-photo[35457587]\" href=\"https:\/\/www.muzeumtrebisov.sk\/wp-content\/uploads\/2023\/07\/vecer-ml.-astronomv-6.jpg\"><img src=\"https:\/\/www.muzeumtrebisov.sk\/wp-content\/uploads\/2023\/07\/vecer-ml.-astronomv-6-620x700 xc.jpg\" alt=\"\"\/><div class=\"kc-image-overlay\"><i class=\"egypt-icon-focus\"><\/i><\/div><\/a><\/div><div class=\"item-grid grid-4\"><a class=\"kc-image-link kc-pretty-photo\" data-lightbox=\"kc-lightbox\" rel=\"kc-pretty-photo[35457587]\" href=\"https:\/\/www.muzeumtrebisov.sk\/wp-content\/uploads\/2023\/07\/vecer-ml.-astronomv-7.jpg\"><img src=\"https:\/\/www.muzeumtrebisov.sk\/wp-content\/uploads\/2023\/07\/vecer-ml.-astronomv-7-620x700 xc.jpg\" alt=\"\"\/><div class=\"kc-image-overlay\"><i class=\"egypt-icon-focus\"><\/i><\/div><\/a><\/div><div class=\"item-grid grid-4\"><a class=\"kc-image-link kc-pretty-photo\" data-lightbox=\"kc-lightbox\" rel=\"kc-pretty-photo[35457587]\" href=\"https:\/\/www.muzeumtrebisov.sk\/wp-content\/uploads\/2023\/07\/vecer-ml.-astronomv-8.jpg\"><img src=\"https:\/\/www.muzeumtrebisov.sk\/wp-content\/uploads\/2023\/07\/vecer-ml.-astronomv-8-620x700 xc.jpg\" alt=\"\"\/><div class=\"kc-image-overlay\"><i class=\"egypt-icon-focus\"><\/i><\/div><\/a><\/div><div class=\"item-grid grid-4\"><a class=\"kc-image-link kc-pretty-photo\" data-lightbox=\"kc-lightbox\" rel=\"kc-pretty-photo[35457587]\" href=\"https:\/\/www.muzeumtrebisov.sk\/wp-content\/uploads\/2023\/07\/vecer-ml.-astronomv-9.jpg\"><img src=\"https:\/\/www.muzeumtrebisov.sk\/wp-content\/uploads\/2023\/07\/vecer-ml.-astronomv-9-620x700 xc.jpg\" alt=\"\"\/><div class=\"kc-image-overlay\"><i class=\"egypt-icon-focus\"><\/i><\/div><\/a><\/div><div class=\"item-grid grid-4\"><a class=\"kc-image-link kc-pretty-photo\" data-lightbox=\"kc-lightbox\" rel=\"kc-pretty-photo[35457587]\" href=\"https:\/\/www.muzeumtrebisov.sk\/wp-content\/uploads\/2023\/07\/vecer-ml.-astronomv-10.jpg\"><img src=\"https:\/\/www.muzeumtrebisov.sk\/wp-content\/uploads\/2023\/07\/vecer-ml.-astronomv-10-620x700 xc.jpg\" alt=\"\"\/><div class=\"kc-image-overlay\"><i class=\"egypt-icon-focus\"><\/i><\/div><\/a><\/div><\/div>\n<\/div><\/div><\/div><\/div><\/div><\/section>","protected":false},"excerpt":{"rendered":"","protected":false},"author":1,"featured_media":4148,"comment_status":"open","ping_status":"open","sticky":false,"template":"tpl-king_composer.php","format":"standard","meta":{"om_disable_all_campaigns":false,"_vp_format_video_url":"","_vp_image_focal_point":[]},"categories":[70],"tags":[],"aioseo_notices":[],"yoast_head":"<!-- This site is optimized with the Yoast SEO plugin v18.5.1 - https:\/\/yoast.com\/wordpress\/plugins\/seo\/ -->\n<title>Noc mlad\u00fdch astron\u00f3mov | M\u00fazeum Trebi\u0161ov - Ka\u0161tie\u013e Andr\u00e1ssyovcov<\/title>\n<meta name=\"robots\" content=\"index, follow, max-snippet:-1, max-image-preview:large, max-video-preview:-1\" \/>\n<link rel=\"canonical\" href=\"https:\/\/www.muzeumtrebisov.sk\/hu\/astronomia\/noc-mladych-astronomov\/\" \/>\n<meta property=\"og:locale\" content=\"hu_HU\" \/>\n<meta property=\"og:type\" content=\"article\" \/>\n<meta property=\"og:title\" content=\"Noc mlad\u00fdch astron\u00f3mov | M\u00fazeum Trebi\u0161ov - Ka\u0161tie\u013e Andr\u00e1ssyovcov\" \/>\n<meta property=\"og:description\" content=\"V tomto roku\u00a0 sa uskuto\u010dnil u\u017e 5. ro\u010dn\u00edk podujatia s n\u00e1zvom Noc mlad\u00fdch astron\u00f3mov. Je to ukon\u010denie \u0161kolsk\u00e9ho roka a\u00a0otvorenia pr\u00e1zdnin\u00a0 pozorovan\u00edm no\u010dnej oblohy. Pre na\u0161ich kr\u00fa\u017ekarov, mlad\u00fdch astron\u00f3mov, sme pripravili noc vo hvezd\u00e1rni. Pozorovanie ve\u010dernej oblohy V tomto roku&nbsp; sa uskuto\u010dnil u\u017e 5. ro\u010dn\u00edk podujatia s n\u00e1zvom Noc mlad\u00fdch astron\u00f3mov. Je to ukon\u010denie \u0161kolsk\u00e9ho\" \/>\n<meta property=\"og:url\" content=\"https:\/\/www.muzeumtrebisov.sk\/hu\/astronomia\/noc-mladych-astronomov\/\" \/>\n<meta property=\"og:site_name\" content=\"M\u00fazeum Trebi\u0161ov - Ka\u0161tie\u013e Andr\u00e1ssyovcov\" \/>\n<meta property=\"article:publisher\" content=\"https:\/\/www.facebook.com\/muzeumtvkastielandrassyovcov\" \/>\n<meta property=\"article:published_time\" content=\"2023-07-20T16:55:02+00:00\" \/>\n<meta property=\"article:modified_time\" content=\"2023-08-17T19:24:14+00:00\" \/>\n<meta property=\"og:image\" content=\"https:\/\/www.muzeumtrebisov.sk\/wp-content\/uploads\/2023\/07\/vecer-ml.-astronomv-6.jpg\" \/>\n\t<meta property=\"og:image:width\" content=\"930\" \/>\n\t<meta property=\"og:image:height\" content=\"700\" \/>\n\t<meta property=\"og:image:type\" content=\"image\/jpeg\" \/>\n<meta name=\"twitter:card\" content=\"summary_large_image\" \/>\n<meta name=\"twitter:label1\" content=\"Szerz\u0151:\" \/>\n\t<meta name=\"twitter:data1\" content=\"muzeumtvadmin\" \/>\n<script type=\"application\/ld+json\" class=\"yoast-schema-graph\">{\"@context\":\"https:\/\/schema.org\",\"@graph\":[{\"@type\":\"Organization\",\"@id\":\"https:\/\/www.muzeumtrebisov.sk\/#organization\",\"name\":\"M\u00fazeum Trebi\u0161ov - Ka\u0161tie\u013e Andr\u00e1ssyovcov\",\"url\":\"https:\/\/www.muzeumtrebisov.sk\/\",\"sameAs\":[\"https:\/\/www.facebook.com\/muzeumtvkastielandrassyovcov\",\"https:\/\/www.instagram.com\/muzeumtrebisovkastielandrassy\/\",\"https:\/\/www.youtube.com\/channel\/UCprfZHvPNIxqZ2IHCDwfv1w\"],\"logo\":{\"@type\":\"ImageObject\",\"@id\":\"https:\/\/www.muzeumtrebisov.sk\/#logo\",\"inLanguage\":\"hu\",\"url\":\"https:\/\/www.muzeumtrebisov.sk\/wp-content\/uploads\/2022\/04\/dual-logo-color-hor.png\",\"contentUrl\":\"https:\/\/www.muzeumtrebisov.sk\/wp-content\/uploads\/2022\/04\/dual-logo-color-hor.png\",\"width\":749,\"height\":140,\"caption\":\"M\u00fazeum Trebi\u0161ov - Ka\u0161tie\u013e Andr\u00e1ssyovcov\"},\"image\":{\"@id\":\"https:\/\/www.muzeumtrebisov.sk\/#logo\"}},{\"@type\":\"WebSite\",\"@id\":\"https:\/\/www.muzeumtrebisov.sk\/#website\",\"url\":\"https:\/\/www.muzeumtrebisov.sk\/\",\"name\":\"M\u00fazeum Trebi\u0161ov - Ka\u0161tie\u013e Andr\u00e1ssyovcov\",\"description\":\"Hist\u00f3ria Andr\u00e1ssyovcov a ju\u017en\u00e9ho Zempl\u00edna\",\"publisher\":{\"@id\":\"https:\/\/www.muzeumtrebisov.sk\/#organization\"},\"potentialAction\":[{\"@type\":\"SearchAction\",\"target\":{\"@type\":\"EntryPoint\",\"urlTemplate\":\"https:\/\/www.muzeumtrebisov.sk\/?s={search_term_string}\"},\"query-input\":\"required name=search_term_string\"}],\"inLanguage\":\"hu\"},{\"@type\":\"ImageObject\",\"@id\":\"https:\/\/www.muzeumtrebisov.sk\/astronomia\/noc-mladych-astronomov\/#primaryimage\",\"inLanguage\":\"hu\",\"url\":\"https:\/\/www.muzeumtrebisov.sk\/wp-content\/uploads\/2023\/07\/vecer-ml.-astronomv-6.jpg\",\"contentUrl\":\"https:\/\/www.muzeumtrebisov.sk\/wp-content\/uploads\/2023\/07\/vecer-ml.-astronomv-6.jpg\",\"width\":930,\"height\":700},{\"@type\":\"WebPage\",\"@id\":\"https:\/\/www.muzeumtrebisov.sk\/astronomia\/noc-mladych-astronomov\/#webpage\",\"url\":\"https:\/\/www.muzeumtrebisov.sk\/astronomia\/noc-mladych-astronomov\/\",\"name\":\"Noc mlad\u00fdch astron\u00f3mov | M\u00fazeum Trebi\u0161ov - Ka\u0161tie\u013e Andr\u00e1ssyovcov\",\"isPartOf\":{\"@id\":\"https:\/\/www.muzeumtrebisov.sk\/#website\"},\"primaryImageOfPage\":{\"@id\":\"https:\/\/www.muzeumtrebisov.sk\/astronomia\/noc-mladych-astronomov\/#primaryimage\"},\"datePublished\":\"2023-07-20T16:55:02+00:00\",\"dateModified\":\"2023-08-17T19:24:14+00:00\",\"breadcrumb\":{\"@id\":\"https:\/\/www.muzeumtrebisov.sk\/astronomia\/noc-mladych-astronomov\/#breadcrumb\"},\"inLanguage\":\"hu\",\"potentialAction\":[{\"@type\":\"ReadAction\",\"target\":[\"https:\/\/www.muzeumtrebisov.sk\/astronomia\/noc-mladych-astronomov\/\"]}]},{\"@type\":\"BreadcrumbList\",\"@id\":\"https:\/\/www.muzeumtrebisov.sk\/astronomia\/noc-mladych-astronomov\/#breadcrumb\",\"itemListElement\":[{\"@type\":\"ListItem\",\"position\":1,\"name\":\"Home\",\"item\":\"https:\/\/www.muzeumtrebisov.sk\/\"},{\"@type\":\"ListItem\",\"position\":2,\"name\":\"Noc mlad\u00fdch astron\u00f3mov\"}]},{\"@type\":\"Article\",\"@id\":\"https:\/\/www.muzeumtrebisov.sk\/astronomia\/noc-mladych-astronomov\/#article\",\"isPartOf\":{\"@id\":\"https:\/\/www.muzeumtrebisov.sk\/astronomia\/noc-mladych-astronomov\/#webpage\"},\"author\":{\"@id\":\"https:\/\/www.muzeumtrebisov.sk\/#\/schema\/person\/e020f4c0852b191613d063438d60ae6b\"},\"headline\":\"Noc mlad\u00fdch astron\u00f3mov\",\"datePublished\":\"2023-07-20T16:55:02+00:00\",\"dateModified\":\"2023-08-17T19:24:14+00:00\",\"mainEntityOfPage\":{\"@id\":\"https:\/\/www.muzeumtrebisov.sk\/astronomia\/noc-mladych-astronomov\/#webpage\"},\"wordCount\":374,\"commentCount\":0,\"publisher\":{\"@id\":\"https:\/\/www.muzeumtrebisov.sk\/#organization\"},\"image\":{\"@id\":\"https:\/\/www.muzeumtrebisov.sk\/astronomia\/noc-mladych-astronomov\/#primaryimage\"},\"thumbnailUrl\":\"https:\/\/www.muzeumtrebisov.sk\/wp-content\/uploads\/2023\/07\/vecer-ml.-astronomv-6.jpg\",\"articleSection\":[\"Astron\u00f3mia\"],\"inLanguage\":\"hu\",\"potentialAction\":[{\"@type\":\"CommentAction\",\"name\":\"Comment\",\"target\":[\"https:\/\/www.muzeumtrebisov.sk\/astronomia\/noc-mladych-astronomov\/#respond\"]}]},{\"@type\":\"Person\",\"@id\":\"https:\/\/www.muzeumtrebisov.sk\/#\/schema\/person\/e020f4c0852b191613d063438d60ae6b\",\"name\":\"muzeumtvadmin\",\"image\":{\"@type\":\"ImageObject\",\"@id\":\"https:\/\/www.muzeumtrebisov.sk\/#personlogo\",\"inLanguage\":\"hu\",\"url\":\"https:\/\/secure.gravatar.com\/avatar\/115030f8384675efad0cc99183d7cd51?s=96&d=mm&r=g\",\"contentUrl\":\"https:\/\/secure.gravatar.com\/avatar\/115030f8384675efad0cc99183d7cd51?s=96&d=mm&r=g\",\"caption\":\"muzeumtvadmin\"},\"sameAs\":[\"https:\/\/www.muzeumtrebisov.sk\"],\"url\":\"https:\/\/www.muzeumtrebisov.sk\/hu\/author\/muzeumtvadmin\/\"}]}<\/script>\n<!-- \/ Yoast SEO plugin. -->","yoast_head_json":{"title":"Noc mlad\u00fdch astron\u00f3mov | M\u00fazeum Trebi\u0161ov - Ka\u0161tie\u013e Andr\u00e1ssyovcov","robots":{"index":"index","follow":"follow","max-snippet":"max-snippet:-1","max-image-preview":"max-image-preview:large","max-video-preview":"max-video-preview:-1"},"canonical":"https:\/\/www.muzeumtrebisov.sk\/hu\/astronomia\/noc-mladych-astronomov\/","og_locale":"hu_HU","og_type":"article","og_title":"Noc mlad\u00fdch astron\u00f3mov | M\u00fazeum Trebi\u0161ov - Ka\u0161tie\u013e Andr\u00e1ssyovcov","og_description":"V tomto roku\u00a0 sa uskuto\u010dnil u\u017e 5. ro\u010dn\u00edk podujatia s n\u00e1zvom Noc mlad\u00fdch astron\u00f3mov. Je to ukon\u010denie \u0161kolsk\u00e9ho roka a\u00a0otvorenia pr\u00e1zdnin\u00a0 pozorovan\u00edm no\u010dnej oblohy. Pre na\u0161ich kr\u00fa\u017ekarov, mlad\u00fdch astron\u00f3mov, sme pripravili noc vo hvezd\u00e1rni. Pozorovanie ve\u010dernej oblohy V tomto roku&nbsp; sa uskuto\u010dnil u\u017e 5. ro\u010dn\u00edk podujatia s n\u00e1zvom Noc mlad\u00fdch astron\u00f3mov. Je to ukon\u010denie \u0161kolsk\u00e9ho","og_url":"https:\/\/www.muzeumtrebisov.sk\/hu\/astronomia\/noc-mladych-astronomov\/","og_site_name":"M\u00fazeum Trebi\u0161ov - Ka\u0161tie\u013e Andr\u00e1ssyovcov","article_publisher":"https:\/\/www.facebook.com\/muzeumtvkastielandrassyovcov","article_published_time":"2023-07-20T16:55:02+00:00","article_modified_time":"2023-08-17T19:24:14+00:00","og_image":[{"width":930,"height":700,"url":"https:\/\/www.muzeumtrebisov.sk\/wp-content\/uploads\/2023\/07\/vecer-ml.-astronomv-6.jpg","type":"image\/jpeg"}],"twitter_card":"summary_large_image","twitter_misc":{"Szerz\u0151:":"muzeumtvadmin"},"schema":{"@context":"https:\/\/schema.org","@graph":[{"@type":"Organization","@id":"https:\/\/www.muzeumtrebisov.sk\/#organization","name":"M\u00fazeum Trebi\u0161ov - Ka\u0161tie\u013e Andr\u00e1ssyovcov","url":"https:\/\/www.muzeumtrebisov.sk\/","sameAs":["https:\/\/www.facebook.com\/muzeumtvkastielandrassyovcov","https:\/\/www.instagram.com\/muzeumtrebisovkastielandrassy\/","https:\/\/www.youtube.com\/channel\/UCprfZHvPNIxqZ2IHCDwfv1w"],"logo":{"@type":"ImageObject","@id":"https:\/\/www.muzeumtrebisov.sk\/#logo","inLanguage":"hu","url":"https:\/\/www.muzeumtrebisov.sk\/wp-content\/uploads\/2022\/04\/dual-logo-color-hor.png","contentUrl":"https:\/\/www.muzeumtrebisov.sk\/wp-content\/uploads\/2022\/04\/dual-logo-color-hor.png","width":749,"height":140,"caption":"M\u00fazeum Trebi\u0161ov - Ka\u0161tie\u013e Andr\u00e1ssyovcov"},"image":{"@id":"https:\/\/www.muzeumtrebisov.sk\/#logo"}},{"@type":"WebSite","@id":"https:\/\/www.muzeumtrebisov.sk\/#website","url":"https:\/\/www.muzeumtrebisov.sk\/","name":"M\u00fazeum Trebi\u0161ov - Ka\u0161tie\u013e Andr\u00e1ssyovcov","description":"Hist\u00f3ria Andr\u00e1ssyovcov a ju\u017en\u00e9ho Zempl\u00edna","publisher":{"@id":"https:\/\/www.muzeumtrebisov.sk\/#organization"},"potentialAction":[{"@type":"SearchAction","target":{"@type":"EntryPoint","urlTemplate":"https:\/\/www.muzeumtrebisov.sk\/?s={search_term_string}"},"query-input":"required name=search_term_string"}],"inLanguage":"hu"},{"@type":"ImageObject","@id":"https:\/\/www.muzeumtrebisov.sk\/astronomia\/noc-mladych-astronomov\/#primaryimage","inLanguage":"hu","url":"https:\/\/www.muzeumtrebisov.sk\/wp-content\/uploads\/2023\/07\/vecer-ml.-astronomv-6.jpg","contentUrl":"https:\/\/www.muzeumtrebisov.sk\/wp-content\/uploads\/2023\/07\/vecer-ml.-astronomv-6.jpg","width":930,"height":700},{"@type":"WebPage","@id":"https:\/\/www.muzeumtrebisov.sk\/astronomia\/noc-mladych-astronomov\/#webpage","url":"https:\/\/www.muzeumtrebisov.sk\/astronomia\/noc-mladych-astronomov\/","name":"Noc mlad\u00fdch astron\u00f3mov | M\u00fazeum Trebi\u0161ov - Ka\u0161tie\u013e Andr\u00e1ssyovcov","isPartOf":{"@id":"https:\/\/www.muzeumtrebisov.sk\/#website"},"primaryImageOfPage":{"@id":"https:\/\/www.muzeumtrebisov.sk\/astronomia\/noc-mladych-astronomov\/#primaryimage"},"datePublished":"2023-07-20T16:55:02+00:00","dateModified":"2023-08-17T19:24:14+00:00","breadcrumb":{"@id":"https:\/\/www.muzeumtrebisov.sk\/astronomia\/noc-mladych-astronomov\/#breadcrumb"},"inLanguage":"hu","potentialAction":[{"@type":"ReadAction","target":["https:\/\/www.muzeumtrebisov.sk\/astronomia\/noc-mladych-astronomov\/"]}]},{"@type":"BreadcrumbList","@id":"https:\/\/www.muzeumtrebisov.sk\/astronomia\/noc-mladych-astronomov\/#breadcrumb","itemListElement":[{"@type":"ListItem","position":1,"name":"Home","item":"https:\/\/www.muzeumtrebisov.sk\/"},{"@type":"ListItem","position":2,"name":"Noc mlad\u00fdch astron\u00f3mov"}]},{"@type":"Article","@id":"https:\/\/www.muzeumtrebisov.sk\/astronomia\/noc-mladych-astronomov\/#article","isPartOf":{"@id":"https:\/\/www.muzeumtrebisov.sk\/astronomia\/noc-mladych-astronomov\/#webpage"},"author":{"@id":"https:\/\/www.muzeumtrebisov.sk\/#\/schema\/person\/e020f4c0852b191613d063438d60ae6b"},"headline":"Noc mlad\u00fdch astron\u00f3mov","datePublished":"2023-07-20T16:55:02+00:00","dateModified":"2023-08-17T19:24:14+00:00","mainEntityOfPage":{"@id":"https:\/\/www.muzeumtrebisov.sk\/astronomia\/noc-mladych-astronomov\/#webpage"},"wordCount":374,"commentCount":0,"publisher":{"@id":"https:\/\/www.muzeumtrebisov.sk\/#organization"},"image":{"@id":"https:\/\/www.muzeumtrebisov.sk\/astronomia\/noc-mladych-astronomov\/#primaryimage"},"thumbnailUrl":"https:\/\/www.muzeumtrebisov.sk\/wp-content\/uploads\/2023\/07\/vecer-ml.-astronomv-6.jpg","articleSection":["Astron\u00f3mia"],"inLanguage":"hu","potentialAction":[{"@type":"CommentAction","name":"Comment","target":["https:\/\/www.muzeumtrebisov.sk\/astronomia\/noc-mladych-astronomov\/#respond"]}]},{"@type":"Person","@id":"https:\/\/www.muzeumtrebisov.sk\/#\/schema\/person\/e020f4c0852b191613d063438d60ae6b","name":"muzeumtvadmin","image":{"@type":"ImageObject","@id":"https:\/\/www.muzeumtrebisov.sk\/#personlogo","inLanguage":"hu","url":"https:\/\/secure.gravatar.com\/avatar\/115030f8384675efad0cc99183d7cd51?s=96&d=mm&r=g","contentUrl":"https:\/\/secure.gravatar.com\/avatar\/115030f8384675efad0cc99183d7cd51?s=96&d=mm&r=g","caption":"muzeumtvadmin"},"sameAs":["https:\/\/www.muzeumtrebisov.sk"],"url":"https:\/\/www.muzeumtrebisov.sk\/hu\/author\/muzeumtvadmin\/"}]}},"_links":{"self":[{"href":"https:\/\/www.muzeumtrebisov.sk\/hu\/wp-json\/wp\/v2\/posts\/4137"}],"collection":[{"href":"https:\/\/www.muzeumtrebisov.sk\/hu\/wp-json\/wp\/v2\/posts"}],"about":[{"href":"https:\/\/www.muzeumtrebisov.sk\/hu\/wp-json\/wp\/v2\/types\/post"}],"author":[{"embeddable":true,"href":"https:\/\/www.muzeumtrebisov.sk\/hu\/wp-json\/wp\/v2\/users\/1"}],"replies":[{"embeddable":true,"href":"https:\/\/www.muzeumtrebisov.sk\/hu\/wp-json\/wp\/v2\/comments?post=4137"}],"version-history":[{"count":7,"href":"https:\/\/www.muzeumtrebisov.sk\/hu\/wp-json\/wp\/v2\/posts\/4137\/revisions"}],"predecessor-version":[{"id":4529,"href":"https:\/\/www.muzeumtrebisov.sk\/hu\/wp-json\/wp\/v2\/posts\/4137\/revisions\/4529"}],"wp:featuredmedia":[{"embeddable":true,"href":"https:\/\/www.muzeumtrebisov.sk\/hu\/wp-json\/wp\/v2\/media\/4148"}],"wp:attachment":[{"href":"https:\/\/www.muzeumtrebisov.sk\/hu\/wp-json\/wp\/v2\/media?parent=4137"}],"wp:term":[{"taxonomy":"category","embeddable":true,"href":"https:\/\/www.muzeumtrebisov.sk\/hu\/wp-json\/wp\/v2\/categories?post=4137"},{"taxonomy":"post_tag","embeddable":true,"href":"https:\/\/www.muzeumtrebisov.sk\/hu\/wp-json\/wp\/v2\/tags?post=4137"}],"curies":[{"name":"wp","href":"https:\/\/api.w.org\/{rel}","templated":true}]}}