{"id":3565,"date":"2023-06-06T14:09:40","date_gmt":"2023-06-06T12:09:40","guid":{"rendered":"https:\/\/www.muzeumtrebisov.sk\/?p=3565"},"modified":"2023-08-18T08:13:08","modified_gmt":"2023-08-18T06:13:08","slug":"vypozicka-restaurovanych-kresiel-z-vychodoslovenskeho-muzea","status":"publish","type":"post","link":"https:\/\/www.muzeumtrebisov.sk\/hu\/spravy\/vypozicka-restaurovanych-kresiel-z-vychodoslovenskeho-muzea\/","title":{"rendered":"V\u00fdpo\u017ei\u010dka re\u0161taurovan\u00fdch kresiel z V\u00fdchodoslovensk\u00e9ho m\u00fazea"},"content":{"rendered":"<p><section class=\"kc-elm kc-css-811519 kc_row\"><div class=\"kc-row-container  kc-container\"><div class=\"kc-wrap-columns\"><div class=\"kc-elm kc-css-495617 kc_col-sm-12 kc_column kc_col-sm-12\"><div class=\"kc-col-container\">\n<div class=\"kc-elm kc-css-817448 kc-title-wrap\">\n\n\t<h4 class=\"kc_title\">V\u00fdstava ANDR\u00c1SSY 200 v M\u00fazeu a Kult\u00farnom centre ju\u017en\u00e9ho Zempl\u00edna prezentuje aj d\u00e1mske a p\u00e1nske kresl\u00e1 zo zbierok VSM v Ko\u0161iciach, ktor\u00e9 boli ned\u00e1vno zre\u0161taurovan\u00e9 s podporou Fondu na podporu umenia. <\/h4>\n<\/div>\n<div class=\"kc-image-gallery kc-elm kc-css-177938\"><h3 class=\"kc-title image-gallery-title\">Projekt podporili: <\/h3>\n<div class=\"kc_image_gallery kc-carousel-image kc-grid\" data-image_masonry=\"yes\">\n<div class=\"item-grid grid-1\"><img src=\"https:\/\/www.muzeumtrebisov.sk\/wp-content\/uploads\/2023\/06\/vsm_cierne-900x500xc.png\" alt=\"\"\/><\/div><div class=\"item-grid grid-1\"><img src=\"https:\/\/www.muzeumtrebisov.sk\/wp-content\/uploads\/2023\/06\/fpu-900x500xc.png\" alt=\"\"\/><\/div><div class=\"item-grid grid-1\"><img src=\"https:\/\/www.muzeumtrebisov.sk\/wp-content\/uploads\/2023\/06\/ksk-900x500xc.png\" alt=\"\"\/><\/div><\/div>\n<\/div><\/div><\/div><\/div><\/div><\/section><section class=\"kc-elm kc-css-443835 kc_row\"><div class=\"kc-row-container  kc-container\"><div class=\"kc-wrap-columns\"><div class=\"kc-elm kc-css-20425 kc_col-sm-12 kc_column kc_col-sm-12\"><div class=\"kc-col-container\"><div class=\"kc-elm kc-css-823249\" style=\"height: 59px; clear: both; width:100%;\"><\/div><\/div><\/div><\/div><\/div><\/section><section class=\"kc-elm kc-css-751366 kc_row\"><div class=\"kc-row-container  kc-container\"><div class=\"kc-wrap-columns\"><div class=\"kc-elm kc-css-277361 kc_col-sm-12 kc_column kc_col-sm-12\"><div class=\"kc-col-container\">\n<div class=\"kc-elm kc-css-109714 kc-title-wrap\">\n\n\t<h1 class=\"kc_title\">Re\u0161taurovan\u00e9 d\u00e1mske a p\u00e1nske kresl\u00e1 zo zbierok V\u00fdchodoslovensk\u00e9ho m\u00fazea v Ko\u0161iciach<\/h1>\n<\/div>\n<\/div><\/div><\/div><\/div><\/section><section class=\"kc-elm kc-css-11893 kc_row\"><div class=\"kc-row-container  kc-container\"><div class=\"kc-wrap-columns\"><div class=\"kc-elm kc-css-846849 kc_col-sm-12 kc_column kc_col-sm-12\"><div class=\"kc-col-container\">\n<div class=\"kc-elm kc-css-585132 kc-title-wrap\">\n\n\t<h4 class=\"kc_title\">V\u00fdstava ANDR\u00c1SSY 200 v M\u00fazeu a Kult\u00farnom centre ju\u017en\u00e9ho Zempl\u00edna prezentuje aj d\u00e1mske a p\u00e1nske kresl\u00e1 zo zbierok VSM v Ko\u0161iciach, ktor\u00e9 boli ned\u00e1vno zre\u0161taurovan\u00e9 s podporou Fondu na podporu umenia. <\/h4>\n<\/div>\n<\/div><\/div><\/div><\/div><\/section><section class=\"kc-elm kc-css-92633 kc_row\"><div class=\"kc-row-container  kc-container\"><div class=\"kc-wrap-columns\"><div class=\"kc-elm kc-css-213384 kc_col-sm-12 kc_column kc_col-sm-12\"><div class=\"kc-col-container\"><div class=\"kc-elm kc-css-273940\" style=\"height: 59px; clear: both; width:100%;\"><\/div><\/div><\/div><\/div><\/div><\/section><section class=\"kc-elm kc-css-306720 kc_row\"><div class=\"kc-row-container  kc-container\"><div class=\"kc-wrap-columns\"><div class=\"kc-elm kc-css-534097 kc_column kc_col-sm-12\"><div class=\"kc-col-container\"><div class=\"kc-elm kc-css-535602 kc_text_block\"><\/p>\n<p>\n<strong>Kreslo d\u00e1mske H 67217 a kreslo p\u00e1nske H 67216<\/strong><\/p>\n<p align=\"justify\">Dvojica kresiel je s\u00fa\u010das\u0165ou jedn\u00e9ho s\u00faboru, ktor\u00fd predstavuje n\u00e1bytok klasicistick\u00e9ho \u0161t\u00fdlu pravdepodobne budape\u0161tianskej\u00a0 proveniencie okolo roku 1760 -1780 vo ve\u013emi kvalitnom preveden\u00ed.<\/p>\n<p align=\"justify\">Sedac\u00ed n\u00e1bytok bol pozna\u010den\u00fd prirodzenou degrad\u00e1ciou materi\u00e1lov a\u00a0pou\u017e\u00edvan\u00edm v\u00a0minulosti. Povrchov\u00e1 \u00faprava vykazovala defekty mechanick\u00e9ho po\u0161kodenia, strhan\u00e9 zl\u00e1tenie na rezb\u00e1ch, \u010diasto\u010dne po\u0161koden\u00fd rezb\u00e1rsky detail, uvo\u013enen\u00e9\u00a0 kon\u0161truk\u010dn\u00e9 spoje, zna\u010dn\u00e9 zne\u010distenie a lok\u00e1lne napadnutie\u00a0 drevokazn\u00fdm hmyzom.<\/p>\n<p align=\"justify\">V\u00a0prvej f\u00e1ze re\u0161taurovania boli obidve kresl\u00e1 od\u010dal\u00fanen\u00e9. Odstr\u00e1nili sa ozdobn\u00e9 klince, po\u0165ahov\u00e1 l\u00e1tka, jednotliv\u00e9 podkladov\u00e9 vrstvy, konsk\u00e1 srs\u0165, africk\u00e1 tr\u00e1va, juta, pru\u017einy a\u00a0ve\u013ek\u00e9 mno\u017estvo \u010dal\u00fannickych\u00a0 klincov.<\/p>\n<p align=\"justify\">Kresl\u00e1 boli o\u010disten\u00e9 od depozitov, ne\u010dist\u00f4t. Realizovan\u00e1 bola dorezba po\u0161koden\u00e9ho mot\u00edvu v\u00a0hornej \u010dasti oper\u00e1ku na p\u00e1nskom kresle. Ako predloha sl\u00fa\u017eila rezba z\u00a0d\u00e1mskeho kresla.<\/p>\n<p align=\"justify\">Stratografick\u00fdmi sondami bolo zisten\u00e9, \u017ee p\u00f4vodn\u00e1 farebnos\u0165 bola v odtieni bielej v kombin\u00e1ci\u00ed s polimentov\u00fdm zl\u00e1ten\u00edm s pou\u017eit\u00edm hned\u00e9ho a \u010derven\u00e9ho bolusu. P\u00f4vodn\u00e1 povrchov\u00e1 \u00faprava bola v minulosti sekund\u00e1rne prekryt\u00e1. N\u00e1ro\u010dn\u00e9 bolo sn\u00edmanie sekund\u00e1rnych premalieb z p\u00e1nskeho kresla so zachovan\u00edm p\u00f4vodn\u00e9ho kriedov\u00e9ho podkladu. Pri d\u00e1mskom kresle bola cel\u00e9 povrchov\u00e1 \u00faprava stiahnut\u00e1 mechanicko-chemickou cestou a cel\u00fd korpus bol n\u00e1sledne nakriedovan\u00fd v siedmych vrstv\u00e1ch za sebou.\u00a0 Na plochy kde sa realizovalo polimentov\u00e9 zl\u00e1tenie\u00a0 bol nanesen\u00fd poliment v troch vrstv\u00e1ch, ktor\u00fd sa po zaschnut\u00ed jemne prebr\u00fasil a n\u00e1sledne prele\u0161til ach\u00e1tom. Na zl\u00e1tenie bolo pou\u017eit\u00e9 pl\u00e1tkov\u00e9 zlato Doppel Gold 23,75 karat, tmav\u00fd odtie\u0148. Povrchov\u00fa \u00fapravu ostatn\u00fdch pl\u00f4ch tvor\u00ed biela tempera vo viac vrstvovom preveden\u00ed. T\u00e1to bola v z\u00e1vere\u010dnej f\u00e1ze upravovan\u00e1 tvrden\u00fdm v\u010del\u00edm voskom v zamatovom preveden\u00ed. <\/p>\n<p><strong>\u00a0<\/strong><\/p>\n<p><strong>Tibor Kov\u00e1\u010d <\/strong>\u2013 re\u0161taur\u00e1tor, \u010dlen komory re\u0161taur\u00e1torov SR<\/p>\n<p>Re\u0161taurovanie klasicistick\u00fdch kresiel bolo realizovan\u00e9 v\u010faka finan\u010dnej podpore z\u00a0verejn\u00fdch zdrojov <strong>Fondu na podporu umenia<\/strong> \u00a0a\u00a0 <strong>Ko\u0161ick\u00e9ho samospr\u00e1vneho kraja.<\/strong><\/p>\n<p>\n<\/div><\/div><\/div><\/div><\/div><\/section><section class=\"kc-elm kc-css-367672 kc_row\"><div class=\"kc-row-container  kc-container\"><div class=\"kc-wrap-columns\"><div class=\"kc-elm kc-css-154555 kc_col-sm-12 kc_column kc_col-sm-12\"><div class=\"kc-col-container\"><div class=\"kc-image-gallery kc-elm kc-css-871282\">\n<div class=\"kc_image_gallery kc-carousel-image kc-grid\" data-image_masonry=\"yes\">\n<div class=\"item-grid grid-4\"><a class=\"kc-image-link kc-pretty-photo\" data-lightbox=\"kc-lightbox\" rel=\"kc-pretty-photo[28224593]\" href=\"https:\/\/www.muzeumtrebisov.sk\/wp-content\/uploads\/2023\/06\/DSC01319-scaled.jpg\"><img src=\"https:\/\/www.muzeumtrebisov.sk\/wp-content\/uploads\/2023\/06\/DSC01319-scaled.jpg\" alt=\"\"\/><div class=\"kc-image-overlay\"><i class=\"egypt-icon-search\"><\/i><\/div><\/a><\/div><div class=\"item-grid grid-4\"><a class=\"kc-image-link kc-pretty-photo\" data-lightbox=\"kc-lightbox\" rel=\"kc-pretty-photo[28224593]\" href=\"https:\/\/www.muzeumtrebisov.sk\/wp-content\/uploads\/2023\/06\/DSC01315-scaled.jpg\"><img src=\"https:\/\/www.muzeumtrebisov.sk\/wp-content\/uploads\/2023\/06\/DSC01315-scaled.jpg\" alt=\"\"\/><div class=\"kc-image-overlay\"><i class=\"egypt-icon-search\"><\/i><\/div><\/a><\/div><div class=\"item-grid grid-4\"><a class=\"kc-image-link kc-pretty-photo\" data-lightbox=\"kc-lightbox\" rel=\"kc-pretty-photo[28224593]\" href=\"https:\/\/www.muzeumtrebisov.sk\/wp-content\/uploads\/2023\/06\/DSC01313-scaled.jpg\"><img src=\"https:\/\/www.muzeumtrebisov.sk\/wp-content\/uploads\/2023\/06\/DSC01313-scaled.jpg\" alt=\"\"\/><div class=\"kc-image-overlay\"><i class=\"egypt-icon-search\"><\/i><\/div><\/a><\/div><div class=\"item-grid grid-4\"><a class=\"kc-image-link kc-pretty-photo\" data-lightbox=\"kc-lightbox\" rel=\"kc-pretty-photo[28224593]\" href=\"https:\/\/www.muzeumtrebisov.sk\/wp-content\/uploads\/2023\/06\/DSC01312-scaled.jpg\"><img src=\"https:\/\/www.muzeumtrebisov.sk\/wp-content\/uploads\/2023\/06\/DSC01312-scaled.jpg\" alt=\"\"\/><div class=\"kc-image-overlay\"><i class=\"egypt-icon-search\"><\/i><\/div><\/a><\/div><div class=\"item-grid grid-4\"><a class=\"kc-image-link kc-pretty-photo\" data-lightbox=\"kc-lightbox\" rel=\"kc-pretty-photo[28224593]\" href=\"https:\/\/www.muzeumtrebisov.sk\/wp-content\/uploads\/2023\/06\/DSC01311-scaled.jpg\"><img src=\"https:\/\/www.muzeumtrebisov.sk\/wp-content\/uploads\/2023\/06\/DSC01311-scaled.jpg\" alt=\"\"\/><div class=\"kc-image-overlay\"><i class=\"egypt-icon-search\"><\/i><\/div><\/a><\/div><div class=\"item-grid grid-4\"><a class=\"kc-image-link kc-pretty-photo\" data-lightbox=\"kc-lightbox\" rel=\"kc-pretty-photo[28224593]\" href=\"https:\/\/www.muzeumtrebisov.sk\/wp-content\/uploads\/2023\/06\/DSC01310-scaled.jpg\"><img src=\"https:\/\/www.muzeumtrebisov.sk\/wp-content\/uploads\/2023\/06\/DSC01310-scaled.jpg\" alt=\"\"\/><div class=\"kc-image-overlay\"><i class=\"egypt-icon-search\"><\/i><\/div><\/a><\/div><div class=\"item-grid grid-4\"><a class=\"kc-image-link kc-pretty-photo\" data-lightbox=\"kc-lightbox\" rel=\"kc-pretty-photo[28224593]\" href=\"https:\/\/www.muzeumtrebisov.sk\/wp-content\/uploads\/2023\/06\/DSC01309-scaled.jpg\"><img src=\"https:\/\/www.muzeumtrebisov.sk\/wp-content\/uploads\/2023\/06\/DSC01309-scaled.jpg\" alt=\"\"\/><div class=\"kc-image-overlay\"><i class=\"egypt-icon-search\"><\/i><\/div><\/a><\/div><div class=\"item-grid grid-4\"><a class=\"kc-image-link kc-pretty-photo\" data-lightbox=\"kc-lightbox\" rel=\"kc-pretty-photo[28224593]\" href=\"https:\/\/www.muzeumtrebisov.sk\/wp-content\/uploads\/2023\/06\/DSC01307-scaled.jpg\"><img src=\"https:\/\/www.muzeumtrebisov.sk\/wp-content\/uploads\/2023\/06\/DSC01307-scaled.jpg\" alt=\"\"\/><div class=\"kc-image-overlay\"><i class=\"egypt-icon-search\"><\/i><\/div><\/a><\/div><\/div>\n<\/div><\/div><\/div><\/div><\/div><\/section><section class=\"kc-elm kc-css-145050 kc_row\"><div class=\"kc-row-container  kc-container\"><div class=\"kc-wrap-columns\"><div class=\"kc-elm kc-css-509774 kc_col-sm-12 kc_column kc_col-sm-12\"><div class=\"kc-col-container\"><\/div><\/div><\/div><\/div><\/section><\/p>","protected":false},"excerpt":{"rendered":"","protected":false},"author":1,"featured_media":3589,"comment_status":"open","ping_status":"open","sticky":false,"template":"","format":"standard","meta":{"om_disable_all_campaigns":false,"_vp_format_video_url":"","_vp_image_focal_point":[]},"categories":[19],"tags":[],"aioseo_notices":[],"yoast_head":"<!-- This site is optimized with the Yoast SEO plugin v18.5.1 - https:\/\/yoast.com\/wordpress\/plugins\/seo\/ -->\n<title>V\u00fdpo\u017ei\u010dka re\u0161taurovan\u00fdch kresiel z V\u00fdchodoslovensk\u00e9ho m\u00fazea  | M\u00fazeum Trebi\u0161ov - Ka\u0161tie\u013e Andr\u00e1ssyovcov<\/title>\n<meta name=\"robots\" content=\"index, follow, max-snippet:-1, max-image-preview:large, max-video-preview:-1\" \/>\n<link rel=\"canonical\" href=\"https:\/\/www.muzeumtrebisov.sk\/hu\/spravy\/vypozicka-restaurovanych-kresiel-z-vychodoslovenskeho-muzea\/\" \/>\n<meta property=\"og:locale\" content=\"hu_HU\" \/>\n<meta property=\"og:type\" content=\"article\" \/>\n<meta property=\"og:title\" content=\"V\u00fdpo\u017ei\u010dka re\u0161taurovan\u00fdch kresiel z V\u00fdchodoslovensk\u00e9ho m\u00fazea  | M\u00fazeum Trebi\u0161ov - Ka\u0161tie\u013e Andr\u00e1ssyovcov\" \/>\n<meta property=\"og:description\" content=\"V\u00fdstava ANDR\u00c1SSY 200 v M\u00fazeu a Kult\u00farnom centre ju\u017en\u00e9ho Zempl\u00edna prezentuje aj d\u00e1mske a p\u00e1nske kresl\u00e1 zo zbierok VSM v Ko\u0161iciach, ktor\u00e9 boli ned\u00e1vno zre\u0161taurovan\u00e9 s podporou Fondu na podporu umenia. Projekt podporili: Re\u0161taurovan\u00e9 d\u00e1mske a p\u00e1nske kresl\u00e1 zo zbierok V\u00fdchodoslovensk\u00e9ho m\u00fazea v Ko\u0161iciach V\u00fdstava ANDR\u00c1SSY 200 v M\u00fazeu a Kult\u00farnom centre ju\u017en\u00e9ho Zempl\u00edna prezentuje\" \/>\n<meta property=\"og:url\" content=\"https:\/\/www.muzeumtrebisov.sk\/hu\/spravy\/vypozicka-restaurovanych-kresiel-z-vychodoslovenskeho-muzea\/\" \/>\n<meta property=\"og:site_name\" content=\"M\u00fazeum Trebi\u0161ov - Ka\u0161tie\u013e Andr\u00e1ssyovcov\" \/>\n<meta property=\"article:publisher\" content=\"https:\/\/www.facebook.com\/muzeumtvkastielandrassyovcov\" \/>\n<meta property=\"article:published_time\" content=\"2023-06-06T12:09:40+00:00\" \/>\n<meta property=\"article:modified_time\" content=\"2023-08-18T06:13:08+00:00\" \/>\n<meta property=\"og:image\" content=\"https:\/\/www.muzeumtrebisov.sk\/wp-content\/uploads\/2023\/06\/DSC01312-scaled.jpg\" \/>\n\t<meta property=\"og:image:width\" content=\"1707\" \/>\n\t<meta property=\"og:image:height\" content=\"2560\" \/>\n\t<meta property=\"og:image:type\" content=\"image\/jpeg\" \/>\n<meta name=\"twitter:card\" content=\"summary_large_image\" \/>\n<meta name=\"twitter:label1\" content=\"Szerz\u0151:\" \/>\n\t<meta name=\"twitter:data1\" content=\"muzeumtvadmin\" \/>\n\t<meta name=\"twitter:label2\" content=\"Becs\u00fclt olvas\u00e1si id\u0151\" \/>\n\t<meta name=\"twitter:data2\" content=\"2 perc\" \/>\n<script type=\"application\/ld+json\" class=\"yoast-schema-graph\">{\"@context\":\"https:\/\/schema.org\",\"@graph\":[{\"@type\":\"Organization\",\"@id\":\"https:\/\/www.muzeumtrebisov.sk\/#organization\",\"name\":\"M\u00fazeum Trebi\u0161ov - Ka\u0161tie\u013e Andr\u00e1ssyovcov\",\"url\":\"https:\/\/www.muzeumtrebisov.sk\/\",\"sameAs\":[\"https:\/\/www.facebook.com\/muzeumtvkastielandrassyovcov\",\"https:\/\/www.instagram.com\/muzeumtrebisovkastielandrassy\/\",\"https:\/\/www.youtube.com\/channel\/UCprfZHvPNIxqZ2IHCDwfv1w\"],\"logo\":{\"@type\":\"ImageObject\",\"@id\":\"https:\/\/www.muzeumtrebisov.sk\/#logo\",\"inLanguage\":\"hu\",\"url\":\"https:\/\/www.muzeumtrebisov.sk\/wp-content\/uploads\/2022\/04\/dual-logo-color-hor.png\",\"contentUrl\":\"https:\/\/www.muzeumtrebisov.sk\/wp-content\/uploads\/2022\/04\/dual-logo-color-hor.png\",\"width\":749,\"height\":140,\"caption\":\"M\u00fazeum Trebi\u0161ov - Ka\u0161tie\u013e Andr\u00e1ssyovcov\"},\"image\":{\"@id\":\"https:\/\/www.muzeumtrebisov.sk\/#logo\"}},{\"@type\":\"WebSite\",\"@id\":\"https:\/\/www.muzeumtrebisov.sk\/#website\",\"url\":\"https:\/\/www.muzeumtrebisov.sk\/\",\"name\":\"M\u00fazeum Trebi\u0161ov - Ka\u0161tie\u013e Andr\u00e1ssyovcov\",\"description\":\"Hist\u00f3ria Andr\u00e1ssyovcov a ju\u017en\u00e9ho Zempl\u00edna\",\"publisher\":{\"@id\":\"https:\/\/www.muzeumtrebisov.sk\/#organization\"},\"potentialAction\":[{\"@type\":\"SearchAction\",\"target\":{\"@type\":\"EntryPoint\",\"urlTemplate\":\"https:\/\/www.muzeumtrebisov.sk\/?s={search_term_string}\"},\"query-input\":\"required name=search_term_string\"}],\"inLanguage\":\"hu\"},{\"@type\":\"ImageObject\",\"@id\":\"https:\/\/www.muzeumtrebisov.sk\/spravy\/vypozicka-restaurovanych-kresiel-z-vychodoslovenskeho-muzea\/#primaryimage\",\"inLanguage\":\"hu\",\"url\":\"https:\/\/www.muzeumtrebisov.sk\/wp-content\/uploads\/2023\/06\/DSC01312-scaled.jpg\",\"contentUrl\":\"https:\/\/www.muzeumtrebisov.sk\/wp-content\/uploads\/2023\/06\/DSC01312-scaled.jpg\",\"width\":1707,\"height\":2560},{\"@type\":\"WebPage\",\"@id\":\"https:\/\/www.muzeumtrebisov.sk\/spravy\/vypozicka-restaurovanych-kresiel-z-vychodoslovenskeho-muzea\/#webpage\",\"url\":\"https:\/\/www.muzeumtrebisov.sk\/spravy\/vypozicka-restaurovanych-kresiel-z-vychodoslovenskeho-muzea\/\",\"name\":\"V\u00fdpo\u017ei\u010dka re\u0161taurovan\u00fdch kresiel z V\u00fdchodoslovensk\u00e9ho m\u00fazea | M\u00fazeum Trebi\u0161ov - Ka\u0161tie\u013e Andr\u00e1ssyovcov\",\"isPartOf\":{\"@id\":\"https:\/\/www.muzeumtrebisov.sk\/#website\"},\"primaryImageOfPage\":{\"@id\":\"https:\/\/www.muzeumtrebisov.sk\/spravy\/vypozicka-restaurovanych-kresiel-z-vychodoslovenskeho-muzea\/#primaryimage\"},\"datePublished\":\"2023-06-06T12:09:40+00:00\",\"dateModified\":\"2023-08-18T06:13:08+00:00\",\"breadcrumb\":{\"@id\":\"https:\/\/www.muzeumtrebisov.sk\/spravy\/vypozicka-restaurovanych-kresiel-z-vychodoslovenskeho-muzea\/#breadcrumb\"},\"inLanguage\":\"hu\",\"potentialAction\":[{\"@type\":\"ReadAction\",\"target\":[\"https:\/\/www.muzeumtrebisov.sk\/spravy\/vypozicka-restaurovanych-kresiel-z-vychodoslovenskeho-muzea\/\"]}]},{\"@type\":\"BreadcrumbList\",\"@id\":\"https:\/\/www.muzeumtrebisov.sk\/spravy\/vypozicka-restaurovanych-kresiel-z-vychodoslovenskeho-muzea\/#breadcrumb\",\"itemListElement\":[{\"@type\":\"ListItem\",\"position\":1,\"name\":\"Home\",\"item\":\"https:\/\/www.muzeumtrebisov.sk\/\"},{\"@type\":\"ListItem\",\"position\":2,\"name\":\"V\u00fdpo\u017ei\u010dka re\u0161taurovan\u00fdch kresiel z V\u00fdchodoslovensk\u00e9ho m\u00fazea\"}]},{\"@type\":\"Article\",\"@id\":\"https:\/\/www.muzeumtrebisov.sk\/spravy\/vypozicka-restaurovanych-kresiel-z-vychodoslovenskeho-muzea\/#article\",\"isPartOf\":{\"@id\":\"https:\/\/www.muzeumtrebisov.sk\/spravy\/vypozicka-restaurovanych-kresiel-z-vychodoslovenskeho-muzea\/#webpage\"},\"author\":{\"@id\":\"https:\/\/www.muzeumtrebisov.sk\/#\/schema\/person\/e020f4c0852b191613d063438d60ae6b\"},\"headline\":\"V\u00fdpo\u017ei\u010dka re\u0161taurovan\u00fdch kresiel z V\u00fdchodoslovensk\u00e9ho m\u00fazea\",\"datePublished\":\"2023-06-06T12:09:40+00:00\",\"dateModified\":\"2023-08-18T06:13:08+00:00\",\"mainEntityOfPage\":{\"@id\":\"https:\/\/www.muzeumtrebisov.sk\/spravy\/vypozicka-restaurovanych-kresiel-z-vychodoslovenskeho-muzea\/#webpage\"},\"wordCount\":488,\"commentCount\":0,\"publisher\":{\"@id\":\"https:\/\/www.muzeumtrebisov.sk\/#organization\"},\"image\":{\"@id\":\"https:\/\/www.muzeumtrebisov.sk\/spravy\/vypozicka-restaurovanych-kresiel-z-vychodoslovenskeho-muzea\/#primaryimage\"},\"thumbnailUrl\":\"https:\/\/www.muzeumtrebisov.sk\/wp-content\/uploads\/2023\/06\/DSC01312-scaled.jpg\",\"articleSection\":[\"Spr\u00e1vy\"],\"inLanguage\":\"hu\",\"potentialAction\":[{\"@type\":\"CommentAction\",\"name\":\"Comment\",\"target\":[\"https:\/\/www.muzeumtrebisov.sk\/spravy\/vypozicka-restaurovanych-kresiel-z-vychodoslovenskeho-muzea\/#respond\"]}]},{\"@type\":\"Person\",\"@id\":\"https:\/\/www.muzeumtrebisov.sk\/#\/schema\/person\/e020f4c0852b191613d063438d60ae6b\",\"name\":\"muzeumtvadmin\",\"image\":{\"@type\":\"ImageObject\",\"@id\":\"https:\/\/www.muzeumtrebisov.sk\/#personlogo\",\"inLanguage\":\"hu\",\"url\":\"https:\/\/secure.gravatar.com\/avatar\/115030f8384675efad0cc99183d7cd51?s=96&d=mm&r=g\",\"contentUrl\":\"https:\/\/secure.gravatar.com\/avatar\/115030f8384675efad0cc99183d7cd51?s=96&d=mm&r=g\",\"caption\":\"muzeumtvadmin\"},\"sameAs\":[\"https:\/\/www.muzeumtrebisov.sk\"],\"url\":\"https:\/\/www.muzeumtrebisov.sk\/hu\/author\/muzeumtvadmin\/\"}]}<\/script>\n<!-- \/ Yoast SEO plugin. -->","yoast_head_json":{"title":"V\u00fdpo\u017ei\u010dka re\u0161taurovan\u00fdch kresiel z V\u00fdchodoslovensk\u00e9ho m\u00fazea  | M\u00fazeum Trebi\u0161ov - Ka\u0161tie\u013e Andr\u00e1ssyovcov","robots":{"index":"index","follow":"follow","max-snippet":"max-snippet:-1","max-image-preview":"max-image-preview:large","max-video-preview":"max-video-preview:-1"},"canonical":"https:\/\/www.muzeumtrebisov.sk\/hu\/spravy\/vypozicka-restaurovanych-kresiel-z-vychodoslovenskeho-muzea\/","og_locale":"hu_HU","og_type":"article","og_title":"V\u00fdpo\u017ei\u010dka re\u0161taurovan\u00fdch kresiel z V\u00fdchodoslovensk\u00e9ho m\u00fazea  | M\u00fazeum Trebi\u0161ov - Ka\u0161tie\u013e Andr\u00e1ssyovcov","og_description":"V\u00fdstava ANDR\u00c1SSY 200 v M\u00fazeu a Kult\u00farnom centre ju\u017en\u00e9ho Zempl\u00edna prezentuje aj d\u00e1mske a p\u00e1nske kresl\u00e1 zo zbierok VSM v Ko\u0161iciach, ktor\u00e9 boli ned\u00e1vno zre\u0161taurovan\u00e9 s podporou Fondu na podporu umenia. Projekt podporili: Re\u0161taurovan\u00e9 d\u00e1mske a p\u00e1nske kresl\u00e1 zo zbierok V\u00fdchodoslovensk\u00e9ho m\u00fazea v Ko\u0161iciach V\u00fdstava ANDR\u00c1SSY 200 v M\u00fazeu a Kult\u00farnom centre ju\u017en\u00e9ho Zempl\u00edna prezentuje","og_url":"https:\/\/www.muzeumtrebisov.sk\/hu\/spravy\/vypozicka-restaurovanych-kresiel-z-vychodoslovenskeho-muzea\/","og_site_name":"M\u00fazeum Trebi\u0161ov - Ka\u0161tie\u013e Andr\u00e1ssyovcov","article_publisher":"https:\/\/www.facebook.com\/muzeumtvkastielandrassyovcov","article_published_time":"2023-06-06T12:09:40+00:00","article_modified_time":"2023-08-18T06:13:08+00:00","og_image":[{"width":1707,"height":2560,"url":"https:\/\/www.muzeumtrebisov.sk\/wp-content\/uploads\/2023\/06\/DSC01312-scaled.jpg","type":"image\/jpeg"}],"twitter_card":"summary_large_image","twitter_misc":{"Szerz\u0151:":"muzeumtvadmin","Becs\u00fclt olvas\u00e1si id\u0151":"2 perc"},"schema":{"@context":"https:\/\/schema.org","@graph":[{"@type":"Organization","@id":"https:\/\/www.muzeumtrebisov.sk\/#organization","name":"M\u00fazeum Trebi\u0161ov - Ka\u0161tie\u013e Andr\u00e1ssyovcov","url":"https:\/\/www.muzeumtrebisov.sk\/","sameAs":["https:\/\/www.facebook.com\/muzeumtvkastielandrassyovcov","https:\/\/www.instagram.com\/muzeumtrebisovkastielandrassy\/","https:\/\/www.youtube.com\/channel\/UCprfZHvPNIxqZ2IHCDwfv1w"],"logo":{"@type":"ImageObject","@id":"https:\/\/www.muzeumtrebisov.sk\/#logo","inLanguage":"hu","url":"https:\/\/www.muzeumtrebisov.sk\/wp-content\/uploads\/2022\/04\/dual-logo-color-hor.png","contentUrl":"https:\/\/www.muzeumtrebisov.sk\/wp-content\/uploads\/2022\/04\/dual-logo-color-hor.png","width":749,"height":140,"caption":"M\u00fazeum Trebi\u0161ov - Ka\u0161tie\u013e Andr\u00e1ssyovcov"},"image":{"@id":"https:\/\/www.muzeumtrebisov.sk\/#logo"}},{"@type":"WebSite","@id":"https:\/\/www.muzeumtrebisov.sk\/#website","url":"https:\/\/www.muzeumtrebisov.sk\/","name":"M\u00fazeum Trebi\u0161ov - Ka\u0161tie\u013e Andr\u00e1ssyovcov","description":"Hist\u00f3ria Andr\u00e1ssyovcov a ju\u017en\u00e9ho Zempl\u00edna","publisher":{"@id":"https:\/\/www.muzeumtrebisov.sk\/#organization"},"potentialAction":[{"@type":"SearchAction","target":{"@type":"EntryPoint","urlTemplate":"https:\/\/www.muzeumtrebisov.sk\/?s={search_term_string}"},"query-input":"required name=search_term_string"}],"inLanguage":"hu"},{"@type":"ImageObject","@id":"https:\/\/www.muzeumtrebisov.sk\/spravy\/vypozicka-restaurovanych-kresiel-z-vychodoslovenskeho-muzea\/#primaryimage","inLanguage":"hu","url":"https:\/\/www.muzeumtrebisov.sk\/wp-content\/uploads\/2023\/06\/DSC01312-scaled.jpg","contentUrl":"https:\/\/www.muzeumtrebisov.sk\/wp-content\/uploads\/2023\/06\/DSC01312-scaled.jpg","width":1707,"height":2560},{"@type":"WebPage","@id":"https:\/\/www.muzeumtrebisov.sk\/spravy\/vypozicka-restaurovanych-kresiel-z-vychodoslovenskeho-muzea\/#webpage","url":"https:\/\/www.muzeumtrebisov.sk\/spravy\/vypozicka-restaurovanych-kresiel-z-vychodoslovenskeho-muzea\/","name":"V\u00fdpo\u017ei\u010dka re\u0161taurovan\u00fdch kresiel z V\u00fdchodoslovensk\u00e9ho m\u00fazea | M\u00fazeum Trebi\u0161ov - Ka\u0161tie\u013e Andr\u00e1ssyovcov","isPartOf":{"@id":"https:\/\/www.muzeumtrebisov.sk\/#website"},"primaryImageOfPage":{"@id":"https:\/\/www.muzeumtrebisov.sk\/spravy\/vypozicka-restaurovanych-kresiel-z-vychodoslovenskeho-muzea\/#primaryimage"},"datePublished":"2023-06-06T12:09:40+00:00","dateModified":"2023-08-18T06:13:08+00:00","breadcrumb":{"@id":"https:\/\/www.muzeumtrebisov.sk\/spravy\/vypozicka-restaurovanych-kresiel-z-vychodoslovenskeho-muzea\/#breadcrumb"},"inLanguage":"hu","potentialAction":[{"@type":"ReadAction","target":["https:\/\/www.muzeumtrebisov.sk\/spravy\/vypozicka-restaurovanych-kresiel-z-vychodoslovenskeho-muzea\/"]}]},{"@type":"BreadcrumbList","@id":"https:\/\/www.muzeumtrebisov.sk\/spravy\/vypozicka-restaurovanych-kresiel-z-vychodoslovenskeho-muzea\/#breadcrumb","itemListElement":[{"@type":"ListItem","position":1,"name":"Home","item":"https:\/\/www.muzeumtrebisov.sk\/"},{"@type":"ListItem","position":2,"name":"V\u00fdpo\u017ei\u010dka re\u0161taurovan\u00fdch kresiel z V\u00fdchodoslovensk\u00e9ho m\u00fazea"}]},{"@type":"Article","@id":"https:\/\/www.muzeumtrebisov.sk\/spravy\/vypozicka-restaurovanych-kresiel-z-vychodoslovenskeho-muzea\/#article","isPartOf":{"@id":"https:\/\/www.muzeumtrebisov.sk\/spravy\/vypozicka-restaurovanych-kresiel-z-vychodoslovenskeho-muzea\/#webpage"},"author":{"@id":"https:\/\/www.muzeumtrebisov.sk\/#\/schema\/person\/e020f4c0852b191613d063438d60ae6b"},"headline":"V\u00fdpo\u017ei\u010dka re\u0161taurovan\u00fdch kresiel z V\u00fdchodoslovensk\u00e9ho m\u00fazea","datePublished":"2023-06-06T12:09:40+00:00","dateModified":"2023-08-18T06:13:08+00:00","mainEntityOfPage":{"@id":"https:\/\/www.muzeumtrebisov.sk\/spravy\/vypozicka-restaurovanych-kresiel-z-vychodoslovenskeho-muzea\/#webpage"},"wordCount":488,"commentCount":0,"publisher":{"@id":"https:\/\/www.muzeumtrebisov.sk\/#organization"},"image":{"@id":"https:\/\/www.muzeumtrebisov.sk\/spravy\/vypozicka-restaurovanych-kresiel-z-vychodoslovenskeho-muzea\/#primaryimage"},"thumbnailUrl":"https:\/\/www.muzeumtrebisov.sk\/wp-content\/uploads\/2023\/06\/DSC01312-scaled.jpg","articleSection":["Spr\u00e1vy"],"inLanguage":"hu","potentialAction":[{"@type":"CommentAction","name":"Comment","target":["https:\/\/www.muzeumtrebisov.sk\/spravy\/vypozicka-restaurovanych-kresiel-z-vychodoslovenskeho-muzea\/#respond"]}]},{"@type":"Person","@id":"https:\/\/www.muzeumtrebisov.sk\/#\/schema\/person\/e020f4c0852b191613d063438d60ae6b","name":"muzeumtvadmin","image":{"@type":"ImageObject","@id":"https:\/\/www.muzeumtrebisov.sk\/#personlogo","inLanguage":"hu","url":"https:\/\/secure.gravatar.com\/avatar\/115030f8384675efad0cc99183d7cd51?s=96&d=mm&r=g","contentUrl":"https:\/\/secure.gravatar.com\/avatar\/115030f8384675efad0cc99183d7cd51?s=96&d=mm&r=g","caption":"muzeumtvadmin"},"sameAs":["https:\/\/www.muzeumtrebisov.sk"],"url":"https:\/\/www.muzeumtrebisov.sk\/hu\/author\/muzeumtvadmin\/"}]}},"_links":{"self":[{"href":"https:\/\/www.muzeumtrebisov.sk\/hu\/wp-json\/wp\/v2\/posts\/3565"}],"collection":[{"href":"https:\/\/www.muzeumtrebisov.sk\/hu\/wp-json\/wp\/v2\/posts"}],"about":[{"href":"https:\/\/www.muzeumtrebisov.sk\/hu\/wp-json\/wp\/v2\/types\/post"}],"author":[{"embeddable":true,"href":"https:\/\/www.muzeumtrebisov.sk\/hu\/wp-json\/wp\/v2\/users\/1"}],"replies":[{"embeddable":true,"href":"https:\/\/www.muzeumtrebisov.sk\/hu\/wp-json\/wp\/v2\/comments?post=3565"}],"version-history":[{"count":6,"href":"https:\/\/www.muzeumtrebisov.sk\/hu\/wp-json\/wp\/v2\/posts\/3565\/revisions"}],"predecessor-version":[{"id":4542,"href":"https:\/\/www.muzeumtrebisov.sk\/hu\/wp-json\/wp\/v2\/posts\/3565\/revisions\/4542"}],"wp:featuredmedia":[{"embeddable":true,"href":"https:\/\/www.muzeumtrebisov.sk\/hu\/wp-json\/wp\/v2\/media\/3589"}],"wp:attachment":[{"href":"https:\/\/www.muzeumtrebisov.sk\/hu\/wp-json\/wp\/v2\/media?parent=3565"}],"wp:term":[{"taxonomy":"category","embeddable":true,"href":"https:\/\/www.muzeumtrebisov.sk\/hu\/wp-json\/wp\/v2\/categories?post=3565"},{"taxonomy":"post_tag","embeddable":true,"href":"https:\/\/www.muzeumtrebisov.sk\/hu\/wp-json\/wp\/v2\/tags?post=3565"}],"curies":[{"name":"wp","href":"https:\/\/api.w.org\/{rel}","templated":true}]}}