{"id":3243,"date":"2023-05-16T18:57:31","date_gmt":"2023-05-16T16:57:31","guid":{"rendered":"https:\/\/www.muzeumtrebisov.sk\/?p=3243"},"modified":"2023-07-05T20:41:34","modified_gmt":"2023-07-05T18:41:34","slug":"xxv-divadelny-trebisov-mala-krajska-scenicka-zatvy-ochotnickych-divadelnych-suborov-kosickeho-kraja-vyhodnotenie","status":"publish","type":"post","link":"https:\/\/www.muzeumtrebisov.sk\/hu\/kulturne-centrum\/xxv-divadelny-trebisov-mala-krajska-scenicka-zatvy-ochotnickych-divadelnych-suborov-kosickeho-kraja-vyhodnotenie\/","title":{"rendered":"Vyhodnotenie s\u00fa\u0165a\u017ee XXV. Divadeln\u00fd Trebi\u0161ov"},"content":{"rendered":"<section class=\"kc-elm kc-css-482245 kc_row\"><div class=\"kc-row-container  kc-container\"><div class=\"kc-wrap-columns\"><div class=\"kc-elm kc-css-690160 kc_col-sm-12 kc_column kc_col-sm-12\"><div class=\"kc-col-container\"><div class=\"kc-elm kc-css-71486 kc_row kc_row_inner\"><div class=\"kc-elm kc-css-576786 kc_col-sm-12 kc_column_inner kc_col-sm-12\"><div class=\"kc_wrapper kc-col-inner-container\"><div class=\"kc-elm kc-css-431099\" style=\"height: 59px; clear: both; width:100%;\"><\/div>\n<div class=\"kc-elm kc-css-822179 kc-title-wrap\">\n\n\t<h1 class=\"kc_title\">XXV. Divadeln\u00fd Trebi\u0161ov \u2013 vyhodnotenie<\/h1>\n<\/div>\n\n<div class=\"kc-elm kc-css-661547 kc-title-wrap\">\n\n\t<h4 class=\"kc_title\">Mal\u00e1 krajsk\u00e1 sc\u00e9nick\u00e1 \u017eatvy ochotn\u00edckych divadeln\u00fdch s\u00faborov Ko\u0161ick\u00e9ho kraja<\/h4>\n<\/div>\n<div class=\"kc-elm kc-css-418458\" style=\"height: 59px; clear: both; width:100%;\"><\/div><\/div><\/div><\/div><div class=\"kc-elm kc-css-681566 kc_text_block\"><\/p>\n<p class=\"Normlnywebov1\" style=\"text-align: justify;\"><span style=\"font-family: Quicksand;\"><span style=\"font-size: 12pt;\">M\u00fa<\/span>zeum a kult\u00farne centrum ju\u017en\u00e9ho Zempl\u00edna v Trebi\u0161ove, kult\u00farne zariadenie Ko\u0161ick\u00e9ho samospr\u00e1vneho kraja, zorganizovalo v d\u0148och 20.4.2023 a 21.4.2023 v porad\u00ed u\u017e<span style=\"mso-spacerun: yes;\">\u00a0 <\/span><strong>25. ro\u010dn\u00edk krajskej s\u00fa\u0165a\u017enej prehliadky amat\u00e9rskeho divadla mlad\u00fdch a amat\u00e9rskeho divadla dospel\u00fdch<\/strong> s n\u00e1zvom <strong>XXV. Divadeln\u00fd Trebi\u0161ov, Mal\u00e1 krajsk\u00e1 sc\u00e9nick\u00e1 \u017eatva ochotn\u00edckych divadeln\u00fdch s\u00faborov Ko\u0161ick\u00e9ho kraja<\/strong>. Prehliadka inscen\u00e1ci\u00ed v\u00a0podan\u00ed ochotn\u00edckych divadeln\u00fdch s\u00faborov prebehla v priestoroch divadelnej s\u00e1ly Mestsk\u00e9ho kult\u00farneho strediska v Trebi\u0161ove. <\/span><\/p>\n<p class=\"Normlnywebov1\" style=\"text-align: justify;\"><span style=\"font-family: Quicksand;\">Toto podujatie je koncipovan\u00e9 ako postupov\u00e1 s\u00fa\u0165a\u017en\u00e1 prehliadka, z ktorej v\u00ed\u0165azi postupuj\u00fa na celo\u0161t\u00e1tnu s\u00fa\u0165a\u017en\u00fa prehliadku Belopotock\u00e9ho Mikul\u00e1\u0161 2023 \u2013 Liptovsk\u00fd Mikul\u00e1\u0161 a FEDIM 2023 \u2013 Tisovec. Vyhlasovate\u013eom a odborn\u00fdm garantom s\u00fa\u0165a\u017ee je N\u00e1rodn\u00e9 osvetov\u00e9 centrum Bratislava, ktor\u00e9 je i\u00a0hlavn\u00fdm finan\u010dn\u00fdm partnerom. Spoluorganiz\u00e1torom podujatia bolo aj mesto Trebi\u0161ov a\u00a0MsKS Trebi\u0161ov. <\/span><\/p>\n<p class=\"Normlnywebov1\" style=\"text-align: justify;\"><span style=\"font-family: Quicksand;\">Prehliadky sa z\u00fa\u010dastnilo \u0161es\u0165 ochotn\u00edckych divadeln\u00fdch s\u00faborov z\u00a0<strong>Trebi\u0161ova<\/strong> <strong>(Divadlo G, DS AmfiTeatro<\/strong>), <strong>Michaloviec<\/strong> (<strong>Divadlo pri font\u00e1ne<\/strong>), <strong>Ko\u0161\u00edc<\/strong> (<strong>DS Mil\u00e9nium, Divadlo Actor pod ve\u017eou<\/strong>) a <strong>Spi\u0161skej Novej Vsi<\/strong> (<strong>DS Hviezdoslav pri MKC<\/strong>). Boli zaraden\u00e9 do pr\u00fadov s\u00fa\u010dasn\u00e9ho i tradi\u010dn\u00e9ho divadla. <br \/><\/span><\/p>\n<p>\n<\/div><div class=\"kc-image-gallery kc-elm kc-css-948305\">\n<div class=\"kc_image_gallery kc-carousel-image kc-grid\" data-image_masonry=\"yes\">\n<div class=\"item-grid grid-4\"><a class=\"kc-image-link kc-pretty-photo\" data-lightbox=\"kc-lightbox\" rel=\"kc-pretty-photo[43325371]\" href=\"https:\/\/www.muzeumtrebisov.sk\/wp-content\/uploads\/2023\/05\/Divadlo_Actor-Trojkolka_-2023........_001-scaled.jpg\"><img src=\"https:\/\/www.muzeumtrebisov.sk\/wp-content\/uploads\/2023\/05\/Divadlo_Actor-Trojkolka_-2023........_001-scaled.jpg\" alt=\"\"\/><div class=\"kc-image-overlay\"><i class=\"egypt-icon-search\"><\/i><\/div><\/a><\/div><div class=\"item-grid grid-4\"><a class=\"kc-image-link kc-pretty-photo\" data-lightbox=\"kc-lightbox\" rel=\"kc-pretty-photo[43325371]\" href=\"https:\/\/www.muzeumtrebisov.sk\/wp-content\/uploads\/2023\/05\/Divadlo_Actor-Trojkolka_-2023........_017-scaled.jpg\"><img src=\"https:\/\/www.muzeumtrebisov.sk\/wp-content\/uploads\/2023\/05\/Divadlo_Actor-Trojkolka_-2023........_017-scaled.jpg\" alt=\"\"\/><div class=\"kc-image-overlay\"><i class=\"egypt-icon-search\"><\/i><\/div><\/a><\/div><div class=\"item-grid grid-4\"><a class=\"kc-image-link kc-pretty-photo\" data-lightbox=\"kc-lightbox\" rel=\"kc-pretty-photo[43325371]\" href=\"https:\/\/www.muzeumtrebisov.sk\/wp-content\/uploads\/2023\/05\/Divadlo_G_Na_spravnej_adrese_-2023........_004-scaled.jpg\"><img src=\"https:\/\/www.muzeumtrebisov.sk\/wp-content\/uploads\/2023\/05\/Divadlo_G_Na_spravnej_adrese_-2023........_004-scaled.jpg\" alt=\"\"\/><div class=\"kc-image-overlay\"><i class=\"egypt-icon-search\"><\/i><\/div><\/a><\/div><div class=\"item-grid grid-4\"><a class=\"kc-image-link kc-pretty-photo\" data-lightbox=\"kc-lightbox\" rel=\"kc-pretty-photo[43325371]\" href=\"https:\/\/www.muzeumtrebisov.sk\/wp-content\/uploads\/2023\/05\/Divadlo_G_Na_spravnej_adrese_-2023........_058-scaled.jpg\"><img src=\"https:\/\/www.muzeumtrebisov.sk\/wp-content\/uploads\/2023\/05\/Divadlo_G_Na_spravnej_adrese_-2023........_058-scaled.jpg\" alt=\"\"\/><div class=\"kc-image-overlay\"><i class=\"egypt-icon-search\"><\/i><\/div><\/a><\/div><div class=\"item-grid grid-4\"><a class=\"kc-image-link kc-pretty-photo\" data-lightbox=\"kc-lightbox\" rel=\"kc-pretty-photo[43325371]\" href=\"https:\/\/www.muzeumtrebisov.sk\/wp-content\/uploads\/2023\/05\/Divadlo_Milenium_Zo_zivota_hmyzu...._-2023........_010-scaled.jpg\"><img src=\"https:\/\/www.muzeumtrebisov.sk\/wp-content\/uploads\/2023\/05\/Divadlo_Milenium_Zo_zivota_hmyzu...._-2023........_010-scaled.jpg\" alt=\"\"\/><div class=\"kc-image-overlay\"><i class=\"egypt-icon-search\"><\/i><\/div><\/a><\/div><div class=\"item-grid grid-4\"><a class=\"kc-image-link kc-pretty-photo\" data-lightbox=\"kc-lightbox\" rel=\"kc-pretty-photo[43325371]\" href=\"https:\/\/www.muzeumtrebisov.sk\/wp-content\/uploads\/2023\/05\/Divadlo_Milenium_Zo_zivota_hmyzu...._-2023........_027-scaled.jpg\"><img src=\"https:\/\/www.muzeumtrebisov.sk\/wp-content\/uploads\/2023\/05\/Divadlo_Milenium_Zo_zivota_hmyzu...._-2023........_027-scaled.jpg\" alt=\"\"\/><div class=\"kc-image-overlay\"><i class=\"egypt-icon-search\"><\/i><\/div><\/a><\/div><div class=\"item-grid grid-4\"><a class=\"kc-image-link kc-pretty-photo\" data-lightbox=\"kc-lightbox\" rel=\"kc-pretty-photo[43325371]\" href=\"https:\/\/www.muzeumtrebisov.sk\/wp-content\/uploads\/2023\/05\/Divadlo_Milenium_Zo_zivota_hmyzu...._-2023........_076-scaled.jpg\"><img src=\"https:\/\/www.muzeumtrebisov.sk\/wp-content\/uploads\/2023\/05\/Divadlo_Milenium_Zo_zivota_hmyzu...._-2023........_076-scaled.jpg\" alt=\"\"\/><div class=\"kc-image-overlay\"><i class=\"egypt-icon-search\"><\/i><\/div><\/a><\/div><div class=\"item-grid grid-4\"><a class=\"kc-image-link kc-pretty-photo\" data-lightbox=\"kc-lightbox\" rel=\"kc-pretty-photo[43325371]\" href=\"https:\/\/www.muzeumtrebisov.sk\/wp-content\/uploads\/2023\/05\/Divadlo_pri_fontane_Letne_svetlo...._-2023........_010-scaled.jpg\"><img src=\"https:\/\/www.muzeumtrebisov.sk\/wp-content\/uploads\/2023\/05\/Divadlo_pri_fontane_Letne_svetlo...._-2023........_010-scaled.jpg\" alt=\"\"\/><div class=\"kc-image-overlay\"><i class=\"egypt-icon-search\"><\/i><\/div><\/a><\/div><div class=\"item-grid grid-4\"><a class=\"kc-image-link kc-pretty-photo\" data-lightbox=\"kc-lightbox\" rel=\"kc-pretty-photo[43325371]\" href=\"https:\/\/www.muzeumtrebisov.sk\/wp-content\/uploads\/2023\/05\/Divadlo_pri_fontane_Letne_svetlo...._-2023........_029-scaled.jpg\"><img src=\"https:\/\/www.muzeumtrebisov.sk\/wp-content\/uploads\/2023\/05\/Divadlo_pri_fontane_Letne_svetlo...._-2023........_029-scaled.jpg\" alt=\"\"\/><div class=\"kc-image-overlay\"><i class=\"egypt-icon-search\"><\/i><\/div><\/a><\/div><div class=\"item-grid grid-4\"><a class=\"kc-image-link kc-pretty-photo\" data-lightbox=\"kc-lightbox\" rel=\"kc-pretty-photo[43325371]\" href=\"https:\/\/www.muzeumtrebisov.sk\/wp-content\/uploads\/2023\/05\/DS_AmfiTeatro_Obycajny_clovek_-2023........_005.jpg\"><img src=\"https:\/\/www.muzeumtrebisov.sk\/wp-content\/uploads\/2023\/05\/DS_AmfiTeatro_Obycajny_clovek_-2023........_005.jpg\" alt=\"\"\/><div class=\"kc-image-overlay\"><i class=\"egypt-icon-search\"><\/i><\/div><\/a><\/div><div class=\"item-grid grid-4\"><a class=\"kc-image-link kc-pretty-photo\" data-lightbox=\"kc-lightbox\" rel=\"kc-pretty-photo[43325371]\" href=\"https:\/\/www.muzeumtrebisov.sk\/wp-content\/uploads\/2023\/05\/DS_AmfiTeatro_Obycajny_clovek_-2023........_016.jpg\"><img src=\"https:\/\/www.muzeumtrebisov.sk\/wp-content\/uploads\/2023\/05\/DS_AmfiTeatro_Obycajny_clovek_-2023........_016.jpg\" alt=\"\"\/><div class=\"kc-image-overlay\"><i class=\"egypt-icon-search\"><\/i><\/div><\/a><\/div><div class=\"item-grid grid-4\"><a class=\"kc-image-link kc-pretty-photo\" data-lightbox=\"kc-lightbox\" rel=\"kc-pretty-photo[43325371]\" href=\"https:\/\/www.muzeumtrebisov.sk\/wp-content\/uploads\/2023\/05\/DS_Hviezdoslav_Stary_zalubenecgeneralka_-2023........_008-scaled.jpg\"><img src=\"https:\/\/www.muzeumtrebisov.sk\/wp-content\/uploads\/2023\/05\/DS_Hviezdoslav_Stary_zalubenecgeneralka_-2023........_008-scaled.jpg\" alt=\"\"\/><div class=\"kc-image-overlay\"><i class=\"egypt-icon-search\"><\/i><\/div><\/a><\/div><\/div>\n<\/div>\n<div class=\"kc-elm kc-css-400206 divider_line\">\n\t<div class=\"divider_inner divider_line3\">\n\t\t<span class=\"line_text\">Vyhodnotenie s\u00fa\u0165a\u017ee<\/span>\t<\/div>\n<\/div>\n<div class=\"kc-elm kc-css-118335 kc_row kc_row_inner\"><div class=\"kc-elm kc-css-528167 kc_col-sm-6 kc_column_inner kc_col-sm-6\"><div class=\"kc_wrapper kc-col-inner-container\"><div class=\"kc-elm kc-css-263143 kc_shortcode kc_single_image\">\n\n        <a rel=\"prettyPhoto\" class=\"kc-pretty-photo\" href=\"https:\/\/www.muzeumtrebisov.sk\/wp-content\/uploads\/2023\/05\/Slavnostne_vyhodnotenie...._-2023........_031-scaled.jpg\" title=\"\" target=\"\">\n        <img src=\"https:\/\/www.muzeumtrebisov.sk\/wp-content\/uploads\/2023\/05\/Slavnostne_vyhodnotenie...._-2023........_031-scaled.jpg\" class=\"\" alt=\"\" \/><div class=\"kc-image-overlay\"><i class=\"egypt-icon-search\"><\/i><\/div>    <\/a>\n    <\/div>\n<div class=\"kc-elm kc-css-869126 kc_shortcode kc_single_image\">\n\n        <a rel=\"prettyPhoto\" class=\"kc-pretty-photo\" href=\"https:\/\/www.muzeumtrebisov.sk\/wp-content\/uploads\/2023\/05\/Slavnostne_vyhodnotenie...._-2023........_018-scaled.jpg\" title=\"\" target=\"\">\n        <img src=\"https:\/\/www.muzeumtrebisov.sk\/wp-content\/uploads\/2023\/05\/Slavnostne_vyhodnotenie...._-2023........_018-scaled.jpg\" class=\"\" alt=\"\" \/><div class=\"kc-image-overlay\"><i class=\"egypt-icon-search\"><\/i><\/div>    <\/a>\n    <\/div>\n<div class=\"kc-elm kc-css-922700\" style=\"height: 8px; clear: both; width:100%;\"><\/div><\/div><\/div><div class=\"kc-elm kc-css-434458 kc_col-sm-6 kc_column_inner kc_col-sm-6\"><div class=\"kc_wrapper kc-col-inner-container\"><div class=\"kc-elm kc-css-534243\" style=\"height: 59px; clear: both; width:100%;\"><\/div><div class=\"kc-elm kc-css-644965 kc_text_block\"><\/p>\n<p>V\u00fdkony ochotn\u00edkov hodnotila odborn\u00e1 porota v zlo\u017een\u00ed: <strong>Mgr. Al\u017ebeta Vere\u0161pejov\u00e1 PhD.<\/strong> &#8211; \u010dlenka, <strong>Mgr. art. Michal Jasa\u0148<\/strong> &#8211; \u010dlen,<strong> PhDr. Miron Pukan, PhD.<\/strong> \u2013 predseda. Po ka\u017edom predstaven\u00ed sa uskuto\u010dnil rozborov\u00fd semin\u00e1r, ktor\u00e9ho cie\u013eom bolo upozorni\u0165 na nedostatky, ale i\u00a0podpori\u0165 kreativitu a\u00a0\u010dinnos\u0165 divadeln\u00edkov. Na z\u00e1klade d\u00f4kladn\u00e9ho zv\u00e1\u017eenia odborn\u00e1 porota rozhodla nasledovne:<\/p>\n<p class=\"Normlnywebov1\" style=\"text-align: justify;\"><span style=\"font-family: Quicksand;\">V\u00a0kateg\u00f3rii pr\u00fadov s\u00fa\u010dasn\u00e9ho divadla sa porota rozhodla 1. miesto s\u00a0priamym postupom na celo\u0161t\u00e1tnu s\u00fa\u0165a\u017e Belopotock\u00e9ho Mikul\u00e1\u0161 2023 neudeli\u0165. Udelen\u00e9 bolo 2. miesto s\u00a0n\u00e1vrhom na postup Divadeln\u00e9mu s\u00faboru AmfiTeatro z\u00a0Trebi\u0161ova s\u00a0hrou Oby\u010dajn\u00fd \u010dlovek. Taktie\u017e boli udelen\u00e1 dve tretie miesta, Divadeln\u00e9mu s\u00faboru Mil\u00e9nium z\u00a0Ko\u0161\u00edc s\u00a0inscen\u00e1ciou Zo \u017eivota hmyzu a\u00a0Divadlu pri font\u00e1ne z\u00a0Michaloviec s\u00a0inscen\u00e1ciou Letn\u00e9 svetlo o\u00a0pol \u0161iestej&#8230;.(Obrazy zo \u017eivota maliara Moussona).<\/span><\/p>\n<p class=\"Normlnywebov1\" style=\"text-align: justify;\"><span style=\"font-family: Quicksand;\">V\u00a0kateg\u00f3rii pr\u00fadov tradi\u010dn\u00e9ho divadla udelila porota 1. miesto s priamym postupom na celo\u0161t\u00e1tnu s\u00fa\u0165a\u017e Belopotock\u00e9ho Mikul\u00e1\u0161 2023 Divadlu G z\u00a0Trebi\u0161ova s\u00a0inscen\u00e1ciou Na spr\u00e1vnej adrese, druh\u00e9 miesto s\u00a0odpor\u00fa\u010dan\u00edm na postup na celo\u0161t\u00e1tnu s\u00fa\u0165a\u017e Belopotock\u00e9ho Mikul\u00e1\u0161 2023 Divadlu Actor pod ve\u017eou z\u00a0Ko\u0161\u00edc s\u00a0inscen\u00e1ciou Trojkolka a\u00a02. miesto bez odpor\u00fa\u010dania Divadeln\u00e9mu s\u00faboru Hviezdoslav pri MKC Spi\u0161sk\u00e1 Nov\u00e1 Ves s\u00a0inscen\u00e1ciou Star\u00fd za\u013e\u00fabenec (gener\u00e1lka).<\/span><\/p>\n<p>\n<\/div><\/div><\/div><\/div>\n<div class=\"kc-elm kc-css-839931 divider_line\">\n\t<div class=\"divider_inner divider_line3\">\n\t\t<span class=\"line_text\">Festival festivalov<\/span>\t<\/div>\n<\/div>\n<div class=\"kc-elm kc-css-177464 kc_row kc_row_inner\"><div class=\"kc-elm kc-css-251006 kc_col-sm-6 kc_column_inner kc_col-sm-6\"><div class=\"kc_wrapper kc-col-inner-container\"><div class=\"kc-elm kc-css-912045\" style=\"height: 73px; clear: both; width:100%;\"><\/div><div class=\"kc-elm kc-css-707672 kc_text_block\"><\/p>\n<p><span style=\"font-family: Quicksand;\">S\u00fa\u010das\u0165ou podujatia bola i\u00a0v\u00fdstava<strong> Festival festivalov<\/strong> &#8211; vetva slovensk\u00e9ho ochotn\u00edckeho divadla, na ktor\u00fa bola tematicky viazan\u00e1 predn\u00e1\u0161ka pod veden\u00edm<strong> MgA. Jakuba Moln\u00e1ra<\/strong>. Sprievodnou aktivitou t\u00fdchto dvoch dn\u00ed bola v\u00a0dopolud\u0148aj\u0161\u00edch hodin\u00e1ch prehliadka mauz\u00f3lea gr\u00f3fa J\u00faliusa Andr\u00e1ssyho s\u00a0odborn\u00fdm v\u00fdkladom.<\/span><\/p>\n<p>\n<\/div><\/div><\/div><div class=\"kc-elm kc-css-194835 kc_col-sm-6 kc_column_inner kc_col-sm-6\"><div class=\"kc_wrapper kc-col-inner-container\"><div class=\"kc-image-gallery kc-elm kc-css-458367\">\n<div class=\"kc_image_gallery kc-carousel-image kc-grid\">\n<div class=\"item-grid grid-2\"><a class=\"kc-image-link kc-pretty-photo\" data-lightbox=\"kc-lightbox\" rel=\"kc-pretty-photo[9927703]\" href=\"https:\/\/www.muzeumtrebisov.sk\/wp-content\/uploads\/2023\/05\/Vystava_a_prednaska...._-2023........_007-scaled.jpg\"><img src=\"https:\/\/www.muzeumtrebisov.sk\/wp-content\/uploads\/2023\/05\/Vystava_a_prednaska...._-2023........_007-300x200.jpg\" alt=\"\"\/><div class=\"kc-image-overlay\"><i class=\"egypt-icon-search\"><\/i><\/div><\/a><\/div><div class=\"item-grid grid-2\"><a class=\"kc-image-link kc-pretty-photo\" data-lightbox=\"kc-lightbox\" rel=\"kc-pretty-photo[9927703]\" href=\"https:\/\/www.muzeumtrebisov.sk\/wp-content\/uploads\/2023\/05\/Vystava_a_prednaska...._-2023........_012-scaled.jpg\"><img src=\"https:\/\/www.muzeumtrebisov.sk\/wp-content\/uploads\/2023\/05\/Vystava_a_prednaska...._-2023........_012-300x200.jpg\" alt=\"\"\/><div class=\"kc-image-overlay\"><i class=\"egypt-icon-search\"><\/i><\/div><\/a><\/div><div class=\"item-grid grid-2\"><a class=\"kc-image-link kc-pretty-photo\" data-lightbox=\"kc-lightbox\" rel=\"kc-pretty-photo[9927703]\" href=\"https:\/\/www.muzeumtrebisov.sk\/wp-content\/uploads\/2023\/05\/Vystava_a_prednaska...._-2023........_016-scaled.jpg\"><img src=\"https:\/\/www.muzeumtrebisov.sk\/wp-content\/uploads\/2023\/05\/Vystava_a_prednaska...._-2023........_016-300x200.jpg\" alt=\"\"\/><div class=\"kc-image-overlay\"><i class=\"egypt-icon-search\"><\/i><\/div><\/a><\/div><div class=\"item-grid grid-2\"><a class=\"kc-image-link kc-pretty-photo\" data-lightbox=\"kc-lightbox\" rel=\"kc-pretty-photo[9927703]\" href=\"https:\/\/www.muzeumtrebisov.sk\/wp-content\/uploads\/2023\/05\/Vystava_a_prednaska...._-2023........_018-scaled.jpg\"><img src=\"https:\/\/www.muzeumtrebisov.sk\/wp-content\/uploads\/2023\/05\/Vystava_a_prednaska...._-2023........_018-300x200.jpg\" alt=\"\"\/><div class=\"kc-image-overlay\"><i class=\"egypt-icon-search\"><\/i><\/div><\/a><\/div><\/div>\n<\/div><\/div><\/div><\/div><div class=\"kc-elm kc-css-761028 kc_text_block\"><\/p>\n<p class=\"MsoNormal\" style=\"text-align: left;\"><span style=\"font-family: Quicksand;\">Kontaktn\u00e1 osoba: Bc. Zuzana Pavlov\u00e1<br \/><\/span><span style=\"font-family: Quicksand;\">Emailov\u00e1 adresa: <a href=\"mailto:zuzana.bodnarova@muzeumtv.sk\">zuzana.bodnarova@muzeumtv.sk<\/a><\/span><\/p>\n<p>\n<\/div><\/div><\/div><\/div><\/div><\/section>","protected":false},"excerpt":{"rendered":"","protected":false},"author":1,"featured_media":3263,"comment_status":"open","ping_status":"open","sticky":false,"template":"","format":"standard","meta":{"om_disable_all_campaigns":false,"_vp_format_video_url":"","_vp_image_focal_point":[]},"categories":[71],"tags":[],"aioseo_notices":[],"yoast_head":"<!-- This site is optimized with the Yoast SEO plugin v18.5.1 - https:\/\/yoast.com\/wordpress\/plugins\/seo\/ -->\n<title>Vyhodnotenie s\u00fa\u0165a\u017ee XXV. Divadeln\u00fd Trebi\u0161ov  | M\u00fazeum Trebi\u0161ov - Ka\u0161tie\u013e Andr\u00e1ssyovcov<\/title>\n<meta name=\"robots\" content=\"index, follow, max-snippet:-1, max-image-preview:large, max-video-preview:-1\" \/>\n<link rel=\"canonical\" href=\"https:\/\/www.muzeumtrebisov.sk\/hu\/kulturne-centrum\/xxv-divadelny-trebisov-mala-krajska-scenicka-zatvy-ochotnickych-divadelnych-suborov-kosickeho-kraja-vyhodnotenie\/\" \/>\n<meta property=\"og:locale\" content=\"hu_HU\" \/>\n<meta property=\"og:type\" content=\"article\" \/>\n<meta property=\"og:title\" content=\"Vyhodnotenie s\u00fa\u0165a\u017ee XXV. Divadeln\u00fd Trebi\u0161ov  | M\u00fazeum Trebi\u0161ov - Ka\u0161tie\u013e Andr\u00e1ssyovcov\" \/>\n<meta property=\"og:description\" content=\"XXV. Divadeln\u00fd Trebi\u0161ov \u2013 vyhodnotenie Mal\u00e1 krajsk\u00e1 sc\u00e9nick\u00e1 \u017eatvy ochotn\u00edckych divadeln\u00fdch s\u00faborov Ko\u0161ick\u00e9ho kraja M\u00fazeum a kult\u00farne centrum ju\u017en\u00e9ho Zempl\u00edna v Trebi\u0161ove, kult\u00farne zariadenie Ko\u0161ick\u00e9ho samospr\u00e1vneho kraja, zorganizovalo v d\u0148och 20.4.2023 a 21.4.2023 v porad\u00ed u\u017e\u00a0 25. ro\u010dn\u00edk krajskej s\u00fa\u0165a\u017enej prehliadky amat\u00e9rskeho divadla mlad\u00fdch a amat\u00e9rskeho divadla dospel\u00fdch s n\u00e1zvom XXV. Divadeln\u00fd Trebi\u0161ov, Mal\u00e1 krajsk\u00e1\" \/>\n<meta property=\"og:url\" content=\"https:\/\/www.muzeumtrebisov.sk\/hu\/kulturne-centrum\/xxv-divadelny-trebisov-mala-krajska-scenicka-zatvy-ochotnickych-divadelnych-suborov-kosickeho-kraja-vyhodnotenie\/\" \/>\n<meta property=\"og:site_name\" content=\"M\u00fazeum Trebi\u0161ov - Ka\u0161tie\u013e Andr\u00e1ssyovcov\" \/>\n<meta property=\"article:publisher\" content=\"https:\/\/www.facebook.com\/muzeumtvkastielandrassyovcov\" \/>\n<meta property=\"article:published_time\" content=\"2023-05-16T16:57:31+00:00\" \/>\n<meta property=\"article:modified_time\" content=\"2023-07-05T18:41:34+00:00\" \/>\n<meta property=\"og:image\" content=\"https:\/\/www.muzeumtrebisov.sk\/wp-content\/uploads\/2023\/05\/DS_AmfiTeatro_Obycajny_clovek_-2023........_016.jpg\" \/>\n\t<meta property=\"og:image:width\" content=\"1775\" \/>\n\t<meta property=\"og:image:height\" content=\"1183\" \/>\n\t<meta property=\"og:image:type\" content=\"image\/jpeg\" \/>\n<meta name=\"twitter:card\" content=\"summary_large_image\" \/>\n<meta name=\"twitter:label1\" content=\"Szerz\u0151:\" \/>\n\t<meta name=\"twitter:data1\" content=\"muzeumtvadmin\" \/>\n\t<meta name=\"twitter:label2\" content=\"Becs\u00fclt olvas\u00e1si id\u0151\" \/>\n\t<meta name=\"twitter:data2\" content=\"3 perc\" \/>\n<script type=\"application\/ld+json\" class=\"yoast-schema-graph\">{\"@context\":\"https:\/\/schema.org\",\"@graph\":[{\"@type\":\"Organization\",\"@id\":\"https:\/\/www.muzeumtrebisov.sk\/#organization\",\"name\":\"M\u00fazeum Trebi\u0161ov - Ka\u0161tie\u013e Andr\u00e1ssyovcov\",\"url\":\"https:\/\/www.muzeumtrebisov.sk\/\",\"sameAs\":[\"https:\/\/www.facebook.com\/muzeumtvkastielandrassyovcov\",\"https:\/\/www.instagram.com\/muzeumtrebisovkastielandrassy\/\",\"https:\/\/www.youtube.com\/channel\/UCprfZHvPNIxqZ2IHCDwfv1w\"],\"logo\":{\"@type\":\"ImageObject\",\"@id\":\"https:\/\/www.muzeumtrebisov.sk\/#logo\",\"inLanguage\":\"hu\",\"url\":\"https:\/\/www.muzeumtrebisov.sk\/wp-content\/uploads\/2022\/04\/dual-logo-color-hor.png\",\"contentUrl\":\"https:\/\/www.muzeumtrebisov.sk\/wp-content\/uploads\/2022\/04\/dual-logo-color-hor.png\",\"width\":749,\"height\":140,\"caption\":\"M\u00fazeum Trebi\u0161ov - Ka\u0161tie\u013e Andr\u00e1ssyovcov\"},\"image\":{\"@id\":\"https:\/\/www.muzeumtrebisov.sk\/#logo\"}},{\"@type\":\"WebSite\",\"@id\":\"https:\/\/www.muzeumtrebisov.sk\/#website\",\"url\":\"https:\/\/www.muzeumtrebisov.sk\/\",\"name\":\"M\u00fazeum Trebi\u0161ov - Ka\u0161tie\u013e Andr\u00e1ssyovcov\",\"description\":\"Hist\u00f3ria Andr\u00e1ssyovcov a ju\u017en\u00e9ho Zempl\u00edna\",\"publisher\":{\"@id\":\"https:\/\/www.muzeumtrebisov.sk\/#organization\"},\"potentialAction\":[{\"@type\":\"SearchAction\",\"target\":{\"@type\":\"EntryPoint\",\"urlTemplate\":\"https:\/\/www.muzeumtrebisov.sk\/?s={search_term_string}\"},\"query-input\":\"required name=search_term_string\"}],\"inLanguage\":\"hu\"},{\"@type\":\"ImageObject\",\"@id\":\"https:\/\/www.muzeumtrebisov.sk\/kulturne-centrum\/xxv-divadelny-trebisov-mala-krajska-scenicka-zatvy-ochotnickych-divadelnych-suborov-kosickeho-kraja-vyhodnotenie\/#primaryimage\",\"inLanguage\":\"hu\",\"url\":\"https:\/\/www.muzeumtrebisov.sk\/wp-content\/uploads\/2023\/05\/DS_AmfiTeatro_Obycajny_clovek_-2023........_016.jpg\",\"contentUrl\":\"https:\/\/www.muzeumtrebisov.sk\/wp-content\/uploads\/2023\/05\/DS_AmfiTeatro_Obycajny_clovek_-2023........_016.jpg\",\"width\":1775,\"height\":1183},{\"@type\":\"WebPage\",\"@id\":\"https:\/\/www.muzeumtrebisov.sk\/kulturne-centrum\/xxv-divadelny-trebisov-mala-krajska-scenicka-zatvy-ochotnickych-divadelnych-suborov-kosickeho-kraja-vyhodnotenie\/#webpage\",\"url\":\"https:\/\/www.muzeumtrebisov.sk\/kulturne-centrum\/xxv-divadelny-trebisov-mala-krajska-scenicka-zatvy-ochotnickych-divadelnych-suborov-kosickeho-kraja-vyhodnotenie\/\",\"name\":\"Vyhodnotenie s\u00fa\u0165a\u017ee XXV. Divadeln\u00fd Trebi\u0161ov | M\u00fazeum Trebi\u0161ov - Ka\u0161tie\u013e Andr\u00e1ssyovcov\",\"isPartOf\":{\"@id\":\"https:\/\/www.muzeumtrebisov.sk\/#website\"},\"primaryImageOfPage\":{\"@id\":\"https:\/\/www.muzeumtrebisov.sk\/kulturne-centrum\/xxv-divadelny-trebisov-mala-krajska-scenicka-zatvy-ochotnickych-divadelnych-suborov-kosickeho-kraja-vyhodnotenie\/#primaryimage\"},\"datePublished\":\"2023-05-16T16:57:31+00:00\",\"dateModified\":\"2023-07-05T18:41:34+00:00\",\"breadcrumb\":{\"@id\":\"https:\/\/www.muzeumtrebisov.sk\/kulturne-centrum\/xxv-divadelny-trebisov-mala-krajska-scenicka-zatvy-ochotnickych-divadelnych-suborov-kosickeho-kraja-vyhodnotenie\/#breadcrumb\"},\"inLanguage\":\"hu\",\"potentialAction\":[{\"@type\":\"ReadAction\",\"target\":[\"https:\/\/www.muzeumtrebisov.sk\/kulturne-centrum\/xxv-divadelny-trebisov-mala-krajska-scenicka-zatvy-ochotnickych-divadelnych-suborov-kosickeho-kraja-vyhodnotenie\/\"]}]},{\"@type\":\"BreadcrumbList\",\"@id\":\"https:\/\/www.muzeumtrebisov.sk\/kulturne-centrum\/xxv-divadelny-trebisov-mala-krajska-scenicka-zatvy-ochotnickych-divadelnych-suborov-kosickeho-kraja-vyhodnotenie\/#breadcrumb\",\"itemListElement\":[{\"@type\":\"ListItem\",\"position\":1,\"name\":\"Home\",\"item\":\"https:\/\/www.muzeumtrebisov.sk\/\"},{\"@type\":\"ListItem\",\"position\":2,\"name\":\"Vyhodnotenie s\u00fa\u0165a\u017ee XXV. Divadeln\u00fd Trebi\u0161ov\"}]},{\"@type\":\"Article\",\"@id\":\"https:\/\/www.muzeumtrebisov.sk\/kulturne-centrum\/xxv-divadelny-trebisov-mala-krajska-scenicka-zatvy-ochotnickych-divadelnych-suborov-kosickeho-kraja-vyhodnotenie\/#article\",\"isPartOf\":{\"@id\":\"https:\/\/www.muzeumtrebisov.sk\/kulturne-centrum\/xxv-divadelny-trebisov-mala-krajska-scenicka-zatvy-ochotnickych-divadelnych-suborov-kosickeho-kraja-vyhodnotenie\/#webpage\"},\"author\":{\"@id\":\"https:\/\/www.muzeumtrebisov.sk\/#\/schema\/person\/e020f4c0852b191613d063438d60ae6b\"},\"headline\":\"Vyhodnotenie s\u00fa\u0165a\u017ee XXV. Divadeln\u00fd Trebi\u0161ov\",\"datePublished\":\"2023-05-16T16:57:31+00:00\",\"dateModified\":\"2023-07-05T18:41:34+00:00\",\"mainEntityOfPage\":{\"@id\":\"https:\/\/www.muzeumtrebisov.sk\/kulturne-centrum\/xxv-divadelny-trebisov-mala-krajska-scenicka-zatvy-ochotnickych-divadelnych-suborov-kosickeho-kraja-vyhodnotenie\/#webpage\"},\"wordCount\":566,\"commentCount\":0,\"publisher\":{\"@id\":\"https:\/\/www.muzeumtrebisov.sk\/#organization\"},\"image\":{\"@id\":\"https:\/\/www.muzeumtrebisov.sk\/kulturne-centrum\/xxv-divadelny-trebisov-mala-krajska-scenicka-zatvy-ochotnickych-divadelnych-suborov-kosickeho-kraja-vyhodnotenie\/#primaryimage\"},\"thumbnailUrl\":\"https:\/\/www.muzeumtrebisov.sk\/wp-content\/uploads\/2023\/05\/DS_AmfiTeatro_Obycajny_clovek_-2023........_016.jpg\",\"articleSection\":[\"Kult\u00farne centrum\"],\"inLanguage\":\"hu\",\"potentialAction\":[{\"@type\":\"CommentAction\",\"name\":\"Comment\",\"target\":[\"https:\/\/www.muzeumtrebisov.sk\/kulturne-centrum\/xxv-divadelny-trebisov-mala-krajska-scenicka-zatvy-ochotnickych-divadelnych-suborov-kosickeho-kraja-vyhodnotenie\/#respond\"]}]},{\"@type\":\"Person\",\"@id\":\"https:\/\/www.muzeumtrebisov.sk\/#\/schema\/person\/e020f4c0852b191613d063438d60ae6b\",\"name\":\"muzeumtvadmin\",\"image\":{\"@type\":\"ImageObject\",\"@id\":\"https:\/\/www.muzeumtrebisov.sk\/#personlogo\",\"inLanguage\":\"hu\",\"url\":\"https:\/\/secure.gravatar.com\/avatar\/115030f8384675efad0cc99183d7cd51?s=96&d=mm&r=g\",\"contentUrl\":\"https:\/\/secure.gravatar.com\/avatar\/115030f8384675efad0cc99183d7cd51?s=96&d=mm&r=g\",\"caption\":\"muzeumtvadmin\"},\"sameAs\":[\"https:\/\/www.muzeumtrebisov.sk\"],\"url\":\"https:\/\/www.muzeumtrebisov.sk\/hu\/author\/muzeumtvadmin\/\"}]}<\/script>\n<!-- \/ Yoast SEO plugin. -->","yoast_head_json":{"title":"Vyhodnotenie s\u00fa\u0165a\u017ee XXV. Divadeln\u00fd Trebi\u0161ov  | M\u00fazeum Trebi\u0161ov - Ka\u0161tie\u013e Andr\u00e1ssyovcov","robots":{"index":"index","follow":"follow","max-snippet":"max-snippet:-1","max-image-preview":"max-image-preview:large","max-video-preview":"max-video-preview:-1"},"canonical":"https:\/\/www.muzeumtrebisov.sk\/hu\/kulturne-centrum\/xxv-divadelny-trebisov-mala-krajska-scenicka-zatvy-ochotnickych-divadelnych-suborov-kosickeho-kraja-vyhodnotenie\/","og_locale":"hu_HU","og_type":"article","og_title":"Vyhodnotenie s\u00fa\u0165a\u017ee XXV. Divadeln\u00fd Trebi\u0161ov  | M\u00fazeum Trebi\u0161ov - Ka\u0161tie\u013e Andr\u00e1ssyovcov","og_description":"XXV. Divadeln\u00fd Trebi\u0161ov \u2013 vyhodnotenie Mal\u00e1 krajsk\u00e1 sc\u00e9nick\u00e1 \u017eatvy ochotn\u00edckych divadeln\u00fdch s\u00faborov Ko\u0161ick\u00e9ho kraja M\u00fazeum a kult\u00farne centrum ju\u017en\u00e9ho Zempl\u00edna v Trebi\u0161ove, kult\u00farne zariadenie Ko\u0161ick\u00e9ho samospr\u00e1vneho kraja, zorganizovalo v d\u0148och 20.4.2023 a 21.4.2023 v porad\u00ed u\u017e\u00a0 25. ro\u010dn\u00edk krajskej s\u00fa\u0165a\u017enej prehliadky amat\u00e9rskeho divadla mlad\u00fdch a amat\u00e9rskeho divadla dospel\u00fdch s n\u00e1zvom XXV. Divadeln\u00fd Trebi\u0161ov, Mal\u00e1 krajsk\u00e1","og_url":"https:\/\/www.muzeumtrebisov.sk\/hu\/kulturne-centrum\/xxv-divadelny-trebisov-mala-krajska-scenicka-zatvy-ochotnickych-divadelnych-suborov-kosickeho-kraja-vyhodnotenie\/","og_site_name":"M\u00fazeum Trebi\u0161ov - Ka\u0161tie\u013e Andr\u00e1ssyovcov","article_publisher":"https:\/\/www.facebook.com\/muzeumtvkastielandrassyovcov","article_published_time":"2023-05-16T16:57:31+00:00","article_modified_time":"2023-07-05T18:41:34+00:00","og_image":[{"width":1775,"height":1183,"url":"https:\/\/www.muzeumtrebisov.sk\/wp-content\/uploads\/2023\/05\/DS_AmfiTeatro_Obycajny_clovek_-2023........_016.jpg","type":"image\/jpeg"}],"twitter_card":"summary_large_image","twitter_misc":{"Szerz\u0151:":"muzeumtvadmin","Becs\u00fclt olvas\u00e1si id\u0151":"3 perc"},"schema":{"@context":"https:\/\/schema.org","@graph":[{"@type":"Organization","@id":"https:\/\/www.muzeumtrebisov.sk\/#organization","name":"M\u00fazeum Trebi\u0161ov - Ka\u0161tie\u013e Andr\u00e1ssyovcov","url":"https:\/\/www.muzeumtrebisov.sk\/","sameAs":["https:\/\/www.facebook.com\/muzeumtvkastielandrassyovcov","https:\/\/www.instagram.com\/muzeumtrebisovkastielandrassy\/","https:\/\/www.youtube.com\/channel\/UCprfZHvPNIxqZ2IHCDwfv1w"],"logo":{"@type":"ImageObject","@id":"https:\/\/www.muzeumtrebisov.sk\/#logo","inLanguage":"hu","url":"https:\/\/www.muzeumtrebisov.sk\/wp-content\/uploads\/2022\/04\/dual-logo-color-hor.png","contentUrl":"https:\/\/www.muzeumtrebisov.sk\/wp-content\/uploads\/2022\/04\/dual-logo-color-hor.png","width":749,"height":140,"caption":"M\u00fazeum Trebi\u0161ov - Ka\u0161tie\u013e Andr\u00e1ssyovcov"},"image":{"@id":"https:\/\/www.muzeumtrebisov.sk\/#logo"}},{"@type":"WebSite","@id":"https:\/\/www.muzeumtrebisov.sk\/#website","url":"https:\/\/www.muzeumtrebisov.sk\/","name":"M\u00fazeum Trebi\u0161ov - Ka\u0161tie\u013e Andr\u00e1ssyovcov","description":"Hist\u00f3ria Andr\u00e1ssyovcov a ju\u017en\u00e9ho Zempl\u00edna","publisher":{"@id":"https:\/\/www.muzeumtrebisov.sk\/#organization"},"potentialAction":[{"@type":"SearchAction","target":{"@type":"EntryPoint","urlTemplate":"https:\/\/www.muzeumtrebisov.sk\/?s={search_term_string}"},"query-input":"required name=search_term_string"}],"inLanguage":"hu"},{"@type":"ImageObject","@id":"https:\/\/www.muzeumtrebisov.sk\/kulturne-centrum\/xxv-divadelny-trebisov-mala-krajska-scenicka-zatvy-ochotnickych-divadelnych-suborov-kosickeho-kraja-vyhodnotenie\/#primaryimage","inLanguage":"hu","url":"https:\/\/www.muzeumtrebisov.sk\/wp-content\/uploads\/2023\/05\/DS_AmfiTeatro_Obycajny_clovek_-2023........_016.jpg","contentUrl":"https:\/\/www.muzeumtrebisov.sk\/wp-content\/uploads\/2023\/05\/DS_AmfiTeatro_Obycajny_clovek_-2023........_016.jpg","width":1775,"height":1183},{"@type":"WebPage","@id":"https:\/\/www.muzeumtrebisov.sk\/kulturne-centrum\/xxv-divadelny-trebisov-mala-krajska-scenicka-zatvy-ochotnickych-divadelnych-suborov-kosickeho-kraja-vyhodnotenie\/#webpage","url":"https:\/\/www.muzeumtrebisov.sk\/kulturne-centrum\/xxv-divadelny-trebisov-mala-krajska-scenicka-zatvy-ochotnickych-divadelnych-suborov-kosickeho-kraja-vyhodnotenie\/","name":"Vyhodnotenie s\u00fa\u0165a\u017ee XXV. Divadeln\u00fd Trebi\u0161ov | M\u00fazeum Trebi\u0161ov - Ka\u0161tie\u013e Andr\u00e1ssyovcov","isPartOf":{"@id":"https:\/\/www.muzeumtrebisov.sk\/#website"},"primaryImageOfPage":{"@id":"https:\/\/www.muzeumtrebisov.sk\/kulturne-centrum\/xxv-divadelny-trebisov-mala-krajska-scenicka-zatvy-ochotnickych-divadelnych-suborov-kosickeho-kraja-vyhodnotenie\/#primaryimage"},"datePublished":"2023-05-16T16:57:31+00:00","dateModified":"2023-07-05T18:41:34+00:00","breadcrumb":{"@id":"https:\/\/www.muzeumtrebisov.sk\/kulturne-centrum\/xxv-divadelny-trebisov-mala-krajska-scenicka-zatvy-ochotnickych-divadelnych-suborov-kosickeho-kraja-vyhodnotenie\/#breadcrumb"},"inLanguage":"hu","potentialAction":[{"@type":"ReadAction","target":["https:\/\/www.muzeumtrebisov.sk\/kulturne-centrum\/xxv-divadelny-trebisov-mala-krajska-scenicka-zatvy-ochotnickych-divadelnych-suborov-kosickeho-kraja-vyhodnotenie\/"]}]},{"@type":"BreadcrumbList","@id":"https:\/\/www.muzeumtrebisov.sk\/kulturne-centrum\/xxv-divadelny-trebisov-mala-krajska-scenicka-zatvy-ochotnickych-divadelnych-suborov-kosickeho-kraja-vyhodnotenie\/#breadcrumb","itemListElement":[{"@type":"ListItem","position":1,"name":"Home","item":"https:\/\/www.muzeumtrebisov.sk\/"},{"@type":"ListItem","position":2,"name":"Vyhodnotenie s\u00fa\u0165a\u017ee XXV. Divadeln\u00fd Trebi\u0161ov"}]},{"@type":"Article","@id":"https:\/\/www.muzeumtrebisov.sk\/kulturne-centrum\/xxv-divadelny-trebisov-mala-krajska-scenicka-zatvy-ochotnickych-divadelnych-suborov-kosickeho-kraja-vyhodnotenie\/#article","isPartOf":{"@id":"https:\/\/www.muzeumtrebisov.sk\/kulturne-centrum\/xxv-divadelny-trebisov-mala-krajska-scenicka-zatvy-ochotnickych-divadelnych-suborov-kosickeho-kraja-vyhodnotenie\/#webpage"},"author":{"@id":"https:\/\/www.muzeumtrebisov.sk\/#\/schema\/person\/e020f4c0852b191613d063438d60ae6b"},"headline":"Vyhodnotenie s\u00fa\u0165a\u017ee XXV. Divadeln\u00fd Trebi\u0161ov","datePublished":"2023-05-16T16:57:31+00:00","dateModified":"2023-07-05T18:41:34+00:00","mainEntityOfPage":{"@id":"https:\/\/www.muzeumtrebisov.sk\/kulturne-centrum\/xxv-divadelny-trebisov-mala-krajska-scenicka-zatvy-ochotnickych-divadelnych-suborov-kosickeho-kraja-vyhodnotenie\/#webpage"},"wordCount":566,"commentCount":0,"publisher":{"@id":"https:\/\/www.muzeumtrebisov.sk\/#organization"},"image":{"@id":"https:\/\/www.muzeumtrebisov.sk\/kulturne-centrum\/xxv-divadelny-trebisov-mala-krajska-scenicka-zatvy-ochotnickych-divadelnych-suborov-kosickeho-kraja-vyhodnotenie\/#primaryimage"},"thumbnailUrl":"https:\/\/www.muzeumtrebisov.sk\/wp-content\/uploads\/2023\/05\/DS_AmfiTeatro_Obycajny_clovek_-2023........_016.jpg","articleSection":["Kult\u00farne centrum"],"inLanguage":"hu","potentialAction":[{"@type":"CommentAction","name":"Comment","target":["https:\/\/www.muzeumtrebisov.sk\/kulturne-centrum\/xxv-divadelny-trebisov-mala-krajska-scenicka-zatvy-ochotnickych-divadelnych-suborov-kosickeho-kraja-vyhodnotenie\/#respond"]}]},{"@type":"Person","@id":"https:\/\/www.muzeumtrebisov.sk\/#\/schema\/person\/e020f4c0852b191613d063438d60ae6b","name":"muzeumtvadmin","image":{"@type":"ImageObject","@id":"https:\/\/www.muzeumtrebisov.sk\/#personlogo","inLanguage":"hu","url":"https:\/\/secure.gravatar.com\/avatar\/115030f8384675efad0cc99183d7cd51?s=96&d=mm&r=g","contentUrl":"https:\/\/secure.gravatar.com\/avatar\/115030f8384675efad0cc99183d7cd51?s=96&d=mm&r=g","caption":"muzeumtvadmin"},"sameAs":["https:\/\/www.muzeumtrebisov.sk"],"url":"https:\/\/www.muzeumtrebisov.sk\/hu\/author\/muzeumtvadmin\/"}]}},"_links":{"self":[{"href":"https:\/\/www.muzeumtrebisov.sk\/hu\/wp-json\/wp\/v2\/posts\/3243"}],"collection":[{"href":"https:\/\/www.muzeumtrebisov.sk\/hu\/wp-json\/wp\/v2\/posts"}],"about":[{"href":"https:\/\/www.muzeumtrebisov.sk\/hu\/wp-json\/wp\/v2\/types\/post"}],"author":[{"embeddable":true,"href":"https:\/\/www.muzeumtrebisov.sk\/hu\/wp-json\/wp\/v2\/users\/1"}],"replies":[{"embeddable":true,"href":"https:\/\/www.muzeumtrebisov.sk\/hu\/wp-json\/wp\/v2\/comments?post=3243"}],"version-history":[{"count":6,"href":"https:\/\/www.muzeumtrebisov.sk\/hu\/wp-json\/wp\/v2\/posts\/3243\/revisions"}],"predecessor-version":[{"id":4037,"href":"https:\/\/www.muzeumtrebisov.sk\/hu\/wp-json\/wp\/v2\/posts\/3243\/revisions\/4037"}],"wp:featuredmedia":[{"embeddable":true,"href":"https:\/\/www.muzeumtrebisov.sk\/hu\/wp-json\/wp\/v2\/media\/3263"}],"wp:attachment":[{"href":"https:\/\/www.muzeumtrebisov.sk\/hu\/wp-json\/wp\/v2\/media?parent=3243"}],"wp:term":[{"taxonomy":"category","embeddable":true,"href":"https:\/\/www.muzeumtrebisov.sk\/hu\/wp-json\/wp\/v2\/categories?post=3243"},{"taxonomy":"post_tag","embeddable":true,"href":"https:\/\/www.muzeumtrebisov.sk\/hu\/wp-json\/wp\/v2\/tags?post=3243"}],"curies":[{"name":"wp","href":"https:\/\/api.w.org\/{rel}","templated":true}]}}