{"id":3132,"date":"2023-04-18T11:20:36","date_gmt":"2023-04-18T09:20:36","guid":{"rendered":"https:\/\/www.muzeumtrebisov.sk\/?p=3132"},"modified":"2023-04-18T11:33:53","modified_gmt":"2023-04-18T09:33:53","slug":"vyhodnotenie-sutaze-vesmir-ocami-deti-2023","status":"publish","type":"post","link":"https:\/\/www.muzeumtrebisov.sk\/hu\/spravy\/vyhodnotenie-sutaze-vesmir-ocami-deti-2023\/","title":{"rendered":"Vyhodnotenie s\u00fa\u0165a\u017ee &#8222;Vesm\u00edr o\u010dami det\u00ed&#8220; 2023"},"content":{"rendered":"<p><section class=\"kc-elm kc-css-331274 kc_row\"><div class=\"kc-row-container  kc-container\"><div class=\"kc-wrap-columns\"><div class=\"kc-elm kc-css-31657 kc_col-sm-12 kc_column kc_col-sm-12\"><div class=\"kc-col-container\">\n<div class=\"kc-elm kc-css-575920 kc-title-wrap\">\n\n\t<h1 class=\"kc_title\">Vyhodnotenie okresn\u00e9ho kola celoslovenskej v\u00fdtvarnej s\u00fa\u0165a\u017ee \"Vesm\u00edr o\u010dami det\u00ed\" 2023 <\/h1>\n<\/div>\n<div class=\"kc-elm kc-css-238240\" style=\"height: 20px; clear: both; width:100%;\"><\/div><\/div><\/div><\/div><\/div><\/section><section class=\"kc-elm kc-css-482786 kc_row\"><div class=\"kc-row-container  kc-container\"><div class=\"kc-wrap-columns\"><div class=\"kc-elm kc-css-621689 kc_column kc_col-sm-12\"><div class=\"kc-col-container\"><div class=\"kc-elm kc-css-453958 kc_text_block\"><\/p>\n<p>M\u00fazeum a\u00a0Kult\u00farne centrum ju\u017en\u00e9ho Zempl\u00edna v Trebi\u0161ove, \u00fatvar astron\u00f3mie, sa zapojil do XXXVIII. ro\u010dn\u00edka celoslovenskej v\u00fdtvarnej s\u00fa\u0165a\u017ee <strong>\u201eVesm\u00edr o\u010dami det\u00ed\u201c<\/strong>. Do okresn\u00e9ho kola sa<strong> v\u00a0roku 2023<\/strong> prihl\u00e1silo 10 matersk\u00fdch \u0161k\u00f4l, 29 z\u00e1kladn\u00fdch \u0161k\u00f4l, 3 \u0161peci\u00e1lne z\u00e1kladn\u00e9 \u0161koly a\u00a0 6 z\u00e1kladn\u00fdch umeleck\u00fdch \u0161k\u00f4l.<strong> 554<\/strong> <strong>do\u0161l\u00fdch v\u00fdtvarn\u00fdch pr\u00e1c <\/strong>rozdelen\u00fdch do 5. kateg\u00f3ri\u00ed hodnotila odborn\u00e1 porota <strong>28. marca 2023<\/strong> v \u00a0MaKCJZ v\u00a0Trebi\u0161ove.<\/p>\n<p><strong>Porota pre 1., 2. a\u00a03. kateg\u00f3riu.:<\/strong> <br \/>Mgr. Rastislav \u0160tefa\u0148\u00e1k, \u00a0predseda 1., 2. a\u00a03. kateg\u00f3rie<br \/><span style=\"font-style: inherit;\">Mgr. M\u00e1ria Gimov\u00e1<br \/><\/span><span style=\"font-style: inherit;\">Akad. soch. Richard Wagner<\/span><\/p>\n<p><b>Porota pre 4. a\u00a05. kateg\u00f3riu:<br \/><\/b><span style=\"font-style: inherit;\">Akad. soch. Richard Wagner, predseda 4. a\u00a05. kateg\u00f3rie<br \/><\/span><span style=\"font-style: inherit;\">Mgr. M\u00e1ria Gimov\u00e1<br \/><\/span><span style=\"font-style: inherit;\">Be\u00e1ta Le\u0161kov\u00e1<\/span><\/p>\n<p>Te\u0161\u00ed n\u00e1s, \u017ee t\u00e9ma \u201evesm\u00edr\u201c je pre deti st\u00e1lou in\u0161pir\u00e1ciou podnecuj\u00facou ich fant\u00e1ziu a\u00a0tie\u017e, \u017ee sa so svojimi predstavami podelili s nami.<\/p>\n<p><span style=\"font-family: Quicksand;\"><strong><span style=\"font-size: 18pt;\">Umiestnenie v\u00fdtvarn\u00fdch pr\u00e1c v okresnom kole v roku 2023:<\/span><\/strong><\/span><\/p>\n<p><strong style=\"font-style: inherit;\"><em>1). <\/em>kateg\u00f3ria<\/strong><\/p>\n<p><b>1.)\u00a0<\/b><em>miesto:<\/em><strong style=\"font-style: inherit;\"> Nina Antol\u00edkov\u00e1, <\/strong><span style=\"font-style: inherit;\">M\u0160 Dargov \u201eMoja plan\u00e9ta\u201c<\/span><br \/><strong>2.)<\/strong>\u00a0<em>miesto:<\/em><strong style=\"font-style: inherit;\"> Sab\u00edna Dragulov\u00e1, <\/strong><span style=\"font-style: inherit;\">M\u0160 \u0160kult\u00e9tyho, Trebi\u0161ov \u201eV\u00fdskok do slne\u010dnej s\u00fastavy\u201c\u00a0 \u00a0 \u00a0 \u00a0 \u00a0<\/span><br \/><strong>3.)<\/strong>\u00a0<em>miesto:<\/em><strong style=\"font-style: inherit;\"> Teodor Ga\u0161par, <\/strong><span style=\"font-style: inherit;\">M\u0160 Micha\u013eany \u201eV\u00fdlet na Marse\u201c<\/span><br \/><strong>4.)<\/strong>\u00a0<em>miesto:<\/em><strong style=\"font-style: inherit;\"> Bianka Ku\u010de\u010dkov\u00e1, <\/strong><span style=\"font-style: inherit;\">M\u0160 \u0160kult\u00e9tyho, elok. prac. Pri Pol\u00edcii Trebi\u0161ov\u00a0\u201ePozdrav z\u00a0vesm\u00edru\u201c<\/span><br \/><strong>4.)<\/strong>\u00a0<em>miesto:<\/em><strong style=\"font-style: inherit;\"> Nikola Vinclerov\u00e1, <\/strong><span style=\"font-style: inherit;\">M\u0160 \u0160kult\u00e9tyho, Trebi\u0161ov \u201eVesm\u00edrna n\u00e1v\u0161teva\u201c<\/span><\/p>\n<div>\u00a0<\/div>\n<p>2).<i style=\"font-style: inherit; font-weight: bold;\">\u00a0kateg\u00f3ria<\/i><\/p>\n<p><b><br \/><\/b><strong>1.)<\/strong><em> miesto:<\/em><span style=\"font-style: inherit;\"><strong> Petra Pol\u00e1kov\u00e1<\/strong>, Z\u0160 Kossutha, Kr\u00e1\u013eovsk\u00fd Chlmec, \u201eVesm\u00edr o\u010dami det\u00ed\u201c<\/span><br \/><strong>2.)<\/strong><em> miesto:<\/em><span style=\"font-style: inherit;\"><strong> Noemi Pandov\u00e1<\/strong>, Z\u0160 Pribinova 34, Trebi\u0161ov,\u00a0\u201eMa\u010dky id\u00fa do vesm\u00edru\u201c<\/span><br \/><strong>3.)<\/strong> <em>miesto:<\/em><span style=\"font-style: inherit;\"><strong> S\u00e1ra Orehovsk\u00fd<\/strong>, Z\u0160 M. Helm\u00e9czyho s\u00a0VJM, Kr\u00e1\u013eovsk\u00fd Chlmec,\u00a0\u201eVesm\u00edr o\u010dami det\u00ed\u201c<\/span><br \/><strong>4.)<\/strong><em> miesto<\/em><em>:<\/em><span style=\"font-style: inherit;\"><strong> Eva Ol\u00edcia O\u010den\u00e1\u0161ov\u00e1<\/strong>, Z\u0160 s\u00a0VJM Bo\u0165any, \u201eVesel\u00ed mimozem\u0161\u0165ania\u201c<\/span><br \/><strong>4.)<\/strong><em> miesto:<\/em><span style=\"font-style: inherit;\"><strong> Timea Antol\u00edkov\u00e1<\/strong>, Z\u0160 Obchodn\u00e1 5, Se\u010dovce, \u201eVesm\u00edrna d\u00faha&#8220;<\/span><\/p>\n<p><em>\u00a0<\/em><\/p>\n<p><em>3).\u00a0<\/em><strong style=\"font-style: inherit;\">kateg\u00f3ria<\/strong><\/p>\n<p><strong>1.)<\/strong><em> miesto:<\/em><span style=\"font-style: inherit;\"><strong> Simona Polia\u010dikov\u00e1<\/strong>, Z\u0160 Komensk\u00e9ho, Trebi\u0161ov,\u00a0\u201eTeleport\u00e1l do sveta\u201c<\/span><br \/><strong>2.)<\/strong> <em>miesto:<\/em><span style=\"font-style: inherit;\"><strong> Vikt\u00f3ria Mo\u010dkov\u00e1<\/strong>, Z\u0160 Pribinova 34, Trebi\u0161ov, \u201eSen o\u00a0hviezdach\u201c<\/span><br \/><strong>3.)<\/strong> <em>miesto:<\/em><span style=\"font-style: inherit;\"><strong> Alexander Jon\u00e1\u0161<\/strong>, Spojen\u00e1 \u0161kola intern\u00e1tna, Trebi\u0161ov,\u00a0\u201eKr\u00e1sna cesta vesm\u00edrom\u201c<\/span><br \/><strong>4.)<\/strong> <em>miesto:<\/em><span style=\"font-style: inherit;\"><strong> Loretta Balogov\u00e1<\/strong>, Z\u0160 s\u00a0M\u0160 s\u00a0VJM Bo\u013e, \u201eMatka Zeme\u201c<\/span><br \/><strong>4.)<\/strong> <em>miesto:<\/em><span style=\"font-style: inherit;\"><strong> Lenka \u0160kovranov\u00e1<\/strong>, CS\u0160 \u2013 Z\u0160 SV. Rodiny, Se\u010dovce,\u00a0<\/span><span style=\"font-style: inherit;\">\u201eV bo\u017eej milosti\u201c<\/span><\/p>\n<p>4).\u00a0<em style=\"font-style: inherit; font-weight: bold;\">kateg\u00f3ria<\/em><\/p>\n<p><strong>1.)<\/strong><em> miesto:<\/em><span style=\"font-style: inherit;\"><strong> Diana Becov\u00e1<\/strong>, ZU\u0160 Mari\u00e1nske n\u00e1mestie, Trebi\u0161ov, \u201eStretnutie\u201c<\/span><br \/><strong>2.)<\/strong><em> miesto:<\/em><span style=\"font-style: inherit;\"><strong> Sofia Baraniov\u00e1<\/strong>, ZU\u0160 Mari\u00e1nske n\u00e1mestie, Trebi\u0161ov,\u00a0\u201eBublinov\u00e9 ufo\u201c<\/span><br \/><strong>3.)<\/strong><em> miesto:<\/em> <strong style=\"font-style: inherit;\">Nikolas Szatm\u00e1ry,<\/strong><span style=\"font-style: inherit;\"> S\u00fakromn\u00e1 ZU\u0160, Micha\u013eany,\u00a0 \u201ePr\u00ed\u0161erka vo vesm\u00edre\u201c<\/span><br \/><strong>4.)<\/strong> <em>miesto:<\/em><span style=\"font-style: inherit;\"><strong> Petra Pol\u00e1kov\u00e1<\/strong>, ZU\u0160 Kr\u00e1\u013eovsk\u00fd Chlmec \u201eVesm\u00edr o\u010dami det\u00ed\u201c<br \/><\/span><strong><span style=\"font-style: inherit;\">4.)<\/span><\/strong><em>miesto:<\/em> <strong style=\"font-style: inherit;\">Petra Baranov\u00e1,<\/strong><span style=\"font-style: inherit;\"> ZU\u0160 Mari\u00e1nske n\u00e1mestie, Trebi\u0161ov \u201eN\u00e1v\u0161tevn\u00edci\u201c<\/span><\/p>\n<p><span style=\"font-style: inherit;\">\u00a0<\/span><\/p>\n<p>5.)\u00a0<em style=\"font-style: inherit; font-weight: bold;\">kateg\u00f3ria<\/em><\/p>\n<p><b>1.)\u00a0<\/b><em>miesto:<\/em><span style=\"font-style: inherit;\"><strong> Mat\u00fa\u0161 Baju\u017eik<\/strong>, ZU\u0160 Mari\u00e1nske n\u00e1mestie, Trebi\u0161ov,\u00a0 \u201ePoh\u013ead do vesm\u00edru&#8220;\u00a0<br \/><\/span><strong>2.)<\/strong><em> miesto:<\/em><span style=\"font-style: inherit;\"><strong> Zuzana Hatalovsk\u00e1<\/strong>, ZU\u0160 Mari\u00e1nske n\u00e1mestie, Trebi\u0161ov,<\/span><span style=\"font-style: inherit;\">\u00a0\u201eRozz\u00faren\u00fd mimozem\u0161\u0165an\u201c<br \/><\/span><span style=\"font-style: inherit;\"><strong>3.)<\/strong>\u00a0<\/span><em>miesto:<\/em><span style=\"font-style: inherit;\"><strong> Naomi Sunitrov\u00e1<\/strong>, ZU\u0160 Kr\u00e1\u013eovsk\u00fd Chlmec, \u201e Na k\u00e1vi\u010dke&#8220;\u00a0<\/span><br \/><strong>4.)<\/strong> <em>miesto:<\/em><span style=\"font-style: inherit;\"><strong> \u0160imon T\u00f3th<\/strong>, ZU\u0160 Mari\u00e1nske n\u00e1mestie, Trebi\u0161ov,\u00a0<\/span><span style=\"font-style: inherit;\">\u201eNehoda na z\u00e1kladni\u201c<br \/><\/span><span style=\"font-style: inherit;\"><strong>4.)<\/strong>\u00a0<\/span><em>miesto:<\/em> <strong style=\"font-style: inherit;\">Linda Fedorov\u00e1,<\/strong><span style=\"font-style: inherit;\"> ZU\u0160 Kr\u00e1\u013eovsk\u00fd Chlmec \u201eVesm\u00edrne dobrodru\u017estva\u201c<\/span><\/p>\n<p><em>\u00a0<\/em><\/p>\n<p style=\"text-align: center;\"><span style=\"font-size: 18pt;\">25 postupuj\u00facich pr\u00e1c a \u010fal\u0161\u00edch 161 vybran\u00fdch v\u00fdtvarn\u00fdch pr\u00e1c je v term\u00edne\u00a0<\/span><\/p>\n<p style=\"text-align: center;\"><span style=\"font-size: 24pt;\"><strong>od 4. 4. 2023 do 28. 4. 2023\u00a0<\/strong><\/span><\/p>\n<p style=\"text-align: center;\"><span style=\"font-size: 18pt;\">vystaven\u00fdch v M\u00fazeu a Kult\u00farnom centre ju\u017en\u00e9ho Zempl\u00edna v Trebi\u0161ove v budove <strong>KONIARNE.\u00a0<\/strong><\/span><\/p>\n<p style=\"text-align: center;\"><span style=\"font-size: 18pt;\"><strong><br \/><\/strong><\/span><\/p>\n<p><strong>V\u00ed\u0165azom, ktor\u00ed post\u00fapili do celoslovensk\u00e9ho kola blaho\u017eel\u00e1me<\/strong>.<\/p>\n<p><strong>\u010eakujeme v\u0161etk\u00fdm, ktor\u00ed sa zapojili do s\u00fa\u0165a\u017ee svojimi v\u00fdtvarn\u00fdmi pr\u00e1cami.<\/strong><\/p>\n<p>\n<\/div><div class=\"kc-elm kc-css-816242\" style=\"height: 20px; clear: both; width:100%;\"><\/div>\n<div class=\"kc-elm kc-css-85919 kc-title-wrap\">\n\n\t<h1 class=\"kc_title\">Gal\u00e9ria<\/h1>\n<\/div>\n<div class=\"kc-elm kc-css-493875\" style=\"height: 20px; clear: both; width:100%;\"><\/div><\/div><\/div><\/div><\/div><\/section><section class=\"kc-elm kc-css-32403 kc_row\"><div class=\"kc-row-container  kc-container\"><div class=\"kc-wrap-columns\"><div class=\"kc-elm kc-css-373317 kc_col-sm-6 kc_column kc_col-sm-6\"><div class=\"kc-col-container\"><div class=\"kc-image-gallery kc-elm kc-css-601880\"><h3 class=\"kc-title image-gallery-title\">1. kateg\u00f3ria <\/h3>\n<div class=\"kc_image_gallery kc-carousel-image kc-grid\" data-image_masonry=\"yes\">\n<div class=\"item-grid grid-4\"><a class=\"kc-image-link kc-pretty-photo\" data-lightbox=\"kc-lightbox\" rel=\"kc-pretty-photo[32995405]\" href=\"https:\/\/www.muzeumtrebisov.sk\/wp-content\/uploads\/2023\/04\/1.-kat.-4.miesto-Nikola-Vinclerova.jpg\"><img src=\"https:\/\/www.muzeumtrebisov.sk\/wp-content\/uploads\/2023\/04\/1.-kat.-4.miesto-Nikola-Vinclerova.jpg\" alt=\"\"\/><div class=\"kc-image-overlay\"><i class=\"egypt-icon-search-1\"><\/i><\/div><\/a><\/div><div class=\"item-grid grid-4\"><a class=\"kc-image-link kc-pretty-photo\" data-lightbox=\"kc-lightbox\" rel=\"kc-pretty-photo[32995405]\" href=\"https:\/\/www.muzeumtrebisov.sk\/wp-content\/uploads\/2023\/04\/1.-kat.-4.miesto-Bianka-Kuceckova.jpg\"><img src=\"https:\/\/www.muzeumtrebisov.sk\/wp-content\/uploads\/2023\/04\/1.-kat.-4.miesto-Bianka-Kuceckova.jpg\" alt=\"\"\/><div class=\"kc-image-overlay\"><i class=\"egypt-icon-search-1\"><\/i><\/div><\/a><\/div><div class=\"item-grid grid-4\"><a class=\"kc-image-link kc-pretty-photo\" data-lightbox=\"kc-lightbox\" rel=\"kc-pretty-photo[32995405]\" href=\"https:\/\/www.muzeumtrebisov.sk\/wp-content\/uploads\/2023\/04\/1.-kat.-3.miesto-Teodor-Gaspar-scaled.jpg\"><img src=\"https:\/\/www.muzeumtrebisov.sk\/wp-content\/uploads\/2023\/04\/1.-kat.-3.miesto-Teodor-Gaspar-scaled.jpg\" alt=\"\"\/><div class=\"kc-image-overlay\"><i class=\"egypt-icon-search-1\"><\/i><\/div><\/a><\/div><div class=\"item-grid grid-4\"><a class=\"kc-image-link kc-pretty-photo\" data-lightbox=\"kc-lightbox\" rel=\"kc-pretty-photo[32995405]\" href=\"https:\/\/www.muzeumtrebisov.sk\/wp-content\/uploads\/2023\/04\/1.-kat.-2.miesto-Sabina-Dragulova.jpg\"><img src=\"https:\/\/www.muzeumtrebisov.sk\/wp-content\/uploads\/2023\/04\/1.-kat.-2.miesto-Sabina-Dragulova.jpg\" alt=\"\"\/><div class=\"kc-image-overlay\"><i class=\"egypt-icon-search-1\"><\/i><\/div><\/a><\/div><div class=\"item-grid grid-4\"><a class=\"kc-image-link kc-pretty-photo\" data-lightbox=\"kc-lightbox\" rel=\"kc-pretty-photo[32995405]\" href=\"https:\/\/www.muzeumtrebisov.sk\/wp-content\/uploads\/2023\/04\/1.-kat.-1.miesto-Nina-Antolikova.jpg\"><img src=\"https:\/\/www.muzeumtrebisov.sk\/wp-content\/uploads\/2023\/04\/1.-kat.-1.miesto-Nina-Antolikova.jpg\" alt=\"\"\/><div class=\"kc-image-overlay\"><i class=\"egypt-icon-search-1\"><\/i><\/div><\/a><\/div><\/div>\n<\/div><div class=\"kc-elm kc-css-346212\" style=\"height: 20px; clear: both; width:100%;\"><\/div><div class=\"kc-image-gallery kc-elm kc-css-95997\"><h3 class=\"kc-title image-gallery-title\">3. kateg\u00f3ria <\/h3>\n<div class=\"kc_image_gallery kc-carousel-image kc-grid\" data-image_masonry=\"yes\">\n<div class=\"item-grid grid-4\"><a class=\"kc-image-link kc-pretty-photo\" data-lightbox=\"kc-lightbox\" rel=\"kc-pretty-photo[29143040]\" href=\"https:\/\/www.muzeumtrebisov.sk\/wp-content\/uploads\/2023\/04\/3.kat_.-4.-miesto-Lenka-Skovranova.jpg\"><img src=\"https:\/\/www.muzeumtrebisov.sk\/wp-content\/uploads\/2023\/04\/3.kat_.-4.-miesto-Lenka-Skovranova.jpg\" alt=\"\"\/><div class=\"kc-image-overlay\"><i class=\"egypt-icon-search-1\"><\/i><\/div><\/a><\/div><div class=\"item-grid grid-4\"><a class=\"kc-image-link kc-pretty-photo\" data-lightbox=\"kc-lightbox\" rel=\"kc-pretty-photo[29143040]\" href=\"https:\/\/www.muzeumtrebisov.sk\/wp-content\/uploads\/2023\/04\/3.-kat.-4.miesto-Loretta-Balogova-scaled.jpg\"><img src=\"https:\/\/www.muzeumtrebisov.sk\/wp-content\/uploads\/2023\/04\/3.-kat.-4.miesto-Loretta-Balogova-scaled.jpg\" alt=\"\"\/><div class=\"kc-image-overlay\"><i class=\"egypt-icon-search-1\"><\/i><\/div><\/a><\/div><div class=\"item-grid grid-4\"><a class=\"kc-image-link kc-pretty-photo\" data-lightbox=\"kc-lightbox\" rel=\"kc-pretty-photo[29143040]\" href=\"https:\/\/www.muzeumtrebisov.sk\/wp-content\/uploads\/2023\/04\/3.-kat.-3.miesto-Alexander-Jonas-scaled.jpg\"><img src=\"https:\/\/www.muzeumtrebisov.sk\/wp-content\/uploads\/2023\/04\/3.-kat.-3.miesto-Alexander-Jonas-scaled.jpg\" alt=\"\"\/><div class=\"kc-image-overlay\"><i class=\"egypt-icon-search-1\"><\/i><\/div><\/a><\/div><div class=\"item-grid grid-4\"><a class=\"kc-image-link kc-pretty-photo\" data-lightbox=\"kc-lightbox\" rel=\"kc-pretty-photo[29143040]\" href=\"https:\/\/www.muzeumtrebisov.sk\/wp-content\/uploads\/2023\/04\/3.-kat.-2.miesto-Viktoria-Mockova-scaled.jpg\"><img src=\"https:\/\/www.muzeumtrebisov.sk\/wp-content\/uploads\/2023\/04\/3.-kat.-2.miesto-Viktoria-Mockova-scaled.jpg\" alt=\"\"\/><div class=\"kc-image-overlay\"><i class=\"egypt-icon-search-1\"><\/i><\/div><\/a><\/div><div class=\"item-grid grid-4\"><a class=\"kc-image-link kc-pretty-photo\" data-lightbox=\"kc-lightbox\" rel=\"kc-pretty-photo[29143040]\" href=\"https:\/\/www.muzeumtrebisov.sk\/wp-content\/uploads\/2023\/04\/3.-kat.-1.miesto-Simona-Poliacikova-scaled.jpg\"><img src=\"https:\/\/www.muzeumtrebisov.sk\/wp-content\/uploads\/2023\/04\/3.-kat.-1.miesto-Simona-Poliacikova-scaled.jpg\" alt=\"\"\/><div class=\"kc-image-overlay\"><i class=\"egypt-icon-search-1\"><\/i><\/div><\/a><\/div><\/div>\n<\/div><div class=\"kc-elm kc-css-133057\" style=\"height: 20px; clear: both; width:100%;\"><\/div><div class=\"kc-image-gallery kc-elm kc-css-835140\"><h3 class=\"kc-title image-gallery-title\">5. kateg\u00f3ria <\/h3>\n<div class=\"kc_image_gallery kc-carousel-image kc-grid\" data-image_masonry=\"yes\">\n<div class=\"item-grid grid-4\"><a class=\"kc-image-link kc-pretty-photo\" data-lightbox=\"kc-lightbox\" rel=\"kc-pretty-photo[23846853]\" href=\"https:\/\/www.muzeumtrebisov.sk\/wp-content\/uploads\/2023\/04\/5.-kat.1.-miesto-Matus-Bajuzik-scaled.jpg\"><img src=\"https:\/\/www.muzeumtrebisov.sk\/wp-content\/uploads\/2023\/04\/5.-kat.1.-miesto-Matus-Bajuzik-scaled.jpg\" alt=\"\"\/><div class=\"kc-image-overlay\"><i class=\"egypt-icon-search-1\"><\/i><\/div><\/a><\/div><div class=\"item-grid grid-4\"><a class=\"kc-image-link kc-pretty-photo\" data-lightbox=\"kc-lightbox\" rel=\"kc-pretty-photo[23846853]\" href=\"https:\/\/www.muzeumtrebisov.sk\/wp-content\/uploads\/2023\/04\/5.-kat.-4.-miesto-Simon-Toth.jpg\"><img src=\"https:\/\/www.muzeumtrebisov.sk\/wp-content\/uploads\/2023\/04\/5.-kat.-4.-miesto-Simon-Toth.jpg\" alt=\"\"\/><div class=\"kc-image-overlay\"><i class=\"egypt-icon-search-1\"><\/i><\/div><\/a><\/div><div class=\"item-grid grid-4\"><a class=\"kc-image-link kc-pretty-photo\" data-lightbox=\"kc-lightbox\" rel=\"kc-pretty-photo[23846853]\" href=\"https:\/\/www.muzeumtrebisov.sk\/wp-content\/uploads\/2023\/04\/5.-kat.-4.-miesto-Linda-Fedorova-scaled.jpg\"><img src=\"https:\/\/www.muzeumtrebisov.sk\/wp-content\/uploads\/2023\/04\/5.-kat.-4.-miesto-Linda-Fedorova-scaled.jpg\" alt=\"\"\/><div class=\"kc-image-overlay\"><i class=\"egypt-icon-search-1\"><\/i><\/div><\/a><\/div><div class=\"item-grid grid-4\"><a class=\"kc-image-link kc-pretty-photo\" data-lightbox=\"kc-lightbox\" rel=\"kc-pretty-photo[23846853]\" href=\"https:\/\/www.muzeumtrebisov.sk\/wp-content\/uploads\/2023\/04\/5.-kat.-3.-miesto-Naomi-Sunitrova-scaled.jpg\"><img src=\"https:\/\/www.muzeumtrebisov.sk\/wp-content\/uploads\/2023\/04\/5.-kat.-3.-miesto-Naomi-Sunitrova-scaled.jpg\" alt=\"\"\/><div class=\"kc-image-overlay\"><i class=\"egypt-icon-search-1\"><\/i><\/div><\/a><\/div><div class=\"item-grid grid-4\"><a class=\"kc-image-link kc-pretty-photo\" data-lightbox=\"kc-lightbox\" rel=\"kc-pretty-photo[23846853]\" href=\"https:\/\/www.muzeumtrebisov.sk\/wp-content\/uploads\/2023\/04\/5.-kat.-2.-miesto-Zuzana-Hatalovska.jpg\"><img src=\"https:\/\/www.muzeumtrebisov.sk\/wp-content\/uploads\/2023\/04\/5.-kat.-2.-miesto-Zuzana-Hatalovska.jpg\" alt=\"\"\/><div class=\"kc-image-overlay\"><i class=\"egypt-icon-search-1\"><\/i><\/div><\/a><\/div><\/div>\n<\/div><\/div><\/div><div class=\"kc-elm kc-css-280360 kc_col-sm-6 kc_column kc_col-sm-6\"><div class=\"kc-col-container\"><div class=\"kc-image-gallery kc-elm kc-css-775516\"><h3 class=\"kc-title image-gallery-title\">2. kateg\u00f3ria <\/h3>\n<div class=\"kc_image_gallery kc-carousel-image kc-grid\" data-image_masonry=\"yes\">\n<div class=\"item-grid grid-4\"><a class=\"kc-image-link kc-pretty-photo\" data-lightbox=\"kc-lightbox\" rel=\"kc-pretty-photo[29139428]\" href=\"https:\/\/www.muzeumtrebisov.sk\/wp-content\/uploads\/2023\/04\/2.-kat.-4.miesto-Timea-Antolikova.jpg\"><img src=\"https:\/\/www.muzeumtrebisov.sk\/wp-content\/uploads\/2023\/04\/2.-kat.-4.miesto-Timea-Antolikova.jpg\" alt=\"\"\/><div class=\"kc-image-overlay\"><i class=\"egypt-icon-search-1\"><\/i><\/div><\/a><\/div><div class=\"item-grid grid-4\"><a class=\"kc-image-link kc-pretty-photo\" data-lightbox=\"kc-lightbox\" rel=\"kc-pretty-photo[29139428]\" href=\"https:\/\/www.muzeumtrebisov.sk\/wp-content\/uploads\/2023\/04\/2.-kat.-4.miesto-Eva-Olivia-Ocenasova.jpg\"><img src=\"https:\/\/www.muzeumtrebisov.sk\/wp-content\/uploads\/2023\/04\/2.-kat.-4.miesto-Eva-Olivia-Ocenasova.jpg\" alt=\"\"\/><div class=\"kc-image-overlay\"><i class=\"egypt-icon-search-1\"><\/i><\/div><\/a><\/div><div class=\"item-grid grid-4\"><a class=\"kc-image-link kc-pretty-photo\" data-lightbox=\"kc-lightbox\" rel=\"kc-pretty-photo[29139428]\" href=\"https:\/\/www.muzeumtrebisov.sk\/wp-content\/uploads\/2023\/04\/2.-kat.-3.miesto-Sara-orehovsky.jpg\"><img src=\"https:\/\/www.muzeumtrebisov.sk\/wp-content\/uploads\/2023\/04\/2.-kat.-3.miesto-Sara-orehovsky.jpg\" alt=\"\"\/><div class=\"kc-image-overlay\"><i class=\"egypt-icon-search-1\"><\/i><\/div><\/a><\/div><div class=\"item-grid grid-4\"><a class=\"kc-image-link kc-pretty-photo\" data-lightbox=\"kc-lightbox\" rel=\"kc-pretty-photo[29139428]\" href=\"https:\/\/www.muzeumtrebisov.sk\/wp-content\/uploads\/2023\/04\/2.-kat.-2.miesto-Noemi-Pandova.jpg\"><img src=\"https:\/\/www.muzeumtrebisov.sk\/wp-content\/uploads\/2023\/04\/2.-kat.-2.miesto-Noemi-Pandova.jpg\" alt=\"\"\/><div class=\"kc-image-overlay\"><i class=\"egypt-icon-search-1\"><\/i><\/div><\/a><\/div><div class=\"item-grid grid-4\"><a class=\"kc-image-link kc-pretty-photo\" data-lightbox=\"kc-lightbox\" rel=\"kc-pretty-photo[29139428]\" href=\"https:\/\/www.muzeumtrebisov.sk\/wp-content\/uploads\/2023\/04\/2.-kat.-1.miesto-Petra-Polakova-scaled.jpg\"><img src=\"https:\/\/www.muzeumtrebisov.sk\/wp-content\/uploads\/2023\/04\/2.-kat.-1.miesto-Petra-Polakova-scaled.jpg\" alt=\"\"\/><div class=\"kc-image-overlay\"><i class=\"egypt-icon-search-1\"><\/i><\/div><\/a><\/div><\/div>\n<\/div><div class=\"kc-elm kc-css-305281\" style=\"height: 20px; clear: both; width:100%;\"><\/div><div class=\"kc-image-gallery kc-elm kc-css-903337\"><h3 class=\"kc-title image-gallery-title\">4. kateg\u00f3ria <\/h3>\n<div class=\"kc_image_gallery kc-carousel-image kc-grid\" data-image_masonry=\"yes\">\n<div class=\"item-grid grid-4\"><a class=\"kc-image-link kc-pretty-photo\" data-lightbox=\"kc-lightbox\" rel=\"kc-pretty-photo[8128924]\" href=\"https:\/\/www.muzeumtrebisov.sk\/wp-content\/uploads\/2023\/04\/4.kat_.-4.miesto-Petra-Polakova-scaled.jpg\"><img src=\"https:\/\/www.muzeumtrebisov.sk\/wp-content\/uploads\/2023\/04\/4.kat_.-4.miesto-Petra-Polakova-scaled.jpg\" alt=\"\"\/><div class=\"kc-image-overlay\"><i class=\"egypt-icon-search-1\"><\/i><\/div><\/a><\/div><div class=\"item-grid grid-4\"><a class=\"kc-image-link kc-pretty-photo\" data-lightbox=\"kc-lightbox\" rel=\"kc-pretty-photo[8128924]\" href=\"https:\/\/www.muzeumtrebisov.sk\/wp-content\/uploads\/2023\/04\/4.kat_.-4.miesto-Petra-Baranova.jpg\"><img src=\"https:\/\/www.muzeumtrebisov.sk\/wp-content\/uploads\/2023\/04\/4.kat_.-4.miesto-Petra-Baranova.jpg\" alt=\"\"\/><div class=\"kc-image-overlay\"><i class=\"egypt-icon-search-1\"><\/i><\/div><\/a><\/div><div class=\"item-grid grid-4\"><a class=\"kc-image-link kc-pretty-photo\" data-lightbox=\"kc-lightbox\" rel=\"kc-pretty-photo[8128924]\" href=\"https:\/\/www.muzeumtrebisov.sk\/wp-content\/uploads\/2023\/04\/4.kat_.-3.miesto-Nikolas-Szatmary-scaled.jpg\"><img src=\"https:\/\/www.muzeumtrebisov.sk\/wp-content\/uploads\/2023\/04\/4.kat_.-3.miesto-Nikolas-Szatmary-scaled.jpg\" alt=\"\"\/><div class=\"kc-image-overlay\"><i class=\"egypt-icon-search-1\"><\/i><\/div><\/a><\/div><div class=\"item-grid grid-4\"><a class=\"kc-image-link kc-pretty-photo\" data-lightbox=\"kc-lightbox\" rel=\"kc-pretty-photo[8128924]\" href=\"https:\/\/www.muzeumtrebisov.sk\/wp-content\/uploads\/2023\/04\/4.-kat.-2.miesto-Sofia-Baraniova-scaled.jpg\"><img src=\"https:\/\/www.muzeumtrebisov.sk\/wp-content\/uploads\/2023\/04\/4.-kat.-2.miesto-Sofia-Baraniova-scaled.jpg\" alt=\"\"\/><div class=\"kc-image-overlay\"><i class=\"egypt-icon-search-1\"><\/i><\/div><\/a><\/div><div class=\"item-grid grid-4\"><a class=\"kc-image-link kc-pretty-photo\" data-lightbox=\"kc-lightbox\" rel=\"kc-pretty-photo[8128924]\" href=\"https:\/\/www.muzeumtrebisov.sk\/wp-content\/uploads\/2023\/04\/4.-kat.-1.miesto-Diana-Becova.jpg\"><img src=\"https:\/\/www.muzeumtrebisov.sk\/wp-content\/uploads\/2023\/04\/4.-kat.-1.miesto-Diana-Becova.jpg\" alt=\"\"\/><div class=\"kc-image-overlay\"><i class=\"egypt-icon-search-1\"><\/i><\/div><\/a><\/div><\/div>\n<\/div><\/div><\/div><\/div><\/div><\/section><section class=\"kc-elm kc-css-136622 kc_row\"><div class=\"kc-row-container  kc-container\"><div class=\"kc-wrap-columns\"><div class=\"kc-elm kc-css-124162 kc_col-sm-12 kc_column kc_col-sm-12\"><div class=\"kc-col-container\"><div class=\"kc-elm kc-css-15010\" style=\"height: 20px; clear: both; width:100%;\"><\/div><div class=\"kc-image-gallery kc-elm kc-css-135669\"><h3 class=\"kc-title image-gallery-title\">Z\u00e1bery z v\u00fdstavy<\/h3>\n<div class=\"kc_image_gallery kc-carousel-image kc-grid\" data-image_masonry=\"yes\">\n<div class=\"item-grid grid-6\"><a class=\"kc-image-link kc-pretty-photo\" data-lightbox=\"kc-lightbox\" rel=\"kc-pretty-photo[23763664]\" href=\"https:\/\/www.muzeumtrebisov.sk\/wp-content\/uploads\/2023\/04\/Vesmir-ocami-deti-13-scaled.jpg\"><img src=\"https:\/\/www.muzeumtrebisov.sk\/wp-content\/uploads\/2023\/04\/Vesmir-ocami-deti-13-scaled.jpg\" alt=\"\"\/><div class=\"kc-image-overlay\"><i class=\"egypt-icon-search-1\"><\/i><\/div><\/a><\/div><div class=\"item-grid grid-6\"><a class=\"kc-image-link kc-pretty-photo\" data-lightbox=\"kc-lightbox\" rel=\"kc-pretty-photo[23763664]\" href=\"https:\/\/www.muzeumtrebisov.sk\/wp-content\/uploads\/2023\/04\/Vesmir-ocami-deti-12-scaled.jpg\"><img src=\"https:\/\/www.muzeumtrebisov.sk\/wp-content\/uploads\/2023\/04\/Vesmir-ocami-deti-12-scaled.jpg\" alt=\"\"\/><div class=\"kc-image-overlay\"><i class=\"egypt-icon-search-1\"><\/i><\/div><\/a><\/div><div class=\"item-grid grid-6\"><a class=\"kc-image-link kc-pretty-photo\" data-lightbox=\"kc-lightbox\" rel=\"kc-pretty-photo[23763664]\" href=\"https:\/\/www.muzeumtrebisov.sk\/wp-content\/uploads\/2023\/04\/Vesmir-ocami-deti-11-scaled.jpg\"><img src=\"https:\/\/www.muzeumtrebisov.sk\/wp-content\/uploads\/2023\/04\/Vesmir-ocami-deti-11-scaled.jpg\" alt=\"\"\/><div class=\"kc-image-overlay\"><i class=\"egypt-icon-search-1\"><\/i><\/div><\/a><\/div><div class=\"item-grid grid-6\"><a class=\"kc-image-link kc-pretty-photo\" data-lightbox=\"kc-lightbox\" rel=\"kc-pretty-photo[23763664]\" href=\"https:\/\/www.muzeumtrebisov.sk\/wp-content\/uploads\/2023\/04\/Vesmir-ocami-deti-10-scaled.jpg\"><img src=\"https:\/\/www.muzeumtrebisov.sk\/wp-content\/uploads\/2023\/04\/Vesmir-ocami-deti-10-scaled.jpg\" alt=\"\"\/><div class=\"kc-image-overlay\"><i class=\"egypt-icon-search-1\"><\/i><\/div><\/a><\/div><div class=\"item-grid grid-6\"><a class=\"kc-image-link kc-pretty-photo\" data-lightbox=\"kc-lightbox\" rel=\"kc-pretty-photo[23763664]\" href=\"https:\/\/www.muzeumtrebisov.sk\/wp-content\/uploads\/2023\/04\/Vesmir-ocami-deti-9-scaled.jpg\"><img src=\"https:\/\/www.muzeumtrebisov.sk\/wp-content\/uploads\/2023\/04\/Vesmir-ocami-deti-9-scaled.jpg\" alt=\"\"\/><div class=\"kc-image-overlay\"><i class=\"egypt-icon-search-1\"><\/i><\/div><\/a><\/div><div class=\"item-grid grid-6\"><a class=\"kc-image-link kc-pretty-photo\" data-lightbox=\"kc-lightbox\" rel=\"kc-pretty-photo[23763664]\" href=\"https:\/\/www.muzeumtrebisov.sk\/wp-content\/uploads\/2023\/04\/Vesmir-ocami-deti-8-scaled.jpg\"><img src=\"https:\/\/www.muzeumtrebisov.sk\/wp-content\/uploads\/2023\/04\/Vesmir-ocami-deti-8-scaled.jpg\" alt=\"\"\/><div class=\"kc-image-overlay\"><i class=\"egypt-icon-search-1\"><\/i><\/div><\/a><\/div><div class=\"item-grid grid-6\"><a class=\"kc-image-link kc-pretty-photo\" data-lightbox=\"kc-lightbox\" rel=\"kc-pretty-photo[23763664]\" href=\"https:\/\/www.muzeumtrebisov.sk\/wp-content\/uploads\/2023\/04\/Vesmir-ocami-deti-7-scaled.jpg\"><img src=\"https:\/\/www.muzeumtrebisov.sk\/wp-content\/uploads\/2023\/04\/Vesmir-ocami-deti-7-scaled.jpg\" alt=\"\"\/><div class=\"kc-image-overlay\"><i class=\"egypt-icon-search-1\"><\/i><\/div><\/a><\/div><div class=\"item-grid grid-6\"><a class=\"kc-image-link kc-pretty-photo\" data-lightbox=\"kc-lightbox\" rel=\"kc-pretty-photo[23763664]\" href=\"https:\/\/www.muzeumtrebisov.sk\/wp-content\/uploads\/2023\/04\/Vesmir-ocami-deti-6-scaled.jpg\"><img src=\"https:\/\/www.muzeumtrebisov.sk\/wp-content\/uploads\/2023\/04\/Vesmir-ocami-deti-6-scaled.jpg\" alt=\"\"\/><div class=\"kc-image-overlay\"><i class=\"egypt-icon-search-1\"><\/i><\/div><\/a><\/div><div class=\"item-grid grid-6\"><a class=\"kc-image-link kc-pretty-photo\" data-lightbox=\"kc-lightbox\" rel=\"kc-pretty-photo[23763664]\" href=\"https:\/\/www.muzeumtrebisov.sk\/wp-content\/uploads\/2023\/04\/Vesmir-ocami-deti-5-scaled.jpg\"><img src=\"https:\/\/www.muzeumtrebisov.sk\/wp-content\/uploads\/2023\/04\/Vesmir-ocami-deti-5-scaled.jpg\" alt=\"\"\/><div class=\"kc-image-overlay\"><i class=\"egypt-icon-search-1\"><\/i><\/div><\/a><\/div><div class=\"item-grid grid-6\"><a class=\"kc-image-link kc-pretty-photo\" data-lightbox=\"kc-lightbox\" rel=\"kc-pretty-photo[23763664]\" href=\"https:\/\/www.muzeumtrebisov.sk\/wp-content\/uploads\/2023\/04\/Vesmir-ocami-deti-4-scaled.jpg\"><img src=\"https:\/\/www.muzeumtrebisov.sk\/wp-content\/uploads\/2023\/04\/Vesmir-ocami-deti-4-scaled.jpg\" alt=\"\"\/><div class=\"kc-image-overlay\"><i class=\"egypt-icon-search-1\"><\/i><\/div><\/a><\/div><div class=\"item-grid grid-6\"><a class=\"kc-image-link kc-pretty-photo\" data-lightbox=\"kc-lightbox\" rel=\"kc-pretty-photo[23763664]\" href=\"https:\/\/www.muzeumtrebisov.sk\/wp-content\/uploads\/2023\/04\/Vesmir-ocami-deti-3-scaled.jpg\"><img src=\"https:\/\/www.muzeumtrebisov.sk\/wp-content\/uploads\/2023\/04\/Vesmir-ocami-deti-3-scaled.jpg\" alt=\"\"\/><div class=\"kc-image-overlay\"><i class=\"egypt-icon-search-1\"><\/i><\/div><\/a><\/div><div class=\"item-grid grid-6\"><a class=\"kc-image-link kc-pretty-photo\" data-lightbox=\"kc-lightbox\" rel=\"kc-pretty-photo[23763664]\" href=\"https:\/\/www.muzeumtrebisov.sk\/wp-content\/uploads\/2023\/04\/Vesmir-ocami-deti-0.jpg\"><img src=\"https:\/\/www.muzeumtrebisov.sk\/wp-content\/uploads\/2023\/04\/Vesmir-ocami-deti-0.jpg\" alt=\"\"\/><div class=\"kc-image-overlay\"><i class=\"egypt-icon-search-1\"><\/i><\/div><\/a><\/div><div class=\"item-grid grid-6\"><a class=\"kc-image-link kc-pretty-photo\" data-lightbox=\"kc-lightbox\" rel=\"kc-pretty-photo[23763664]\" href=\"https:\/\/www.muzeumtrebisov.sk\/wp-content\/uploads\/2023\/04\/porota.jpg\"><img src=\"https:\/\/www.muzeumtrebisov.sk\/wp-content\/uploads\/2023\/04\/porota.jpg\" alt=\"\"\/><div class=\"kc-image-overlay\"><i class=\"egypt-icon-search-1\"><\/i><\/div><\/a><\/div><div class=\"item-grid grid-6\"><a class=\"kc-image-link kc-pretty-photo\" data-lightbox=\"kc-lightbox\" rel=\"kc-pretty-photo[23763664]\" href=\"https:\/\/www.muzeumtrebisov.sk\/wp-content\/uploads\/2023\/04\/porota-2.jpg\"><img src=\"https:\/\/www.muzeumtrebisov.sk\/wp-content\/uploads\/2023\/04\/porota-2.jpg\" alt=\"\"\/><div class=\"kc-image-overlay\"><i class=\"egypt-icon-search-1\"><\/i><\/div><\/a><\/div><\/div>\n<\/div><\/div><\/div><\/div><\/div><\/section><section class=\"kc-elm kc-css-593862 kc_row\"><div class=\"kc-row-container  kc-container\"><div class=\"kc-wrap-columns\"><div class=\"kc-elm kc-css-595119 kc_col-sm-12 kc_column kc_col-sm-12\"><div class=\"kc-col-container\"><\/div><\/div><\/div><\/div><\/section><\/p>","protected":false},"excerpt":{"rendered":"","protected":false},"author":1,"featured_media":3173,"comment_status":"open","ping_status":"open","sticky":false,"template":"","format":"standard","meta":{"om_disable_all_campaigns":false,"_vp_format_video_url":"","_vp_image_focal_point":[]},"categories":[19],"tags":[],"aioseo_notices":[],"yoast_head":"<!-- This site is optimized with the Yoast SEO plugin v18.5.1 - https:\/\/yoast.com\/wordpress\/plugins\/seo\/ -->\n<title>Vyhodnotenie s\u00fa\u0165a\u017ee &quot;Vesm\u00edr o\u010dami det\u00ed&quot; 2023 | M\u00fazeum Trebi\u0161ov - Ka\u0161tie\u013e Andr\u00e1ssyovcov<\/title>\n<meta name=\"robots\" content=\"index, follow, max-snippet:-1, max-image-preview:large, max-video-preview:-1\" \/>\n<link rel=\"canonical\" href=\"https:\/\/www.muzeumtrebisov.sk\/hu\/spravy\/vyhodnotenie-sutaze-vesmir-ocami-deti-2023\/\" \/>\n<meta property=\"og:locale\" content=\"hu_HU\" \/>\n<meta property=\"og:type\" content=\"article\" \/>\n<meta property=\"og:title\" content=\"Vyhodnotenie s\u00fa\u0165a\u017ee &quot;Vesm\u00edr o\u010dami det\u00ed&quot; 2023 | M\u00fazeum Trebi\u0161ov - Ka\u0161tie\u013e Andr\u00e1ssyovcov\" \/>\n<meta property=\"og:description\" content=\"Vyhodnotenie okresn\u00e9ho kola celoslovenskej v\u00fdtvarnej s\u00fa\u0165a\u017ee &#8222;Vesm\u00edr o\u010dami det\u00ed&#8220; 2023 M\u00fazeum a\u00a0Kult\u00farne centrum ju\u017en\u00e9ho Zempl\u00edna v Trebi\u0161ove, \u00fatvar astron\u00f3mie, sa zapojil do XXXVIII. ro\u010dn\u00edka celoslovenskej v\u00fdtvarnej s\u00fa\u0165a\u017ee \u201eVesm\u00edr o\u010dami det\u00ed\u201c. Do okresn\u00e9ho kola sa v\u00a0roku 2023 prihl\u00e1silo 10 matersk\u00fdch \u0161k\u00f4l, 29 z\u00e1kladn\u00fdch \u0161k\u00f4l, 3 \u0161peci\u00e1lne z\u00e1kladn\u00e9 \u0161koly a\u00a0 6 z\u00e1kladn\u00fdch umeleck\u00fdch \u0161k\u00f4l. 554 do\u0161l\u00fdch v\u00fdtvarn\u00fdch\" \/>\n<meta property=\"og:url\" content=\"https:\/\/www.muzeumtrebisov.sk\/hu\/spravy\/vyhodnotenie-sutaze-vesmir-ocami-deti-2023\/\" \/>\n<meta property=\"og:site_name\" content=\"M\u00fazeum Trebi\u0161ov - Ka\u0161tie\u013e Andr\u00e1ssyovcov\" \/>\n<meta property=\"article:publisher\" content=\"https:\/\/www.facebook.com\/muzeumtvkastielandrassyovcov\" \/>\n<meta property=\"article:published_time\" content=\"2023-04-18T09:20:36+00:00\" \/>\n<meta property=\"article:modified_time\" content=\"2023-04-18T09:33:53+00:00\" \/>\n<meta property=\"og:image\" content=\"https:\/\/www.muzeumtrebisov.sk\/wp-content\/uploads\/2023\/04\/Vesmir-ocami-deti-13-scaled.jpg\" \/>\n\t<meta property=\"og:image:width\" content=\"1736\" \/>\n\t<meta property=\"og:image:height\" content=\"2560\" \/>\n\t<meta property=\"og:image:type\" content=\"image\/jpeg\" \/>\n<meta name=\"twitter:card\" content=\"summary_large_image\" \/>\n<meta name=\"twitter:label1\" content=\"Szerz\u0151:\" \/>\n\t<meta name=\"twitter:data1\" content=\"muzeumtvadmin\" \/>\n\t<meta name=\"twitter:label2\" content=\"Becs\u00fclt olvas\u00e1si id\u0151\" \/>\n\t<meta name=\"twitter:data2\" content=\"4 perc\" \/>\n<script type=\"application\/ld+json\" class=\"yoast-schema-graph\">{\"@context\":\"https:\/\/schema.org\",\"@graph\":[{\"@type\":\"Organization\",\"@id\":\"https:\/\/www.muzeumtrebisov.sk\/#organization\",\"name\":\"M\u00fazeum Trebi\u0161ov - Ka\u0161tie\u013e Andr\u00e1ssyovcov\",\"url\":\"https:\/\/www.muzeumtrebisov.sk\/\",\"sameAs\":[\"https:\/\/www.facebook.com\/muzeumtvkastielandrassyovcov\",\"https:\/\/www.instagram.com\/muzeumtrebisovkastielandrassy\/\",\"https:\/\/www.youtube.com\/channel\/UCprfZHvPNIxqZ2IHCDwfv1w\"],\"logo\":{\"@type\":\"ImageObject\",\"@id\":\"https:\/\/www.muzeumtrebisov.sk\/#logo\",\"inLanguage\":\"hu\",\"url\":\"https:\/\/www.muzeumtrebisov.sk\/wp-content\/uploads\/2022\/04\/dual-logo-color-hor.png\",\"contentUrl\":\"https:\/\/www.muzeumtrebisov.sk\/wp-content\/uploads\/2022\/04\/dual-logo-color-hor.png\",\"width\":749,\"height\":140,\"caption\":\"M\u00fazeum Trebi\u0161ov - Ka\u0161tie\u013e Andr\u00e1ssyovcov\"},\"image\":{\"@id\":\"https:\/\/www.muzeumtrebisov.sk\/#logo\"}},{\"@type\":\"WebSite\",\"@id\":\"https:\/\/www.muzeumtrebisov.sk\/#website\",\"url\":\"https:\/\/www.muzeumtrebisov.sk\/\",\"name\":\"M\u00fazeum Trebi\u0161ov - Ka\u0161tie\u013e Andr\u00e1ssyovcov\",\"description\":\"Hist\u00f3ria Andr\u00e1ssyovcov a ju\u017en\u00e9ho Zempl\u00edna\",\"publisher\":{\"@id\":\"https:\/\/www.muzeumtrebisov.sk\/#organization\"},\"potentialAction\":[{\"@type\":\"SearchAction\",\"target\":{\"@type\":\"EntryPoint\",\"urlTemplate\":\"https:\/\/www.muzeumtrebisov.sk\/?s={search_term_string}\"},\"query-input\":\"required name=search_term_string\"}],\"inLanguage\":\"hu\"},{\"@type\":\"ImageObject\",\"@id\":\"https:\/\/www.muzeumtrebisov.sk\/spravy\/vyhodnotenie-sutaze-vesmir-ocami-deti-2023\/#primaryimage\",\"inLanguage\":\"hu\",\"url\":\"https:\/\/www.muzeumtrebisov.sk\/wp-content\/uploads\/2023\/04\/Vesmir-ocami-deti-13-scaled.jpg\",\"contentUrl\":\"https:\/\/www.muzeumtrebisov.sk\/wp-content\/uploads\/2023\/04\/Vesmir-ocami-deti-13-scaled.jpg\",\"width\":1736,\"height\":2560},{\"@type\":\"WebPage\",\"@id\":\"https:\/\/www.muzeumtrebisov.sk\/spravy\/vyhodnotenie-sutaze-vesmir-ocami-deti-2023\/#webpage\",\"url\":\"https:\/\/www.muzeumtrebisov.sk\/spravy\/vyhodnotenie-sutaze-vesmir-ocami-deti-2023\/\",\"name\":\"Vyhodnotenie s\u00fa\u0165a\u017ee \\\"Vesm\u00edr o\u010dami det\u00ed\\\" 2023 | M\u00fazeum Trebi\u0161ov - Ka\u0161tie\u013e Andr\u00e1ssyovcov\",\"isPartOf\":{\"@id\":\"https:\/\/www.muzeumtrebisov.sk\/#website\"},\"primaryImageOfPage\":{\"@id\":\"https:\/\/www.muzeumtrebisov.sk\/spravy\/vyhodnotenie-sutaze-vesmir-ocami-deti-2023\/#primaryimage\"},\"datePublished\":\"2023-04-18T09:20:36+00:00\",\"dateModified\":\"2023-04-18T09:33:53+00:00\",\"breadcrumb\":{\"@id\":\"https:\/\/www.muzeumtrebisov.sk\/spravy\/vyhodnotenie-sutaze-vesmir-ocami-deti-2023\/#breadcrumb\"},\"inLanguage\":\"hu\",\"potentialAction\":[{\"@type\":\"ReadAction\",\"target\":[\"https:\/\/www.muzeumtrebisov.sk\/spravy\/vyhodnotenie-sutaze-vesmir-ocami-deti-2023\/\"]}]},{\"@type\":\"BreadcrumbList\",\"@id\":\"https:\/\/www.muzeumtrebisov.sk\/spravy\/vyhodnotenie-sutaze-vesmir-ocami-deti-2023\/#breadcrumb\",\"itemListElement\":[{\"@type\":\"ListItem\",\"position\":1,\"name\":\"Home\",\"item\":\"https:\/\/www.muzeumtrebisov.sk\/\"},{\"@type\":\"ListItem\",\"position\":2,\"name\":\"Vyhodnotenie s\u00fa\u0165a\u017ee &#8222;Vesm\u00edr o\u010dami det\u00ed&#8220; 2023\"}]},{\"@type\":\"Article\",\"@id\":\"https:\/\/www.muzeumtrebisov.sk\/spravy\/vyhodnotenie-sutaze-vesmir-ocami-deti-2023\/#article\",\"isPartOf\":{\"@id\":\"https:\/\/www.muzeumtrebisov.sk\/spravy\/vyhodnotenie-sutaze-vesmir-ocami-deti-2023\/#webpage\"},\"author\":{\"@id\":\"https:\/\/www.muzeumtrebisov.sk\/#\/schema\/person\/e020f4c0852b191613d063438d60ae6b\"},\"headline\":\"Vyhodnotenie s\u00fa\u0165a\u017ee &#8222;Vesm\u00edr o\u010dami det\u00ed&#8220; 2023\",\"datePublished\":\"2023-04-18T09:20:36+00:00\",\"dateModified\":\"2023-04-18T09:33:53+00:00\",\"mainEntityOfPage\":{\"@id\":\"https:\/\/www.muzeumtrebisov.sk\/spravy\/vyhodnotenie-sutaze-vesmir-ocami-deti-2023\/#webpage\"},\"wordCount\":624,\"commentCount\":0,\"publisher\":{\"@id\":\"https:\/\/www.muzeumtrebisov.sk\/#organization\"},\"image\":{\"@id\":\"https:\/\/www.muzeumtrebisov.sk\/spravy\/vyhodnotenie-sutaze-vesmir-ocami-deti-2023\/#primaryimage\"},\"thumbnailUrl\":\"https:\/\/www.muzeumtrebisov.sk\/wp-content\/uploads\/2023\/04\/Vesmir-ocami-deti-13-scaled.jpg\",\"articleSection\":[\"Spr\u00e1vy\"],\"inLanguage\":\"hu\",\"potentialAction\":[{\"@type\":\"CommentAction\",\"name\":\"Comment\",\"target\":[\"https:\/\/www.muzeumtrebisov.sk\/spravy\/vyhodnotenie-sutaze-vesmir-ocami-deti-2023\/#respond\"]}]},{\"@type\":\"Person\",\"@id\":\"https:\/\/www.muzeumtrebisov.sk\/#\/schema\/person\/e020f4c0852b191613d063438d60ae6b\",\"name\":\"muzeumtvadmin\",\"image\":{\"@type\":\"ImageObject\",\"@id\":\"https:\/\/www.muzeumtrebisov.sk\/#personlogo\",\"inLanguage\":\"hu\",\"url\":\"https:\/\/secure.gravatar.com\/avatar\/115030f8384675efad0cc99183d7cd51?s=96&d=mm&r=g\",\"contentUrl\":\"https:\/\/secure.gravatar.com\/avatar\/115030f8384675efad0cc99183d7cd51?s=96&d=mm&r=g\",\"caption\":\"muzeumtvadmin\"},\"sameAs\":[\"https:\/\/www.muzeumtrebisov.sk\"],\"url\":\"https:\/\/www.muzeumtrebisov.sk\/hu\/author\/muzeumtvadmin\/\"}]}<\/script>\n<!-- \/ Yoast SEO plugin. -->","yoast_head_json":{"title":"Vyhodnotenie s\u00fa\u0165a\u017ee \"Vesm\u00edr o\u010dami det\u00ed\" 2023 | M\u00fazeum Trebi\u0161ov - Ka\u0161tie\u013e Andr\u00e1ssyovcov","robots":{"index":"index","follow":"follow","max-snippet":"max-snippet:-1","max-image-preview":"max-image-preview:large","max-video-preview":"max-video-preview:-1"},"canonical":"https:\/\/www.muzeumtrebisov.sk\/hu\/spravy\/vyhodnotenie-sutaze-vesmir-ocami-deti-2023\/","og_locale":"hu_HU","og_type":"article","og_title":"Vyhodnotenie s\u00fa\u0165a\u017ee \"Vesm\u00edr o\u010dami det\u00ed\" 2023 | M\u00fazeum Trebi\u0161ov - Ka\u0161tie\u013e Andr\u00e1ssyovcov","og_description":"Vyhodnotenie okresn\u00e9ho kola celoslovenskej v\u00fdtvarnej s\u00fa\u0165a\u017ee &#8222;Vesm\u00edr o\u010dami det\u00ed&#8220; 2023 M\u00fazeum a\u00a0Kult\u00farne centrum ju\u017en\u00e9ho Zempl\u00edna v Trebi\u0161ove, \u00fatvar astron\u00f3mie, sa zapojil do XXXVIII. ro\u010dn\u00edka celoslovenskej v\u00fdtvarnej s\u00fa\u0165a\u017ee \u201eVesm\u00edr o\u010dami det\u00ed\u201c. Do okresn\u00e9ho kola sa v\u00a0roku 2023 prihl\u00e1silo 10 matersk\u00fdch \u0161k\u00f4l, 29 z\u00e1kladn\u00fdch \u0161k\u00f4l, 3 \u0161peci\u00e1lne z\u00e1kladn\u00e9 \u0161koly a\u00a0 6 z\u00e1kladn\u00fdch umeleck\u00fdch \u0161k\u00f4l. 554 do\u0161l\u00fdch v\u00fdtvarn\u00fdch","og_url":"https:\/\/www.muzeumtrebisov.sk\/hu\/spravy\/vyhodnotenie-sutaze-vesmir-ocami-deti-2023\/","og_site_name":"M\u00fazeum Trebi\u0161ov - Ka\u0161tie\u013e Andr\u00e1ssyovcov","article_publisher":"https:\/\/www.facebook.com\/muzeumtvkastielandrassyovcov","article_published_time":"2023-04-18T09:20:36+00:00","article_modified_time":"2023-04-18T09:33:53+00:00","og_image":[{"width":1736,"height":2560,"url":"https:\/\/www.muzeumtrebisov.sk\/wp-content\/uploads\/2023\/04\/Vesmir-ocami-deti-13-scaled.jpg","type":"image\/jpeg"}],"twitter_card":"summary_large_image","twitter_misc":{"Szerz\u0151:":"muzeumtvadmin","Becs\u00fclt olvas\u00e1si id\u0151":"4 perc"},"schema":{"@context":"https:\/\/schema.org","@graph":[{"@type":"Organization","@id":"https:\/\/www.muzeumtrebisov.sk\/#organization","name":"M\u00fazeum Trebi\u0161ov - Ka\u0161tie\u013e Andr\u00e1ssyovcov","url":"https:\/\/www.muzeumtrebisov.sk\/","sameAs":["https:\/\/www.facebook.com\/muzeumtvkastielandrassyovcov","https:\/\/www.instagram.com\/muzeumtrebisovkastielandrassy\/","https:\/\/www.youtube.com\/channel\/UCprfZHvPNIxqZ2IHCDwfv1w"],"logo":{"@type":"ImageObject","@id":"https:\/\/www.muzeumtrebisov.sk\/#logo","inLanguage":"hu","url":"https:\/\/www.muzeumtrebisov.sk\/wp-content\/uploads\/2022\/04\/dual-logo-color-hor.png","contentUrl":"https:\/\/www.muzeumtrebisov.sk\/wp-content\/uploads\/2022\/04\/dual-logo-color-hor.png","width":749,"height":140,"caption":"M\u00fazeum Trebi\u0161ov - Ka\u0161tie\u013e Andr\u00e1ssyovcov"},"image":{"@id":"https:\/\/www.muzeumtrebisov.sk\/#logo"}},{"@type":"WebSite","@id":"https:\/\/www.muzeumtrebisov.sk\/#website","url":"https:\/\/www.muzeumtrebisov.sk\/","name":"M\u00fazeum Trebi\u0161ov - Ka\u0161tie\u013e Andr\u00e1ssyovcov","description":"Hist\u00f3ria Andr\u00e1ssyovcov a ju\u017en\u00e9ho Zempl\u00edna","publisher":{"@id":"https:\/\/www.muzeumtrebisov.sk\/#organization"},"potentialAction":[{"@type":"SearchAction","target":{"@type":"EntryPoint","urlTemplate":"https:\/\/www.muzeumtrebisov.sk\/?s={search_term_string}"},"query-input":"required name=search_term_string"}],"inLanguage":"hu"},{"@type":"ImageObject","@id":"https:\/\/www.muzeumtrebisov.sk\/spravy\/vyhodnotenie-sutaze-vesmir-ocami-deti-2023\/#primaryimage","inLanguage":"hu","url":"https:\/\/www.muzeumtrebisov.sk\/wp-content\/uploads\/2023\/04\/Vesmir-ocami-deti-13-scaled.jpg","contentUrl":"https:\/\/www.muzeumtrebisov.sk\/wp-content\/uploads\/2023\/04\/Vesmir-ocami-deti-13-scaled.jpg","width":1736,"height":2560},{"@type":"WebPage","@id":"https:\/\/www.muzeumtrebisov.sk\/spravy\/vyhodnotenie-sutaze-vesmir-ocami-deti-2023\/#webpage","url":"https:\/\/www.muzeumtrebisov.sk\/spravy\/vyhodnotenie-sutaze-vesmir-ocami-deti-2023\/","name":"Vyhodnotenie s\u00fa\u0165a\u017ee \"Vesm\u00edr o\u010dami det\u00ed\" 2023 | M\u00fazeum Trebi\u0161ov - Ka\u0161tie\u013e Andr\u00e1ssyovcov","isPartOf":{"@id":"https:\/\/www.muzeumtrebisov.sk\/#website"},"primaryImageOfPage":{"@id":"https:\/\/www.muzeumtrebisov.sk\/spravy\/vyhodnotenie-sutaze-vesmir-ocami-deti-2023\/#primaryimage"},"datePublished":"2023-04-18T09:20:36+00:00","dateModified":"2023-04-18T09:33:53+00:00","breadcrumb":{"@id":"https:\/\/www.muzeumtrebisov.sk\/spravy\/vyhodnotenie-sutaze-vesmir-ocami-deti-2023\/#breadcrumb"},"inLanguage":"hu","potentialAction":[{"@type":"ReadAction","target":["https:\/\/www.muzeumtrebisov.sk\/spravy\/vyhodnotenie-sutaze-vesmir-ocami-deti-2023\/"]}]},{"@type":"BreadcrumbList","@id":"https:\/\/www.muzeumtrebisov.sk\/spravy\/vyhodnotenie-sutaze-vesmir-ocami-deti-2023\/#breadcrumb","itemListElement":[{"@type":"ListItem","position":1,"name":"Home","item":"https:\/\/www.muzeumtrebisov.sk\/"},{"@type":"ListItem","position":2,"name":"Vyhodnotenie s\u00fa\u0165a\u017ee &#8222;Vesm\u00edr o\u010dami det\u00ed&#8220; 2023"}]},{"@type":"Article","@id":"https:\/\/www.muzeumtrebisov.sk\/spravy\/vyhodnotenie-sutaze-vesmir-ocami-deti-2023\/#article","isPartOf":{"@id":"https:\/\/www.muzeumtrebisov.sk\/spravy\/vyhodnotenie-sutaze-vesmir-ocami-deti-2023\/#webpage"},"author":{"@id":"https:\/\/www.muzeumtrebisov.sk\/#\/schema\/person\/e020f4c0852b191613d063438d60ae6b"},"headline":"Vyhodnotenie s\u00fa\u0165a\u017ee &#8222;Vesm\u00edr o\u010dami det\u00ed&#8220; 2023","datePublished":"2023-04-18T09:20:36+00:00","dateModified":"2023-04-18T09:33:53+00:00","mainEntityOfPage":{"@id":"https:\/\/www.muzeumtrebisov.sk\/spravy\/vyhodnotenie-sutaze-vesmir-ocami-deti-2023\/#webpage"},"wordCount":624,"commentCount":0,"publisher":{"@id":"https:\/\/www.muzeumtrebisov.sk\/#organization"},"image":{"@id":"https:\/\/www.muzeumtrebisov.sk\/spravy\/vyhodnotenie-sutaze-vesmir-ocami-deti-2023\/#primaryimage"},"thumbnailUrl":"https:\/\/www.muzeumtrebisov.sk\/wp-content\/uploads\/2023\/04\/Vesmir-ocami-deti-13-scaled.jpg","articleSection":["Spr\u00e1vy"],"inLanguage":"hu","potentialAction":[{"@type":"CommentAction","name":"Comment","target":["https:\/\/www.muzeumtrebisov.sk\/spravy\/vyhodnotenie-sutaze-vesmir-ocami-deti-2023\/#respond"]}]},{"@type":"Person","@id":"https:\/\/www.muzeumtrebisov.sk\/#\/schema\/person\/e020f4c0852b191613d063438d60ae6b","name":"muzeumtvadmin","image":{"@type":"ImageObject","@id":"https:\/\/www.muzeumtrebisov.sk\/#personlogo","inLanguage":"hu","url":"https:\/\/secure.gravatar.com\/avatar\/115030f8384675efad0cc99183d7cd51?s=96&d=mm&r=g","contentUrl":"https:\/\/secure.gravatar.com\/avatar\/115030f8384675efad0cc99183d7cd51?s=96&d=mm&r=g","caption":"muzeumtvadmin"},"sameAs":["https:\/\/www.muzeumtrebisov.sk"],"url":"https:\/\/www.muzeumtrebisov.sk\/hu\/author\/muzeumtvadmin\/"}]}},"_links":{"self":[{"href":"https:\/\/www.muzeumtrebisov.sk\/hu\/wp-json\/wp\/v2\/posts\/3132"}],"collection":[{"href":"https:\/\/www.muzeumtrebisov.sk\/hu\/wp-json\/wp\/v2\/posts"}],"about":[{"href":"https:\/\/www.muzeumtrebisov.sk\/hu\/wp-json\/wp\/v2\/types\/post"}],"author":[{"embeddable":true,"href":"https:\/\/www.muzeumtrebisov.sk\/hu\/wp-json\/wp\/v2\/users\/1"}],"replies":[{"embeddable":true,"href":"https:\/\/www.muzeumtrebisov.sk\/hu\/wp-json\/wp\/v2\/comments?post=3132"}],"version-history":[{"count":6,"href":"https:\/\/www.muzeumtrebisov.sk\/hu\/wp-json\/wp\/v2\/posts\/3132\/revisions"}],"predecessor-version":[{"id":3194,"href":"https:\/\/www.muzeumtrebisov.sk\/hu\/wp-json\/wp\/v2\/posts\/3132\/revisions\/3194"}],"wp:featuredmedia":[{"embeddable":true,"href":"https:\/\/www.muzeumtrebisov.sk\/hu\/wp-json\/wp\/v2\/media\/3173"}],"wp:attachment":[{"href":"https:\/\/www.muzeumtrebisov.sk\/hu\/wp-json\/wp\/v2\/media?parent=3132"}],"wp:term":[{"taxonomy":"category","embeddable":true,"href":"https:\/\/www.muzeumtrebisov.sk\/hu\/wp-json\/wp\/v2\/categories?post=3132"},{"taxonomy":"post_tag","embeddable":true,"href":"https:\/\/www.muzeumtrebisov.sk\/hu\/wp-json\/wp\/v2\/tags?post=3132"}],"curies":[{"name":"wp","href":"https:\/\/api.w.org\/{rel}","templated":true}]}}