{"id":3062,"date":"2023-03-30T11:01:51","date_gmt":"2023-03-30T09:01:51","guid":{"rendered":"https:\/\/www.muzeumtrebisov.sk\/?p=3062"},"modified":"2023-04-03T08:18:08","modified_gmt":"2023-04-03T06:18:08","slug":"vyhodnotenie-okresneho-kola-sutaze-co-vies-o-hviezdach","status":"publish","type":"post","link":"https:\/\/www.muzeumtrebisov.sk\/hu\/spravy\/vyhodnotenie-okresneho-kola-sutaze-co-vies-o-hviezdach\/","title":{"rendered":"Vyhodnotenie okresn\u00e9ho kola s\u00fa\u0165a\u017ee &#8222;\u010co vie\u0161 o hviezdach ?&#8220;"},"content":{"rendered":"<p><section class=\"kc-elm kc-css-166562 kc_row\"><div class=\"kc-row-container  kc-container\"><div class=\"kc-wrap-columns\"><div class=\"kc-elm kc-css-20722 kc_column kc_col-sm-12\"><div class=\"kc-col-container\"><div class=\"kc-elm kc-css-883594\" style=\"height: 30px; clear: both; width:100%;\"><\/div><\/div><\/div><\/div><\/div><\/section><section class=\"kc-elm kc-css-662423 kc_row\"><div class=\"kc-row-container  kc-container\"><div class=\"kc-wrap-columns\"><div class=\"kc-elm kc-css-889746 kc_col-sm-12 kc_column kc_col-sm-12\"><div class=\"kc-col-container\">\n<div class=\"kc-elm kc-css-687141 kc-title-wrap\">\n\n\t<h1 class=\"kc_title\">Vyhodnotenie okresn\u00e9ho kola s\u00fa\u0165a\u017ee \"\u010co vie\u0161 o hviezdach ?\"<\/h1>\n<\/div>\n<\/div><\/div><\/div><\/div><\/section><section class=\"kc-elm kc-css-365780 kc_row\"><div class=\"kc-row-container  kc-container\"><div class=\"kc-wrap-columns\"><div class=\"kc-elm kc-css-367371 kc_column kc_col-sm-12\"><div class=\"kc-col-container\"><div class=\"kc-elm kc-css-943949 kc_text_block\"><\/p>\n<p><span style=\"font-size: 14pt;\">\u00datvar astron\u00f3mie, s\u00fa\u010das\u0165 M\u00fazea a Kult\u00farneho centra ju\u017en\u00e9ho Zempl\u00edna v\u00a0Trebi\u0161ove sa \u00a0aj v roku 2023 zapojilo u\u017e do 33. ro\u010dn\u00edka celoslovenskej vedomostnej s\u00fa\u0165a\u017ee z astron\u00f3mie \u201e\u010co vie\u0161 o\u00a0hviezdach?\u201c. \u00a0Okresn\u00e9 kolo sa konalo v <strong>1. kateg\u00f3rii <\/strong>d\u0148a <strong>23. marca<\/strong> <strong>2023 <\/strong>a v<strong>\u00a02. kateg\u00f3rii <\/strong>d\u0148a<strong> 24. marca 2023<\/strong> v\u00a0budove koniarne. Spolu sa z\u00fa\u010dastnilo 27 s\u00fa\u0165a\u017eiacich\u00a0z nasledovn\u00fdch \u0161k\u00f4l: Z\u0160 Leles, Z\u0160 M. R. \u0160tef\u00e1nika, Trebi\u0161ov., Z\u0160 Obchodn\u00e1 5, Se\u010dovce., Z\u0160 Pribinova 34, Trebi\u0161ov., Z\u0160 Zempl\u00ednska Teplica., Z\u0160 Komensk\u00e9ho 8, Trebi\u0161ov<\/span><\/p>\n<p><span style=\"font-size: 14pt;\">S\u00fa\u0165a\u017eiaci si overili svoje vedomosti zo v\u0161eobecnej astron\u00f3mie, hist\u00f3rie, slepej mapy hviezdnej oblohy a\u00a0praktickej \u010dasti. V\u0161etky deti preuk\u00e1zali ve\u013emi dobr\u00e9 vedomosti z astron\u00f3mie a dok\u00e1zali, \u017ee v astron\u00f3mii sa vedia dobre orientova\u0165.<\/span><\/p>\n<p><span style=\"font-size: 14pt;\"><strong>V\u00fdsledky s\u00fa\u0165a\u017ee vyhodnocovala porota v zlo\u017een\u00ed:<\/strong><\/span><\/p>\n<ol>\n<li><span style=\"font-size: 14pt;\">kateg\u00f3ria: Mgr. M\u00e1ria Gimov\u00e1, RNDr. \u013dudmila Mo\u0161kov\u00e1 a Be\u00e1ta Le\u0161kov\u00e1.<\/span><\/li>\n<li><span style=\"font-size: 14pt;\">kateg\u00f3ria: RNDr. Igor Parnahaj, PhD., Mgr. M\u00e1ria Gimov\u00e1 a Mgr. Zuzana Boh\u00e1\u010dov\u00e1<\/span><\/li>\n<\/ol>\n<p><span style=\"font-size: 14pt;\"><strong>\u00a0<\/strong><\/span><\/p>\n<p><span style=\"font-size: 14pt;\"><strong>S\u00fa\u0165a\u017e priniesla tieto v\u00fdsledky:<\/strong><\/span><\/p>\n<p><strong style=\"font-size: 14pt;\">1.\u00a0<em style=\"font-style: inherit;\">kateg\u00f3ria: \u017eiaci z\u00e1kladn\u00fdch \u0161k\u00f4l 4. \u2013 6. ro\u010dn\u00edk a 1. ro\u010dn\u00edk 8 \u2013 ro\u010dn\u00e9ho gymn\u00e1zia<\/em><\/strong><\/p>\n<p><span style=\"font-style: inherit; font-size: 14pt;\">\u00a0 1. <\/span><strong style=\"font-style: inherit; font-size: 14pt;\">Timotej Virik, <\/strong><span style=\"font-style: inherit; font-size: 14pt;\">Z\u0160 Obchodn\u00e1 5, Se\u010dovce<\/span><\/p>\n<p><span style=\"font-size: 14pt;\">\u00a0 2. <strong>Patrik Koma, <\/strong>Z\u0160 Komensk\u00e9ho 8, Trebi\u0161ov<\/span><\/p>\n<p><span style=\"font-size: 14pt;\">\u00a0 3. <strong>Ema Mal\u010dick\u00e1, <\/strong>Z\u0160 M. R. \u0160tef\u00e1nika, Trebi\u0161ov<\/span><\/p>\n<div><strong style=\"font-size: 14pt; font-style: inherit;\"><em>2. <\/em>kateg\u00f3ria: \u017eiaci z\u00e1kladn\u00fdch \u0161k\u00f4l 7. \u2013 9. ro\u010dn\u00edk a 2. \u2013 4. ro\u010dn\u00edk 8 \u2013 ro\u010dn\u00e9ho gymn\u00e1zia<\/strong><\/div>\n<div>\u00a0<\/div>\n<div><span style=\"font-size: 14pt;\">\u00a0 1.<\/span>\u00a0<strong style=\"font-style: inherit; font-size: 14pt;\">Michaela B\u00e9re\u0161ov\u00e1<\/strong><span style=\"font-style: inherit; font-size: 14pt;\">, Z\u0160 M. R. \u0160tef\u00e1nika, Trebi\u0161ov<\/span><\/div>\n<div><span style=\"font-style: inherit; font-size: 14pt;\">\u00a0<\/span><\/div>\n<p><span style=\"font-size: 14pt;\">\u00a0 2.<strong> J\u00e1n Marek Urban, <\/strong>Z\u0160 Zempl\u00ednska Teplica<\/span><\/p>\n<p><span style=\"font-size: 14pt;\">\u00a0 3.<strong> Branislav Sot\u00e1k, <\/strong>Z\u0160 Obchodn\u00e15, Se\u010dovce<\/span><\/p>\n<p><span style=\"font-size: 14pt;\">S\u00fa\u0165a\u017eiaci, ktor\u00ed obsadili prv\u00e9 a\u017e tretie miesto post\u00fapili do krajsk\u00e9ho kola ktor\u00e9 sa uskuto\u010dn\u00ed 25. a 26. apr\u00edla 2023 vo Verejnej kni\u017enici J\u00e1na Bocatia v Ko\u0161iciach. Organiz\u00e1torom krajsk\u00e9ho kola s\u00fa\u0165a\u017ee je Krajsk\u00e1 hvezd\u00e1re\u0148 a\u00a0Zempl\u00ednske kult\u00farne centrum v\u00a0Michalovciach \u2013 vysunut\u00e9 pracovisko Zempl\u00ednskeho kult\u00farneho centra a\u00a0hvezd\u00e1rne v Michalovciach. Odovzdanie diplomov a vecn\u00fdch cien \u00a0pre v\u0161etk\u00fdch s\u00fa\u0165a\u017eiacich prebehlo po vyhodnoten\u00ed s\u00fa\u0165a\u017ee. N\u00e1kup vecn\u00fdch cien a diplomov finan\u010dne podporilo Ministerstvo kult\u00fary Slovenskej republiky a M\u00fazeum a Kult\u00farne centrum ju\u017en\u00e9ho Zempl\u00edna v\u00a0Trebi\u0161ove, za ktor\u00e9 \u010fakujeme.<\/span><\/p>\n<p><span style=\"font-size: 14pt;\"><strong>V\u0161etk\u00fdm v\u00ed\u0165azom srde\u010dne blaho\u017eel\u00e1me a ver\u00edme, \u017ee bud\u00fa \u00faspe\u0161n\u00ed aj na krajskom kole tejto\u00a0s\u00fa\u0165a\u017ee<\/strong><\/span><\/p>\n<p><span style=\"font-size: 14pt;\">Jednotliv\u00fdm \u0161kol\u00e1m \u010fakujeme za zapojenie \u017eiakov do tejto s\u00fa\u0165a\u017ee.<\/span><\/p>\n<p>\n<\/div><\/div><\/div><\/div><\/div><\/section><section class=\"kc-elm kc-css-338797 kc_row\"><div class=\"kc-row-container  kc-container\"><div class=\"kc-wrap-columns\"><div class=\"kc-elm kc-css-81231 kc_col-sm-12 kc_column kc_col-sm-12\"><div class=\"kc-col-container\"><div class=\"kc-image-gallery kc-elm kc-css-496879\"><h3 class=\"kc-title image-gallery-title\">1. kateg\u00f3ria <\/h3>\n<div class=\"kc_image_gallery kc-carousel-image kc-grid\" data-image_masonry=\"yes\">\n<div class=\"item-grid grid-4\"><a class=\"kc-image-link kc-pretty-photo\" data-lightbox=\"kc-lightbox\" rel=\"kc-pretty-photo[17043969]\" href=\"https:\/\/www.muzeumtrebisov.sk\/wp-content\/uploads\/2023\/03\/1-CVOH-1.-kat.-20232704.jpg\"><img src=\"https:\/\/www.muzeumtrebisov.sk\/wp-content\/uploads\/2023\/03\/1-CVOH-1.-kat.-20232704.jpg\" alt=\"\"\/><div class=\"kc-image-overlay\"><i class=\"egypt-icon-search-1\"><\/i><\/div><\/a><\/div><div class=\"item-grid grid-4\"><a class=\"kc-image-link kc-pretty-photo\" data-lightbox=\"kc-lightbox\" rel=\"kc-pretty-photo[17043969]\" href=\"https:\/\/www.muzeumtrebisov.sk\/wp-content\/uploads\/2023\/03\/2-CVOH-1.-kat.-20232705.jpg\"><img src=\"https:\/\/www.muzeumtrebisov.sk\/wp-content\/uploads\/2023\/03\/2-CVOH-1.-kat.-20232705.jpg\" alt=\"\"\/><div class=\"kc-image-overlay\"><i class=\"egypt-icon-search-1\"><\/i><\/div><\/a><\/div><div class=\"item-grid grid-4\"><a class=\"kc-image-link kc-pretty-photo\" data-lightbox=\"kc-lightbox\" rel=\"kc-pretty-photo[17043969]\" href=\"https:\/\/www.muzeumtrebisov.sk\/wp-content\/uploads\/2023\/03\/3-CVOH-1.-kat.-20232706.jpg\"><img src=\"https:\/\/www.muzeumtrebisov.sk\/wp-content\/uploads\/2023\/03\/3-CVOH-1.-kat.-20232706.jpg\" alt=\"\"\/><div class=\"kc-image-overlay\"><i class=\"egypt-icon-search-1\"><\/i><\/div><\/a><\/div><div class=\"item-grid grid-4\"><a class=\"kc-image-link kc-pretty-photo\" data-lightbox=\"kc-lightbox\" rel=\"kc-pretty-photo[17043969]\" href=\"https:\/\/www.muzeumtrebisov.sk\/wp-content\/uploads\/2023\/03\/4-CVOH-1.-kat.-20232707.jpg\"><img src=\"https:\/\/www.muzeumtrebisov.sk\/wp-content\/uploads\/2023\/03\/4-CVOH-1.-kat.-20232707.jpg\" alt=\"\"\/><div class=\"kc-image-overlay\"><i class=\"egypt-icon-search-1\"><\/i><\/div><\/a><\/div><div class=\"item-grid grid-4\"><a class=\"kc-image-link kc-pretty-photo\" data-lightbox=\"kc-lightbox\" rel=\"kc-pretty-photo[17043969]\" href=\"https:\/\/www.muzeumtrebisov.sk\/wp-content\/uploads\/2023\/03\/5-CVOH-1.-kat.-20232708.jpg\"><img src=\"https:\/\/www.muzeumtrebisov.sk\/wp-content\/uploads\/2023\/03\/5-CVOH-1.-kat.-20232708.jpg\" alt=\"\"\/><div class=\"kc-image-overlay\"><i class=\"egypt-icon-search-1\"><\/i><\/div><\/a><\/div><div class=\"item-grid grid-4\"><a class=\"kc-image-link kc-pretty-photo\" data-lightbox=\"kc-lightbox\" rel=\"kc-pretty-photo[17043969]\" href=\"https:\/\/www.muzeumtrebisov.sk\/wp-content\/uploads\/2023\/03\/6-CVOH-1.-kat.-20232709.jpg\"><img src=\"https:\/\/www.muzeumtrebisov.sk\/wp-content\/uploads\/2023\/03\/6-CVOH-1.-kat.-20232709.jpg\" alt=\"\"\/><div class=\"kc-image-overlay\"><i class=\"egypt-icon-search-1\"><\/i><\/div><\/a><\/div><div class=\"item-grid grid-4\"><a class=\"kc-image-link kc-pretty-photo\" data-lightbox=\"kc-lightbox\" rel=\"kc-pretty-photo[17043969]\" href=\"https:\/\/www.muzeumtrebisov.sk\/wp-content\/uploads\/2023\/03\/7-CVOH-1.-kat.-20232710.jpg\"><img src=\"https:\/\/www.muzeumtrebisov.sk\/wp-content\/uploads\/2023\/03\/7-CVOH-1.-kat.-20232710.jpg\" alt=\"\"\/><div class=\"kc-image-overlay\"><i class=\"egypt-icon-search-1\"><\/i><\/div><\/a><\/div><div class=\"item-grid grid-4\"><a class=\"kc-image-link kc-pretty-photo\" data-lightbox=\"kc-lightbox\" rel=\"kc-pretty-photo[17043969]\" href=\"https:\/\/www.muzeumtrebisov.sk\/wp-content\/uploads\/2023\/03\/8-CVOH-1.-kat.-20232711.jpg\"><img src=\"https:\/\/www.muzeumtrebisov.sk\/wp-content\/uploads\/2023\/03\/8-CVOH-1.-kat.-20232711.jpg\" alt=\"\"\/><div class=\"kc-image-overlay\"><i class=\"egypt-icon-search-1\"><\/i><\/div><\/a><\/div><div class=\"item-grid grid-4\"><a class=\"kc-image-link kc-pretty-photo\" data-lightbox=\"kc-lightbox\" rel=\"kc-pretty-photo[17043969]\" href=\"https:\/\/www.muzeumtrebisov.sk\/wp-content\/uploads\/2023\/03\/9-CVOH-1.-kat.-20232712.jpg\"><img src=\"https:\/\/www.muzeumtrebisov.sk\/wp-content\/uploads\/2023\/03\/9-CVOH-1.-kat.-20232712.jpg\" alt=\"\"\/><div class=\"kc-image-overlay\"><i class=\"egypt-icon-search-1\"><\/i><\/div><\/a><\/div><\/div>\n<\/div><\/div><\/div><\/div><\/div><\/section><section class=\"kc-elm kc-css-300712 kc_row\"><div class=\"kc-row-container  kc-container\"><div class=\"kc-wrap-columns\"><div class=\"kc-elm kc-css-139524 kc_col-sm-12 kc_column kc_col-sm-12\"><div class=\"kc-col-container\"><div class=\"kc-elm kc-css-527814\" style=\"height: 20px; clear: both; width:100%;\"><\/div><\/div><\/div><\/div><\/div><\/section><section class=\"kc-elm kc-css-172227 kc_row\"><div class=\"kc-row-container  kc-container\"><div class=\"kc-wrap-columns\"><div class=\"kc-elm kc-css-143188 kc_col-sm-12 kc_column kc_col-sm-12\"><div class=\"kc-col-container\"><div class=\"kc-image-gallery kc-elm kc-css-549728\"><h3 class=\"kc-title image-gallery-title\">2. kateg\u00f3ria <\/h3>\n<div class=\"kc_image_gallery kc-carousel-image kc-grid\" data-image_masonry=\"yes\">\n<div class=\"item-grid grid-4\"><a class=\"kc-image-link kc-pretty-photo\" data-lightbox=\"kc-lightbox\" rel=\"kc-pretty-photo[26874173]\" href=\"https:\/\/www.muzeumtrebisov.sk\/wp-content\/uploads\/2023\/03\/8-CVOH-2.-kat.-20232720.jpg\"><img src=\"https:\/\/www.muzeumtrebisov.sk\/wp-content\/uploads\/2023\/03\/8-CVOH-2.-kat.-20232720.jpg\" alt=\"\"\/><div class=\"kc-image-overlay\"><i class=\"egypt-icon-search-1\"><\/i><\/div><\/a><\/div><div class=\"item-grid grid-4\"><a class=\"kc-image-link kc-pretty-photo\" data-lightbox=\"kc-lightbox\" rel=\"kc-pretty-photo[26874173]\" href=\"https:\/\/www.muzeumtrebisov.sk\/wp-content\/uploads\/2023\/03\/7-CVOH-2.-kat.-20232719.jpg\"><img src=\"https:\/\/www.muzeumtrebisov.sk\/wp-content\/uploads\/2023\/03\/7-CVOH-2.-kat.-20232719.jpg\" alt=\"\"\/><div class=\"kc-image-overlay\"><i class=\"egypt-icon-search-1\"><\/i><\/div><\/a><\/div><div class=\"item-grid grid-4\"><a class=\"kc-image-link kc-pretty-photo\" data-lightbox=\"kc-lightbox\" rel=\"kc-pretty-photo[26874173]\" href=\"https:\/\/www.muzeumtrebisov.sk\/wp-content\/uploads\/2023\/03\/6-CVOH-2.-kat.-20232718.jpg\"><img src=\"https:\/\/www.muzeumtrebisov.sk\/wp-content\/uploads\/2023\/03\/6-CVOH-2.-kat.-20232718.jpg\" alt=\"\"\/><div class=\"kc-image-overlay\"><i class=\"egypt-icon-search-1\"><\/i><\/div><\/a><\/div><div class=\"item-grid grid-4\"><a class=\"kc-image-link kc-pretty-photo\" data-lightbox=\"kc-lightbox\" rel=\"kc-pretty-photo[26874173]\" href=\"https:\/\/www.muzeumtrebisov.sk\/wp-content\/uploads\/2023\/03\/5-CVOH-2.-kat.-20232717.jpg\"><img src=\"https:\/\/www.muzeumtrebisov.sk\/wp-content\/uploads\/2023\/03\/5-CVOH-2.-kat.-20232717.jpg\" alt=\"\"\/><div class=\"kc-image-overlay\"><i class=\"egypt-icon-search-1\"><\/i><\/div><\/a><\/div><div class=\"item-grid grid-4\"><a class=\"kc-image-link kc-pretty-photo\" data-lightbox=\"kc-lightbox\" rel=\"kc-pretty-photo[26874173]\" href=\"https:\/\/www.muzeumtrebisov.sk\/wp-content\/uploads\/2023\/03\/4-CVOH-2.-kat.-20232716.jpg\"><img src=\"https:\/\/www.muzeumtrebisov.sk\/wp-content\/uploads\/2023\/03\/4-CVOH-2.-kat.-20232716.jpg\" alt=\"\"\/><div class=\"kc-image-overlay\"><i class=\"egypt-icon-search-1\"><\/i><\/div><\/a><\/div><div class=\"item-grid grid-4\"><a class=\"kc-image-link kc-pretty-photo\" data-lightbox=\"kc-lightbox\" rel=\"kc-pretty-photo[26874173]\" href=\"https:\/\/www.muzeumtrebisov.sk\/wp-content\/uploads\/2023\/03\/3-CVOH-2.-kat.-20232715.jpg\"><img src=\"https:\/\/www.muzeumtrebisov.sk\/wp-content\/uploads\/2023\/03\/3-CVOH-2.-kat.-20232715.jpg\" alt=\"\"\/><div class=\"kc-image-overlay\"><i class=\"egypt-icon-search-1\"><\/i><\/div><\/a><\/div><div class=\"item-grid grid-4\"><a class=\"kc-image-link kc-pretty-photo\" data-lightbox=\"kc-lightbox\" rel=\"kc-pretty-photo[26874173]\" href=\"https:\/\/www.muzeumtrebisov.sk\/wp-content\/uploads\/2023\/03\/2-CVOH-2.-kat.-20232714.jpg\"><img src=\"https:\/\/www.muzeumtrebisov.sk\/wp-content\/uploads\/2023\/03\/2-CVOH-2.-kat.-20232714.jpg\" alt=\"\"\/><div class=\"kc-image-overlay\"><i class=\"egypt-icon-search-1\"><\/i><\/div><\/a><\/div><div class=\"item-grid grid-4\"><a class=\"kc-image-link kc-pretty-photo\" data-lightbox=\"kc-lightbox\" rel=\"kc-pretty-photo[26874173]\" href=\"https:\/\/www.muzeumtrebisov.sk\/wp-content\/uploads\/2023\/03\/1-CVOH-2.-kat.-20232713.jpg\"><img src=\"https:\/\/www.muzeumtrebisov.sk\/wp-content\/uploads\/2023\/03\/1-CVOH-2.-kat.-20232713.jpg\" alt=\"\"\/><div class=\"kc-image-overlay\"><i class=\"egypt-icon-search-1\"><\/i><\/div><\/a><\/div><\/div>\n<\/div><\/div><\/div><\/div><\/div><\/section><\/p>","protected":false},"excerpt":{"rendered":"","protected":false},"author":1,"featured_media":3069,"comment_status":"open","ping_status":"open","sticky":false,"template":"","format":"standard","meta":{"om_disable_all_campaigns":false,"_vp_format_video_url":"","_vp_image_focal_point":[]},"categories":[19],"tags":[],"aioseo_notices":[],"yoast_head":"<!-- This site is optimized with the Yoast SEO plugin v18.5.1 - https:\/\/yoast.com\/wordpress\/plugins\/seo\/ -->\n<title>Vyhodnotenie okresn\u00e9ho kola s\u00fa\u0165a\u017ee &quot;\u010co vie\u0161 o hviezdach ?&quot; | M\u00fazeum Trebi\u0161ov - Ka\u0161tie\u013e Andr\u00e1ssyovcov<\/title>\n<meta name=\"robots\" content=\"index, follow, max-snippet:-1, max-image-preview:large, max-video-preview:-1\" \/>\n<link rel=\"canonical\" href=\"https:\/\/www.muzeumtrebisov.sk\/hu\/spravy\/vyhodnotenie-okresneho-kola-sutaze-co-vies-o-hviezdach\/\" \/>\n<meta property=\"og:locale\" content=\"hu_HU\" \/>\n<meta property=\"og:type\" content=\"article\" \/>\n<meta property=\"og:title\" content=\"Vyhodnotenie okresn\u00e9ho kola s\u00fa\u0165a\u017ee &quot;\u010co vie\u0161 o hviezdach ?&quot; | M\u00fazeum Trebi\u0161ov - Ka\u0161tie\u013e Andr\u00e1ssyovcov\" \/>\n<meta property=\"og:description\" content=\"Vyhodnotenie okresn\u00e9ho kola s\u00fa\u0165a\u017ee &#8222;\u010co vie\u0161 o hviezdach ?&#8220; \u00datvar astron\u00f3mie, s\u00fa\u010das\u0165 M\u00fazea a Kult\u00farneho centra ju\u017en\u00e9ho Zempl\u00edna v\u00a0Trebi\u0161ove sa \u00a0aj v roku 2023 zapojilo u\u017e do 33. ro\u010dn\u00edka celoslovenskej vedomostnej s\u00fa\u0165a\u017ee z astron\u00f3mie \u201e\u010co vie\u0161 o\u00a0hviezdach?\u201c. \u00a0Okresn\u00e9 kolo sa konalo v 1. kateg\u00f3rii d\u0148a 23. marca 2023 a v\u00a02. kateg\u00f3rii d\u0148a 24. marca 2023\" \/>\n<meta property=\"og:url\" content=\"https:\/\/www.muzeumtrebisov.sk\/hu\/spravy\/vyhodnotenie-okresneho-kola-sutaze-co-vies-o-hviezdach\/\" \/>\n<meta property=\"og:site_name\" content=\"M\u00fazeum Trebi\u0161ov - Ka\u0161tie\u013e Andr\u00e1ssyovcov\" \/>\n<meta property=\"article:publisher\" content=\"https:\/\/www.facebook.com\/muzeumtvkastielandrassyovcov\" \/>\n<meta property=\"article:published_time\" content=\"2023-03-30T09:01:51+00:00\" \/>\n<meta property=\"article:modified_time\" content=\"2023-04-03T06:18:08+00:00\" \/>\n<meta property=\"og:image\" content=\"https:\/\/www.muzeumtrebisov.sk\/wp-content\/uploads\/2023\/03\/pexels-miriam-espacio-365633.jpg\" \/>\n\t<meta property=\"og:image:width\" content=\"2200\" \/>\n\t<meta property=\"og:image:height\" content=\"1467\" \/>\n\t<meta property=\"og:image:type\" content=\"image\/jpeg\" \/>\n<meta name=\"twitter:card\" content=\"summary_large_image\" \/>\n<meta name=\"twitter:label1\" content=\"Szerz\u0151:\" \/>\n\t<meta name=\"twitter:data1\" content=\"muzeumtvadmin\" \/>\n\t<meta name=\"twitter:label2\" content=\"Becs\u00fclt olvas\u00e1si id\u0151\" \/>\n\t<meta name=\"twitter:data2\" content=\"3 perc\" \/>\n<script type=\"application\/ld+json\" class=\"yoast-schema-graph\">{\"@context\":\"https:\/\/schema.org\",\"@graph\":[{\"@type\":\"Organization\",\"@id\":\"https:\/\/www.muzeumtrebisov.sk\/#organization\",\"name\":\"M\u00fazeum Trebi\u0161ov - Ka\u0161tie\u013e Andr\u00e1ssyovcov\",\"url\":\"https:\/\/www.muzeumtrebisov.sk\/\",\"sameAs\":[\"https:\/\/www.facebook.com\/muzeumtvkastielandrassyovcov\",\"https:\/\/www.instagram.com\/muzeumtrebisovkastielandrassy\/\",\"https:\/\/www.youtube.com\/channel\/UCprfZHvPNIxqZ2IHCDwfv1w\"],\"logo\":{\"@type\":\"ImageObject\",\"@id\":\"https:\/\/www.muzeumtrebisov.sk\/#logo\",\"inLanguage\":\"hu\",\"url\":\"https:\/\/www.muzeumtrebisov.sk\/wp-content\/uploads\/2022\/04\/dual-logo-color-hor.png\",\"contentUrl\":\"https:\/\/www.muzeumtrebisov.sk\/wp-content\/uploads\/2022\/04\/dual-logo-color-hor.png\",\"width\":749,\"height\":140,\"caption\":\"M\u00fazeum Trebi\u0161ov - Ka\u0161tie\u013e Andr\u00e1ssyovcov\"},\"image\":{\"@id\":\"https:\/\/www.muzeumtrebisov.sk\/#logo\"}},{\"@type\":\"WebSite\",\"@id\":\"https:\/\/www.muzeumtrebisov.sk\/#website\",\"url\":\"https:\/\/www.muzeumtrebisov.sk\/\",\"name\":\"M\u00fazeum Trebi\u0161ov - Ka\u0161tie\u013e Andr\u00e1ssyovcov\",\"description\":\"Hist\u00f3ria Andr\u00e1ssyovcov a ju\u017en\u00e9ho Zempl\u00edna\",\"publisher\":{\"@id\":\"https:\/\/www.muzeumtrebisov.sk\/#organization\"},\"potentialAction\":[{\"@type\":\"SearchAction\",\"target\":{\"@type\":\"EntryPoint\",\"urlTemplate\":\"https:\/\/www.muzeumtrebisov.sk\/?s={search_term_string}\"},\"query-input\":\"required name=search_term_string\"}],\"inLanguage\":\"hu\"},{\"@type\":\"ImageObject\",\"@id\":\"https:\/\/www.muzeumtrebisov.sk\/spravy\/vyhodnotenie-okresneho-kola-sutaze-co-vies-o-hviezdach\/#primaryimage\",\"inLanguage\":\"hu\",\"url\":\"https:\/\/www.muzeumtrebisov.sk\/wp-content\/uploads\/2023\/03\/pexels-miriam-espacio-365633.jpg\",\"contentUrl\":\"https:\/\/www.muzeumtrebisov.sk\/wp-content\/uploads\/2023\/03\/pexels-miriam-espacio-365633.jpg\",\"width\":2200,\"height\":1467},{\"@type\":\"WebPage\",\"@id\":\"https:\/\/www.muzeumtrebisov.sk\/spravy\/vyhodnotenie-okresneho-kola-sutaze-co-vies-o-hviezdach\/#webpage\",\"url\":\"https:\/\/www.muzeumtrebisov.sk\/spravy\/vyhodnotenie-okresneho-kola-sutaze-co-vies-o-hviezdach\/\",\"name\":\"Vyhodnotenie okresn\u00e9ho kola s\u00fa\u0165a\u017ee \\\"\u010co vie\u0161 o hviezdach ?\\\" | M\u00fazeum Trebi\u0161ov - Ka\u0161tie\u013e Andr\u00e1ssyovcov\",\"isPartOf\":{\"@id\":\"https:\/\/www.muzeumtrebisov.sk\/#website\"},\"primaryImageOfPage\":{\"@id\":\"https:\/\/www.muzeumtrebisov.sk\/spravy\/vyhodnotenie-okresneho-kola-sutaze-co-vies-o-hviezdach\/#primaryimage\"},\"datePublished\":\"2023-03-30T09:01:51+00:00\",\"dateModified\":\"2023-04-03T06:18:08+00:00\",\"breadcrumb\":{\"@id\":\"https:\/\/www.muzeumtrebisov.sk\/spravy\/vyhodnotenie-okresneho-kola-sutaze-co-vies-o-hviezdach\/#breadcrumb\"},\"inLanguage\":\"hu\",\"potentialAction\":[{\"@type\":\"ReadAction\",\"target\":[\"https:\/\/www.muzeumtrebisov.sk\/spravy\/vyhodnotenie-okresneho-kola-sutaze-co-vies-o-hviezdach\/\"]}]},{\"@type\":\"BreadcrumbList\",\"@id\":\"https:\/\/www.muzeumtrebisov.sk\/spravy\/vyhodnotenie-okresneho-kola-sutaze-co-vies-o-hviezdach\/#breadcrumb\",\"itemListElement\":[{\"@type\":\"ListItem\",\"position\":1,\"name\":\"Home\",\"item\":\"https:\/\/www.muzeumtrebisov.sk\/\"},{\"@type\":\"ListItem\",\"position\":2,\"name\":\"Vyhodnotenie okresn\u00e9ho kola s\u00fa\u0165a\u017ee &#8222;\u010co vie\u0161 o hviezdach ?&#8220;\"}]},{\"@type\":\"Article\",\"@id\":\"https:\/\/www.muzeumtrebisov.sk\/spravy\/vyhodnotenie-okresneho-kola-sutaze-co-vies-o-hviezdach\/#article\",\"isPartOf\":{\"@id\":\"https:\/\/www.muzeumtrebisov.sk\/spravy\/vyhodnotenie-okresneho-kola-sutaze-co-vies-o-hviezdach\/#webpage\"},\"author\":{\"@id\":\"https:\/\/www.muzeumtrebisov.sk\/#\/schema\/person\/e020f4c0852b191613d063438d60ae6b\"},\"headline\":\"Vyhodnotenie okresn\u00e9ho kola s\u00fa\u0165a\u017ee &#8222;\u010co vie\u0161 o hviezdach ?&#8220;\",\"datePublished\":\"2023-03-30T09:01:51+00:00\",\"dateModified\":\"2023-04-03T06:18:08+00:00\",\"mainEntityOfPage\":{\"@id\":\"https:\/\/www.muzeumtrebisov.sk\/spravy\/vyhodnotenie-okresneho-kola-sutaze-co-vies-o-hviezdach\/#webpage\"},\"wordCount\":458,\"commentCount\":0,\"publisher\":{\"@id\":\"https:\/\/www.muzeumtrebisov.sk\/#organization\"},\"image\":{\"@id\":\"https:\/\/www.muzeumtrebisov.sk\/spravy\/vyhodnotenie-okresneho-kola-sutaze-co-vies-o-hviezdach\/#primaryimage\"},\"thumbnailUrl\":\"https:\/\/www.muzeumtrebisov.sk\/wp-content\/uploads\/2023\/03\/pexels-miriam-espacio-365633.jpg\",\"articleSection\":[\"Spr\u00e1vy\"],\"inLanguage\":\"hu\",\"potentialAction\":[{\"@type\":\"CommentAction\",\"name\":\"Comment\",\"target\":[\"https:\/\/www.muzeumtrebisov.sk\/spravy\/vyhodnotenie-okresneho-kola-sutaze-co-vies-o-hviezdach\/#respond\"]}]},{\"@type\":\"Person\",\"@id\":\"https:\/\/www.muzeumtrebisov.sk\/#\/schema\/person\/e020f4c0852b191613d063438d60ae6b\",\"name\":\"muzeumtvadmin\",\"image\":{\"@type\":\"ImageObject\",\"@id\":\"https:\/\/www.muzeumtrebisov.sk\/#personlogo\",\"inLanguage\":\"hu\",\"url\":\"https:\/\/secure.gravatar.com\/avatar\/115030f8384675efad0cc99183d7cd51?s=96&d=mm&r=g\",\"contentUrl\":\"https:\/\/secure.gravatar.com\/avatar\/115030f8384675efad0cc99183d7cd51?s=96&d=mm&r=g\",\"caption\":\"muzeumtvadmin\"},\"sameAs\":[\"https:\/\/www.muzeumtrebisov.sk\"],\"url\":\"https:\/\/www.muzeumtrebisov.sk\/hu\/author\/muzeumtvadmin\/\"}]}<\/script>\n<!-- \/ Yoast SEO plugin. -->","yoast_head_json":{"title":"Vyhodnotenie okresn\u00e9ho kola s\u00fa\u0165a\u017ee \"\u010co vie\u0161 o hviezdach ?\" | M\u00fazeum Trebi\u0161ov - Ka\u0161tie\u013e Andr\u00e1ssyovcov","robots":{"index":"index","follow":"follow","max-snippet":"max-snippet:-1","max-image-preview":"max-image-preview:large","max-video-preview":"max-video-preview:-1"},"canonical":"https:\/\/www.muzeumtrebisov.sk\/hu\/spravy\/vyhodnotenie-okresneho-kola-sutaze-co-vies-o-hviezdach\/","og_locale":"hu_HU","og_type":"article","og_title":"Vyhodnotenie okresn\u00e9ho kola s\u00fa\u0165a\u017ee \"\u010co vie\u0161 o hviezdach ?\" | M\u00fazeum Trebi\u0161ov - Ka\u0161tie\u013e Andr\u00e1ssyovcov","og_description":"Vyhodnotenie okresn\u00e9ho kola s\u00fa\u0165a\u017ee &#8222;\u010co vie\u0161 o hviezdach ?&#8220; \u00datvar astron\u00f3mie, s\u00fa\u010das\u0165 M\u00fazea a Kult\u00farneho centra ju\u017en\u00e9ho Zempl\u00edna v\u00a0Trebi\u0161ove sa \u00a0aj v roku 2023 zapojilo u\u017e do 33. ro\u010dn\u00edka celoslovenskej vedomostnej s\u00fa\u0165a\u017ee z astron\u00f3mie \u201e\u010co vie\u0161 o\u00a0hviezdach?\u201c. \u00a0Okresn\u00e9 kolo sa konalo v 1. kateg\u00f3rii d\u0148a 23. marca 2023 a v\u00a02. kateg\u00f3rii d\u0148a 24. marca 2023","og_url":"https:\/\/www.muzeumtrebisov.sk\/hu\/spravy\/vyhodnotenie-okresneho-kola-sutaze-co-vies-o-hviezdach\/","og_site_name":"M\u00fazeum Trebi\u0161ov - Ka\u0161tie\u013e Andr\u00e1ssyovcov","article_publisher":"https:\/\/www.facebook.com\/muzeumtvkastielandrassyovcov","article_published_time":"2023-03-30T09:01:51+00:00","article_modified_time":"2023-04-03T06:18:08+00:00","og_image":[{"width":2200,"height":1467,"url":"https:\/\/www.muzeumtrebisov.sk\/wp-content\/uploads\/2023\/03\/pexels-miriam-espacio-365633.jpg","type":"image\/jpeg"}],"twitter_card":"summary_large_image","twitter_misc":{"Szerz\u0151:":"muzeumtvadmin","Becs\u00fclt olvas\u00e1si id\u0151":"3 perc"},"schema":{"@context":"https:\/\/schema.org","@graph":[{"@type":"Organization","@id":"https:\/\/www.muzeumtrebisov.sk\/#organization","name":"M\u00fazeum Trebi\u0161ov - Ka\u0161tie\u013e Andr\u00e1ssyovcov","url":"https:\/\/www.muzeumtrebisov.sk\/","sameAs":["https:\/\/www.facebook.com\/muzeumtvkastielandrassyovcov","https:\/\/www.instagram.com\/muzeumtrebisovkastielandrassy\/","https:\/\/www.youtube.com\/channel\/UCprfZHvPNIxqZ2IHCDwfv1w"],"logo":{"@type":"ImageObject","@id":"https:\/\/www.muzeumtrebisov.sk\/#logo","inLanguage":"hu","url":"https:\/\/www.muzeumtrebisov.sk\/wp-content\/uploads\/2022\/04\/dual-logo-color-hor.png","contentUrl":"https:\/\/www.muzeumtrebisov.sk\/wp-content\/uploads\/2022\/04\/dual-logo-color-hor.png","width":749,"height":140,"caption":"M\u00fazeum Trebi\u0161ov - Ka\u0161tie\u013e Andr\u00e1ssyovcov"},"image":{"@id":"https:\/\/www.muzeumtrebisov.sk\/#logo"}},{"@type":"WebSite","@id":"https:\/\/www.muzeumtrebisov.sk\/#website","url":"https:\/\/www.muzeumtrebisov.sk\/","name":"M\u00fazeum Trebi\u0161ov - Ka\u0161tie\u013e Andr\u00e1ssyovcov","description":"Hist\u00f3ria Andr\u00e1ssyovcov a ju\u017en\u00e9ho Zempl\u00edna","publisher":{"@id":"https:\/\/www.muzeumtrebisov.sk\/#organization"},"potentialAction":[{"@type":"SearchAction","target":{"@type":"EntryPoint","urlTemplate":"https:\/\/www.muzeumtrebisov.sk\/?s={search_term_string}"},"query-input":"required name=search_term_string"}],"inLanguage":"hu"},{"@type":"ImageObject","@id":"https:\/\/www.muzeumtrebisov.sk\/spravy\/vyhodnotenie-okresneho-kola-sutaze-co-vies-o-hviezdach\/#primaryimage","inLanguage":"hu","url":"https:\/\/www.muzeumtrebisov.sk\/wp-content\/uploads\/2023\/03\/pexels-miriam-espacio-365633.jpg","contentUrl":"https:\/\/www.muzeumtrebisov.sk\/wp-content\/uploads\/2023\/03\/pexels-miriam-espacio-365633.jpg","width":2200,"height":1467},{"@type":"WebPage","@id":"https:\/\/www.muzeumtrebisov.sk\/spravy\/vyhodnotenie-okresneho-kola-sutaze-co-vies-o-hviezdach\/#webpage","url":"https:\/\/www.muzeumtrebisov.sk\/spravy\/vyhodnotenie-okresneho-kola-sutaze-co-vies-o-hviezdach\/","name":"Vyhodnotenie okresn\u00e9ho kola s\u00fa\u0165a\u017ee \"\u010co vie\u0161 o hviezdach ?\" | M\u00fazeum Trebi\u0161ov - Ka\u0161tie\u013e Andr\u00e1ssyovcov","isPartOf":{"@id":"https:\/\/www.muzeumtrebisov.sk\/#website"},"primaryImageOfPage":{"@id":"https:\/\/www.muzeumtrebisov.sk\/spravy\/vyhodnotenie-okresneho-kola-sutaze-co-vies-o-hviezdach\/#primaryimage"},"datePublished":"2023-03-30T09:01:51+00:00","dateModified":"2023-04-03T06:18:08+00:00","breadcrumb":{"@id":"https:\/\/www.muzeumtrebisov.sk\/spravy\/vyhodnotenie-okresneho-kola-sutaze-co-vies-o-hviezdach\/#breadcrumb"},"inLanguage":"hu","potentialAction":[{"@type":"ReadAction","target":["https:\/\/www.muzeumtrebisov.sk\/spravy\/vyhodnotenie-okresneho-kola-sutaze-co-vies-o-hviezdach\/"]}]},{"@type":"BreadcrumbList","@id":"https:\/\/www.muzeumtrebisov.sk\/spravy\/vyhodnotenie-okresneho-kola-sutaze-co-vies-o-hviezdach\/#breadcrumb","itemListElement":[{"@type":"ListItem","position":1,"name":"Home","item":"https:\/\/www.muzeumtrebisov.sk\/"},{"@type":"ListItem","position":2,"name":"Vyhodnotenie okresn\u00e9ho kola s\u00fa\u0165a\u017ee &#8222;\u010co vie\u0161 o hviezdach ?&#8220;"}]},{"@type":"Article","@id":"https:\/\/www.muzeumtrebisov.sk\/spravy\/vyhodnotenie-okresneho-kola-sutaze-co-vies-o-hviezdach\/#article","isPartOf":{"@id":"https:\/\/www.muzeumtrebisov.sk\/spravy\/vyhodnotenie-okresneho-kola-sutaze-co-vies-o-hviezdach\/#webpage"},"author":{"@id":"https:\/\/www.muzeumtrebisov.sk\/#\/schema\/person\/e020f4c0852b191613d063438d60ae6b"},"headline":"Vyhodnotenie okresn\u00e9ho kola s\u00fa\u0165a\u017ee &#8222;\u010co vie\u0161 o hviezdach ?&#8220;","datePublished":"2023-03-30T09:01:51+00:00","dateModified":"2023-04-03T06:18:08+00:00","mainEntityOfPage":{"@id":"https:\/\/www.muzeumtrebisov.sk\/spravy\/vyhodnotenie-okresneho-kola-sutaze-co-vies-o-hviezdach\/#webpage"},"wordCount":458,"commentCount":0,"publisher":{"@id":"https:\/\/www.muzeumtrebisov.sk\/#organization"},"image":{"@id":"https:\/\/www.muzeumtrebisov.sk\/spravy\/vyhodnotenie-okresneho-kola-sutaze-co-vies-o-hviezdach\/#primaryimage"},"thumbnailUrl":"https:\/\/www.muzeumtrebisov.sk\/wp-content\/uploads\/2023\/03\/pexels-miriam-espacio-365633.jpg","articleSection":["Spr\u00e1vy"],"inLanguage":"hu","potentialAction":[{"@type":"CommentAction","name":"Comment","target":["https:\/\/www.muzeumtrebisov.sk\/spravy\/vyhodnotenie-okresneho-kola-sutaze-co-vies-o-hviezdach\/#respond"]}]},{"@type":"Person","@id":"https:\/\/www.muzeumtrebisov.sk\/#\/schema\/person\/e020f4c0852b191613d063438d60ae6b","name":"muzeumtvadmin","image":{"@type":"ImageObject","@id":"https:\/\/www.muzeumtrebisov.sk\/#personlogo","inLanguage":"hu","url":"https:\/\/secure.gravatar.com\/avatar\/115030f8384675efad0cc99183d7cd51?s=96&d=mm&r=g","contentUrl":"https:\/\/secure.gravatar.com\/avatar\/115030f8384675efad0cc99183d7cd51?s=96&d=mm&r=g","caption":"muzeumtvadmin"},"sameAs":["https:\/\/www.muzeumtrebisov.sk"],"url":"https:\/\/www.muzeumtrebisov.sk\/hu\/author\/muzeumtvadmin\/"}]}},"_links":{"self":[{"href":"https:\/\/www.muzeumtrebisov.sk\/hu\/wp-json\/wp\/v2\/posts\/3062"}],"collection":[{"href":"https:\/\/www.muzeumtrebisov.sk\/hu\/wp-json\/wp\/v2\/posts"}],"about":[{"href":"https:\/\/www.muzeumtrebisov.sk\/hu\/wp-json\/wp\/v2\/types\/post"}],"author":[{"embeddable":true,"href":"https:\/\/www.muzeumtrebisov.sk\/hu\/wp-json\/wp\/v2\/users\/1"}],"replies":[{"embeddable":true,"href":"https:\/\/www.muzeumtrebisov.sk\/hu\/wp-json\/wp\/v2\/comments?post=3062"}],"version-history":[{"count":6,"href":"https:\/\/www.muzeumtrebisov.sk\/hu\/wp-json\/wp\/v2\/posts\/3062\/revisions"}],"predecessor-version":[{"id":3110,"href":"https:\/\/www.muzeumtrebisov.sk\/hu\/wp-json\/wp\/v2\/posts\/3062\/revisions\/3110"}],"wp:featuredmedia":[{"embeddable":true,"href":"https:\/\/www.muzeumtrebisov.sk\/hu\/wp-json\/wp\/v2\/media\/3069"}],"wp:attachment":[{"href":"https:\/\/www.muzeumtrebisov.sk\/hu\/wp-json\/wp\/v2\/media?parent=3062"}],"wp:term":[{"taxonomy":"category","embeddable":true,"href":"https:\/\/www.muzeumtrebisov.sk\/hu\/wp-json\/wp\/v2\/categories?post=3062"},{"taxonomy":"post_tag","embeddable":true,"href":"https:\/\/www.muzeumtrebisov.sk\/hu\/wp-json\/wp\/v2\/tags?post=3062"}],"curies":[{"name":"wp","href":"https:\/\/api.w.org\/{rel}","templated":true}]}}