{"id":2810,"date":"2022-11-03T20:06:31","date_gmt":"2022-11-03T19:06:31","guid":{"rendered":"https:\/\/www.muzeumtrebisov.sk\/?p=2810"},"modified":"2022-11-03T20:07:41","modified_gmt":"2022-11-03T19:07:41","slug":"najuspesnejsi-projekt-kraja-z-internej-vyzvy-tradicie-inspiruju-inovacie-2022","status":"publish","type":"post","link":"https:\/\/www.muzeumtrebisov.sk\/hu\/spravy\/najuspesnejsi-projekt-kraja-z-internej-vyzvy-tradicie-inspiruju-inovacie-2022\/","title":{"rendered":"Naj\u00faspe\u0161nej\u0161\u00ed projekt kraja z internej v\u00fdzvy \u201cTrad\u00edcie in\u0161piruj\u00fa inov\u00e1cie 2022\u201d"},"content":{"rendered":"<section class=\"kc-elm kc-css-481820 kc_row\"><div class=\"kc-row-container  kc-container\"><div class=\"kc-wrap-columns\"><div class=\"kc-elm kc-css-599240 kc_column kc_col-sm-12\"><div class=\"kc-col-container\"><div class=\"kc-elm kc-css-965125 kc_text_block\"><\/p>\n<p class=\"MsoNormal\" style=\"margin: 30pt 0cm 0.0001pt; text-align: center; background-image: initial; background-position: initial; background-size: initial; background-repeat: initial; background-attachment: initial; background-origin: initial; background-clip: initial;\" align=\"center\"><b><span style=\"font-size: 11.5pt; font-family: &#039;Calibri Light&#039;,sans-serif; mso-ascii-theme-font: major-latin; mso-fareast-font-family: &#039;Times New Roman&#039;; mso-hansi-theme-font: major-latin; mso-bidi-theme-font: major-latin; color: #050505; mso-fareast-language: SK;\">Naj\u00faspe\u0161nej\u0161\u00ed<br \/>projekt kraja z internej v\u00fdzvy \u201eTrad\u00edcie in\u0161piruj\u00fa inov\u00e1cie 2022\u201c<\/span><\/b><\/p>\n<p class=\"MsoNormal\" style=\"margin: 30pt 0cm 0.0001pt; text-align: center; background-image: initial; background-position: initial; background-size: initial; background-repeat: initial; background-attachment: initial; background-origin: initial; background-clip: initial;\" align=\"center\"><b><span style=\"font-size: 11.5pt; font-family: &#039;Calibri Light&#039;,sans-serif; mso-ascii-theme-font: major-latin; mso-fareast-font-family: &#039;Times New Roman&#039;; mso-hansi-theme-font: major-latin; mso-bidi-theme-font: major-latin; color: #050505; mso-fareast-language: SK;\"><img loading=\"lazy\" class=\"alignnone size-full\" src=\"https:\/\/www.muzeumtrebisov.sk\/wp-content\/uploads\/2022\/11\/Screenshot_1.jpg\" alt=\"\" width=\"786\" height=\"783\" \/>\u00a0<\/span><\/b><\/p>\n<p class=\"MsoNormal\" style=\"margin-bottom: 0.0001pt; text-align: justify; background-image: initial; background-position: initial; background-size: initial; background-repeat: initial; background-attachment: initial; background-origin: initial; background-clip: initial;\"><span style=\"font-size: 11.5pt; font-family: &#039;Calibri Light&#039;,sans-serif; mso-ascii-theme-font: major-latin; mso-fareast-font-family: &#039;Times New Roman&#039;; mso-hansi-theme-font: major-latin; mso-bidi-theme-font: major-latin; color: #050505; mso-fareast-language: SK;\">\u00a0<\/span><\/p>\n<p class=\"MsoNormal\" style=\"margin-bottom: 0.0001pt; text-align: justify; background-image: initial; background-position: initial; background-size: initial; background-repeat: initial; background-attachment: initial; background-origin: initial; background-clip: initial;\"><span style=\"font-size: 12pt;\"><span style=\"font-family: &#039;Calibri Light&#039;, sans-serif; color: #050505;\">M\u00fazeum a Kult\u00farne centrum ju\u017en\u00e9ho Zempl\u00edna v Trebi\u0161ove, kult\u00farne zariadenie Ko\u0161ick\u00e9ho samospr\u00e1vneho kraja, 13. okt\u00f3bra sl\u00e1vnostne spr\u00edstupnilo nov\u00fa virtu\u00e1lnu expoz\u00edciu s\u00a0n\u00e1zvom \u017divot na panstve za pr\u00edtomnosti\u00a0<\/span><span style=\"font-family: &#039;Calibri Light&#039;, sans-serif; color: #050505;\">predsedu Ko\u0161ick\u00e9ho samospr\u00e1vneho kraja Rastislava Trnku a\u00a0mnoh\u00fdch in\u00fdch v\u00fdznamn\u00fdch host\u00ed.\u00a0<\/span><\/span><\/p>\n<p class=\"MsoNormal\" style=\"margin-bottom: 0.0001pt; text-align: justify; background-image: initial; background-position: initial; background-size: initial; background-repeat: initial; background-attachment: initial; background-origin: initial; background-clip: initial;\"><span style=\"font-size: 11.5pt; font-family: &#039;Calibri Light&#039;,sans-serif; mso-fareast-font-family: &#039;Times New Roman&#039;; color: #050505; mso-fareast-language: SK;\">\u00a0<\/span><\/p>\n<p class=\"MsoNormal\" style=\"margin-bottom: 0.0001pt; text-align: justify; background-image: initial; background-position: initial; background-size: initial; background-repeat: initial; background-attachment: initial; background-origin: initial; background-clip: initial;\"><span style=\"color: #050505; font-family: &#039;Calibri Light&#039;, sans-serif; font-size: 11.5pt; font-style: inherit;\">Do role <\/span><span style=\"color: #050505; font-family: &#039;Calibri Light&#039;, sans-serif; font-size: 11.5pt; font-style: inherit;\">komorn\u00edka sa dokonale vlo\u017eil herec trebi\u0161ovsk\u00e9ho divadla G, Peter Girman, ktor\u00fd\u00a0<\/span><span style=\"color: #050505; font-family: &#039;Calibri Light&#039;, sans-serif; font-size: 11.5pt; font-style: inherit;\">sa prihovoril publiku. Hne\u010f po jeho predslove priv\u00edtala host\u00ed ve\u013ekej udalosti\u00a0<\/span><span style=\"color: #050505; font-family: &#039;Calibri Light&#039;, sans-serif; font-size: 11.5pt; font-style: inherit;\">riadite\u013eka m\u00fazea Be\u00e1ta Kere\u0161tanov\u00e1. K\u00a0sl\u00e1vnostn\u00fdm pr\u00edhovorom nech\u00fdbali ani\u00a0<\/span><span style=\"color: #050505; font-family: &#039;Calibri Light&#039;, sans-serif; font-size: 11.5pt; font-style: inherit;\">slov\u00e1 od samotn\u00e9ho predsedu KSK.<\/span><\/p>\n<p class=\"MsoNormal\" style=\"margin-bottom: 0.0001pt; text-align: justify; background-image: initial; background-position: initial; background-size: initial; background-repeat: initial; background-attachment: initial; background-origin: initial; background-clip: initial;\"><span style=\"color: #050505; font-family: &#039;Calibri Light&#039;, sans-serif; font-size: 11.5pt; font-style: inherit;\">\u00a0<\/span><\/p>\n<p class=\"MsoNormal\" style=\"margin-bottom: 0.0001pt; text-align: justify; background-image: initial; background-position: initial; background-size: initial; background-repeat: initial; background-attachment: initial; background-origin: initial; background-clip: initial;\"><span style=\"color: #050505; font-family: &#039;Calibri Light&#039;, sans-serif; font-size: 11.5pt; font-style: inherit;\">Hostia <\/span><span style=\"color: #050505; font-family: &#039;Calibri Light&#039;, sans-serif; font-size: 11.5pt; font-style: inherit;\">si po are\u00e1li trebi\u0161ovsk\u00e9ho ka\u0161tie\u013ea pre\u0161li tabule \u00a0, ktor\u00e9 po naskenovan\u00ed k\u00f3du pomocou aplik\u00e1cie doslova\u00a0<\/span><span style=\"color: #050505; font-family: &#039;Calibri Light&#039;, sans-serif; font-size: 11.5pt; font-style: inherit;\">o\u017eili. Z\u00a0ka\u017edej zo siedmich tab\u00fa\u013e sa vynorila postava \u017eij\u00faca na panstve\u00a0<\/span><span style=\"color: #050505; font-family: &#039;Calibri Light&#039;, sans-serif; font-size: 11.5pt; font-style: inherit;\">v\u00a0Trebi\u0161ove a\u00a0vyrozpr\u00e1vala svoj pr\u00edbeh. Takto mohli sledova\u0165 osudy\u00a0<\/span><span style=\"color: #050505; font-family: &#039;Calibri Light&#039;, sans-serif; font-size: 11.5pt; font-style: inherit;\">kuch\u00e1rky, sl\u00fa\u017eky, z\u00e1hradn\u00edka a\u00a0in\u00fdch. Prihovoril sa im taktie\u017e s\u00e1m gr\u00f3f\u00a0<\/span><span style=\"font-style: inherit; font-size: 11.5pt; font-family: &#039;Calibri Light&#039;, sans-serif; color: #050505;\">J\u00falius Andr\u00e1ssy.<\/span><span style=\"font-style: inherit; color: #050505; font-family: &#039;Calibri Light&#039;, sans-serif; font-size: 11.5pt;\">\u00a0\u00a0<\/span><\/p>\n<p class=\"MsoNormal\" style=\"margin-bottom: 0.0001pt; text-align: justify; background-image: initial; background-position: initial; background-size: initial; background-repeat: initial; background-attachment: initial; background-origin: initial; background-clip: initial;\"><span style=\"font-style: inherit; color: #050505; font-family: &#039;Calibri Light&#039;, sans-serif; font-size: 11.5pt;\">\u00a0<\/span><\/p>\n<p class=\"MsoNormal\" style=\"margin-bottom: 0.0001pt; text-align: justify; background-image: initial; background-position: initial; background-size: initial; background-repeat: initial; background-attachment: initial; background-origin: initial; background-clip: initial;\"><span style=\"color: #050505; font-family: &#039;Calibri Light&#039;, sans-serif; font-size: 11.5pt; font-style: inherit;\">Projekt bol <\/span><span style=\"color: #050505; font-family: &#039;Calibri Light&#039;, sans-serif; font-size: 11.5pt; font-style: inherit;\">realizovan\u00fd v r\u00e1mci internej v\u00fdzvy Ko\u0161ick\u00e9ho samospr\u00e1vneho kraja \u201eTrad\u00edcie\u00a0<\/span><span style=\"color: #050505; font-family: &#039;Calibri Light&#039;, sans-serif; font-size: 11.5pt; font-style: inherit;\">in\u0161piruj\u00fa inov\u00e1cie 2022\u201c, z\u00a0ktorej boli v tomto roku podporen\u00e9 \u0161tyri\u00a0<\/span><span style=\"color: #050505; font-family: &#039;Calibri Light&#039;, sans-serif; font-size: 11.5pt; font-style: inherit;\">projekty v\u00a0celkovej sume 200\u00a0000 eur. Jedn\u00fdm z\u00a0nich bola expoz\u00edcia\u00a0<\/span><span style=\"color: #050505; font-family: &#039;Calibri Light&#039;, sans-serif; font-size: 11.5pt; font-style: inherit;\">\u017divot na panstve, podporen\u00e1 sumou 48 880 eur.<\/span><\/p>\n<p class=\"MsoNormal\" style=\"margin-bottom: 0.0001pt; text-align: justify; background-image: initial; background-position: initial; background-size: initial; background-repeat: initial; background-attachment: initial; background-origin: initial; background-clip: initial;\"><span style=\"color: #050505; font-family: &#039;Calibri Light&#039;, sans-serif; font-size: 11.5pt; font-style: inherit;\">\u00a0<\/span><\/p>\n<p class=\"MsoNormal\" style=\"margin-bottom: 0.0001pt; text-align: justify; background-image: initial; background-position: initial; background-size: initial; background-repeat: initial; background-attachment: initial; background-origin: initial; background-clip: initial;\"><span style=\"font-size: 11.5pt; font-family: &#039;Calibri Light&#039;,sans-serif; mso-ascii-theme-font: major-latin; mso-fareast-font-family: &#039;Times New Roman&#039;; mso-hansi-theme-font: major-latin; mso-bidi-theme-font: major-latin; color: #050505; mso-fareast-language: SK;\">Autor: Mgr. M\u00e1ria \u010catyov\u00e1<\/span><\/p>\n<p class=\"MsoNormal\" style=\"margin-bottom: 0.0001pt; text-align: justify; background-image: initial; background-position: initial; background-size: initial; background-repeat: initial; background-attachment: initial; background-origin: initial; background-clip: initial;\"><span style=\"font-size: 11.5pt; font-family: &#039;Calibri Light&#039;,sans-serif; mso-ascii-theme-font: major-latin; mso-fareast-font-family: &#039;Times New Roman&#039;; mso-hansi-theme-font: major-latin; mso-bidi-theme-font: major-latin; color: #050505; mso-fareast-language: SK;\">Kontaktn\u00e1 osoba: Mgr. Anna Tk\u00e1\u010dov\u00e1<\/span><\/p>\n<p class=\"MsoNormal\" style=\"margin-bottom: 0.0001pt; text-align: justify; background-image: initial; background-position: initial; background-size: initial; background-repeat: initial; background-attachment: initial; background-origin: initial; background-clip: initial;\"><span style=\"font-size: 11.5pt; font-family: &#039;Calibri Light&#039;,sans-serif; mso-ascii-theme-font: major-latin; mso-fareast-font-family: &#039;Times New Roman&#039;; mso-hansi-theme-font: major-latin; mso-bidi-theme-font: major-latin; color: #050505; mso-fareast-language: SK;\">Emailov\u00e1 adresa: <\/span><a href=\"mailto:tkacova.anna@muzeumtrebisov.sk\"><span style=\"font-size: 11.5pt; font-family: &#039;Calibri Light&#039;,sans-serif; mso-ascii-theme-font: major-latin; mso-fareast-font-family: &#039;Times New Roman&#039;; mso-hansi-theme-font: major-latin; mso-bidi-theme-font: major-latin; mso-fareast-language: SK;\">tkacova.anna@muzeumtrebisov.sk<\/span><\/a><\/p>\n<p><!-- \/wp:paragraph --><\/p>\n<p>\n<\/div><\/div><\/div><\/div><\/div><\/section>","protected":false},"excerpt":{"rendered":"","protected":false},"author":1,"featured_media":2811,"comment_status":"open","ping_status":"open","sticky":false,"template":"","format":"standard","meta":{"om_disable_all_campaigns":false,"_vp_format_video_url":"","_vp_image_focal_point":[]},"categories":[19],"tags":[],"aioseo_notices":[],"yoast_head":"<!-- This site is optimized with the Yoast SEO plugin v18.5.1 - https:\/\/yoast.com\/wordpress\/plugins\/seo\/ -->\n<title>Naj\u00faspe\u0161nej\u0161\u00ed projekt kraja z internej v\u00fdzvy \u201cTrad\u00edcie in\u0161piruj\u00fa inov\u00e1cie 2022\u201d | M\u00fazeum Trebi\u0161ov - Ka\u0161tie\u013e Andr\u00e1ssyovcov<\/title>\n<meta name=\"robots\" content=\"index, follow, max-snippet:-1, max-image-preview:large, max-video-preview:-1\" \/>\n<link rel=\"canonical\" href=\"https:\/\/www.muzeumtrebisov.sk\/hu\/spravy\/najuspesnejsi-projekt-kraja-z-internej-vyzvy-tradicie-inspiruju-inovacie-2022\/\" \/>\n<meta property=\"og:locale\" content=\"hu_HU\" \/>\n<meta property=\"og:type\" content=\"article\" \/>\n<meta property=\"og:title\" content=\"Naj\u00faspe\u0161nej\u0161\u00ed projekt kraja z internej v\u00fdzvy \u201cTrad\u00edcie in\u0161piruj\u00fa inov\u00e1cie 2022\u201d | M\u00fazeum Trebi\u0161ov - Ka\u0161tie\u013e Andr\u00e1ssyovcov\" \/>\n<meta property=\"og:description\" content=\"Naj\u00faspe\u0161nej\u0161\u00edprojekt kraja z internej v\u00fdzvy \u201eTrad\u00edcie in\u0161piruj\u00fa inov\u00e1cie 2022\u201c \u00a0 \u00a0 M\u00fazeum a Kult\u00farne centrum ju\u017en\u00e9ho Zempl\u00edna v Trebi\u0161ove, kult\u00farne zariadenie Ko\u0161ick\u00e9ho samospr\u00e1vneho kraja, 13. okt\u00f3bra sl\u00e1vnostne spr\u00edstupnilo nov\u00fa virtu\u00e1lnu expoz\u00edciu s\u00a0n\u00e1zvom \u017divot na panstve za pr\u00edtomnosti\u00a0predsedu Ko\u0161ick\u00e9ho samospr\u00e1vneho kraja Rastislava Trnku a\u00a0mnoh\u00fdch in\u00fdch v\u00fdznamn\u00fdch host\u00ed.\u00a0 \u00a0 Do role komorn\u00edka sa dokonale vlo\u017eil herec trebi\u0161ovsk\u00e9ho\" \/>\n<meta property=\"og:url\" content=\"https:\/\/www.muzeumtrebisov.sk\/hu\/spravy\/najuspesnejsi-projekt-kraja-z-internej-vyzvy-tradicie-inspiruju-inovacie-2022\/\" \/>\n<meta property=\"og:site_name\" content=\"M\u00fazeum Trebi\u0161ov - Ka\u0161tie\u013e Andr\u00e1ssyovcov\" \/>\n<meta property=\"article:publisher\" content=\"https:\/\/www.facebook.com\/muzeumtvkastielandrassyovcov\" \/>\n<meta property=\"article:published_time\" content=\"2022-11-03T19:06:31+00:00\" \/>\n<meta property=\"article:modified_time\" content=\"2022-11-03T19:07:41+00:00\" \/>\n<meta property=\"og:image\" content=\"https:\/\/www.muzeumtrebisov.sk\/wp-content\/uploads\/2022\/11\/Screenshot_1.jpg\" \/>\n\t<meta property=\"og:image:width\" content=\"786\" \/>\n\t<meta property=\"og:image:height\" content=\"783\" \/>\n\t<meta property=\"og:image:type\" content=\"image\/jpeg\" \/>\n<meta name=\"twitter:card\" content=\"summary_large_image\" \/>\n<meta name=\"twitter:label1\" content=\"Szerz\u0151:\" \/>\n\t<meta name=\"twitter:data1\" content=\"muzeumtvadmin\" \/>\n\t<meta name=\"twitter:label2\" content=\"Becs\u00fclt olvas\u00e1si id\u0151\" \/>\n\t<meta name=\"twitter:data2\" content=\"1 perc\" \/>\n<script type=\"application\/ld+json\" class=\"yoast-schema-graph\">{\"@context\":\"https:\/\/schema.org\",\"@graph\":[{\"@type\":\"Organization\",\"@id\":\"https:\/\/www.muzeumtrebisov.sk\/#organization\",\"name\":\"M\u00fazeum Trebi\u0161ov - Ka\u0161tie\u013e Andr\u00e1ssyovcov\",\"url\":\"https:\/\/www.muzeumtrebisov.sk\/\",\"sameAs\":[\"https:\/\/www.facebook.com\/muzeumtvkastielandrassyovcov\",\"https:\/\/www.instagram.com\/muzeumtrebisovkastielandrassy\/\",\"https:\/\/www.youtube.com\/channel\/UCprfZHvPNIxqZ2IHCDwfv1w\"],\"logo\":{\"@type\":\"ImageObject\",\"@id\":\"https:\/\/www.muzeumtrebisov.sk\/#logo\",\"inLanguage\":\"hu\",\"url\":\"https:\/\/www.muzeumtrebisov.sk\/wp-content\/uploads\/2022\/04\/dual-logo-color-hor.png\",\"contentUrl\":\"https:\/\/www.muzeumtrebisov.sk\/wp-content\/uploads\/2022\/04\/dual-logo-color-hor.png\",\"width\":749,\"height\":140,\"caption\":\"M\u00fazeum Trebi\u0161ov - Ka\u0161tie\u013e Andr\u00e1ssyovcov\"},\"image\":{\"@id\":\"https:\/\/www.muzeumtrebisov.sk\/#logo\"}},{\"@type\":\"WebSite\",\"@id\":\"https:\/\/www.muzeumtrebisov.sk\/#website\",\"url\":\"https:\/\/www.muzeumtrebisov.sk\/\",\"name\":\"M\u00fazeum Trebi\u0161ov - Ka\u0161tie\u013e Andr\u00e1ssyovcov\",\"description\":\"Hist\u00f3ria Andr\u00e1ssyovcov a ju\u017en\u00e9ho Zempl\u00edna\",\"publisher\":{\"@id\":\"https:\/\/www.muzeumtrebisov.sk\/#organization\"},\"potentialAction\":[{\"@type\":\"SearchAction\",\"target\":{\"@type\":\"EntryPoint\",\"urlTemplate\":\"https:\/\/www.muzeumtrebisov.sk\/?s={search_term_string}\"},\"query-input\":\"required name=search_term_string\"}],\"inLanguage\":\"hu\"},{\"@type\":\"ImageObject\",\"@id\":\"https:\/\/www.muzeumtrebisov.sk\/spravy\/najuspesnejsi-projekt-kraja-z-internej-vyzvy-tradicie-inspiruju-inovacie-2022\/#primaryimage\",\"inLanguage\":\"hu\",\"url\":\"https:\/\/www.muzeumtrebisov.sk\/wp-content\/uploads\/2022\/11\/Screenshot_1.jpg\",\"contentUrl\":\"https:\/\/www.muzeumtrebisov.sk\/wp-content\/uploads\/2022\/11\/Screenshot_1.jpg\",\"width\":786,\"height\":783},{\"@type\":\"WebPage\",\"@id\":\"https:\/\/www.muzeumtrebisov.sk\/spravy\/najuspesnejsi-projekt-kraja-z-internej-vyzvy-tradicie-inspiruju-inovacie-2022\/#webpage\",\"url\":\"https:\/\/www.muzeumtrebisov.sk\/spravy\/najuspesnejsi-projekt-kraja-z-internej-vyzvy-tradicie-inspiruju-inovacie-2022\/\",\"name\":\"Naj\u00faspe\u0161nej\u0161\u00ed projekt kraja z internej v\u00fdzvy \u201cTrad\u00edcie in\u0161piruj\u00fa inov\u00e1cie 2022\u201d | M\u00fazeum Trebi\u0161ov - Ka\u0161tie\u013e Andr\u00e1ssyovcov\",\"isPartOf\":{\"@id\":\"https:\/\/www.muzeumtrebisov.sk\/#website\"},\"primaryImageOfPage\":{\"@id\":\"https:\/\/www.muzeumtrebisov.sk\/spravy\/najuspesnejsi-projekt-kraja-z-internej-vyzvy-tradicie-inspiruju-inovacie-2022\/#primaryimage\"},\"datePublished\":\"2022-11-03T19:06:31+00:00\",\"dateModified\":\"2022-11-03T19:07:41+00:00\",\"breadcrumb\":{\"@id\":\"https:\/\/www.muzeumtrebisov.sk\/spravy\/najuspesnejsi-projekt-kraja-z-internej-vyzvy-tradicie-inspiruju-inovacie-2022\/#breadcrumb\"},\"inLanguage\":\"hu\",\"potentialAction\":[{\"@type\":\"ReadAction\",\"target\":[\"https:\/\/www.muzeumtrebisov.sk\/spravy\/najuspesnejsi-projekt-kraja-z-internej-vyzvy-tradicie-inspiruju-inovacie-2022\/\"]}]},{\"@type\":\"BreadcrumbList\",\"@id\":\"https:\/\/www.muzeumtrebisov.sk\/spravy\/najuspesnejsi-projekt-kraja-z-internej-vyzvy-tradicie-inspiruju-inovacie-2022\/#breadcrumb\",\"itemListElement\":[{\"@type\":\"ListItem\",\"position\":1,\"name\":\"Home\",\"item\":\"https:\/\/www.muzeumtrebisov.sk\/\"},{\"@type\":\"ListItem\",\"position\":2,\"name\":\"Naj\u00faspe\u0161nej\u0161\u00ed projekt kraja z internej v\u00fdzvy \u201cTrad\u00edcie in\u0161piruj\u00fa inov\u00e1cie 2022\u201d\"}]},{\"@type\":\"Article\",\"@id\":\"https:\/\/www.muzeumtrebisov.sk\/spravy\/najuspesnejsi-projekt-kraja-z-internej-vyzvy-tradicie-inspiruju-inovacie-2022\/#article\",\"isPartOf\":{\"@id\":\"https:\/\/www.muzeumtrebisov.sk\/spravy\/najuspesnejsi-projekt-kraja-z-internej-vyzvy-tradicie-inspiruju-inovacie-2022\/#webpage\"},\"author\":{\"@id\":\"https:\/\/www.muzeumtrebisov.sk\/#\/schema\/person\/e020f4c0852b191613d063438d60ae6b\"},\"headline\":\"Naj\u00faspe\u0161nej\u0161\u00ed projekt kraja z internej v\u00fdzvy \u201cTrad\u00edcie in\u0161piruj\u00fa inov\u00e1cie 2022\u201d\",\"datePublished\":\"2022-11-03T19:06:31+00:00\",\"dateModified\":\"2022-11-03T19:07:41+00:00\",\"mainEntityOfPage\":{\"@id\":\"https:\/\/www.muzeumtrebisov.sk\/spravy\/najuspesnejsi-projekt-kraja-z-internej-vyzvy-tradicie-inspiruju-inovacie-2022\/#webpage\"},\"wordCount\":281,\"commentCount\":0,\"publisher\":{\"@id\":\"https:\/\/www.muzeumtrebisov.sk\/#organization\"},\"image\":{\"@id\":\"https:\/\/www.muzeumtrebisov.sk\/spravy\/najuspesnejsi-projekt-kraja-z-internej-vyzvy-tradicie-inspiruju-inovacie-2022\/#primaryimage\"},\"thumbnailUrl\":\"https:\/\/www.muzeumtrebisov.sk\/wp-content\/uploads\/2022\/11\/Screenshot_1.jpg\",\"articleSection\":[\"Spr\u00e1vy\"],\"inLanguage\":\"hu\",\"potentialAction\":[{\"@type\":\"CommentAction\",\"name\":\"Comment\",\"target\":[\"https:\/\/www.muzeumtrebisov.sk\/spravy\/najuspesnejsi-projekt-kraja-z-internej-vyzvy-tradicie-inspiruju-inovacie-2022\/#respond\"]}]},{\"@type\":\"Person\",\"@id\":\"https:\/\/www.muzeumtrebisov.sk\/#\/schema\/person\/e020f4c0852b191613d063438d60ae6b\",\"name\":\"muzeumtvadmin\",\"image\":{\"@type\":\"ImageObject\",\"@id\":\"https:\/\/www.muzeumtrebisov.sk\/#personlogo\",\"inLanguage\":\"hu\",\"url\":\"https:\/\/secure.gravatar.com\/avatar\/115030f8384675efad0cc99183d7cd51?s=96&d=mm&r=g\",\"contentUrl\":\"https:\/\/secure.gravatar.com\/avatar\/115030f8384675efad0cc99183d7cd51?s=96&d=mm&r=g\",\"caption\":\"muzeumtvadmin\"},\"sameAs\":[\"https:\/\/www.muzeumtrebisov.sk\"],\"url\":\"https:\/\/www.muzeumtrebisov.sk\/hu\/author\/muzeumtvadmin\/\"}]}<\/script>\n<!-- \/ Yoast SEO plugin. -->","yoast_head_json":{"title":"Naj\u00faspe\u0161nej\u0161\u00ed projekt kraja z internej v\u00fdzvy \u201cTrad\u00edcie in\u0161piruj\u00fa inov\u00e1cie 2022\u201d | M\u00fazeum Trebi\u0161ov - Ka\u0161tie\u013e Andr\u00e1ssyovcov","robots":{"index":"index","follow":"follow","max-snippet":"max-snippet:-1","max-image-preview":"max-image-preview:large","max-video-preview":"max-video-preview:-1"},"canonical":"https:\/\/www.muzeumtrebisov.sk\/hu\/spravy\/najuspesnejsi-projekt-kraja-z-internej-vyzvy-tradicie-inspiruju-inovacie-2022\/","og_locale":"hu_HU","og_type":"article","og_title":"Naj\u00faspe\u0161nej\u0161\u00ed projekt kraja z internej v\u00fdzvy \u201cTrad\u00edcie in\u0161piruj\u00fa inov\u00e1cie 2022\u201d | M\u00fazeum Trebi\u0161ov - Ka\u0161tie\u013e Andr\u00e1ssyovcov","og_description":"Naj\u00faspe\u0161nej\u0161\u00edprojekt kraja z internej v\u00fdzvy \u201eTrad\u00edcie in\u0161piruj\u00fa inov\u00e1cie 2022\u201c \u00a0 \u00a0 M\u00fazeum a Kult\u00farne centrum ju\u017en\u00e9ho Zempl\u00edna v Trebi\u0161ove, kult\u00farne zariadenie Ko\u0161ick\u00e9ho samospr\u00e1vneho kraja, 13. okt\u00f3bra sl\u00e1vnostne spr\u00edstupnilo nov\u00fa virtu\u00e1lnu expoz\u00edciu s\u00a0n\u00e1zvom \u017divot na panstve za pr\u00edtomnosti\u00a0predsedu Ko\u0161ick\u00e9ho samospr\u00e1vneho kraja Rastislava Trnku a\u00a0mnoh\u00fdch in\u00fdch v\u00fdznamn\u00fdch host\u00ed.\u00a0 \u00a0 Do role komorn\u00edka sa dokonale vlo\u017eil herec trebi\u0161ovsk\u00e9ho","og_url":"https:\/\/www.muzeumtrebisov.sk\/hu\/spravy\/najuspesnejsi-projekt-kraja-z-internej-vyzvy-tradicie-inspiruju-inovacie-2022\/","og_site_name":"M\u00fazeum Trebi\u0161ov - Ka\u0161tie\u013e Andr\u00e1ssyovcov","article_publisher":"https:\/\/www.facebook.com\/muzeumtvkastielandrassyovcov","article_published_time":"2022-11-03T19:06:31+00:00","article_modified_time":"2022-11-03T19:07:41+00:00","og_image":[{"width":786,"height":783,"url":"https:\/\/www.muzeumtrebisov.sk\/wp-content\/uploads\/2022\/11\/Screenshot_1.jpg","type":"image\/jpeg"}],"twitter_card":"summary_large_image","twitter_misc":{"Szerz\u0151:":"muzeumtvadmin","Becs\u00fclt olvas\u00e1si id\u0151":"1 perc"},"schema":{"@context":"https:\/\/schema.org","@graph":[{"@type":"Organization","@id":"https:\/\/www.muzeumtrebisov.sk\/#organization","name":"M\u00fazeum Trebi\u0161ov - Ka\u0161tie\u013e Andr\u00e1ssyovcov","url":"https:\/\/www.muzeumtrebisov.sk\/","sameAs":["https:\/\/www.facebook.com\/muzeumtvkastielandrassyovcov","https:\/\/www.instagram.com\/muzeumtrebisovkastielandrassy\/","https:\/\/www.youtube.com\/channel\/UCprfZHvPNIxqZ2IHCDwfv1w"],"logo":{"@type":"ImageObject","@id":"https:\/\/www.muzeumtrebisov.sk\/#logo","inLanguage":"hu","url":"https:\/\/www.muzeumtrebisov.sk\/wp-content\/uploads\/2022\/04\/dual-logo-color-hor.png","contentUrl":"https:\/\/www.muzeumtrebisov.sk\/wp-content\/uploads\/2022\/04\/dual-logo-color-hor.png","width":749,"height":140,"caption":"M\u00fazeum Trebi\u0161ov - Ka\u0161tie\u013e Andr\u00e1ssyovcov"},"image":{"@id":"https:\/\/www.muzeumtrebisov.sk\/#logo"}},{"@type":"WebSite","@id":"https:\/\/www.muzeumtrebisov.sk\/#website","url":"https:\/\/www.muzeumtrebisov.sk\/","name":"M\u00fazeum Trebi\u0161ov - Ka\u0161tie\u013e Andr\u00e1ssyovcov","description":"Hist\u00f3ria Andr\u00e1ssyovcov a ju\u017en\u00e9ho Zempl\u00edna","publisher":{"@id":"https:\/\/www.muzeumtrebisov.sk\/#organization"},"potentialAction":[{"@type":"SearchAction","target":{"@type":"EntryPoint","urlTemplate":"https:\/\/www.muzeumtrebisov.sk\/?s={search_term_string}"},"query-input":"required name=search_term_string"}],"inLanguage":"hu"},{"@type":"ImageObject","@id":"https:\/\/www.muzeumtrebisov.sk\/spravy\/najuspesnejsi-projekt-kraja-z-internej-vyzvy-tradicie-inspiruju-inovacie-2022\/#primaryimage","inLanguage":"hu","url":"https:\/\/www.muzeumtrebisov.sk\/wp-content\/uploads\/2022\/11\/Screenshot_1.jpg","contentUrl":"https:\/\/www.muzeumtrebisov.sk\/wp-content\/uploads\/2022\/11\/Screenshot_1.jpg","width":786,"height":783},{"@type":"WebPage","@id":"https:\/\/www.muzeumtrebisov.sk\/spravy\/najuspesnejsi-projekt-kraja-z-internej-vyzvy-tradicie-inspiruju-inovacie-2022\/#webpage","url":"https:\/\/www.muzeumtrebisov.sk\/spravy\/najuspesnejsi-projekt-kraja-z-internej-vyzvy-tradicie-inspiruju-inovacie-2022\/","name":"Naj\u00faspe\u0161nej\u0161\u00ed projekt kraja z internej v\u00fdzvy \u201cTrad\u00edcie in\u0161piruj\u00fa inov\u00e1cie 2022\u201d | M\u00fazeum Trebi\u0161ov - Ka\u0161tie\u013e Andr\u00e1ssyovcov","isPartOf":{"@id":"https:\/\/www.muzeumtrebisov.sk\/#website"},"primaryImageOfPage":{"@id":"https:\/\/www.muzeumtrebisov.sk\/spravy\/najuspesnejsi-projekt-kraja-z-internej-vyzvy-tradicie-inspiruju-inovacie-2022\/#primaryimage"},"datePublished":"2022-11-03T19:06:31+00:00","dateModified":"2022-11-03T19:07:41+00:00","breadcrumb":{"@id":"https:\/\/www.muzeumtrebisov.sk\/spravy\/najuspesnejsi-projekt-kraja-z-internej-vyzvy-tradicie-inspiruju-inovacie-2022\/#breadcrumb"},"inLanguage":"hu","potentialAction":[{"@type":"ReadAction","target":["https:\/\/www.muzeumtrebisov.sk\/spravy\/najuspesnejsi-projekt-kraja-z-internej-vyzvy-tradicie-inspiruju-inovacie-2022\/"]}]},{"@type":"BreadcrumbList","@id":"https:\/\/www.muzeumtrebisov.sk\/spravy\/najuspesnejsi-projekt-kraja-z-internej-vyzvy-tradicie-inspiruju-inovacie-2022\/#breadcrumb","itemListElement":[{"@type":"ListItem","position":1,"name":"Home","item":"https:\/\/www.muzeumtrebisov.sk\/"},{"@type":"ListItem","position":2,"name":"Naj\u00faspe\u0161nej\u0161\u00ed projekt kraja z internej v\u00fdzvy \u201cTrad\u00edcie in\u0161piruj\u00fa inov\u00e1cie 2022\u201d"}]},{"@type":"Article","@id":"https:\/\/www.muzeumtrebisov.sk\/spravy\/najuspesnejsi-projekt-kraja-z-internej-vyzvy-tradicie-inspiruju-inovacie-2022\/#article","isPartOf":{"@id":"https:\/\/www.muzeumtrebisov.sk\/spravy\/najuspesnejsi-projekt-kraja-z-internej-vyzvy-tradicie-inspiruju-inovacie-2022\/#webpage"},"author":{"@id":"https:\/\/www.muzeumtrebisov.sk\/#\/schema\/person\/e020f4c0852b191613d063438d60ae6b"},"headline":"Naj\u00faspe\u0161nej\u0161\u00ed projekt kraja z internej v\u00fdzvy \u201cTrad\u00edcie in\u0161piruj\u00fa inov\u00e1cie 2022\u201d","datePublished":"2022-11-03T19:06:31+00:00","dateModified":"2022-11-03T19:07:41+00:00","mainEntityOfPage":{"@id":"https:\/\/www.muzeumtrebisov.sk\/spravy\/najuspesnejsi-projekt-kraja-z-internej-vyzvy-tradicie-inspiruju-inovacie-2022\/#webpage"},"wordCount":281,"commentCount":0,"publisher":{"@id":"https:\/\/www.muzeumtrebisov.sk\/#organization"},"image":{"@id":"https:\/\/www.muzeumtrebisov.sk\/spravy\/najuspesnejsi-projekt-kraja-z-internej-vyzvy-tradicie-inspiruju-inovacie-2022\/#primaryimage"},"thumbnailUrl":"https:\/\/www.muzeumtrebisov.sk\/wp-content\/uploads\/2022\/11\/Screenshot_1.jpg","articleSection":["Spr\u00e1vy"],"inLanguage":"hu","potentialAction":[{"@type":"CommentAction","name":"Comment","target":["https:\/\/www.muzeumtrebisov.sk\/spravy\/najuspesnejsi-projekt-kraja-z-internej-vyzvy-tradicie-inspiruju-inovacie-2022\/#respond"]}]},{"@type":"Person","@id":"https:\/\/www.muzeumtrebisov.sk\/#\/schema\/person\/e020f4c0852b191613d063438d60ae6b","name":"muzeumtvadmin","image":{"@type":"ImageObject","@id":"https:\/\/www.muzeumtrebisov.sk\/#personlogo","inLanguage":"hu","url":"https:\/\/secure.gravatar.com\/avatar\/115030f8384675efad0cc99183d7cd51?s=96&d=mm&r=g","contentUrl":"https:\/\/secure.gravatar.com\/avatar\/115030f8384675efad0cc99183d7cd51?s=96&d=mm&r=g","caption":"muzeumtvadmin"},"sameAs":["https:\/\/www.muzeumtrebisov.sk"],"url":"https:\/\/www.muzeumtrebisov.sk\/hu\/author\/muzeumtvadmin\/"}]}},"_links":{"self":[{"href":"https:\/\/www.muzeumtrebisov.sk\/hu\/wp-json\/wp\/v2\/posts\/2810"}],"collection":[{"href":"https:\/\/www.muzeumtrebisov.sk\/hu\/wp-json\/wp\/v2\/posts"}],"about":[{"href":"https:\/\/www.muzeumtrebisov.sk\/hu\/wp-json\/wp\/v2\/types\/post"}],"author":[{"embeddable":true,"href":"https:\/\/www.muzeumtrebisov.sk\/hu\/wp-json\/wp\/v2\/users\/1"}],"replies":[{"embeddable":true,"href":"https:\/\/www.muzeumtrebisov.sk\/hu\/wp-json\/wp\/v2\/comments?post=2810"}],"version-history":[{"count":2,"href":"https:\/\/www.muzeumtrebisov.sk\/hu\/wp-json\/wp\/v2\/posts\/2810\/revisions"}],"predecessor-version":[{"id":2813,"href":"https:\/\/www.muzeumtrebisov.sk\/hu\/wp-json\/wp\/v2\/posts\/2810\/revisions\/2813"}],"wp:featuredmedia":[{"embeddable":true,"href":"https:\/\/www.muzeumtrebisov.sk\/hu\/wp-json\/wp\/v2\/media\/2811"}],"wp:attachment":[{"href":"https:\/\/www.muzeumtrebisov.sk\/hu\/wp-json\/wp\/v2\/media?parent=2810"}],"wp:term":[{"taxonomy":"category","embeddable":true,"href":"https:\/\/www.muzeumtrebisov.sk\/hu\/wp-json\/wp\/v2\/categories?post=2810"},{"taxonomy":"post_tag","embeddable":true,"href":"https:\/\/www.muzeumtrebisov.sk\/hu\/wp-json\/wp\/v2\/tags?post=2810"}],"curies":[{"name":"wp","href":"https:\/\/api.w.org\/{rel}","templated":true}]}}