{"id":2597,"date":"2022-06-27T08:30:17","date_gmt":"2022-06-27T06:30:17","guid":{"rendered":"https:\/\/www.muzeumtrebisov.sk\/?p=2597"},"modified":"2022-06-27T08:31:16","modified_gmt":"2022-06-27T06:31:16","slug":"uspechy-nasich-mladych-nadsencov-astronomiena-krajskom-a-celoslovenskom-kole-vedomostnej-sutaze-co-vies-o-hviezdach","status":"publish","type":"post","link":"https:\/\/www.muzeumtrebisov.sk\/hu\/spravy\/uspechy-nasich-mladych-nadsencov-astronomiena-krajskom-a-celoslovenskom-kole-vedomostnej-sutaze-co-vies-o-hviezdach\/","title":{"rendered":"\u00daspechy na\u0161ich mlad\u00fdch nad\u0161encov astron\u00f3miena krajskom a celoslovenskom kole vedomostnej s\u00fa\u0165a\u017ee \u201e\u010cO VIE\u0160 O HVIEZDACH?&#8220;"},"content":{"rendered":"<p><strong>Po dvoch ro\u010dn\u00edkoch vedomostnej s\u00fa\u0165a\u017ee, ktor\u00e9 boli realizovan\u00e9 on-line,&nbsp; op\u00e4\u0165 bola<\/strong><strong> <\/strong>v d\u0148och 26. a 27. apr\u00edla 2022 <strong>Verejn\u00e1 kni\u017enica J\u00e1na Bocatia v&nbsp;Ko\u0161iciach <\/strong><strong>dejiskom krajsk\u00e9ho kola vedomostnej s\u00fa\u0165a\u017ee <\/strong>\u201e\u010co vie\u0161 o hviezdach?&#8220;. Hlavn\u00fdm organiz\u00e1torom krajsk\u00e9ho kola bola Hvezd\u00e1re\u0148 v&nbsp;Michalovciach, vysunut\u00e9 pracovisko Zempl\u00ednskeho kult\u00farneho &nbsp;centra a &nbsp;hvezd\u00e1rne (ZKC a H) v&nbsp;Michalovciach. S\u00fa\u0165a\u017e je ur\u010den\u00e1 pre \u010dlenov astronomick\u00fdch kr\u00fa\u017ekov a z\u00e1ujemcov o astron\u00f3miu od 4. ro\u010dn\u00edka z\u00e1kladn\u00fdch \u0161k\u00f4l po 4. ro\u010dn\u00edk stredn\u00fdch \u0161k\u00f4l a gymn\u00e1zi\u00ed na Slovensku. N\u00e1\u0161 okres v krajskom kole reprezentovali v&nbsp;1. kateg\u00f3rii 3 s\u00fa\u0165a\u017eiaci a&nbsp;2. kateg\u00f3rii 2. s\u00fa\u0165a\u017eiaci. \u00da\u010dastn\u00edci s\u00fa\u0165a\u017eili v kol\u00e1ch, ktor\u00fdch obsahov\u00e1 n\u00e1pl\u0148 pozost\u00e1vala z p\u00edsomn\u00fdch testov, v\u0161eobecnej astron\u00f3mie, slne\u010dnej s\u00fastavy, astronomick\u00fdch pr\u00edstrojov, kozmonautiky, hist\u00f3rie astron\u00f3mie a z praktickej \u010dasti.<\/p>\n\n\n\n<p>Odpovede vyhodnocovala p\u00e4\u0165\u010dlenn\u00e1 porota, ktor\u00fa tvorili z\u00e1stupcovia v\u0161etk\u00fdch astronomick\u00fdch pracov\u00edsk Ko\u0161ick\u00e9ho samospr\u00e1vneho kraja. Z\u00e1rove\u0148 sa podie\u013eali na pr\u00edprave testov pre v\u0161etky tri kateg\u00f3rie.&nbsp; U\u017e po\u010das priebehu s\u00fa\u0165a\u017ee po ka\u017edom kole porota bodovo hodnotila v\u00fdkony s\u00fa\u0165a\u017eiacich. Kone\u010dn\u00e9 v\u00fdsledky boli d\u00f4kazom, \u017ee trebi\u0161ovsk\u00ed mlad\u00ed hvezd\u00e1ri sa dr\u017eali naozaj stato\u010dne, \u010do potvrdila aj v\u00fdsledkov\u00e1 listina.<\/p>\n\n\n\n<p><strong>V prvej kateg\u00f3rii obsadili:<\/strong><\/p>\n\n\n\n<p><strong>1.<\/strong><strong> miesto: <\/strong><strong>J\u00e1n Marek Urban<\/strong><strong>, Z\u0160 Zempl\u00ednska Teplica<\/strong><br><strong>3.<\/strong> miesto: <strong>Daniela Vasilkov\u00e1<\/strong>, &nbsp;Z\u0160 Obchodn\u00e1 5, Se\u010dovce<br><strong>4.<\/strong> miesto: <strong>Branislav Sot\u00e1k<\/strong>, Z\u0160 Obchodn\u00e1 5, Se\u010dovce<\/p>\n\n\n\n<p><strong>V druhej kateg\u00f3rii obsadili:<\/strong><\/p>\n\n\n\n<p><strong>1.<\/strong><strong> miesto:<\/strong><strong> Michaela B\u00e9re\u0161ov\u00e1 <\/strong>, Z\u0160 M. R. \u0160tef\u00e1nika, Trebi\u0161ov<\/p>\n\n\n\n<p><strong>7.<\/strong><strong> <\/strong><strong>miesto:<\/strong><strong> Emma Ki\u010dinkov\u00e1, <\/strong>&nbsp;Z\u0160 Obchodn\u00e1 5, Se\u010dovce<\/p>\n\n\n\n<p><br>Na\u0161i s\u00fa\u0165a\u017eiaci <strong>J\u00e1n Marek Urban, Daniela Vasilkov\u00e1 a&nbsp;Michaela B\u00e9re\u0161ov\u00e1<\/strong> post\u00fapili <strong>do celoslovensk\u00e9ho fin\u00e1le<\/strong>&nbsp; vo Hvezd\u00e1rni a&nbsp;planet\u00e1riu v&nbsp;Pre\u0161ove<\/p>\n\n\n\n<p>&nbsp;&nbsp;&nbsp;&nbsp;&nbsp;&nbsp;&nbsp; Organiz\u00e1torom tohto celoslovensk\u00e9ho kola, ktor\u00e9 prebehlo v&nbsp;d\u0148och <strong>14. \u2013 16. j\u00fana 2022<\/strong>, bola u\u017e po 32-kr\u00e1t <strong>Slovensk\u00e1 \u00fastredn\u00e1 hvezd\u00e1re\u0148 v&nbsp;Hurbanove<\/strong>. S\u00fa\u0165a\u017eilo sa vo vynoven\u00fdch priestoroch&nbsp; Hvezd\u00e1rne a&nbsp;planet\u00e1ria v&nbsp;Pre\u0161ove.<\/p>\n\n\n\n<p>Po absolvovan\u00ed jednotliv\u00fdch k\u00f4l pozost\u00e1vaj\u00facich z rie\u0161en\u00ed p\u00edsomn\u00fdch \u00faloh \u2013 pr\u00edkladov, \u201eslepej hviezdnej mapy&#8220;, testu z hist\u00f3rie astron\u00f3mie a \u00fastneho kola sa v <strong>1. kateg\u00f3rii <\/strong>&nbsp;umiestnil<strong> J\u00e1n Marek Urban <\/strong>na <strong>7. mieste <\/strong>a&nbsp;<strong>Daniela Vasilkov\u00e1 <\/strong>na <strong>18. mieste<\/strong>, z celkov\u00e9ho po\u010dtu 22 s\u00fa\u0165a\u017eiacich reprezentuj\u00facich 8 krajov cel\u00e9ho Slovenska. V druhej kateg\u00f3rii <strong>Michaela B\u00e9re\u0161ov\u00e1<\/strong> obsadila ve\u013emi pekn\u00e9 <strong>4. miesto.<\/strong> V tejto kateg\u00f3rii s\u00fa\u0165a\u017eilo a\u017e 24 s\u00fa\u0165a\u017eiacich. S\u00fa\u0165a\u017e bola ve\u013emi n\u00e1ro\u010dn\u00e1. V\u00fdsledky nie s\u00fa n\u00e1hodn\u00e9, ale odr\u00e1\u017eaj\u00fa dlhoro\u010dn\u00fa pr\u00edpravu. Mlad\u00ed \u010dlenovia astronomick\u00fdch kr\u00fa\u017ekov pri M\u00fazeu a Kult\u00farnom centre ju\u017en\u00e9ho Zempl\u00edna v Trebi\u0161ove, \u00fatvare astron\u00f3mie, preuk\u00e1zali ve\u013emi dobr\u00e9 vedomosti a \u00faspe\u0161ne sa popasovali s \u0165a\u017ek\u00fdmi \u00falohami v jednotliv\u00fdch kol\u00e1ch.<\/p>\n\n\n\n<p><em><strong>V\u0161etk\u00fdm z\u00fa\u010dastnen\u00fdm blaho\u017eel\u00e1me a \u010fakujeme\u00a0za vynikaj\u00facu reprezent\u00e1ciu M\u00fazea a Kult\u00farneho centra ju\u017en\u00e9ho Zempl\u00edna v Trebi\u0161ove.<\/strong><\/em><\/p>\n\n\n<div class=\"wp-block-visual-portfolio\">\n<div class=\"vp-portfolio vp-uid-f29cad07 vp-id-7BJ3q\"\n    data-vp-layout=\"tiles\" data-vp-content-source=\"images\" data-vp-items-style=\"fade\" data-vp-items-click-action=\"popup_gallery\" data-vp-items-gap=\"15\" data-vp-items-gap-vertical=\"\" data-vp-pagination=\"load-more\" data-vp-next-page-url=\"\" data-vp-tiles-type=\"3|1,1|\" >\n    <div class=\"vp-portfolio__preloader-wrap\">\n        <div class=\"vp-portfolio__preloader\">\n            <img loading=\"eager\" src=\"https:\/\/www.muzeumtrebisov.sk\/wp-content\/plugins\/visual-portfolio\/assets\/images\/logo-dark.svg\" alt=\"Visual Portfolio, Posts &amp; Image Gallery for WordPress\" width=\"20\" height=\"20\" data-skip-lazy>\n        <\/div>\n    <\/div>\n        <div class=\"vp-portfolio__items-wrap\">\n            \n<div class=\"vp-portfolio__items vp-portfolio__items-style-fade vp-portfolio__items-show-overlay-hover\">\n\n        <div        class=\"vp-portfolio__item-wrap vp-portfolio__item-uid-c2f0f839\" data-vp-filter=\"\"         >\n            <template class=\"vp-portfolio__item-popup\" data-vp-popup-img=\"https:\/\/www.muzeumtrebisov.sk\/wp-content\/uploads\/2022\/06\/2.-kategoria-2-.jpg\" data-vp-popup-img-srcset=\"https:\/\/www.muzeumtrebisov.sk\/wp-content\/uploads\/2022\/06\/2.-kategoria-2-.jpg 1280w, https:\/\/www.muzeumtrebisov.sk\/wp-content\/uploads\/2022\/06\/2.-kategoria-2--300x169.jpg 300w, https:\/\/www.muzeumtrebisov.sk\/wp-content\/uploads\/2022\/06\/2.-kategoria-2--1024x576.jpg 1024w, https:\/\/www.muzeumtrebisov.sk\/wp-content\/uploads\/2022\/06\/2.-kategoria-2--768x432.jpg 768w, https:\/\/www.muzeumtrebisov.sk\/wp-content\/uploads\/2022\/06\/2.-kategoria-2--18x10.jpg 18w, https:\/\/www.muzeumtrebisov.sk\/wp-content\/uploads\/2022\/06\/2.-kategoria-2--500x281.jpg 500w, https:\/\/www.muzeumtrebisov.sk\/wp-content\/uploads\/2022\/06\/2.-kategoria-2--800x450.jpg 800w, https:\/\/www.muzeumtrebisov.sk\/wp-content\/uploads\/2022\/06\/2.-kategoria-2--600x338.jpg 600w\" data-vp-popup-img-size=\"1280x720\" data-vp-popup-md-img=\"https:\/\/www.muzeumtrebisov.sk\/wp-content\/uploads\/2022\/06\/2.-kategoria-2--800x450.jpg\" data-vp-popup-md-img-size=\"800x450\" data-vp-popup-sm-img=\"https:\/\/www.muzeumtrebisov.sk\/wp-content\/uploads\/2022\/06\/2.-kategoria-2--500x281.jpg\" data-vp-popup-sm-img-size=\"500x281\">\n            <h3 class=\"vp-portfolio__item-popup-title\">2.-kategoria-2-<\/h3>\n        <\/template>\n                        <figure class=\"vp-portfolio__item\">\n                \n<div class=\"vp-portfolio__item-img-wrap\">\n    <div class=\"vp-portfolio__item-img\">\n            <a\n        href=\"https:\/\/www.muzeumtrebisov.sk\/wp-content\/uploads\/2022\/06\/2.-kategoria-2-.jpg\"\n            >\n    \n        <img width=\"1280\" height=\"720\" src=\"https:\/\/www.muzeumtrebisov.sk\/wp-content\/uploads\/2022\/06\/2.-kategoria-2-.jpg\" class=\"wp-image-2601\" alt=\"\" loading=\"lazy\" srcset=\"https:\/\/www.muzeumtrebisov.sk\/wp-content\/uploads\/2022\/06\/2.-kategoria-2-.jpg 1280w, https:\/\/www.muzeumtrebisov.sk\/wp-content\/uploads\/2022\/06\/2.-kategoria-2--300x169.jpg 300w, https:\/\/www.muzeumtrebisov.sk\/wp-content\/uploads\/2022\/06\/2.-kategoria-2--1024x576.jpg 1024w, https:\/\/www.muzeumtrebisov.sk\/wp-content\/uploads\/2022\/06\/2.-kategoria-2--768x432.jpg 768w, https:\/\/www.muzeumtrebisov.sk\/wp-content\/uploads\/2022\/06\/2.-kategoria-2--18x10.jpg 18w, https:\/\/www.muzeumtrebisov.sk\/wp-content\/uploads\/2022\/06\/2.-kategoria-2--500x281.jpg 500w, https:\/\/www.muzeumtrebisov.sk\/wp-content\/uploads\/2022\/06\/2.-kategoria-2--800x450.jpg 800w, https:\/\/www.muzeumtrebisov.sk\/wp-content\/uploads\/2022\/06\/2.-kategoria-2--600x338.jpg 600w\" sizes=\"(max-width: 1280px) 100vw, 1280px\" \/>\n        <\/a>    <\/div>\n<\/div>\n\n<figcaption class=\"vp-portfolio__item-overlay vp-portfolio__item-overlay-text-align-center\">\n    <div class=\"vp-portfolio__item-meta-wrap vp-portfolio__custom-scrollbar\">\n            <a\n        href=\"https:\/\/www.muzeumtrebisov.sk\/wp-content\/uploads\/2022\/06\/2.-kategoria-2-.jpg\"\n        tabindex=\"-1\" class=\"vp-portfolio__item-meta\"     >\n    \n        \n<h2 class=\"vp-portfolio__item-meta-title\">\n    2.-kategoria-2-<\/h2>\n\n        <\/a>    <\/div>\n<\/figcaption>\n            <\/figure>\n                    <\/div>\n        \n        <div        class=\"vp-portfolio__item-wrap vp-portfolio__item-uid-8897e11f\" data-vp-filter=\"\"         >\n            <template class=\"vp-portfolio__item-popup\" data-vp-popup-img=\"https:\/\/www.muzeumtrebisov.sk\/wp-content\/uploads\/2022\/06\/2.-kategoria-1-.jpg\" data-vp-popup-img-srcset=\"https:\/\/www.muzeumtrebisov.sk\/wp-content\/uploads\/2022\/06\/2.-kategoria-1-.jpg 1280w, https:\/\/www.muzeumtrebisov.sk\/wp-content\/uploads\/2022\/06\/2.-kategoria-1--300x169.jpg 300w, https:\/\/www.muzeumtrebisov.sk\/wp-content\/uploads\/2022\/06\/2.-kategoria-1--1024x576.jpg 1024w, https:\/\/www.muzeumtrebisov.sk\/wp-content\/uploads\/2022\/06\/2.-kategoria-1--768x432.jpg 768w, https:\/\/www.muzeumtrebisov.sk\/wp-content\/uploads\/2022\/06\/2.-kategoria-1--18x10.jpg 18w, https:\/\/www.muzeumtrebisov.sk\/wp-content\/uploads\/2022\/06\/2.-kategoria-1--500x281.jpg 500w, https:\/\/www.muzeumtrebisov.sk\/wp-content\/uploads\/2022\/06\/2.-kategoria-1--800x450.jpg 800w, https:\/\/www.muzeumtrebisov.sk\/wp-content\/uploads\/2022\/06\/2.-kategoria-1--600x338.jpg 600w\" data-vp-popup-img-size=\"1280x720\" data-vp-popup-md-img=\"https:\/\/www.muzeumtrebisov.sk\/wp-content\/uploads\/2022\/06\/2.-kategoria-1--800x450.jpg\" data-vp-popup-md-img-size=\"800x450\" data-vp-popup-sm-img=\"https:\/\/www.muzeumtrebisov.sk\/wp-content\/uploads\/2022\/06\/2.-kategoria-1--500x281.jpg\" data-vp-popup-sm-img-size=\"500x281\">\n            <h3 class=\"vp-portfolio__item-popup-title\">2.-kategoria-1-<\/h3>\n        <\/template>\n                        <figure class=\"vp-portfolio__item\">\n                \n<div class=\"vp-portfolio__item-img-wrap\">\n    <div class=\"vp-portfolio__item-img\">\n            <a\n        href=\"https:\/\/www.muzeumtrebisov.sk\/wp-content\/uploads\/2022\/06\/2.-kategoria-1-.jpg\"\n            >\n    \n        <img width=\"1280\" height=\"720\" src=\"https:\/\/www.muzeumtrebisov.sk\/wp-content\/uploads\/2022\/06\/2.-kategoria-1-.jpg\" class=\"wp-image-2600\" alt=\"\" loading=\"lazy\" srcset=\"https:\/\/www.muzeumtrebisov.sk\/wp-content\/uploads\/2022\/06\/2.-kategoria-1-.jpg 1280w, https:\/\/www.muzeumtrebisov.sk\/wp-content\/uploads\/2022\/06\/2.-kategoria-1--300x169.jpg 300w, https:\/\/www.muzeumtrebisov.sk\/wp-content\/uploads\/2022\/06\/2.-kategoria-1--1024x576.jpg 1024w, https:\/\/www.muzeumtrebisov.sk\/wp-content\/uploads\/2022\/06\/2.-kategoria-1--768x432.jpg 768w, https:\/\/www.muzeumtrebisov.sk\/wp-content\/uploads\/2022\/06\/2.-kategoria-1--18x10.jpg 18w, https:\/\/www.muzeumtrebisov.sk\/wp-content\/uploads\/2022\/06\/2.-kategoria-1--500x281.jpg 500w, https:\/\/www.muzeumtrebisov.sk\/wp-content\/uploads\/2022\/06\/2.-kategoria-1--800x450.jpg 800w, https:\/\/www.muzeumtrebisov.sk\/wp-content\/uploads\/2022\/06\/2.-kategoria-1--600x338.jpg 600w\" sizes=\"(max-width: 1280px) 100vw, 1280px\" \/>\n        <\/a>    <\/div>\n<\/div>\n\n<figcaption class=\"vp-portfolio__item-overlay vp-portfolio__item-overlay-text-align-center\">\n    <div class=\"vp-portfolio__item-meta-wrap vp-portfolio__custom-scrollbar\">\n            <a\n        href=\"https:\/\/www.muzeumtrebisov.sk\/wp-content\/uploads\/2022\/06\/2.-kategoria-1-.jpg\"\n        tabindex=\"-1\" class=\"vp-portfolio__item-meta\"     >\n    \n        \n<h2 class=\"vp-portfolio__item-meta-title\">\n    2.-kategoria-1-<\/h2>\n\n        <\/a>    <\/div>\n<\/figcaption>\n            <\/figure>\n                    <\/div>\n        \n        <div        class=\"vp-portfolio__item-wrap vp-portfolio__item-uid-656f267b\" data-vp-filter=\"\"         >\n            <template class=\"vp-portfolio__item-popup\" data-vp-popup-img=\"https:\/\/www.muzeumtrebisov.sk\/wp-content\/uploads\/2022\/06\/1.-kategoria-2-.jpg\" data-vp-popup-img-srcset=\"https:\/\/www.muzeumtrebisov.sk\/wp-content\/uploads\/2022\/06\/1.-kategoria-2-.jpg 1280w, https:\/\/www.muzeumtrebisov.sk\/wp-content\/uploads\/2022\/06\/1.-kategoria-2--300x169.jpg 300w, https:\/\/www.muzeumtrebisov.sk\/wp-content\/uploads\/2022\/06\/1.-kategoria-2--1024x576.jpg 1024w, https:\/\/www.muzeumtrebisov.sk\/wp-content\/uploads\/2022\/06\/1.-kategoria-2--768x432.jpg 768w, https:\/\/www.muzeumtrebisov.sk\/wp-content\/uploads\/2022\/06\/1.-kategoria-2--18x10.jpg 18w, https:\/\/www.muzeumtrebisov.sk\/wp-content\/uploads\/2022\/06\/1.-kategoria-2--500x281.jpg 500w, https:\/\/www.muzeumtrebisov.sk\/wp-content\/uploads\/2022\/06\/1.-kategoria-2--800x450.jpg 800w, https:\/\/www.muzeumtrebisov.sk\/wp-content\/uploads\/2022\/06\/1.-kategoria-2--600x338.jpg 600w\" data-vp-popup-img-size=\"1280x720\" data-vp-popup-md-img=\"https:\/\/www.muzeumtrebisov.sk\/wp-content\/uploads\/2022\/06\/1.-kategoria-2--800x450.jpg\" data-vp-popup-md-img-size=\"800x450\" data-vp-popup-sm-img=\"https:\/\/www.muzeumtrebisov.sk\/wp-content\/uploads\/2022\/06\/1.-kategoria-2--500x281.jpg\" data-vp-popup-sm-img-size=\"500x281\">\n            <h3 class=\"vp-portfolio__item-popup-title\">1.-kategoria-2-<\/h3>\n        <\/template>\n                        <figure class=\"vp-portfolio__item\">\n                \n<div class=\"vp-portfolio__item-img-wrap\">\n    <div class=\"vp-portfolio__item-img\">\n            <a\n        href=\"https:\/\/www.muzeumtrebisov.sk\/wp-content\/uploads\/2022\/06\/1.-kategoria-2-.jpg\"\n            >\n    \n        <img width=\"1280\" height=\"720\" src=\"https:\/\/www.muzeumtrebisov.sk\/wp-content\/uploads\/2022\/06\/1.-kategoria-2-.jpg\" class=\"wp-image-2599\" alt=\"\" loading=\"lazy\" srcset=\"https:\/\/www.muzeumtrebisov.sk\/wp-content\/uploads\/2022\/06\/1.-kategoria-2-.jpg 1280w, https:\/\/www.muzeumtrebisov.sk\/wp-content\/uploads\/2022\/06\/1.-kategoria-2--300x169.jpg 300w, https:\/\/www.muzeumtrebisov.sk\/wp-content\/uploads\/2022\/06\/1.-kategoria-2--1024x576.jpg 1024w, https:\/\/www.muzeumtrebisov.sk\/wp-content\/uploads\/2022\/06\/1.-kategoria-2--768x432.jpg 768w, https:\/\/www.muzeumtrebisov.sk\/wp-content\/uploads\/2022\/06\/1.-kategoria-2--18x10.jpg 18w, https:\/\/www.muzeumtrebisov.sk\/wp-content\/uploads\/2022\/06\/1.-kategoria-2--500x281.jpg 500w, https:\/\/www.muzeumtrebisov.sk\/wp-content\/uploads\/2022\/06\/1.-kategoria-2--800x450.jpg 800w, https:\/\/www.muzeumtrebisov.sk\/wp-content\/uploads\/2022\/06\/1.-kategoria-2--600x338.jpg 600w\" sizes=\"(max-width: 1280px) 100vw, 1280px\" \/>\n        <\/a>    <\/div>\n<\/div>\n\n<figcaption class=\"vp-portfolio__item-overlay vp-portfolio__item-overlay-text-align-center\">\n    <div class=\"vp-portfolio__item-meta-wrap vp-portfolio__custom-scrollbar\">\n            <a\n        href=\"https:\/\/www.muzeumtrebisov.sk\/wp-content\/uploads\/2022\/06\/1.-kategoria-2-.jpg\"\n        tabindex=\"-1\" class=\"vp-portfolio__item-meta\"     >\n    \n        \n<h2 class=\"vp-portfolio__item-meta-title\">\n    1.-kategoria-2-<\/h2>\n\n        <\/a>    <\/div>\n<\/figcaption>\n            <\/figure>\n                    <\/div>\n        \n        <div        class=\"vp-portfolio__item-wrap vp-portfolio__item-uid-2f083f5d\" data-vp-filter=\"\"         >\n            <template class=\"vp-portfolio__item-popup\" data-vp-popup-img=\"https:\/\/www.muzeumtrebisov.sk\/wp-content\/uploads\/2022\/06\/1.-kategoria-1-.jpg\" data-vp-popup-img-srcset=\"https:\/\/www.muzeumtrebisov.sk\/wp-content\/uploads\/2022\/06\/1.-kategoria-1-.jpg 1280w, https:\/\/www.muzeumtrebisov.sk\/wp-content\/uploads\/2022\/06\/1.-kategoria-1--300x169.jpg 300w, https:\/\/www.muzeumtrebisov.sk\/wp-content\/uploads\/2022\/06\/1.-kategoria-1--1024x576.jpg 1024w, https:\/\/www.muzeumtrebisov.sk\/wp-content\/uploads\/2022\/06\/1.-kategoria-1--768x432.jpg 768w, https:\/\/www.muzeumtrebisov.sk\/wp-content\/uploads\/2022\/06\/1.-kategoria-1--18x10.jpg 18w, https:\/\/www.muzeumtrebisov.sk\/wp-content\/uploads\/2022\/06\/1.-kategoria-1--500x281.jpg 500w, https:\/\/www.muzeumtrebisov.sk\/wp-content\/uploads\/2022\/06\/1.-kategoria-1--800x450.jpg 800w, https:\/\/www.muzeumtrebisov.sk\/wp-content\/uploads\/2022\/06\/1.-kategoria-1--600x338.jpg 600w\" data-vp-popup-img-size=\"1280x720\" data-vp-popup-md-img=\"https:\/\/www.muzeumtrebisov.sk\/wp-content\/uploads\/2022\/06\/1.-kategoria-1--800x450.jpg\" data-vp-popup-md-img-size=\"800x450\" data-vp-popup-sm-img=\"https:\/\/www.muzeumtrebisov.sk\/wp-content\/uploads\/2022\/06\/1.-kategoria-1--500x281.jpg\" data-vp-popup-sm-img-size=\"500x281\">\n            <h3 class=\"vp-portfolio__item-popup-title\">1.-kategoria-1-<\/h3>\n        <\/template>\n                        <figure class=\"vp-portfolio__item\">\n                \n<div class=\"vp-portfolio__item-img-wrap\">\n    <div class=\"vp-portfolio__item-img\">\n            <a\n        href=\"https:\/\/www.muzeumtrebisov.sk\/wp-content\/uploads\/2022\/06\/1.-kategoria-1-.jpg\"\n            >\n    \n        <img width=\"1280\" height=\"720\" src=\"https:\/\/www.muzeumtrebisov.sk\/wp-content\/uploads\/2022\/06\/1.-kategoria-1-.jpg\" class=\"wp-image-2598\" alt=\"\" loading=\"lazy\" srcset=\"https:\/\/www.muzeumtrebisov.sk\/wp-content\/uploads\/2022\/06\/1.-kategoria-1-.jpg 1280w, https:\/\/www.muzeumtrebisov.sk\/wp-content\/uploads\/2022\/06\/1.-kategoria-1--300x169.jpg 300w, https:\/\/www.muzeumtrebisov.sk\/wp-content\/uploads\/2022\/06\/1.-kategoria-1--1024x576.jpg 1024w, https:\/\/www.muzeumtrebisov.sk\/wp-content\/uploads\/2022\/06\/1.-kategoria-1--768x432.jpg 768w, https:\/\/www.muzeumtrebisov.sk\/wp-content\/uploads\/2022\/06\/1.-kategoria-1--18x10.jpg 18w, https:\/\/www.muzeumtrebisov.sk\/wp-content\/uploads\/2022\/06\/1.-kategoria-1--500x281.jpg 500w, https:\/\/www.muzeumtrebisov.sk\/wp-content\/uploads\/2022\/06\/1.-kategoria-1--800x450.jpg 800w, https:\/\/www.muzeumtrebisov.sk\/wp-content\/uploads\/2022\/06\/1.-kategoria-1--600x338.jpg 600w\" sizes=\"(max-width: 1280px) 100vw, 1280px\" \/>\n        <\/a>    <\/div>\n<\/div>\n\n<figcaption class=\"vp-portfolio__item-overlay vp-portfolio__item-overlay-text-align-center\">\n    <div class=\"vp-portfolio__item-meta-wrap vp-portfolio__custom-scrollbar\">\n            <a\n        href=\"https:\/\/www.muzeumtrebisov.sk\/wp-content\/uploads\/2022\/06\/1.-kategoria-1-.jpg\"\n        tabindex=\"-1\" class=\"vp-portfolio__item-meta\"     >\n    \n        \n<h2 class=\"vp-portfolio__item-meta-title\">\n    1.-kategoria-1-<\/h2>\n\n        <\/a>    <\/div>\n<\/figcaption>\n            <\/figure>\n                    <\/div>\n        \n<\/div>\n        <\/div>\n        \n<\/div>\n<\/div>","protected":false},"excerpt":{"rendered":"<p>Po dvoch ro\u010dn\u00edkoch vedomostnej s\u00fa\u0165a\u017ee, ktor\u00e9 boli realizovan\u00e9 on-line,&nbsp; op\u00e4\u0165 bola v d\u0148och 26. a 27. apr\u00edla 2022 Verejn\u00e1 kni\u017enica J\u00e1na Bocatia v&nbsp;Ko\u0161iciach dejiskom krajsk\u00e9ho kola vedomostnej s\u00fa\u0165a\u017ee \u201e\u010co vie\u0161 o hviezdach?&#8220;. Hlavn\u00fdm organiz\u00e1torom krajsk\u00e9ho kola bola Hvezd\u00e1re\u0148 v&nbsp;Michalovciach, vysunut\u00e9 pracovisko Zempl\u00ednskeho kult\u00farneho &nbsp;centra a &nbsp;hvezd\u00e1rne (ZKC a H) v&nbsp;Michalovciach. S\u00fa\u0165a\u017e je ur\u010den\u00e1 pre \u010dlenov<\/p>","protected":false},"author":1,"featured_media":2598,"comment_status":"open","ping_status":"open","sticky":false,"template":"","format":"standard","meta":{"om_disable_all_campaigns":false,"_vp_format_video_url":"","_vp_image_focal_point":[]},"categories":[19],"tags":[],"aioseo_notices":[],"yoast_head":"<!-- This site is optimized with the Yoast SEO plugin v18.5.1 - https:\/\/yoast.com\/wordpress\/plugins\/seo\/ -->\n<title>\u00daspechy na\u0161ich mlad\u00fdch nad\u0161encov astron\u00f3miena krajskom a celoslovenskom kole vedomostnej s\u00fa\u0165a\u017ee \u201e\u010cO VIE\u0160 O HVIEZDACH?&quot; | M\u00fazeum Trebi\u0161ov - Ka\u0161tie\u013e Andr\u00e1ssyovcov<\/title>\n<meta name=\"robots\" content=\"index, follow, max-snippet:-1, max-image-preview:large, max-video-preview:-1\" \/>\n<link rel=\"canonical\" href=\"https:\/\/www.muzeumtrebisov.sk\/hu\/spravy\/uspechy-nasich-mladych-nadsencov-astronomiena-krajskom-a-celoslovenskom-kole-vedomostnej-sutaze-co-vies-o-hviezdach\/\" \/>\n<meta property=\"og:locale\" content=\"hu_HU\" \/>\n<meta property=\"og:type\" content=\"article\" \/>\n<meta property=\"og:title\" content=\"\u00daspechy na\u0161ich mlad\u00fdch nad\u0161encov astron\u00f3miena krajskom a celoslovenskom kole vedomostnej s\u00fa\u0165a\u017ee \u201e\u010cO VIE\u0160 O HVIEZDACH?&quot; | M\u00fazeum Trebi\u0161ov - Ka\u0161tie\u013e Andr\u00e1ssyovcov\" \/>\n<meta property=\"og:description\" content=\"Po dvoch ro\u010dn\u00edkoch vedomostnej s\u00fa\u0165a\u017ee, ktor\u00e9 boli realizovan\u00e9 on-line,&nbsp; op\u00e4\u0165 bola v d\u0148och 26. a 27. apr\u00edla 2022 Verejn\u00e1 kni\u017enica J\u00e1na Bocatia v&nbsp;Ko\u0161iciach dejiskom krajsk\u00e9ho kola vedomostnej s\u00fa\u0165a\u017ee \u201e\u010co vie\u0161 o hviezdach?&#8220;. Hlavn\u00fdm organiz\u00e1torom krajsk\u00e9ho kola bola Hvezd\u00e1re\u0148 v&nbsp;Michalovciach, vysunut\u00e9 pracovisko Zempl\u00ednskeho kult\u00farneho &nbsp;centra a &nbsp;hvezd\u00e1rne (ZKC a H) v&nbsp;Michalovciach. S\u00fa\u0165a\u017e je ur\u010den\u00e1 pre \u010dlenov\" \/>\n<meta property=\"og:url\" content=\"https:\/\/www.muzeumtrebisov.sk\/hu\/spravy\/uspechy-nasich-mladych-nadsencov-astronomiena-krajskom-a-celoslovenskom-kole-vedomostnej-sutaze-co-vies-o-hviezdach\/\" \/>\n<meta property=\"og:site_name\" content=\"M\u00fazeum Trebi\u0161ov - Ka\u0161tie\u013e Andr\u00e1ssyovcov\" \/>\n<meta property=\"article:publisher\" content=\"https:\/\/www.facebook.com\/muzeumtvkastielandrassyovcov\" \/>\n<meta property=\"article:published_time\" content=\"2022-06-27T06:30:17+00:00\" \/>\n<meta property=\"article:modified_time\" content=\"2022-06-27T06:31:16+00:00\" \/>\n<meta property=\"og:image\" content=\"https:\/\/www.muzeumtrebisov.sk\/wp-content\/uploads\/2022\/06\/1.-kategoria-1-.jpg\" \/>\n\t<meta property=\"og:image:width\" content=\"1280\" \/>\n\t<meta property=\"og:image:height\" content=\"720\" \/>\n\t<meta property=\"og:image:type\" content=\"image\/jpeg\" \/>\n<meta name=\"twitter:card\" content=\"summary_large_image\" \/>\n<meta name=\"twitter:label1\" content=\"Szerz\u0151:\" \/>\n\t<meta name=\"twitter:data1\" content=\"muzeumtvadmin\" \/>\n\t<meta name=\"twitter:label2\" content=\"Becs\u00fclt olvas\u00e1si id\u0151\" \/>\n\t<meta name=\"twitter:data2\" content=\"3 perc\" \/>\n<script type=\"application\/ld+json\" class=\"yoast-schema-graph\">{\"@context\":\"https:\/\/schema.org\",\"@graph\":[{\"@type\":\"Organization\",\"@id\":\"https:\/\/www.muzeumtrebisov.sk\/#organization\",\"name\":\"M\u00fazeum Trebi\u0161ov - Ka\u0161tie\u013e Andr\u00e1ssyovcov\",\"url\":\"https:\/\/www.muzeumtrebisov.sk\/\",\"sameAs\":[\"https:\/\/www.facebook.com\/muzeumtvkastielandrassyovcov\",\"https:\/\/www.instagram.com\/muzeumtrebisovkastielandrassy\/\",\"https:\/\/www.youtube.com\/channel\/UCprfZHvPNIxqZ2IHCDwfv1w\"],\"logo\":{\"@type\":\"ImageObject\",\"@id\":\"https:\/\/www.muzeumtrebisov.sk\/#logo\",\"inLanguage\":\"hu\",\"url\":\"https:\/\/www.muzeumtrebisov.sk\/wp-content\/uploads\/2022\/04\/dual-logo-color-hor.png\",\"contentUrl\":\"https:\/\/www.muzeumtrebisov.sk\/wp-content\/uploads\/2022\/04\/dual-logo-color-hor.png\",\"width\":749,\"height\":140,\"caption\":\"M\u00fazeum Trebi\u0161ov - Ka\u0161tie\u013e Andr\u00e1ssyovcov\"},\"image\":{\"@id\":\"https:\/\/www.muzeumtrebisov.sk\/#logo\"}},{\"@type\":\"WebSite\",\"@id\":\"https:\/\/www.muzeumtrebisov.sk\/#website\",\"url\":\"https:\/\/www.muzeumtrebisov.sk\/\",\"name\":\"M\u00fazeum Trebi\u0161ov - Ka\u0161tie\u013e Andr\u00e1ssyovcov\",\"description\":\"Hist\u00f3ria Andr\u00e1ssyovcov a ju\u017en\u00e9ho Zempl\u00edna\",\"publisher\":{\"@id\":\"https:\/\/www.muzeumtrebisov.sk\/#organization\"},\"potentialAction\":[{\"@type\":\"SearchAction\",\"target\":{\"@type\":\"EntryPoint\",\"urlTemplate\":\"https:\/\/www.muzeumtrebisov.sk\/?s={search_term_string}\"},\"query-input\":\"required name=search_term_string\"}],\"inLanguage\":\"hu\"},{\"@type\":\"ImageObject\",\"@id\":\"https:\/\/www.muzeumtrebisov.sk\/spravy\/uspechy-nasich-mladych-nadsencov-astronomiena-krajskom-a-celoslovenskom-kole-vedomostnej-sutaze-co-vies-o-hviezdach\/#primaryimage\",\"inLanguage\":\"hu\",\"url\":\"https:\/\/www.muzeumtrebisov.sk\/wp-content\/uploads\/2022\/06\/1.-kategoria-1-.jpg\",\"contentUrl\":\"https:\/\/www.muzeumtrebisov.sk\/wp-content\/uploads\/2022\/06\/1.-kategoria-1-.jpg\",\"width\":1280,\"height\":720},{\"@type\":\"WebPage\",\"@id\":\"https:\/\/www.muzeumtrebisov.sk\/spravy\/uspechy-nasich-mladych-nadsencov-astronomiena-krajskom-a-celoslovenskom-kole-vedomostnej-sutaze-co-vies-o-hviezdach\/#webpage\",\"url\":\"https:\/\/www.muzeumtrebisov.sk\/spravy\/uspechy-nasich-mladych-nadsencov-astronomiena-krajskom-a-celoslovenskom-kole-vedomostnej-sutaze-co-vies-o-hviezdach\/\",\"name\":\"\u00daspechy na\u0161ich mlad\u00fdch nad\u0161encov astron\u00f3miena krajskom a celoslovenskom kole vedomostnej s\u00fa\u0165a\u017ee \u201e\u010cO VIE\u0160 O HVIEZDACH?\\\" | M\u00fazeum Trebi\u0161ov - Ka\u0161tie\u013e Andr\u00e1ssyovcov\",\"isPartOf\":{\"@id\":\"https:\/\/www.muzeumtrebisov.sk\/#website\"},\"primaryImageOfPage\":{\"@id\":\"https:\/\/www.muzeumtrebisov.sk\/spravy\/uspechy-nasich-mladych-nadsencov-astronomiena-krajskom-a-celoslovenskom-kole-vedomostnej-sutaze-co-vies-o-hviezdach\/#primaryimage\"},\"datePublished\":\"2022-06-27T06:30:17+00:00\",\"dateModified\":\"2022-06-27T06:31:16+00:00\",\"breadcrumb\":{\"@id\":\"https:\/\/www.muzeumtrebisov.sk\/spravy\/uspechy-nasich-mladych-nadsencov-astronomiena-krajskom-a-celoslovenskom-kole-vedomostnej-sutaze-co-vies-o-hviezdach\/#breadcrumb\"},\"inLanguage\":\"hu\",\"potentialAction\":[{\"@type\":\"ReadAction\",\"target\":[\"https:\/\/www.muzeumtrebisov.sk\/spravy\/uspechy-nasich-mladych-nadsencov-astronomiena-krajskom-a-celoslovenskom-kole-vedomostnej-sutaze-co-vies-o-hviezdach\/\"]}]},{\"@type\":\"BreadcrumbList\",\"@id\":\"https:\/\/www.muzeumtrebisov.sk\/spravy\/uspechy-nasich-mladych-nadsencov-astronomiena-krajskom-a-celoslovenskom-kole-vedomostnej-sutaze-co-vies-o-hviezdach\/#breadcrumb\",\"itemListElement\":[{\"@type\":\"ListItem\",\"position\":1,\"name\":\"Home\",\"item\":\"https:\/\/www.muzeumtrebisov.sk\/\"},{\"@type\":\"ListItem\",\"position\":2,\"name\":\"\u00daspechy na\u0161ich mlad\u00fdch nad\u0161encov astron\u00f3miena krajskom a celoslovenskom kole vedomostnej s\u00fa\u0165a\u017ee \u201e\u010cO VIE\u0160 O HVIEZDACH?&#8220;\"}]},{\"@type\":\"Article\",\"@id\":\"https:\/\/www.muzeumtrebisov.sk\/spravy\/uspechy-nasich-mladych-nadsencov-astronomiena-krajskom-a-celoslovenskom-kole-vedomostnej-sutaze-co-vies-o-hviezdach\/#article\",\"isPartOf\":{\"@id\":\"https:\/\/www.muzeumtrebisov.sk\/spravy\/uspechy-nasich-mladych-nadsencov-astronomiena-krajskom-a-celoslovenskom-kole-vedomostnej-sutaze-co-vies-o-hviezdach\/#webpage\"},\"author\":{\"@id\":\"https:\/\/www.muzeumtrebisov.sk\/#\/schema\/person\/e020f4c0852b191613d063438d60ae6b\"},\"headline\":\"\u00daspechy na\u0161ich mlad\u00fdch nad\u0161encov astron\u00f3miena krajskom a celoslovenskom kole vedomostnej s\u00fa\u0165a\u017ee \u201e\u010cO VIE\u0160 O HVIEZDACH?&#8220;\",\"datePublished\":\"2022-06-27T06:30:17+00:00\",\"dateModified\":\"2022-06-27T06:31:16+00:00\",\"mainEntityOfPage\":{\"@id\":\"https:\/\/www.muzeumtrebisov.sk\/spravy\/uspechy-nasich-mladych-nadsencov-astronomiena-krajskom-a-celoslovenskom-kole-vedomostnej-sutaze-co-vies-o-hviezdach\/#webpage\"},\"wordCount\":604,\"commentCount\":0,\"publisher\":{\"@id\":\"https:\/\/www.muzeumtrebisov.sk\/#organization\"},\"image\":{\"@id\":\"https:\/\/www.muzeumtrebisov.sk\/spravy\/uspechy-nasich-mladych-nadsencov-astronomiena-krajskom-a-celoslovenskom-kole-vedomostnej-sutaze-co-vies-o-hviezdach\/#primaryimage\"},\"thumbnailUrl\":\"https:\/\/www.muzeumtrebisov.sk\/wp-content\/uploads\/2022\/06\/1.-kategoria-1-.jpg\",\"articleSection\":[\"Spr\u00e1vy\"],\"inLanguage\":\"hu\",\"potentialAction\":[{\"@type\":\"CommentAction\",\"name\":\"Comment\",\"target\":[\"https:\/\/www.muzeumtrebisov.sk\/spravy\/uspechy-nasich-mladych-nadsencov-astronomiena-krajskom-a-celoslovenskom-kole-vedomostnej-sutaze-co-vies-o-hviezdach\/#respond\"]}]},{\"@type\":\"Person\",\"@id\":\"https:\/\/www.muzeumtrebisov.sk\/#\/schema\/person\/e020f4c0852b191613d063438d60ae6b\",\"name\":\"muzeumtvadmin\",\"image\":{\"@type\":\"ImageObject\",\"@id\":\"https:\/\/www.muzeumtrebisov.sk\/#personlogo\",\"inLanguage\":\"hu\",\"url\":\"https:\/\/secure.gravatar.com\/avatar\/115030f8384675efad0cc99183d7cd51?s=96&d=mm&r=g\",\"contentUrl\":\"https:\/\/secure.gravatar.com\/avatar\/115030f8384675efad0cc99183d7cd51?s=96&d=mm&r=g\",\"caption\":\"muzeumtvadmin\"},\"sameAs\":[\"https:\/\/www.muzeumtrebisov.sk\"],\"url\":\"https:\/\/www.muzeumtrebisov.sk\/hu\/author\/muzeumtvadmin\/\"}]}<\/script>\n<!-- \/ Yoast SEO plugin. -->","yoast_head_json":{"title":"\u00daspechy na\u0161ich mlad\u00fdch nad\u0161encov astron\u00f3miena krajskom a celoslovenskom kole vedomostnej s\u00fa\u0165a\u017ee \u201e\u010cO VIE\u0160 O HVIEZDACH?\" | M\u00fazeum Trebi\u0161ov - Ka\u0161tie\u013e Andr\u00e1ssyovcov","robots":{"index":"index","follow":"follow","max-snippet":"max-snippet:-1","max-image-preview":"max-image-preview:large","max-video-preview":"max-video-preview:-1"},"canonical":"https:\/\/www.muzeumtrebisov.sk\/hu\/spravy\/uspechy-nasich-mladych-nadsencov-astronomiena-krajskom-a-celoslovenskom-kole-vedomostnej-sutaze-co-vies-o-hviezdach\/","og_locale":"hu_HU","og_type":"article","og_title":"\u00daspechy na\u0161ich mlad\u00fdch nad\u0161encov astron\u00f3miena krajskom a celoslovenskom kole vedomostnej s\u00fa\u0165a\u017ee \u201e\u010cO VIE\u0160 O HVIEZDACH?\" | M\u00fazeum Trebi\u0161ov - Ka\u0161tie\u013e Andr\u00e1ssyovcov","og_description":"Po dvoch ro\u010dn\u00edkoch vedomostnej s\u00fa\u0165a\u017ee, ktor\u00e9 boli realizovan\u00e9 on-line,&nbsp; op\u00e4\u0165 bola v d\u0148och 26. a 27. apr\u00edla 2022 Verejn\u00e1 kni\u017enica J\u00e1na Bocatia v&nbsp;Ko\u0161iciach dejiskom krajsk\u00e9ho kola vedomostnej s\u00fa\u0165a\u017ee \u201e\u010co vie\u0161 o hviezdach?&#8220;. Hlavn\u00fdm organiz\u00e1torom krajsk\u00e9ho kola bola Hvezd\u00e1re\u0148 v&nbsp;Michalovciach, vysunut\u00e9 pracovisko Zempl\u00ednskeho kult\u00farneho &nbsp;centra a &nbsp;hvezd\u00e1rne (ZKC a H) v&nbsp;Michalovciach. S\u00fa\u0165a\u017e je ur\u010den\u00e1 pre \u010dlenov","og_url":"https:\/\/www.muzeumtrebisov.sk\/hu\/spravy\/uspechy-nasich-mladych-nadsencov-astronomiena-krajskom-a-celoslovenskom-kole-vedomostnej-sutaze-co-vies-o-hviezdach\/","og_site_name":"M\u00fazeum Trebi\u0161ov - Ka\u0161tie\u013e Andr\u00e1ssyovcov","article_publisher":"https:\/\/www.facebook.com\/muzeumtvkastielandrassyovcov","article_published_time":"2022-06-27T06:30:17+00:00","article_modified_time":"2022-06-27T06:31:16+00:00","og_image":[{"width":1280,"height":720,"url":"https:\/\/www.muzeumtrebisov.sk\/wp-content\/uploads\/2022\/06\/1.-kategoria-1-.jpg","type":"image\/jpeg"}],"twitter_card":"summary_large_image","twitter_misc":{"Szerz\u0151:":"muzeumtvadmin","Becs\u00fclt olvas\u00e1si id\u0151":"3 perc"},"schema":{"@context":"https:\/\/schema.org","@graph":[{"@type":"Organization","@id":"https:\/\/www.muzeumtrebisov.sk\/#organization","name":"M\u00fazeum Trebi\u0161ov - Ka\u0161tie\u013e Andr\u00e1ssyovcov","url":"https:\/\/www.muzeumtrebisov.sk\/","sameAs":["https:\/\/www.facebook.com\/muzeumtvkastielandrassyovcov","https:\/\/www.instagram.com\/muzeumtrebisovkastielandrassy\/","https:\/\/www.youtube.com\/channel\/UCprfZHvPNIxqZ2IHCDwfv1w"],"logo":{"@type":"ImageObject","@id":"https:\/\/www.muzeumtrebisov.sk\/#logo","inLanguage":"hu","url":"https:\/\/www.muzeumtrebisov.sk\/wp-content\/uploads\/2022\/04\/dual-logo-color-hor.png","contentUrl":"https:\/\/www.muzeumtrebisov.sk\/wp-content\/uploads\/2022\/04\/dual-logo-color-hor.png","width":749,"height":140,"caption":"M\u00fazeum Trebi\u0161ov - Ka\u0161tie\u013e Andr\u00e1ssyovcov"},"image":{"@id":"https:\/\/www.muzeumtrebisov.sk\/#logo"}},{"@type":"WebSite","@id":"https:\/\/www.muzeumtrebisov.sk\/#website","url":"https:\/\/www.muzeumtrebisov.sk\/","name":"M\u00fazeum Trebi\u0161ov - Ka\u0161tie\u013e Andr\u00e1ssyovcov","description":"Hist\u00f3ria Andr\u00e1ssyovcov a ju\u017en\u00e9ho Zempl\u00edna","publisher":{"@id":"https:\/\/www.muzeumtrebisov.sk\/#organization"},"potentialAction":[{"@type":"SearchAction","target":{"@type":"EntryPoint","urlTemplate":"https:\/\/www.muzeumtrebisov.sk\/?s={search_term_string}"},"query-input":"required name=search_term_string"}],"inLanguage":"hu"},{"@type":"ImageObject","@id":"https:\/\/www.muzeumtrebisov.sk\/spravy\/uspechy-nasich-mladych-nadsencov-astronomiena-krajskom-a-celoslovenskom-kole-vedomostnej-sutaze-co-vies-o-hviezdach\/#primaryimage","inLanguage":"hu","url":"https:\/\/www.muzeumtrebisov.sk\/wp-content\/uploads\/2022\/06\/1.-kategoria-1-.jpg","contentUrl":"https:\/\/www.muzeumtrebisov.sk\/wp-content\/uploads\/2022\/06\/1.-kategoria-1-.jpg","width":1280,"height":720},{"@type":"WebPage","@id":"https:\/\/www.muzeumtrebisov.sk\/spravy\/uspechy-nasich-mladych-nadsencov-astronomiena-krajskom-a-celoslovenskom-kole-vedomostnej-sutaze-co-vies-o-hviezdach\/#webpage","url":"https:\/\/www.muzeumtrebisov.sk\/spravy\/uspechy-nasich-mladych-nadsencov-astronomiena-krajskom-a-celoslovenskom-kole-vedomostnej-sutaze-co-vies-o-hviezdach\/","name":"\u00daspechy na\u0161ich mlad\u00fdch nad\u0161encov astron\u00f3miena krajskom a celoslovenskom kole vedomostnej s\u00fa\u0165a\u017ee \u201e\u010cO VIE\u0160 O HVIEZDACH?\" | M\u00fazeum Trebi\u0161ov - Ka\u0161tie\u013e Andr\u00e1ssyovcov","isPartOf":{"@id":"https:\/\/www.muzeumtrebisov.sk\/#website"},"primaryImageOfPage":{"@id":"https:\/\/www.muzeumtrebisov.sk\/spravy\/uspechy-nasich-mladych-nadsencov-astronomiena-krajskom-a-celoslovenskom-kole-vedomostnej-sutaze-co-vies-o-hviezdach\/#primaryimage"},"datePublished":"2022-06-27T06:30:17+00:00","dateModified":"2022-06-27T06:31:16+00:00","breadcrumb":{"@id":"https:\/\/www.muzeumtrebisov.sk\/spravy\/uspechy-nasich-mladych-nadsencov-astronomiena-krajskom-a-celoslovenskom-kole-vedomostnej-sutaze-co-vies-o-hviezdach\/#breadcrumb"},"inLanguage":"hu","potentialAction":[{"@type":"ReadAction","target":["https:\/\/www.muzeumtrebisov.sk\/spravy\/uspechy-nasich-mladych-nadsencov-astronomiena-krajskom-a-celoslovenskom-kole-vedomostnej-sutaze-co-vies-o-hviezdach\/"]}]},{"@type":"BreadcrumbList","@id":"https:\/\/www.muzeumtrebisov.sk\/spravy\/uspechy-nasich-mladych-nadsencov-astronomiena-krajskom-a-celoslovenskom-kole-vedomostnej-sutaze-co-vies-o-hviezdach\/#breadcrumb","itemListElement":[{"@type":"ListItem","position":1,"name":"Home","item":"https:\/\/www.muzeumtrebisov.sk\/"},{"@type":"ListItem","position":2,"name":"\u00daspechy na\u0161ich mlad\u00fdch nad\u0161encov astron\u00f3miena krajskom a celoslovenskom kole vedomostnej s\u00fa\u0165a\u017ee \u201e\u010cO VIE\u0160 O HVIEZDACH?&#8220;"}]},{"@type":"Article","@id":"https:\/\/www.muzeumtrebisov.sk\/spravy\/uspechy-nasich-mladych-nadsencov-astronomiena-krajskom-a-celoslovenskom-kole-vedomostnej-sutaze-co-vies-o-hviezdach\/#article","isPartOf":{"@id":"https:\/\/www.muzeumtrebisov.sk\/spravy\/uspechy-nasich-mladych-nadsencov-astronomiena-krajskom-a-celoslovenskom-kole-vedomostnej-sutaze-co-vies-o-hviezdach\/#webpage"},"author":{"@id":"https:\/\/www.muzeumtrebisov.sk\/#\/schema\/person\/e020f4c0852b191613d063438d60ae6b"},"headline":"\u00daspechy na\u0161ich mlad\u00fdch nad\u0161encov astron\u00f3miena krajskom a celoslovenskom kole vedomostnej s\u00fa\u0165a\u017ee \u201e\u010cO VIE\u0160 O HVIEZDACH?&#8220;","datePublished":"2022-06-27T06:30:17+00:00","dateModified":"2022-06-27T06:31:16+00:00","mainEntityOfPage":{"@id":"https:\/\/www.muzeumtrebisov.sk\/spravy\/uspechy-nasich-mladych-nadsencov-astronomiena-krajskom-a-celoslovenskom-kole-vedomostnej-sutaze-co-vies-o-hviezdach\/#webpage"},"wordCount":604,"commentCount":0,"publisher":{"@id":"https:\/\/www.muzeumtrebisov.sk\/#organization"},"image":{"@id":"https:\/\/www.muzeumtrebisov.sk\/spravy\/uspechy-nasich-mladych-nadsencov-astronomiena-krajskom-a-celoslovenskom-kole-vedomostnej-sutaze-co-vies-o-hviezdach\/#primaryimage"},"thumbnailUrl":"https:\/\/www.muzeumtrebisov.sk\/wp-content\/uploads\/2022\/06\/1.-kategoria-1-.jpg","articleSection":["Spr\u00e1vy"],"inLanguage":"hu","potentialAction":[{"@type":"CommentAction","name":"Comment","target":["https:\/\/www.muzeumtrebisov.sk\/spravy\/uspechy-nasich-mladych-nadsencov-astronomiena-krajskom-a-celoslovenskom-kole-vedomostnej-sutaze-co-vies-o-hviezdach\/#respond"]}]},{"@type":"Person","@id":"https:\/\/www.muzeumtrebisov.sk\/#\/schema\/person\/e020f4c0852b191613d063438d60ae6b","name":"muzeumtvadmin","image":{"@type":"ImageObject","@id":"https:\/\/www.muzeumtrebisov.sk\/#personlogo","inLanguage":"hu","url":"https:\/\/secure.gravatar.com\/avatar\/115030f8384675efad0cc99183d7cd51?s=96&d=mm&r=g","contentUrl":"https:\/\/secure.gravatar.com\/avatar\/115030f8384675efad0cc99183d7cd51?s=96&d=mm&r=g","caption":"muzeumtvadmin"},"sameAs":["https:\/\/www.muzeumtrebisov.sk"],"url":"https:\/\/www.muzeumtrebisov.sk\/hu\/author\/muzeumtvadmin\/"}]}},"_links":{"self":[{"href":"https:\/\/www.muzeumtrebisov.sk\/hu\/wp-json\/wp\/v2\/posts\/2597"}],"collection":[{"href":"https:\/\/www.muzeumtrebisov.sk\/hu\/wp-json\/wp\/v2\/posts"}],"about":[{"href":"https:\/\/www.muzeumtrebisov.sk\/hu\/wp-json\/wp\/v2\/types\/post"}],"author":[{"embeddable":true,"href":"https:\/\/www.muzeumtrebisov.sk\/hu\/wp-json\/wp\/v2\/users\/1"}],"replies":[{"embeddable":true,"href":"https:\/\/www.muzeumtrebisov.sk\/hu\/wp-json\/wp\/v2\/comments?post=2597"}],"version-history":[{"count":2,"href":"https:\/\/www.muzeumtrebisov.sk\/hu\/wp-json\/wp\/v2\/posts\/2597\/revisions"}],"predecessor-version":[{"id":2603,"href":"https:\/\/www.muzeumtrebisov.sk\/hu\/wp-json\/wp\/v2\/posts\/2597\/revisions\/2603"}],"wp:featuredmedia":[{"embeddable":true,"href":"https:\/\/www.muzeumtrebisov.sk\/hu\/wp-json\/wp\/v2\/media\/2598"}],"wp:attachment":[{"href":"https:\/\/www.muzeumtrebisov.sk\/hu\/wp-json\/wp\/v2\/media?parent=2597"}],"wp:term":[{"taxonomy":"category","embeddable":true,"href":"https:\/\/www.muzeumtrebisov.sk\/hu\/wp-json\/wp\/v2\/categories?post=2597"},{"taxonomy":"post_tag","embeddable":true,"href":"https:\/\/www.muzeumtrebisov.sk\/hu\/wp-json\/wp\/v2\/tags?post=2597"}],"curies":[{"name":"wp","href":"https:\/\/api.w.org\/{rel}","templated":true}]}}