{"id":2477,"date":"2022-06-01T09:42:44","date_gmt":"2022-06-01T07:42:44","guid":{"rendered":"https:\/\/www.muzeumtrebisov.sk\/?p=2477"},"modified":"2022-06-01T09:42:45","modified_gmt":"2022-06-01T07:42:45","slug":"muzeum-s-financnou-podporou-ksk-zakupilo-kachlovu-pec","status":"publish","type":"post","link":"https:\/\/www.muzeumtrebisov.sk\/hu\/spravy\/muzeum-s-financnou-podporou-ksk-zakupilo-kachlovu-pec\/","title":{"rendered":"M\u00fazeum s\u00a0finan\u010dnou podporou KSK zak\u00fapilo kach\u013eov\u00fa pec"},"content":{"rendered":"<p>V\u00a0roku 2021 na\u0161e m\u00fazeum s\u00a0finan\u010dnou podporou <em>Ko\u0161ick\u00e9ho samospr\u00e1vneho kraja<\/em>\u00a0 (KSK) zak\u00fapilo kach\u013eov\u00fa pec, pravdepodobne poch\u00e1dzaj\u00facu z\u00a0p\u00f4vodn\u00e9ho invent\u00e1ra ka\u0161tie\u013ea v\u00a0Humennom. Pod\u013ea dostupn\u00fdch inform\u00e1ci\u00ed si gr\u00f3f J\u00falius Andr\u00e1ssy z\u00a0Trebi\u0161ova a\u00a0jeho brat Alad\u00e1r Andr\u00e1ssy, ktor\u00fd vlastnil humensk\u00fd ka\u0161tie\u013e, zak\u00fapili identick\u00e9 pece ktor\u00e9 sa l\u00ed\u0161ili len korunkami. Datova\u0165 ju m\u00f4\u017eeme do druhej polovice 19. storo\u010dia, jej v\u00fdrobca v\u0161ak ost\u00e1va nezn\u00e1my. Pravdepodobne niekedy po skon\u010den\u00ed prvej svetovej vojny sa dostala do s\u00fakromn\u00e9ho vlastn\u00edctva. Pec stoj\u00ed na mosadznom podstavci, ktor\u00fd nesie cel\u00fa jej v\u00e1hu. Pri jej stavbe sa zistilo, \u017ee je pravdepodobne zlo\u017een\u00e1 z\u00a0dvoch pec\u00ed \u2013 \u201edarcovsk\u00e1\u201c pec poskytla kachlice, ktor\u00e9 z\u00a0p\u00f4vodnej ch\u00fdbali. Praskliny na kachliciach sved\u010dia o\u00a0pohnutom pr\u00edbehu \u2013 pec zrejme pre\u017eila slab\u0161ie zemetrasenie, pr\u00edpadne bombardovanie po\u010das vojny. Vizu\u00e1lne najzauj\u00edmavej\u0161ou \u010das\u0165ou je klasicistick\u00e1 korunka, tvoriaca vrchol pece. M\u00e1 tvar amfory, ktor\u00fa zdobia plasticky zobrazen\u00e9 visiace girlandy. Vrchn\u00fd rad kachl\u00edc je tak isto zdoben\u00fd \u2013 rastlinn\u00fd mot\u00edv dotv\u00e1ra pr\u00edjemn\u00fd vizu\u00e1l pece. \u00a0\u00a0\u00a0\u00a0\u00a0\u00a0\u00a0\u00a0\u00a0\u00a0\u00a0\u00a0\u00a0\u00a0\u00a0\u00a0\u00a0\u00a0\u00a0\u00a0\u00a0\u00a0\u00a0\u00a0\u00a0\u00a0\u00a0\u00a0\u00a0\u00a0\u00a0\u00a0\u00a0\u00a0 \u00a0\u00a0\u00a0\u00a0\u00a0\u00a0\u00a0\u00a0\u00a0\u00a0\u00a0\u00a0\u00a0\u00a0\u00a0\u00a0\u00a0\u00a0\u00a0\u00a0\u00a0\u00a0\u00a0\u00a0\u00a0\u00a0\u00a0\u00a0\u00a0\u00a0\u00a0\u00a0\u00a0\u00a0\u00a0\u00a0\u00a0\u00a0\u00a0\u00a0\u00a0\u00a0\u00a0\u00a0\u00a0\u00a0\u00a0\u00a0\u00a0\u00a0\u00a0\u00a0\u00a0\u00a0\u00a0\u00a0\u00a0\u00a0\u00a0\u00a0\u00a0\u00a0\u00a0\u00a0\u00a0\u00a0\u00a0\u00a0\u00a0\u00a0\u00a0\u00a0\u00a0\u00a0\u00a0\u00a0\u00a0\u00a0\u00a0\u00a0\u00a0\u00a0 \u00a0\u00a0\u00a0\u00a0\u00a0\u00a0\u00a0\u00a0\u00a0\u00a0\u00a0 <\/p>\n\n\n\n<p>Pec je v\u00a0s\u00fa\u010dasnosti umiestnen\u00e1 na poschod\u00ed trebi\u0161ovsk\u00e9ho ka\u0161tie\u013ea v\u00a0miestnosti, ktor\u00e1 bude \u010doskoro spr\u00edstupnen\u00e1 ako s\u00fa\u010das\u0165 v\u00e4\u010d\u0161ej expoz\u00edcie s\u00a0n\u00e1zvom \u201e<em>Portr\u00e9t rodiny Andr\u00e1ssy<\/em>\u201c pokr\u00fdvaj\u00facej cel\u00e9 ju\u017en\u00e9 kr\u00eddlo trebi\u0161ovsk\u00e9ho ka\u0161tie\u013ea.<\/p>\n\n\n\n<figure class=\"wp-block-image size-large\"><img loading=\"lazy\" width=\"683\" height=\"1024\" src=\"https:\/\/www.muzeumtrebisov.sk\/wp-content\/uploads\/2022\/06\/kachlova_pec-683x1024.jpg\" alt=\"\" class=\"wp-image-2478\" srcset=\"https:\/\/www.muzeumtrebisov.sk\/wp-content\/uploads\/2022\/06\/kachlova_pec-683x1024.jpg 683w, https:\/\/www.muzeumtrebisov.sk\/wp-content\/uploads\/2022\/06\/kachlova_pec-200x300.jpg 200w, https:\/\/www.muzeumtrebisov.sk\/wp-content\/uploads\/2022\/06\/kachlova_pec-768x1152.jpg 768w, https:\/\/www.muzeumtrebisov.sk\/wp-content\/uploads\/2022\/06\/kachlova_pec-1024x1536.jpg 1024w, https:\/\/www.muzeumtrebisov.sk\/wp-content\/uploads\/2022\/06\/kachlova_pec-1365x2048.jpg 1365w, https:\/\/www.muzeumtrebisov.sk\/wp-content\/uploads\/2022\/06\/kachlova_pec-500x750.jpg 500w, https:\/\/www.muzeumtrebisov.sk\/wp-content\/uploads\/2022\/06\/kachlova_pec-800x1200.jpg 800w, https:\/\/www.muzeumtrebisov.sk\/wp-content\/uploads\/2022\/06\/kachlova_pec-1280x1920.jpg 1280w, https:\/\/www.muzeumtrebisov.sk\/wp-content\/uploads\/2022\/06\/kachlova_pec-1920x2880.jpg 1920w, https:\/\/www.muzeumtrebisov.sk\/wp-content\/uploads\/2022\/06\/kachlova_pec-600x900.jpg 600w, https:\/\/www.muzeumtrebisov.sk\/wp-content\/uploads\/2022\/06\/kachlova_pec-scaled.jpg 1707w\" sizes=\"(max-width: 683px) 100vw, 683px\" \/><\/figure>","protected":false},"excerpt":{"rendered":"<p>V\u00a0roku 2021 na\u0161e m\u00fazeum s\u00a0finan\u010dnou podporou Ko\u0161ick\u00e9ho samospr\u00e1vneho kraja\u00a0 (KSK) zak\u00fapilo kach\u013eov\u00fa pec, pravdepodobne poch\u00e1dzaj\u00facu z\u00a0p\u00f4vodn\u00e9ho invent\u00e1ra ka\u0161tie\u013ea v\u00a0Humennom. Pod\u013ea dostupn\u00fdch inform\u00e1ci\u00ed si gr\u00f3f J\u00falius Andr\u00e1ssy z\u00a0Trebi\u0161ova a\u00a0jeho brat Alad\u00e1r Andr\u00e1ssy, ktor\u00fd vlastnil humensk\u00fd ka\u0161tie\u013e, zak\u00fapili identick\u00e9 pece ktor\u00e9 sa l\u00ed\u0161ili len korunkami. Datova\u0165 ju m\u00f4\u017eeme do druhej polovice 19. storo\u010dia, jej v\u00fdrobca v\u0161ak ost\u00e1va<\/p>","protected":false},"author":1,"featured_media":2478,"comment_status":"open","ping_status":"open","sticky":false,"template":"","format":"standard","meta":{"om_disable_all_campaigns":false,"_vp_format_video_url":"","_vp_image_focal_point":{"x":0.429999999999999993338661852249060757458209991455078125,"y":0.6999999999999999555910790149937383830547332763671875}},"categories":[19],"tags":[],"aioseo_notices":[],"yoast_head":"<!-- This site is optimized with the Yoast SEO plugin v18.5.1 - https:\/\/yoast.com\/wordpress\/plugins\/seo\/ -->\n<title>M\u00fazeum s\u00a0finan\u010dnou podporou KSK zak\u00fapilo kach\u013eov\u00fa pec | M\u00fazeum Trebi\u0161ov - Ka\u0161tie\u013e Andr\u00e1ssyovcov<\/title>\n<meta name=\"robots\" content=\"index, follow, max-snippet:-1, max-image-preview:large, max-video-preview:-1\" \/>\n<link rel=\"canonical\" href=\"https:\/\/www.muzeumtrebisov.sk\/hu\/spravy\/muzeum-s-financnou-podporou-ksk-zakupilo-kachlovu-pec\/\" \/>\n<meta property=\"og:locale\" content=\"hu_HU\" \/>\n<meta property=\"og:type\" content=\"article\" \/>\n<meta property=\"og:title\" content=\"M\u00fazeum s\u00a0finan\u010dnou podporou KSK zak\u00fapilo kach\u013eov\u00fa pec | M\u00fazeum Trebi\u0161ov - Ka\u0161tie\u013e Andr\u00e1ssyovcov\" \/>\n<meta property=\"og:description\" content=\"V\u00a0roku 2021 na\u0161e m\u00fazeum s\u00a0finan\u010dnou podporou Ko\u0161ick\u00e9ho samospr\u00e1vneho kraja\u00a0 (KSK) zak\u00fapilo kach\u013eov\u00fa pec, pravdepodobne poch\u00e1dzaj\u00facu z\u00a0p\u00f4vodn\u00e9ho invent\u00e1ra ka\u0161tie\u013ea v\u00a0Humennom. Pod\u013ea dostupn\u00fdch inform\u00e1ci\u00ed si gr\u00f3f J\u00falius Andr\u00e1ssy z\u00a0Trebi\u0161ova a\u00a0jeho brat Alad\u00e1r Andr\u00e1ssy, ktor\u00fd vlastnil humensk\u00fd ka\u0161tie\u013e, zak\u00fapili identick\u00e9 pece ktor\u00e9 sa l\u00ed\u0161ili len korunkami. Datova\u0165 ju m\u00f4\u017eeme do druhej polovice 19. storo\u010dia, jej v\u00fdrobca v\u0161ak ost\u00e1va\" \/>\n<meta property=\"og:url\" content=\"https:\/\/www.muzeumtrebisov.sk\/hu\/spravy\/muzeum-s-financnou-podporou-ksk-zakupilo-kachlovu-pec\/\" \/>\n<meta property=\"og:site_name\" content=\"M\u00fazeum Trebi\u0161ov - Ka\u0161tie\u013e Andr\u00e1ssyovcov\" \/>\n<meta property=\"article:publisher\" content=\"https:\/\/www.facebook.com\/muzeumtvkastielandrassyovcov\" \/>\n<meta property=\"article:published_time\" content=\"2022-06-01T07:42:44+00:00\" \/>\n<meta property=\"article:modified_time\" content=\"2022-06-01T07:42:45+00:00\" \/>\n<meta property=\"og:image\" content=\"https:\/\/www.muzeumtrebisov.sk\/wp-content\/uploads\/2022\/06\/kachlova_pec-scaled.jpg\" \/>\n\t<meta property=\"og:image:width\" content=\"1707\" \/>\n\t<meta property=\"og:image:height\" content=\"2560\" \/>\n\t<meta property=\"og:image:type\" content=\"image\/jpeg\" \/>\n<meta name=\"twitter:card\" content=\"summary_large_image\" \/>\n<meta name=\"twitter:label1\" content=\"Szerz\u0151:\" \/>\n\t<meta name=\"twitter:data1\" content=\"muzeumtvadmin\" \/>\n\t<meta name=\"twitter:label2\" content=\"Becs\u00fclt olvas\u00e1si id\u0151\" \/>\n\t<meta name=\"twitter:data2\" content=\"2 perc\" \/>\n<script type=\"application\/ld+json\" class=\"yoast-schema-graph\">{\"@context\":\"https:\/\/schema.org\",\"@graph\":[{\"@type\":\"Organization\",\"@id\":\"https:\/\/www.muzeumtrebisov.sk\/#organization\",\"name\":\"M\u00fazeum Trebi\u0161ov - Ka\u0161tie\u013e Andr\u00e1ssyovcov\",\"url\":\"https:\/\/www.muzeumtrebisov.sk\/\",\"sameAs\":[\"https:\/\/www.facebook.com\/muzeumtvkastielandrassyovcov\",\"https:\/\/www.instagram.com\/muzeumtrebisovkastielandrassy\/\",\"https:\/\/www.youtube.com\/channel\/UCprfZHvPNIxqZ2IHCDwfv1w\"],\"logo\":{\"@type\":\"ImageObject\",\"@id\":\"https:\/\/www.muzeumtrebisov.sk\/#logo\",\"inLanguage\":\"hu\",\"url\":\"https:\/\/www.muzeumtrebisov.sk\/wp-content\/uploads\/2022\/04\/dual-logo-color-hor.png\",\"contentUrl\":\"https:\/\/www.muzeumtrebisov.sk\/wp-content\/uploads\/2022\/04\/dual-logo-color-hor.png\",\"width\":749,\"height\":140,\"caption\":\"M\u00fazeum Trebi\u0161ov - Ka\u0161tie\u013e Andr\u00e1ssyovcov\"},\"image\":{\"@id\":\"https:\/\/www.muzeumtrebisov.sk\/#logo\"}},{\"@type\":\"WebSite\",\"@id\":\"https:\/\/www.muzeumtrebisov.sk\/#website\",\"url\":\"https:\/\/www.muzeumtrebisov.sk\/\",\"name\":\"M\u00fazeum Trebi\u0161ov - Ka\u0161tie\u013e Andr\u00e1ssyovcov\",\"description\":\"Hist\u00f3ria Andr\u00e1ssyovcov a ju\u017en\u00e9ho Zempl\u00edna\",\"publisher\":{\"@id\":\"https:\/\/www.muzeumtrebisov.sk\/#organization\"},\"potentialAction\":[{\"@type\":\"SearchAction\",\"target\":{\"@type\":\"EntryPoint\",\"urlTemplate\":\"https:\/\/www.muzeumtrebisov.sk\/?s={search_term_string}\"},\"query-input\":\"required name=search_term_string\"}],\"inLanguage\":\"hu\"},{\"@type\":\"ImageObject\",\"@id\":\"https:\/\/www.muzeumtrebisov.sk\/spravy\/muzeum-s-financnou-podporou-ksk-zakupilo-kachlovu-pec\/#primaryimage\",\"inLanguage\":\"hu\",\"url\":\"https:\/\/www.muzeumtrebisov.sk\/wp-content\/uploads\/2022\/06\/kachlova_pec-scaled.jpg\",\"contentUrl\":\"https:\/\/www.muzeumtrebisov.sk\/wp-content\/uploads\/2022\/06\/kachlova_pec-scaled.jpg\",\"width\":1707,\"height\":2560},{\"@type\":\"WebPage\",\"@id\":\"https:\/\/www.muzeumtrebisov.sk\/spravy\/muzeum-s-financnou-podporou-ksk-zakupilo-kachlovu-pec\/#webpage\",\"url\":\"https:\/\/www.muzeumtrebisov.sk\/spravy\/muzeum-s-financnou-podporou-ksk-zakupilo-kachlovu-pec\/\",\"name\":\"M\u00fazeum s\u00a0finan\u010dnou podporou KSK zak\u00fapilo kach\u013eov\u00fa pec | M\u00fazeum Trebi\u0161ov - Ka\u0161tie\u013e Andr\u00e1ssyovcov\",\"isPartOf\":{\"@id\":\"https:\/\/www.muzeumtrebisov.sk\/#website\"},\"primaryImageOfPage\":{\"@id\":\"https:\/\/www.muzeumtrebisov.sk\/spravy\/muzeum-s-financnou-podporou-ksk-zakupilo-kachlovu-pec\/#primaryimage\"},\"datePublished\":\"2022-06-01T07:42:44+00:00\",\"dateModified\":\"2022-06-01T07:42:45+00:00\",\"breadcrumb\":{\"@id\":\"https:\/\/www.muzeumtrebisov.sk\/spravy\/muzeum-s-financnou-podporou-ksk-zakupilo-kachlovu-pec\/#breadcrumb\"},\"inLanguage\":\"hu\",\"potentialAction\":[{\"@type\":\"ReadAction\",\"target\":[\"https:\/\/www.muzeumtrebisov.sk\/spravy\/muzeum-s-financnou-podporou-ksk-zakupilo-kachlovu-pec\/\"]}]},{\"@type\":\"BreadcrumbList\",\"@id\":\"https:\/\/www.muzeumtrebisov.sk\/spravy\/muzeum-s-financnou-podporou-ksk-zakupilo-kachlovu-pec\/#breadcrumb\",\"itemListElement\":[{\"@type\":\"ListItem\",\"position\":1,\"name\":\"Home\",\"item\":\"https:\/\/www.muzeumtrebisov.sk\/\"},{\"@type\":\"ListItem\",\"position\":2,\"name\":\"M\u00fazeum s\u00a0finan\u010dnou podporou KSK zak\u00fapilo kach\u013eov\u00fa pec\"}]},{\"@type\":\"Article\",\"@id\":\"https:\/\/www.muzeumtrebisov.sk\/spravy\/muzeum-s-financnou-podporou-ksk-zakupilo-kachlovu-pec\/#article\",\"isPartOf\":{\"@id\":\"https:\/\/www.muzeumtrebisov.sk\/spravy\/muzeum-s-financnou-podporou-ksk-zakupilo-kachlovu-pec\/#webpage\"},\"author\":{\"@id\":\"https:\/\/www.muzeumtrebisov.sk\/#\/schema\/person\/e020f4c0852b191613d063438d60ae6b\"},\"headline\":\"M\u00fazeum s\u00a0finan\u010dnou podporou KSK zak\u00fapilo kach\u013eov\u00fa pec\",\"datePublished\":\"2022-06-01T07:42:44+00:00\",\"dateModified\":\"2022-06-01T07:42:45+00:00\",\"mainEntityOfPage\":{\"@id\":\"https:\/\/www.muzeumtrebisov.sk\/spravy\/muzeum-s-financnou-podporou-ksk-zakupilo-kachlovu-pec\/#webpage\"},\"wordCount\":267,\"commentCount\":0,\"publisher\":{\"@id\":\"https:\/\/www.muzeumtrebisov.sk\/#organization\"},\"image\":{\"@id\":\"https:\/\/www.muzeumtrebisov.sk\/spravy\/muzeum-s-financnou-podporou-ksk-zakupilo-kachlovu-pec\/#primaryimage\"},\"thumbnailUrl\":\"https:\/\/www.muzeumtrebisov.sk\/wp-content\/uploads\/2022\/06\/kachlova_pec-scaled.jpg\",\"articleSection\":[\"Spr\u00e1vy\"],\"inLanguage\":\"hu\",\"potentialAction\":[{\"@type\":\"CommentAction\",\"name\":\"Comment\",\"target\":[\"https:\/\/www.muzeumtrebisov.sk\/spravy\/muzeum-s-financnou-podporou-ksk-zakupilo-kachlovu-pec\/#respond\"]}]},{\"@type\":\"Person\",\"@id\":\"https:\/\/www.muzeumtrebisov.sk\/#\/schema\/person\/e020f4c0852b191613d063438d60ae6b\",\"name\":\"muzeumtvadmin\",\"image\":{\"@type\":\"ImageObject\",\"@id\":\"https:\/\/www.muzeumtrebisov.sk\/#personlogo\",\"inLanguage\":\"hu\",\"url\":\"https:\/\/secure.gravatar.com\/avatar\/115030f8384675efad0cc99183d7cd51?s=96&d=mm&r=g\",\"contentUrl\":\"https:\/\/secure.gravatar.com\/avatar\/115030f8384675efad0cc99183d7cd51?s=96&d=mm&r=g\",\"caption\":\"muzeumtvadmin\"},\"sameAs\":[\"https:\/\/www.muzeumtrebisov.sk\"],\"url\":\"https:\/\/www.muzeumtrebisov.sk\/hu\/author\/muzeumtvadmin\/\"}]}<\/script>\n<!-- \/ Yoast SEO plugin. -->","yoast_head_json":{"title":"M\u00fazeum s\u00a0finan\u010dnou podporou KSK zak\u00fapilo kach\u013eov\u00fa pec | M\u00fazeum Trebi\u0161ov - Ka\u0161tie\u013e Andr\u00e1ssyovcov","robots":{"index":"index","follow":"follow","max-snippet":"max-snippet:-1","max-image-preview":"max-image-preview:large","max-video-preview":"max-video-preview:-1"},"canonical":"https:\/\/www.muzeumtrebisov.sk\/hu\/spravy\/muzeum-s-financnou-podporou-ksk-zakupilo-kachlovu-pec\/","og_locale":"hu_HU","og_type":"article","og_title":"M\u00fazeum s\u00a0finan\u010dnou podporou KSK zak\u00fapilo kach\u013eov\u00fa pec | M\u00fazeum Trebi\u0161ov - Ka\u0161tie\u013e Andr\u00e1ssyovcov","og_description":"V\u00a0roku 2021 na\u0161e m\u00fazeum s\u00a0finan\u010dnou podporou Ko\u0161ick\u00e9ho samospr\u00e1vneho kraja\u00a0 (KSK) zak\u00fapilo kach\u013eov\u00fa pec, pravdepodobne poch\u00e1dzaj\u00facu z\u00a0p\u00f4vodn\u00e9ho invent\u00e1ra ka\u0161tie\u013ea v\u00a0Humennom. Pod\u013ea dostupn\u00fdch inform\u00e1ci\u00ed si gr\u00f3f J\u00falius Andr\u00e1ssy z\u00a0Trebi\u0161ova a\u00a0jeho brat Alad\u00e1r Andr\u00e1ssy, ktor\u00fd vlastnil humensk\u00fd ka\u0161tie\u013e, zak\u00fapili identick\u00e9 pece ktor\u00e9 sa l\u00ed\u0161ili len korunkami. Datova\u0165 ju m\u00f4\u017eeme do druhej polovice 19. storo\u010dia, jej v\u00fdrobca v\u0161ak ost\u00e1va","og_url":"https:\/\/www.muzeumtrebisov.sk\/hu\/spravy\/muzeum-s-financnou-podporou-ksk-zakupilo-kachlovu-pec\/","og_site_name":"M\u00fazeum Trebi\u0161ov - Ka\u0161tie\u013e Andr\u00e1ssyovcov","article_publisher":"https:\/\/www.facebook.com\/muzeumtvkastielandrassyovcov","article_published_time":"2022-06-01T07:42:44+00:00","article_modified_time":"2022-06-01T07:42:45+00:00","og_image":[{"width":1707,"height":2560,"url":"https:\/\/www.muzeumtrebisov.sk\/wp-content\/uploads\/2022\/06\/kachlova_pec-scaled.jpg","type":"image\/jpeg"}],"twitter_card":"summary_large_image","twitter_misc":{"Szerz\u0151:":"muzeumtvadmin","Becs\u00fclt olvas\u00e1si id\u0151":"2 perc"},"schema":{"@context":"https:\/\/schema.org","@graph":[{"@type":"Organization","@id":"https:\/\/www.muzeumtrebisov.sk\/#organization","name":"M\u00fazeum Trebi\u0161ov - Ka\u0161tie\u013e Andr\u00e1ssyovcov","url":"https:\/\/www.muzeumtrebisov.sk\/","sameAs":["https:\/\/www.facebook.com\/muzeumtvkastielandrassyovcov","https:\/\/www.instagram.com\/muzeumtrebisovkastielandrassy\/","https:\/\/www.youtube.com\/channel\/UCprfZHvPNIxqZ2IHCDwfv1w"],"logo":{"@type":"ImageObject","@id":"https:\/\/www.muzeumtrebisov.sk\/#logo","inLanguage":"hu","url":"https:\/\/www.muzeumtrebisov.sk\/wp-content\/uploads\/2022\/04\/dual-logo-color-hor.png","contentUrl":"https:\/\/www.muzeumtrebisov.sk\/wp-content\/uploads\/2022\/04\/dual-logo-color-hor.png","width":749,"height":140,"caption":"M\u00fazeum Trebi\u0161ov - Ka\u0161tie\u013e Andr\u00e1ssyovcov"},"image":{"@id":"https:\/\/www.muzeumtrebisov.sk\/#logo"}},{"@type":"WebSite","@id":"https:\/\/www.muzeumtrebisov.sk\/#website","url":"https:\/\/www.muzeumtrebisov.sk\/","name":"M\u00fazeum Trebi\u0161ov - Ka\u0161tie\u013e Andr\u00e1ssyovcov","description":"Hist\u00f3ria Andr\u00e1ssyovcov a ju\u017en\u00e9ho Zempl\u00edna","publisher":{"@id":"https:\/\/www.muzeumtrebisov.sk\/#organization"},"potentialAction":[{"@type":"SearchAction","target":{"@type":"EntryPoint","urlTemplate":"https:\/\/www.muzeumtrebisov.sk\/?s={search_term_string}"},"query-input":"required name=search_term_string"}],"inLanguage":"hu"},{"@type":"ImageObject","@id":"https:\/\/www.muzeumtrebisov.sk\/spravy\/muzeum-s-financnou-podporou-ksk-zakupilo-kachlovu-pec\/#primaryimage","inLanguage":"hu","url":"https:\/\/www.muzeumtrebisov.sk\/wp-content\/uploads\/2022\/06\/kachlova_pec-scaled.jpg","contentUrl":"https:\/\/www.muzeumtrebisov.sk\/wp-content\/uploads\/2022\/06\/kachlova_pec-scaled.jpg","width":1707,"height":2560},{"@type":"WebPage","@id":"https:\/\/www.muzeumtrebisov.sk\/spravy\/muzeum-s-financnou-podporou-ksk-zakupilo-kachlovu-pec\/#webpage","url":"https:\/\/www.muzeumtrebisov.sk\/spravy\/muzeum-s-financnou-podporou-ksk-zakupilo-kachlovu-pec\/","name":"M\u00fazeum s\u00a0finan\u010dnou podporou KSK zak\u00fapilo kach\u013eov\u00fa pec | M\u00fazeum Trebi\u0161ov - Ka\u0161tie\u013e Andr\u00e1ssyovcov","isPartOf":{"@id":"https:\/\/www.muzeumtrebisov.sk\/#website"},"primaryImageOfPage":{"@id":"https:\/\/www.muzeumtrebisov.sk\/spravy\/muzeum-s-financnou-podporou-ksk-zakupilo-kachlovu-pec\/#primaryimage"},"datePublished":"2022-06-01T07:42:44+00:00","dateModified":"2022-06-01T07:42:45+00:00","breadcrumb":{"@id":"https:\/\/www.muzeumtrebisov.sk\/spravy\/muzeum-s-financnou-podporou-ksk-zakupilo-kachlovu-pec\/#breadcrumb"},"inLanguage":"hu","potentialAction":[{"@type":"ReadAction","target":["https:\/\/www.muzeumtrebisov.sk\/spravy\/muzeum-s-financnou-podporou-ksk-zakupilo-kachlovu-pec\/"]}]},{"@type":"BreadcrumbList","@id":"https:\/\/www.muzeumtrebisov.sk\/spravy\/muzeum-s-financnou-podporou-ksk-zakupilo-kachlovu-pec\/#breadcrumb","itemListElement":[{"@type":"ListItem","position":1,"name":"Home","item":"https:\/\/www.muzeumtrebisov.sk\/"},{"@type":"ListItem","position":2,"name":"M\u00fazeum s\u00a0finan\u010dnou podporou KSK zak\u00fapilo kach\u013eov\u00fa pec"}]},{"@type":"Article","@id":"https:\/\/www.muzeumtrebisov.sk\/spravy\/muzeum-s-financnou-podporou-ksk-zakupilo-kachlovu-pec\/#article","isPartOf":{"@id":"https:\/\/www.muzeumtrebisov.sk\/spravy\/muzeum-s-financnou-podporou-ksk-zakupilo-kachlovu-pec\/#webpage"},"author":{"@id":"https:\/\/www.muzeumtrebisov.sk\/#\/schema\/person\/e020f4c0852b191613d063438d60ae6b"},"headline":"M\u00fazeum s\u00a0finan\u010dnou podporou KSK zak\u00fapilo kach\u013eov\u00fa pec","datePublished":"2022-06-01T07:42:44+00:00","dateModified":"2022-06-01T07:42:45+00:00","mainEntityOfPage":{"@id":"https:\/\/www.muzeumtrebisov.sk\/spravy\/muzeum-s-financnou-podporou-ksk-zakupilo-kachlovu-pec\/#webpage"},"wordCount":267,"commentCount":0,"publisher":{"@id":"https:\/\/www.muzeumtrebisov.sk\/#organization"},"image":{"@id":"https:\/\/www.muzeumtrebisov.sk\/spravy\/muzeum-s-financnou-podporou-ksk-zakupilo-kachlovu-pec\/#primaryimage"},"thumbnailUrl":"https:\/\/www.muzeumtrebisov.sk\/wp-content\/uploads\/2022\/06\/kachlova_pec-scaled.jpg","articleSection":["Spr\u00e1vy"],"inLanguage":"hu","potentialAction":[{"@type":"CommentAction","name":"Comment","target":["https:\/\/www.muzeumtrebisov.sk\/spravy\/muzeum-s-financnou-podporou-ksk-zakupilo-kachlovu-pec\/#respond"]}]},{"@type":"Person","@id":"https:\/\/www.muzeumtrebisov.sk\/#\/schema\/person\/e020f4c0852b191613d063438d60ae6b","name":"muzeumtvadmin","image":{"@type":"ImageObject","@id":"https:\/\/www.muzeumtrebisov.sk\/#personlogo","inLanguage":"hu","url":"https:\/\/secure.gravatar.com\/avatar\/115030f8384675efad0cc99183d7cd51?s=96&d=mm&r=g","contentUrl":"https:\/\/secure.gravatar.com\/avatar\/115030f8384675efad0cc99183d7cd51?s=96&d=mm&r=g","caption":"muzeumtvadmin"},"sameAs":["https:\/\/www.muzeumtrebisov.sk"],"url":"https:\/\/www.muzeumtrebisov.sk\/hu\/author\/muzeumtvadmin\/"}]}},"_links":{"self":[{"href":"https:\/\/www.muzeumtrebisov.sk\/hu\/wp-json\/wp\/v2\/posts\/2477"}],"collection":[{"href":"https:\/\/www.muzeumtrebisov.sk\/hu\/wp-json\/wp\/v2\/posts"}],"about":[{"href":"https:\/\/www.muzeumtrebisov.sk\/hu\/wp-json\/wp\/v2\/types\/post"}],"author":[{"embeddable":true,"href":"https:\/\/www.muzeumtrebisov.sk\/hu\/wp-json\/wp\/v2\/users\/1"}],"replies":[{"embeddable":true,"href":"https:\/\/www.muzeumtrebisov.sk\/hu\/wp-json\/wp\/v2\/comments?post=2477"}],"version-history":[{"count":1,"href":"https:\/\/www.muzeumtrebisov.sk\/hu\/wp-json\/wp\/v2\/posts\/2477\/revisions"}],"predecessor-version":[{"id":2479,"href":"https:\/\/www.muzeumtrebisov.sk\/hu\/wp-json\/wp\/v2\/posts\/2477\/revisions\/2479"}],"wp:featuredmedia":[{"embeddable":true,"href":"https:\/\/www.muzeumtrebisov.sk\/hu\/wp-json\/wp\/v2\/media\/2478"}],"wp:attachment":[{"href":"https:\/\/www.muzeumtrebisov.sk\/hu\/wp-json\/wp\/v2\/media?parent=2477"}],"wp:term":[{"taxonomy":"category","embeddable":true,"href":"https:\/\/www.muzeumtrebisov.sk\/hu\/wp-json\/wp\/v2\/categories?post=2477"},{"taxonomy":"post_tag","embeddable":true,"href":"https:\/\/www.muzeumtrebisov.sk\/hu\/wp-json\/wp\/v2\/tags?post=2477"}],"curies":[{"name":"wp","href":"https:\/\/api.w.org\/{rel}","templated":true}]}}