{"id":2473,"date":"2022-06-01T09:38:52","date_gmt":"2022-06-01T07:38:52","guid":{"rendered":"https:\/\/www.muzeumtrebisov.sk\/?p=2473"},"modified":"2022-06-01T09:39:47","modified_gmt":"2022-06-01T07:39:47","slug":"d-fondu-muzea-a-kulturneho-centra-juzneho-zemplina-v-trebisove-pribudli-aj-vzacne-empirove-hodiny","status":"publish","type":"post","link":"https:\/\/www.muzeumtrebisov.sk\/hu\/spravy\/d-fondu-muzea-a-kulturneho-centra-juzneho-zemplina-v-trebisove-pribudli-aj-vzacne-empirove-hodiny\/","title":{"rendered":"Do fondu M\u00fazea a\u00a0Kult\u00farneho centra ju\u017en\u00e9ho Zempl\u00edna v\u00a0Trebi\u0161ove pribudli aj vz\u00e1cne emp\u00edrov\u00e9 hodiny"},"content":{"rendered":"<p>V\u00a0roku 2022 do fondu M\u00fazea a\u00a0Kult\u00farneho centra ju\u017en\u00e9ho Zempl\u00edna v\u00a0Trebi\u0161ove pribudli aj vz\u00e1cne emp\u00edrov\u00e9 hodinyvyroben\u00e9 z\u00a0alabastru. Zak\u00fapen\u00e9 boli v\u010faka finan\u010dnej podpore z <em>Fondu na podporu umenia<\/em> (FPU) a\u00a0od zria\u010fovate\u013ea m\u00fazea &#8211; <em>Ko\u0161ick\u00e9ho samospr\u00e1vneho kraja<\/em> (KSK).\u00a0 S\u00fa umiestnen\u00e9 na alabastrov\u00fdch n\u00f4\u017ekach zdoben\u00fdch rastlinn\u00fdm mot\u00edvom v\u00a0tvare okvetn\u00fdch l\u00edstkov. Samotn\u00e9 telo hod\u00edn m\u00e1 v\u00a0strede umiestnen\u00fd pozl\u00e1ten\u00fd cifern\u00edk okr\u00fahleho tvaru, ktor\u00fd je po obvode zdoben\u00fd rastlinn\u00fdm mot\u00edvom vo forme mal\u00fdch ru\u017ei\u010diek s\u00a0okvetn\u00fdmi l\u00edstkami. \u010c\u00edsla predstavuj\u00face hodiny s\u00fa zn\u00e1zornen\u00e9 r\u00edmskymi \u010d\u00edslicami od I\u00a0po XII. Hodinov\u00e1 aj min\u00fatov\u00e1 ru\u010di\u010dka hod\u00edn s\u00fa v\u00a0tvare jednoduchej \u0161\u00edpky, pri\u010dom v\u00a0tretine s\u00fa ru\u010di\u010dky preru\u0161en\u00e9 jednoduch\u00fdm kr\u00fa\u017ekom. Pod cifern\u00edkom sa nach\u00e1dza plasticky formovan\u00e1 hlava mladej \u017eeny so zv\u00fdraznen\u00fdmi \u010drtami tv\u00e1re (o\u010di, nos, \u00fasta, brada) a\u00a0po bokoch tv\u00e1re jej spl\u00fdvaj\u00fa ku\u010derav\u00e9 pramene vlasov. Na hlave m\u00e1 umiestnen\u00fd veniec z\u00a0kvetov. V\u00a0ka\u017edom rohu obd\u013a\u017enikov\u00e9ho tela hod\u00edn je umiestnen\u00e1 plasticky formovan\u00e1 kvetina. Samotn\u00e9 telo hod\u00edn v\u00a0tvare obd\u013a\u017enika je umiestnen\u00e9 na \u201ezo\u0161ikmenej\u201c podstave, ktorej okraj je zdoben\u00fd plastick\u00fdm geometrick\u00fdm mot\u00edvom. Vrchn\u00e1 \u010das\u0165 tela hod\u00edn je zdoben\u00e1 r\u00edmsou, ktor\u00e1 je taktie\u017e plasticky zdoben\u00e1 geometrick\u00fdm mot\u00edvom. Obidva boky tela hod\u00edn s\u00fa plasticky zdoben\u00e9 mot\u00edvom dvoch zvisl\u00fdch horiacich fakl\u00ed zviazan\u00fdch stuhou s\u00a0pe\u010da\u0165ou. Pozl\u00e1ten\u00e9 kyvadlo hod\u00edn okr\u00fahleho tvaru sa nach\u00e1dza vo vn\u00fatornej \u010dasti hod\u00edn. \u00a0\u00a0\u00a0\u00a0\u00a0\u00a0\u00a0\u00a0\u00a0\u00a0\u00a0\u00a0\u00a0\u00a0\u00a0\u00a0\u00a0\u00a0\u00a0\u00a0\u00a0\u00a0\u00a0\u00a0\u00a0\u00a0\u00a0\u00a0\u00a0\u00a0\u00a0\u00a0\u00a0\u00a0 \u00a0\u00a0\u00a0\u00a0\u00a0\u00a0\u00a0\u00a0\u00a0\u00a0\u00a0\u00a0\u00a0\u00a0\u00a0\u00a0\u00a0\u00a0\u00a0\u00a0\u00a0\u00a0\u00a0\u00a0\u00a0\u00a0\u00a0\u00a0\u00a0\u00a0\u00a0\u00a0\u00a0\u00a0\u00a0\u00a0\u00a0\u00a0\u00a0\u00a0\u00a0\u00a0\u00a0\u00a0\u00a0\u00a0\u00a0\u00a0\u00a0\u00a0\u00a0\u00a0\u00a0\u00a0\u00a0\u00a0\u00a0\u00a0 \u00a0\u00a0\u00a0\u00a0\u00a0\u00a0\u00a0\u00a0\u00a0\u00a0\u00a0 <\/p>\n\n\n\n<p>V\u00a0s\u00fa\u010dasnosti s\u00fa hodiny umiestnen\u00e9 v st\u00e1lej expoz\u00edcii s\u00a0n\u00e1zvom \u0160\u013eachtick\u00e9 rody trebi\u0161ovsk\u00e9ho ka\u0161tie\u013ea, konkr\u00e9tne v\u00a0sal\u00f3ne zariadenom v\u00a0\u0161t\u00fdle emp\u00edru. Dotv\u00e1raj\u00fa tak celkov\u00fa atmosf\u00e9ru a\u00a0zariadenie izby v\u00a0luxusnom pr\u00edbytku \u0161\u013eachty na za\u010diatku 19. storo\u010dia.<\/p>\n\n\n\n<figure class=\"wp-block-image size-large\"><img loading=\"lazy\" width=\"1024\" height=\"683\" src=\"https:\/\/www.muzeumtrebisov.sk\/wp-content\/uploads\/2022\/06\/Empirove-hodiny-2-1024x683.jpg\" alt=\"\" class=\"wp-image-2474\" srcset=\"https:\/\/www.muzeumtrebisov.sk\/wp-content\/uploads\/2022\/06\/Empirove-hodiny-2-1024x683.jpg 1024w, https:\/\/www.muzeumtrebisov.sk\/wp-content\/uploads\/2022\/06\/Empirove-hodiny-2-300x200.jpg 300w, https:\/\/www.muzeumtrebisov.sk\/wp-content\/uploads\/2022\/06\/Empirove-hodiny-2-768x512.jpg 768w, https:\/\/www.muzeumtrebisov.sk\/wp-content\/uploads\/2022\/06\/Empirove-hodiny-2-1536x1024.jpg 1536w, https:\/\/www.muzeumtrebisov.sk\/wp-content\/uploads\/2022\/06\/Empirove-hodiny-2-2048x1365.jpg 2048w, https:\/\/www.muzeumtrebisov.sk\/wp-content\/uploads\/2022\/06\/Empirove-hodiny-2-500x333.jpg 500w, https:\/\/www.muzeumtrebisov.sk\/wp-content\/uploads\/2022\/06\/Empirove-hodiny-2-800x533.jpg 800w, https:\/\/www.muzeumtrebisov.sk\/wp-content\/uploads\/2022\/06\/Empirove-hodiny-2-1280x853.jpg 1280w, https:\/\/www.muzeumtrebisov.sk\/wp-content\/uploads\/2022\/06\/Empirove-hodiny-2-1920x1280.jpg 1920w, https:\/\/www.muzeumtrebisov.sk\/wp-content\/uploads\/2022\/06\/Empirove-hodiny-2-600x400.jpg 600w\" sizes=\"(max-width: 1024px) 100vw, 1024px\" \/><\/figure>","protected":false},"excerpt":{"rendered":"<p>V\u00a0roku 2022 do fondu M\u00fazea a\u00a0Kult\u00farneho centra ju\u017en\u00e9ho Zempl\u00edna v\u00a0Trebi\u0161ove pribudli aj vz\u00e1cne emp\u00edrov\u00e9 hodinyvyroben\u00e9 z\u00a0alabastru. Zak\u00fapen\u00e9 boli v\u010faka finan\u010dnej podpore z Fondu na podporu umenia (FPU) a\u00a0od zria\u010fovate\u013ea m\u00fazea &#8211; Ko\u0161ick\u00e9ho samospr\u00e1vneho kraja (KSK).\u00a0 S\u00fa umiestnen\u00e9 na alabastrov\u00fdch n\u00f4\u017ekach zdoben\u00fdch rastlinn\u00fdm mot\u00edvom v\u00a0tvare okvetn\u00fdch l\u00edstkov. Samotn\u00e9 telo hod\u00edn m\u00e1 v\u00a0strede umiestnen\u00fd pozl\u00e1ten\u00fd cifern\u00edk okr\u00fahleho<\/p>","protected":false},"author":1,"featured_media":2474,"comment_status":"open","ping_status":"open","sticky":false,"template":"","format":"standard","meta":{"om_disable_all_campaigns":false,"_vp_format_video_url":"","_vp_image_focal_point":{"x":0.5100000000000000088817841970012523233890533447265625,"y":0.38000000000000000444089209850062616169452667236328125}},"categories":[19],"tags":[],"aioseo_notices":[],"yoast_head":"<!-- This site is optimized with the Yoast SEO plugin v18.5.1 - https:\/\/yoast.com\/wordpress\/plugins\/seo\/ -->\n<title>Do fondu M\u00fazea a\u00a0Kult\u00farneho centra ju\u017en\u00e9ho Zempl\u00edna v\u00a0Trebi\u0161ove pribudli aj vz\u00e1cne emp\u00edrov\u00e9 hodiny | M\u00fazeum Trebi\u0161ov - Ka\u0161tie\u013e Andr\u00e1ssyovcov<\/title>\n<meta name=\"robots\" content=\"index, follow, max-snippet:-1, max-image-preview:large, max-video-preview:-1\" \/>\n<link rel=\"canonical\" href=\"https:\/\/www.muzeumtrebisov.sk\/hu\/spravy\/d-fondu-muzea-a-kulturneho-centra-juzneho-zemplina-v-trebisove-pribudli-aj-vzacne-empirove-hodiny\/\" \/>\n<meta property=\"og:locale\" content=\"hu_HU\" \/>\n<meta property=\"og:type\" content=\"article\" \/>\n<meta property=\"og:title\" content=\"Do fondu M\u00fazea a\u00a0Kult\u00farneho centra ju\u017en\u00e9ho Zempl\u00edna v\u00a0Trebi\u0161ove pribudli aj vz\u00e1cne emp\u00edrov\u00e9 hodiny | M\u00fazeum Trebi\u0161ov - Ka\u0161tie\u013e Andr\u00e1ssyovcov\" \/>\n<meta property=\"og:description\" content=\"V\u00a0roku 2022 do fondu M\u00fazea a\u00a0Kult\u00farneho centra ju\u017en\u00e9ho Zempl\u00edna v\u00a0Trebi\u0161ove pribudli aj vz\u00e1cne emp\u00edrov\u00e9 hodinyvyroben\u00e9 z\u00a0alabastru. Zak\u00fapen\u00e9 boli v\u010faka finan\u010dnej podpore z Fondu na podporu umenia (FPU) a\u00a0od zria\u010fovate\u013ea m\u00fazea &#8211; Ko\u0161ick\u00e9ho samospr\u00e1vneho kraja (KSK).\u00a0 S\u00fa umiestnen\u00e9 na alabastrov\u00fdch n\u00f4\u017ekach zdoben\u00fdch rastlinn\u00fdm mot\u00edvom v\u00a0tvare okvetn\u00fdch l\u00edstkov. Samotn\u00e9 telo hod\u00edn m\u00e1 v\u00a0strede umiestnen\u00fd pozl\u00e1ten\u00fd cifern\u00edk okr\u00fahleho\" \/>\n<meta property=\"og:url\" content=\"https:\/\/www.muzeumtrebisov.sk\/hu\/spravy\/d-fondu-muzea-a-kulturneho-centra-juzneho-zemplina-v-trebisove-pribudli-aj-vzacne-empirove-hodiny\/\" \/>\n<meta property=\"og:site_name\" content=\"M\u00fazeum Trebi\u0161ov - Ka\u0161tie\u013e Andr\u00e1ssyovcov\" \/>\n<meta property=\"article:publisher\" content=\"https:\/\/www.facebook.com\/muzeumtvkastielandrassyovcov\" \/>\n<meta property=\"article:published_time\" content=\"2022-06-01T07:38:52+00:00\" \/>\n<meta property=\"article:modified_time\" content=\"2022-06-01T07:39:47+00:00\" \/>\n<meta property=\"og:image\" content=\"https:\/\/www.muzeumtrebisov.sk\/wp-content\/uploads\/2022\/06\/Empirove-hodiny-2-scaled.jpg\" \/>\n\t<meta property=\"og:image:width\" content=\"2560\" \/>\n\t<meta property=\"og:image:height\" content=\"1707\" \/>\n\t<meta property=\"og:image:type\" content=\"image\/jpeg\" \/>\n<meta name=\"twitter:card\" content=\"summary_large_image\" \/>\n<meta name=\"twitter:label1\" content=\"Szerz\u0151:\" \/>\n\t<meta name=\"twitter:data1\" content=\"muzeumtvadmin\" \/>\n\t<meta name=\"twitter:label2\" content=\"Becs\u00fclt olvas\u00e1si id\u0151\" \/>\n\t<meta name=\"twitter:data2\" content=\"2 perc\" \/>\n<script type=\"application\/ld+json\" class=\"yoast-schema-graph\">{\"@context\":\"https:\/\/schema.org\",\"@graph\":[{\"@type\":\"Organization\",\"@id\":\"https:\/\/www.muzeumtrebisov.sk\/#organization\",\"name\":\"M\u00fazeum Trebi\u0161ov - Ka\u0161tie\u013e Andr\u00e1ssyovcov\",\"url\":\"https:\/\/www.muzeumtrebisov.sk\/\",\"sameAs\":[\"https:\/\/www.facebook.com\/muzeumtvkastielandrassyovcov\",\"https:\/\/www.instagram.com\/muzeumtrebisovkastielandrassy\/\",\"https:\/\/www.youtube.com\/channel\/UCprfZHvPNIxqZ2IHCDwfv1w\"],\"logo\":{\"@type\":\"ImageObject\",\"@id\":\"https:\/\/www.muzeumtrebisov.sk\/#logo\",\"inLanguage\":\"hu\",\"url\":\"https:\/\/www.muzeumtrebisov.sk\/wp-content\/uploads\/2022\/04\/dual-logo-color-hor.png\",\"contentUrl\":\"https:\/\/www.muzeumtrebisov.sk\/wp-content\/uploads\/2022\/04\/dual-logo-color-hor.png\",\"width\":749,\"height\":140,\"caption\":\"M\u00fazeum Trebi\u0161ov - Ka\u0161tie\u013e Andr\u00e1ssyovcov\"},\"image\":{\"@id\":\"https:\/\/www.muzeumtrebisov.sk\/#logo\"}},{\"@type\":\"WebSite\",\"@id\":\"https:\/\/www.muzeumtrebisov.sk\/#website\",\"url\":\"https:\/\/www.muzeumtrebisov.sk\/\",\"name\":\"M\u00fazeum Trebi\u0161ov - Ka\u0161tie\u013e Andr\u00e1ssyovcov\",\"description\":\"Hist\u00f3ria Andr\u00e1ssyovcov a ju\u017en\u00e9ho Zempl\u00edna\",\"publisher\":{\"@id\":\"https:\/\/www.muzeumtrebisov.sk\/#organization\"},\"potentialAction\":[{\"@type\":\"SearchAction\",\"target\":{\"@type\":\"EntryPoint\",\"urlTemplate\":\"https:\/\/www.muzeumtrebisov.sk\/?s={search_term_string}\"},\"query-input\":\"required name=search_term_string\"}],\"inLanguage\":\"hu\"},{\"@type\":\"ImageObject\",\"@id\":\"https:\/\/www.muzeumtrebisov.sk\/spravy\/d-fondu-muzea-a-kulturneho-centra-juzneho-zemplina-v-trebisove-pribudli-aj-vzacne-empirove-hodiny\/#primaryimage\",\"inLanguage\":\"hu\",\"url\":\"https:\/\/www.muzeumtrebisov.sk\/wp-content\/uploads\/2022\/06\/Empirove-hodiny-2-scaled.jpg\",\"contentUrl\":\"https:\/\/www.muzeumtrebisov.sk\/wp-content\/uploads\/2022\/06\/Empirove-hodiny-2-scaled.jpg\",\"width\":2560,\"height\":1707},{\"@type\":\"WebPage\",\"@id\":\"https:\/\/www.muzeumtrebisov.sk\/spravy\/d-fondu-muzea-a-kulturneho-centra-juzneho-zemplina-v-trebisove-pribudli-aj-vzacne-empirove-hodiny\/#webpage\",\"url\":\"https:\/\/www.muzeumtrebisov.sk\/spravy\/d-fondu-muzea-a-kulturneho-centra-juzneho-zemplina-v-trebisove-pribudli-aj-vzacne-empirove-hodiny\/\",\"name\":\"Do fondu M\u00fazea a\u00a0Kult\u00farneho centra ju\u017en\u00e9ho Zempl\u00edna v\u00a0Trebi\u0161ove pribudli aj vz\u00e1cne emp\u00edrov\u00e9 hodiny | M\u00fazeum Trebi\u0161ov - Ka\u0161tie\u013e Andr\u00e1ssyovcov\",\"isPartOf\":{\"@id\":\"https:\/\/www.muzeumtrebisov.sk\/#website\"},\"primaryImageOfPage\":{\"@id\":\"https:\/\/www.muzeumtrebisov.sk\/spravy\/d-fondu-muzea-a-kulturneho-centra-juzneho-zemplina-v-trebisove-pribudli-aj-vzacne-empirove-hodiny\/#primaryimage\"},\"datePublished\":\"2022-06-01T07:38:52+00:00\",\"dateModified\":\"2022-06-01T07:39:47+00:00\",\"breadcrumb\":{\"@id\":\"https:\/\/www.muzeumtrebisov.sk\/spravy\/d-fondu-muzea-a-kulturneho-centra-juzneho-zemplina-v-trebisove-pribudli-aj-vzacne-empirove-hodiny\/#breadcrumb\"},\"inLanguage\":\"hu\",\"potentialAction\":[{\"@type\":\"ReadAction\",\"target\":[\"https:\/\/www.muzeumtrebisov.sk\/spravy\/d-fondu-muzea-a-kulturneho-centra-juzneho-zemplina-v-trebisove-pribudli-aj-vzacne-empirove-hodiny\/\"]}]},{\"@type\":\"BreadcrumbList\",\"@id\":\"https:\/\/www.muzeumtrebisov.sk\/spravy\/d-fondu-muzea-a-kulturneho-centra-juzneho-zemplina-v-trebisove-pribudli-aj-vzacne-empirove-hodiny\/#breadcrumb\",\"itemListElement\":[{\"@type\":\"ListItem\",\"position\":1,\"name\":\"Home\",\"item\":\"https:\/\/www.muzeumtrebisov.sk\/\"},{\"@type\":\"ListItem\",\"position\":2,\"name\":\"Do fondu M\u00fazea a\u00a0Kult\u00farneho centra ju\u017en\u00e9ho Zempl\u00edna v\u00a0Trebi\u0161ove pribudli aj vz\u00e1cne emp\u00edrov\u00e9 hodiny\"}]},{\"@type\":\"Article\",\"@id\":\"https:\/\/www.muzeumtrebisov.sk\/spravy\/d-fondu-muzea-a-kulturneho-centra-juzneho-zemplina-v-trebisove-pribudli-aj-vzacne-empirove-hodiny\/#article\",\"isPartOf\":{\"@id\":\"https:\/\/www.muzeumtrebisov.sk\/spravy\/d-fondu-muzea-a-kulturneho-centra-juzneho-zemplina-v-trebisove-pribudli-aj-vzacne-empirove-hodiny\/#webpage\"},\"author\":{\"@id\":\"https:\/\/www.muzeumtrebisov.sk\/#\/schema\/person\/e020f4c0852b191613d063438d60ae6b\"},\"headline\":\"Do fondu M\u00fazea a\u00a0Kult\u00farneho centra ju\u017en\u00e9ho Zempl\u00edna v\u00a0Trebi\u0161ove pribudli aj vz\u00e1cne emp\u00edrov\u00e9 hodiny\",\"datePublished\":\"2022-06-01T07:38:52+00:00\",\"dateModified\":\"2022-06-01T07:39:47+00:00\",\"mainEntityOfPage\":{\"@id\":\"https:\/\/www.muzeumtrebisov.sk\/spravy\/d-fondu-muzea-a-kulturneho-centra-juzneho-zemplina-v-trebisove-pribudli-aj-vzacne-empirove-hodiny\/#webpage\"},\"wordCount\":366,\"commentCount\":0,\"publisher\":{\"@id\":\"https:\/\/www.muzeumtrebisov.sk\/#organization\"},\"image\":{\"@id\":\"https:\/\/www.muzeumtrebisov.sk\/spravy\/d-fondu-muzea-a-kulturneho-centra-juzneho-zemplina-v-trebisove-pribudli-aj-vzacne-empirove-hodiny\/#primaryimage\"},\"thumbnailUrl\":\"https:\/\/www.muzeumtrebisov.sk\/wp-content\/uploads\/2022\/06\/Empirove-hodiny-2-scaled.jpg\",\"articleSection\":[\"Spr\u00e1vy\"],\"inLanguage\":\"hu\",\"potentialAction\":[{\"@type\":\"CommentAction\",\"name\":\"Comment\",\"target\":[\"https:\/\/www.muzeumtrebisov.sk\/spravy\/d-fondu-muzea-a-kulturneho-centra-juzneho-zemplina-v-trebisove-pribudli-aj-vzacne-empirove-hodiny\/#respond\"]}]},{\"@type\":\"Person\",\"@id\":\"https:\/\/www.muzeumtrebisov.sk\/#\/schema\/person\/e020f4c0852b191613d063438d60ae6b\",\"name\":\"muzeumtvadmin\",\"image\":{\"@type\":\"ImageObject\",\"@id\":\"https:\/\/www.muzeumtrebisov.sk\/#personlogo\",\"inLanguage\":\"hu\",\"url\":\"https:\/\/secure.gravatar.com\/avatar\/115030f8384675efad0cc99183d7cd51?s=96&d=mm&r=g\",\"contentUrl\":\"https:\/\/secure.gravatar.com\/avatar\/115030f8384675efad0cc99183d7cd51?s=96&d=mm&r=g\",\"caption\":\"muzeumtvadmin\"},\"sameAs\":[\"https:\/\/www.muzeumtrebisov.sk\"],\"url\":\"https:\/\/www.muzeumtrebisov.sk\/hu\/author\/muzeumtvadmin\/\"}]}<\/script>\n<!-- \/ Yoast SEO plugin. -->","yoast_head_json":{"title":"Do fondu M\u00fazea a\u00a0Kult\u00farneho centra ju\u017en\u00e9ho Zempl\u00edna v\u00a0Trebi\u0161ove pribudli aj vz\u00e1cne emp\u00edrov\u00e9 hodiny | M\u00fazeum Trebi\u0161ov - Ka\u0161tie\u013e Andr\u00e1ssyovcov","robots":{"index":"index","follow":"follow","max-snippet":"max-snippet:-1","max-image-preview":"max-image-preview:large","max-video-preview":"max-video-preview:-1"},"canonical":"https:\/\/www.muzeumtrebisov.sk\/hu\/spravy\/d-fondu-muzea-a-kulturneho-centra-juzneho-zemplina-v-trebisove-pribudli-aj-vzacne-empirove-hodiny\/","og_locale":"hu_HU","og_type":"article","og_title":"Do fondu M\u00fazea a\u00a0Kult\u00farneho centra ju\u017en\u00e9ho Zempl\u00edna v\u00a0Trebi\u0161ove pribudli aj vz\u00e1cne emp\u00edrov\u00e9 hodiny | M\u00fazeum Trebi\u0161ov - Ka\u0161tie\u013e Andr\u00e1ssyovcov","og_description":"V\u00a0roku 2022 do fondu M\u00fazea a\u00a0Kult\u00farneho centra ju\u017en\u00e9ho Zempl\u00edna v\u00a0Trebi\u0161ove pribudli aj vz\u00e1cne emp\u00edrov\u00e9 hodinyvyroben\u00e9 z\u00a0alabastru. Zak\u00fapen\u00e9 boli v\u010faka finan\u010dnej podpore z Fondu na podporu umenia (FPU) a\u00a0od zria\u010fovate\u013ea m\u00fazea &#8211; Ko\u0161ick\u00e9ho samospr\u00e1vneho kraja (KSK).\u00a0 S\u00fa umiestnen\u00e9 na alabastrov\u00fdch n\u00f4\u017ekach zdoben\u00fdch rastlinn\u00fdm mot\u00edvom v\u00a0tvare okvetn\u00fdch l\u00edstkov. Samotn\u00e9 telo hod\u00edn m\u00e1 v\u00a0strede umiestnen\u00fd pozl\u00e1ten\u00fd cifern\u00edk okr\u00fahleho","og_url":"https:\/\/www.muzeumtrebisov.sk\/hu\/spravy\/d-fondu-muzea-a-kulturneho-centra-juzneho-zemplina-v-trebisove-pribudli-aj-vzacne-empirove-hodiny\/","og_site_name":"M\u00fazeum Trebi\u0161ov - Ka\u0161tie\u013e Andr\u00e1ssyovcov","article_publisher":"https:\/\/www.facebook.com\/muzeumtvkastielandrassyovcov","article_published_time":"2022-06-01T07:38:52+00:00","article_modified_time":"2022-06-01T07:39:47+00:00","og_image":[{"width":2560,"height":1707,"url":"https:\/\/www.muzeumtrebisov.sk\/wp-content\/uploads\/2022\/06\/Empirove-hodiny-2-scaled.jpg","type":"image\/jpeg"}],"twitter_card":"summary_large_image","twitter_misc":{"Szerz\u0151:":"muzeumtvadmin","Becs\u00fclt olvas\u00e1si id\u0151":"2 perc"},"schema":{"@context":"https:\/\/schema.org","@graph":[{"@type":"Organization","@id":"https:\/\/www.muzeumtrebisov.sk\/#organization","name":"M\u00fazeum Trebi\u0161ov - Ka\u0161tie\u013e Andr\u00e1ssyovcov","url":"https:\/\/www.muzeumtrebisov.sk\/","sameAs":["https:\/\/www.facebook.com\/muzeumtvkastielandrassyovcov","https:\/\/www.instagram.com\/muzeumtrebisovkastielandrassy\/","https:\/\/www.youtube.com\/channel\/UCprfZHvPNIxqZ2IHCDwfv1w"],"logo":{"@type":"ImageObject","@id":"https:\/\/www.muzeumtrebisov.sk\/#logo","inLanguage":"hu","url":"https:\/\/www.muzeumtrebisov.sk\/wp-content\/uploads\/2022\/04\/dual-logo-color-hor.png","contentUrl":"https:\/\/www.muzeumtrebisov.sk\/wp-content\/uploads\/2022\/04\/dual-logo-color-hor.png","width":749,"height":140,"caption":"M\u00fazeum Trebi\u0161ov - Ka\u0161tie\u013e Andr\u00e1ssyovcov"},"image":{"@id":"https:\/\/www.muzeumtrebisov.sk\/#logo"}},{"@type":"WebSite","@id":"https:\/\/www.muzeumtrebisov.sk\/#website","url":"https:\/\/www.muzeumtrebisov.sk\/","name":"M\u00fazeum Trebi\u0161ov - Ka\u0161tie\u013e Andr\u00e1ssyovcov","description":"Hist\u00f3ria Andr\u00e1ssyovcov a ju\u017en\u00e9ho Zempl\u00edna","publisher":{"@id":"https:\/\/www.muzeumtrebisov.sk\/#organization"},"potentialAction":[{"@type":"SearchAction","target":{"@type":"EntryPoint","urlTemplate":"https:\/\/www.muzeumtrebisov.sk\/?s={search_term_string}"},"query-input":"required name=search_term_string"}],"inLanguage":"hu"},{"@type":"ImageObject","@id":"https:\/\/www.muzeumtrebisov.sk\/spravy\/d-fondu-muzea-a-kulturneho-centra-juzneho-zemplina-v-trebisove-pribudli-aj-vzacne-empirove-hodiny\/#primaryimage","inLanguage":"hu","url":"https:\/\/www.muzeumtrebisov.sk\/wp-content\/uploads\/2022\/06\/Empirove-hodiny-2-scaled.jpg","contentUrl":"https:\/\/www.muzeumtrebisov.sk\/wp-content\/uploads\/2022\/06\/Empirove-hodiny-2-scaled.jpg","width":2560,"height":1707},{"@type":"WebPage","@id":"https:\/\/www.muzeumtrebisov.sk\/spravy\/d-fondu-muzea-a-kulturneho-centra-juzneho-zemplina-v-trebisove-pribudli-aj-vzacne-empirove-hodiny\/#webpage","url":"https:\/\/www.muzeumtrebisov.sk\/spravy\/d-fondu-muzea-a-kulturneho-centra-juzneho-zemplina-v-trebisove-pribudli-aj-vzacne-empirove-hodiny\/","name":"Do fondu M\u00fazea a\u00a0Kult\u00farneho centra ju\u017en\u00e9ho Zempl\u00edna v\u00a0Trebi\u0161ove pribudli aj vz\u00e1cne emp\u00edrov\u00e9 hodiny | M\u00fazeum Trebi\u0161ov - Ka\u0161tie\u013e Andr\u00e1ssyovcov","isPartOf":{"@id":"https:\/\/www.muzeumtrebisov.sk\/#website"},"primaryImageOfPage":{"@id":"https:\/\/www.muzeumtrebisov.sk\/spravy\/d-fondu-muzea-a-kulturneho-centra-juzneho-zemplina-v-trebisove-pribudli-aj-vzacne-empirove-hodiny\/#primaryimage"},"datePublished":"2022-06-01T07:38:52+00:00","dateModified":"2022-06-01T07:39:47+00:00","breadcrumb":{"@id":"https:\/\/www.muzeumtrebisov.sk\/spravy\/d-fondu-muzea-a-kulturneho-centra-juzneho-zemplina-v-trebisove-pribudli-aj-vzacne-empirove-hodiny\/#breadcrumb"},"inLanguage":"hu","potentialAction":[{"@type":"ReadAction","target":["https:\/\/www.muzeumtrebisov.sk\/spravy\/d-fondu-muzea-a-kulturneho-centra-juzneho-zemplina-v-trebisove-pribudli-aj-vzacne-empirove-hodiny\/"]}]},{"@type":"BreadcrumbList","@id":"https:\/\/www.muzeumtrebisov.sk\/spravy\/d-fondu-muzea-a-kulturneho-centra-juzneho-zemplina-v-trebisove-pribudli-aj-vzacne-empirove-hodiny\/#breadcrumb","itemListElement":[{"@type":"ListItem","position":1,"name":"Home","item":"https:\/\/www.muzeumtrebisov.sk\/"},{"@type":"ListItem","position":2,"name":"Do fondu M\u00fazea a\u00a0Kult\u00farneho centra ju\u017en\u00e9ho Zempl\u00edna v\u00a0Trebi\u0161ove pribudli aj vz\u00e1cne emp\u00edrov\u00e9 hodiny"}]},{"@type":"Article","@id":"https:\/\/www.muzeumtrebisov.sk\/spravy\/d-fondu-muzea-a-kulturneho-centra-juzneho-zemplina-v-trebisove-pribudli-aj-vzacne-empirove-hodiny\/#article","isPartOf":{"@id":"https:\/\/www.muzeumtrebisov.sk\/spravy\/d-fondu-muzea-a-kulturneho-centra-juzneho-zemplina-v-trebisove-pribudli-aj-vzacne-empirove-hodiny\/#webpage"},"author":{"@id":"https:\/\/www.muzeumtrebisov.sk\/#\/schema\/person\/e020f4c0852b191613d063438d60ae6b"},"headline":"Do fondu M\u00fazea a\u00a0Kult\u00farneho centra ju\u017en\u00e9ho Zempl\u00edna v\u00a0Trebi\u0161ove pribudli aj vz\u00e1cne emp\u00edrov\u00e9 hodiny","datePublished":"2022-06-01T07:38:52+00:00","dateModified":"2022-06-01T07:39:47+00:00","mainEntityOfPage":{"@id":"https:\/\/www.muzeumtrebisov.sk\/spravy\/d-fondu-muzea-a-kulturneho-centra-juzneho-zemplina-v-trebisove-pribudli-aj-vzacne-empirove-hodiny\/#webpage"},"wordCount":366,"commentCount":0,"publisher":{"@id":"https:\/\/www.muzeumtrebisov.sk\/#organization"},"image":{"@id":"https:\/\/www.muzeumtrebisov.sk\/spravy\/d-fondu-muzea-a-kulturneho-centra-juzneho-zemplina-v-trebisove-pribudli-aj-vzacne-empirove-hodiny\/#primaryimage"},"thumbnailUrl":"https:\/\/www.muzeumtrebisov.sk\/wp-content\/uploads\/2022\/06\/Empirove-hodiny-2-scaled.jpg","articleSection":["Spr\u00e1vy"],"inLanguage":"hu","potentialAction":[{"@type":"CommentAction","name":"Comment","target":["https:\/\/www.muzeumtrebisov.sk\/spravy\/d-fondu-muzea-a-kulturneho-centra-juzneho-zemplina-v-trebisove-pribudli-aj-vzacne-empirove-hodiny\/#respond"]}]},{"@type":"Person","@id":"https:\/\/www.muzeumtrebisov.sk\/#\/schema\/person\/e020f4c0852b191613d063438d60ae6b","name":"muzeumtvadmin","image":{"@type":"ImageObject","@id":"https:\/\/www.muzeumtrebisov.sk\/#personlogo","inLanguage":"hu","url":"https:\/\/secure.gravatar.com\/avatar\/115030f8384675efad0cc99183d7cd51?s=96&d=mm&r=g","contentUrl":"https:\/\/secure.gravatar.com\/avatar\/115030f8384675efad0cc99183d7cd51?s=96&d=mm&r=g","caption":"muzeumtvadmin"},"sameAs":["https:\/\/www.muzeumtrebisov.sk"],"url":"https:\/\/www.muzeumtrebisov.sk\/hu\/author\/muzeumtvadmin\/"}]}},"_links":{"self":[{"href":"https:\/\/www.muzeumtrebisov.sk\/hu\/wp-json\/wp\/v2\/posts\/2473"}],"collection":[{"href":"https:\/\/www.muzeumtrebisov.sk\/hu\/wp-json\/wp\/v2\/posts"}],"about":[{"href":"https:\/\/www.muzeumtrebisov.sk\/hu\/wp-json\/wp\/v2\/types\/post"}],"author":[{"embeddable":true,"href":"https:\/\/www.muzeumtrebisov.sk\/hu\/wp-json\/wp\/v2\/users\/1"}],"replies":[{"embeddable":true,"href":"https:\/\/www.muzeumtrebisov.sk\/hu\/wp-json\/wp\/v2\/comments?post=2473"}],"version-history":[{"count":2,"href":"https:\/\/www.muzeumtrebisov.sk\/hu\/wp-json\/wp\/v2\/posts\/2473\/revisions"}],"predecessor-version":[{"id":2476,"href":"https:\/\/www.muzeumtrebisov.sk\/hu\/wp-json\/wp\/v2\/posts\/2473\/revisions\/2476"}],"wp:featuredmedia":[{"embeddable":true,"href":"https:\/\/www.muzeumtrebisov.sk\/hu\/wp-json\/wp\/v2\/media\/2474"}],"wp:attachment":[{"href":"https:\/\/www.muzeumtrebisov.sk\/hu\/wp-json\/wp\/v2\/media?parent=2473"}],"wp:term":[{"taxonomy":"category","embeddable":true,"href":"https:\/\/www.muzeumtrebisov.sk\/hu\/wp-json\/wp\/v2\/categories?post=2473"},{"taxonomy":"post_tag","embeddable":true,"href":"https:\/\/www.muzeumtrebisov.sk\/hu\/wp-json\/wp\/v2\/tags?post=2473"}],"curies":[{"name":"wp","href":"https:\/\/api.w.org\/{rel}","templated":true}]}}