{"id":1958,"date":"2022-02-15T21:05:15","date_gmt":"2022-02-15T20:05:15","guid":{"rendered":"https:\/\/www.muzeumtrebisov.sk\/?p=1958"},"modified":"2022-02-26T21:47:10","modified_gmt":"2022-02-26T20:47:10","slug":"secesne-klavirne-kridlo-z-roku-1905","status":"publish","type":"post","link":"https:\/\/www.muzeumtrebisov.sk\/hu\/blog\/secesne-klavirne-kridlo-z-roku-1905\/","title":{"rendered":"Secesn\u00e9 klav\u00edrne kr\u00eddlo z\u00a0roku 1905"},"content":{"rendered":"<p>Klav\u00edrne kr\u00eddlo bolo vyroben\u00e9 vo viedenskej\u00a0fabrike bratov Stinglovcov v roku 1905. Na skl\u00e1pacej doske klav\u00edra chr\u00e1niacej kl\u00e1vesy je na\u00a0jej vn\u00fatornej strane vyobrazen\u00fd n\u00e1pis <strong><em>K. u. K. \u00a0Hof-Clavier-Fabrikanten<\/em><\/strong>, \u010do v preklade znamen\u00e1 <strong><em>Cis\u00e1rski a kr\u00e1\u013eovsk\u00ed dvorn\u00ed v\u00fdrobcovia klav\u00edrov<\/em><\/strong>. Okr\u00fahla kovov\u00e1 pe\u010da\u0165 cis\u00e1rskeho dvora (s vyobrazen\u00edm dvojhlav\u00e9ho orla dr\u017eiaceho me\u010d a\u00a0jablko v paz\u00faroch, s\u00a0erbom na hrudi a\u00a0cis\u00e1rskou korunou nad hlavami) sa nach\u00e1dza na kovovej platni vo vn\u00fatri klav\u00edra. Po obvode kovovej pe\u010date je n\u00e1pis <strong><em>Kaiser und K\u00f6nig Hoflieferanten<\/em><\/strong>, \u010do znamen\u00e1 <strong><em>Cis\u00e1rski a\u00a0kr\u00e1\u013eovsk\u00ed dvorn\u00ed dod\u00e1vatelia<\/em><\/strong>. S\u00a0najv\u00e4\u010d\u0161ou pravdepodobnos\u0165ou bolo toto secesn\u00e9 klav\u00edrne kr\u00eddlo s\u00fa\u010das\u0165ou p\u00f4vodn\u00e9ho invent\u00e1ra trebi\u0161ovsk\u00e9ho ka\u0161tie\u013ea.<\/p>\n\n\n\n<p><\/p>\n\n\n\n<blockquote class=\"wp-block-quote is-style-large\"><p>Stinglovci v\u00a0roku 1900 menovan\u00ed za v\u00fdrobcov dvorn\u00fdch klav\u00edrnych n\u00e1strojov s\u00a0ozna\u010den\u00edm <strong><em>K. u.\u00a0K.<\/em><\/strong> <strong><em>Hoflieferanten<\/em><\/strong><\/p><\/blockquote>\n\n\n\n<p><\/p>\n\n\n\n<p>Diel\u0148a <em>Stingl<\/em> bola zalo\u017een\u00e1 v\u00a0roku 1860 Antonom Stinglom. V\u00a0roku 1840 emigroval do Viedne, kde sa u\u00a0svojho str\u00fdka Ignaza Stingla vyu\u010dil ako stol\u00e1r. Od roku 1853 pracoval ako v\u00fdrobca hudobn\u00fdch n\u00e1strojov &#8211; klav\u00edrov a\u00a0nakoniec si zalo\u017eil vlastn\u00fa viedensk\u00fa diel\u0148u vyr\u00e1baj\u00facu klav\u00edry. Po smrti otca v\u00a0roku 1895 sa v\u00fdroby klav\u00edrov ujali jeho synovia Wilhelm, Ignaz a\u00a0Gustav, ktor\u00ed predt\u00fdm pracovali ako vysokopostaven\u00ed \u00faradn\u00edci a\u00a0diel\u0148u premenovali na <em>\u201eGebr\u00fcder Stingl\u201c<\/em> (<em>Bratia Stinglovci<\/em>). Ke\u010f\u017ee bol Ignaz Stingl cis\u00e1rskym radcom, v\u010faka svojmu \u00faspechu a\u00a0pr\u00edstupu na cis\u00e1rsky dvor boli bratia Stinglovci v\u00a0roku 1900 menovan\u00ed za v\u00fdrobcov dvorn\u00fdch klav\u00edrnych n\u00e1strojov s\u00a0ozna\u010den\u00edm <strong><em>K. u.\u00a0K.<\/em><\/strong> <strong><em>Hoflieferanten<\/em><\/strong>. Stinglovci vyr\u00e1bali klav\u00edry s\u00a0viedensk\u00fdm aj anglick\u00fdm mechanizmom a\u00a0na\u010falej vyv\u00edjali vysoko kvalitn\u00e9 pianina. Vytvorili tie\u017e najmen\u0161\u00ed klav\u00edr tej doby \u2013 <em>\u201ePiccolo Mignon\u201c<\/em>.<\/p>\n\n\n\n<p><\/p>\n\n\n\n<blockquote class=\"wp-block-quote is-style-large\"><p>prv\u00fdm znakom toho, \u017ee sa jedn\u00e1 o viedensk\u00fd mechanizmus je, \u017ee <strong>dus\u00edtka s\u00fa upevnen\u00e9 v\u00a0obd\u013a\u017enikovom r\u00e1me<\/strong><\/p><\/blockquote>\n\n\n\n<p><\/p>\n\n\n\n<p>Klav\u00edrne kr\u00eddlo zap\u00edsan\u00e9 vo fonde hist\u00f3rie n\u00e1\u0161ho m\u00fazea bolo vyroben\u00e9 s tzv. <strong>viedensk\u00fdm kladivkov\u00fdm mechanizmom<\/strong> (kladivka s\u00fa vymr\u0161\u0165ovan\u00e9 k\u00a0strun\u00e1m kl\u00e1vesami). Prv\u00fdm znakom toho, \u017ee sa jedn\u00e1 o viedensk\u00fd mechanizmus je, \u017ee <strong>dus\u00edtka s\u00fa upevnen\u00e9 v\u00a0obd\u013a\u017enikovom r\u00e1me<\/strong>, ktor\u00fd sa pri zo\u0161liapnut\u00ed prav\u00e9ho ped\u00e1lu cel\u00fd dv\u00edha. Druh\u00fdm znakom je <strong>ped\u00e1l v\u00a0tvare l\u00fdry<\/strong>. Ped\u00e1lov\u00e9 struny umiestnen\u00e9 na prednej strane l\u00fdry s\u00fa vyroben\u00e9 zo siln\u00e9ho dr\u00f4tu, ktor\u00e9 s\u00fa s\u00a0ped\u00e1lmi spojen\u00e9 h\u00e1\u010dikmi. Pri zo\u0161liapnut\u00ed ped\u00e1lu sa struna pohybuje smerom dolu spolo\u010dne s\u00a0ped\u00e1lom.\u00a0<\/p>\n\n\n\n<p><\/p>\n\n\n\n<blockquote class=\"wp-block-quote is-style-large\"><p>Eleon\u00f3ra nielen\u017ee p\u00edsala texty piesn\u00ed, ale k\u00a0nim aj skladala hudbu.<\/p><\/blockquote>\n\n\n\n<p><\/p>\n\n\n\n<p>V\u00a0rodine Andr\u00e1ssyovcov mala k hudbe ve\u013emi bl\u00edzko gr\u00f3fka Eleon\u00f3ra Andr\u00e1ssy, rod. Zichy. Bola man\u017eelkou gr\u00f3fa Teodora (Tivadara) Andr\u00e1ssyho \u2013 najstar\u0161ieho syna gr\u00f3fa J\u00faliusa Andr\u00e1ssyho. Eleon\u00f3ra bola presl\u00e1ven\u00e1 ako kr\u00e1sna \u017eena s\u00a0ve\u013emi dobr\u00fdm hudobn\u00fdm sluchom. Nielen\u017ee p\u00edsala texty piesn\u00ed, ale k\u00a0nim aj skladala hudbu. Jej najzn\u00e1mej\u0161ia skladba je <em>Krasznahorka b\u00fcszke v\u00e1ra &#8230; <\/em>Nie je vyl\u00fa\u010den\u00e9, \u017ee t\u00e1to najzn\u00e1mej\u0161ia skladba bola zlo\u017een\u00e1 pr\u00e1ve na takomto type klav\u00edra.<\/p>\n\n\n\n<p><\/p>\n\n\n\n<p> Klav\u00edrne kr\u00eddlo m\u00f4\u017eete vidie\u0165 v\u00a0na\u0161om fotok\u00fatiku, kde si m\u00f4\u017eete vytvori\u0165 aj pam\u00e4tn\u00fa fotografiu.<\/p>","protected":false},"excerpt":{"rendered":"<p>Klav\u00edrne kr\u00eddlo bolo vyroben\u00e9 vo viedenskej\u00a0fabrike bratov Stinglovcov v roku 1905. Na skl\u00e1pacej doske klav\u00edra chr\u00e1niacej kl\u00e1vesy je na\u00a0jej vn\u00fatornej strane vyobrazen\u00fd n\u00e1pis K. u. K. \u00a0Hof-Clavier-Fabrikanten, \u010do v preklade znamen\u00e1 Cis\u00e1rski a kr\u00e1\u013eovsk\u00ed dvorn\u00ed v\u00fdrobcovia klav\u00edrov. Okr\u00fahla kovov\u00e1 pe\u010da\u0165 cis\u00e1rskeho dvora (s vyobrazen\u00edm dvojhlav\u00e9ho orla dr\u017eiaceho me\u010d a\u00a0jablko v paz\u00faroch, s\u00a0erbom na hrudi a\u00a0cis\u00e1rskou<\/p>","protected":false},"author":2,"featured_media":1959,"comment_status":"open","ping_status":"open","sticky":false,"template":"","format":"standard","meta":{"om_disable_all_campaigns":false,"_vp_format_video_url":"","_vp_image_focal_point":[]},"categories":[20],"tags":[],"aioseo_notices":[],"yoast_head":"<!-- This site is optimized with the Yoast SEO plugin v18.5.1 - https:\/\/yoast.com\/wordpress\/plugins\/seo\/ -->\n<title>Secesn\u00e9 klav\u00edrne kr\u00eddlo z\u00a0roku 1905 | M\u00fazeum Trebi\u0161ov - Ka\u0161tie\u013e Andr\u00e1ssyovcov<\/title>\n<meta name=\"robots\" content=\"index, follow, max-snippet:-1, max-image-preview:large, max-video-preview:-1\" \/>\n<link rel=\"canonical\" href=\"https:\/\/www.muzeumtrebisov.sk\/hu\/blog\/secesne-klavirne-kridlo-z-roku-1905\/\" \/>\n<meta property=\"og:locale\" content=\"hu_HU\" \/>\n<meta property=\"og:type\" content=\"article\" \/>\n<meta property=\"og:title\" content=\"Secesn\u00e9 klav\u00edrne kr\u00eddlo z\u00a0roku 1905 | M\u00fazeum Trebi\u0161ov - Ka\u0161tie\u013e Andr\u00e1ssyovcov\" \/>\n<meta property=\"og:description\" content=\"Klav\u00edrne kr\u00eddlo bolo vyroben\u00e9 vo viedenskej\u00a0fabrike bratov Stinglovcov v roku 1905. Na skl\u00e1pacej doske klav\u00edra chr\u00e1niacej kl\u00e1vesy je na\u00a0jej vn\u00fatornej strane vyobrazen\u00fd n\u00e1pis K. u. K. \u00a0Hof-Clavier-Fabrikanten, \u010do v preklade znamen\u00e1 Cis\u00e1rski a kr\u00e1\u013eovsk\u00ed dvorn\u00ed v\u00fdrobcovia klav\u00edrov. Okr\u00fahla kovov\u00e1 pe\u010da\u0165 cis\u00e1rskeho dvora (s vyobrazen\u00edm dvojhlav\u00e9ho orla dr\u017eiaceho me\u010d a\u00a0jablko v paz\u00faroch, s\u00a0erbom na hrudi a\u00a0cis\u00e1rskou\" \/>\n<meta property=\"og:url\" content=\"https:\/\/www.muzeumtrebisov.sk\/hu\/blog\/secesne-klavirne-kridlo-z-roku-1905\/\" \/>\n<meta property=\"og:site_name\" content=\"M\u00fazeum Trebi\u0161ov - Ka\u0161tie\u013e Andr\u00e1ssyovcov\" \/>\n<meta property=\"article:publisher\" content=\"https:\/\/www.facebook.com\/muzeumtvkastielandrassyovcov\" \/>\n<meta property=\"article:published_time\" content=\"2022-02-15T20:05:15+00:00\" \/>\n<meta property=\"article:modified_time\" content=\"2022-02-26T20:47:10+00:00\" \/>\n<meta property=\"og:image\" content=\"https:\/\/www.muzeumtrebisov.sk\/wp-content\/uploads\/2022\/02\/208547459_118987207082057_5223916470792598631_n.jpg\" \/>\n\t<meta property=\"og:image:width\" content=\"2048\" \/>\n\t<meta property=\"og:image:height\" content=\"1536\" \/>\n\t<meta property=\"og:image:type\" content=\"image\/jpeg\" \/>\n<meta name=\"twitter:card\" content=\"summary_large_image\" \/>\n<meta name=\"twitter:label1\" content=\"Szerz\u0151:\" \/>\n\t<meta name=\"twitter:data1\" content=\"Nikola Radov\u00e1\" \/>\n\t<meta name=\"twitter:label2\" content=\"Becs\u00fclt olvas\u00e1si id\u0151\" \/>\n\t<meta name=\"twitter:data2\" content=\"2 perc\" \/>\n<script type=\"application\/ld+json\" class=\"yoast-schema-graph\">{\"@context\":\"https:\/\/schema.org\",\"@graph\":[{\"@type\":\"Organization\",\"@id\":\"https:\/\/www.muzeumtrebisov.sk\/#organization\",\"name\":\"M\u00fazeum Trebi\u0161ov - Ka\u0161tie\u013e Andr\u00e1ssyovcov\",\"url\":\"https:\/\/www.muzeumtrebisov.sk\/\",\"sameAs\":[\"https:\/\/www.facebook.com\/muzeumtvkastielandrassyovcov\",\"https:\/\/www.instagram.com\/muzeumtrebisovkastielandrassy\/\",\"https:\/\/www.youtube.com\/channel\/UCprfZHvPNIxqZ2IHCDwfv1w\"],\"logo\":{\"@type\":\"ImageObject\",\"@id\":\"https:\/\/www.muzeumtrebisov.sk\/#logo\",\"inLanguage\":\"hu\",\"url\":\"https:\/\/www.muzeumtrebisov.sk\/wp-content\/uploads\/2022\/04\/dual-logo-color-hor.png\",\"contentUrl\":\"https:\/\/www.muzeumtrebisov.sk\/wp-content\/uploads\/2022\/04\/dual-logo-color-hor.png\",\"width\":749,\"height\":140,\"caption\":\"M\u00fazeum Trebi\u0161ov - Ka\u0161tie\u013e Andr\u00e1ssyovcov\"},\"image\":{\"@id\":\"https:\/\/www.muzeumtrebisov.sk\/#logo\"}},{\"@type\":\"WebSite\",\"@id\":\"https:\/\/www.muzeumtrebisov.sk\/#website\",\"url\":\"https:\/\/www.muzeumtrebisov.sk\/\",\"name\":\"M\u00fazeum Trebi\u0161ov - Ka\u0161tie\u013e Andr\u00e1ssyovcov\",\"description\":\"Hist\u00f3ria Andr\u00e1ssyovcov a ju\u017en\u00e9ho Zempl\u00edna\",\"publisher\":{\"@id\":\"https:\/\/www.muzeumtrebisov.sk\/#organization\"},\"potentialAction\":[{\"@type\":\"SearchAction\",\"target\":{\"@type\":\"EntryPoint\",\"urlTemplate\":\"https:\/\/www.muzeumtrebisov.sk\/?s={search_term_string}\"},\"query-input\":\"required name=search_term_string\"}],\"inLanguage\":\"hu\"},{\"@type\":\"ImageObject\",\"@id\":\"https:\/\/www.muzeumtrebisov.sk\/blog\/secesne-klavirne-kridlo-z-roku-1905\/#primaryimage\",\"inLanguage\":\"hu\",\"url\":\"https:\/\/www.muzeumtrebisov.sk\/wp-content\/uploads\/2022\/02\/208547459_118987207082057_5223916470792598631_n.jpg\",\"contentUrl\":\"https:\/\/www.muzeumtrebisov.sk\/wp-content\/uploads\/2022\/02\/208547459_118987207082057_5223916470792598631_n.jpg\",\"width\":2048,\"height\":1536},{\"@type\":\"WebPage\",\"@id\":\"https:\/\/www.muzeumtrebisov.sk\/blog\/secesne-klavirne-kridlo-z-roku-1905\/#webpage\",\"url\":\"https:\/\/www.muzeumtrebisov.sk\/blog\/secesne-klavirne-kridlo-z-roku-1905\/\",\"name\":\"Secesn\u00e9 klav\u00edrne kr\u00eddlo z\u00a0roku 1905 | M\u00fazeum Trebi\u0161ov - Ka\u0161tie\u013e Andr\u00e1ssyovcov\",\"isPartOf\":{\"@id\":\"https:\/\/www.muzeumtrebisov.sk\/#website\"},\"primaryImageOfPage\":{\"@id\":\"https:\/\/www.muzeumtrebisov.sk\/blog\/secesne-klavirne-kridlo-z-roku-1905\/#primaryimage\"},\"datePublished\":\"2022-02-15T20:05:15+00:00\",\"dateModified\":\"2022-02-26T20:47:10+00:00\",\"breadcrumb\":{\"@id\":\"https:\/\/www.muzeumtrebisov.sk\/blog\/secesne-klavirne-kridlo-z-roku-1905\/#breadcrumb\"},\"inLanguage\":\"hu\",\"potentialAction\":[{\"@type\":\"ReadAction\",\"target\":[\"https:\/\/www.muzeumtrebisov.sk\/blog\/secesne-klavirne-kridlo-z-roku-1905\/\"]}]},{\"@type\":\"BreadcrumbList\",\"@id\":\"https:\/\/www.muzeumtrebisov.sk\/blog\/secesne-klavirne-kridlo-z-roku-1905\/#breadcrumb\",\"itemListElement\":[{\"@type\":\"ListItem\",\"position\":1,\"name\":\"Home\",\"item\":\"https:\/\/www.muzeumtrebisov.sk\/\"},{\"@type\":\"ListItem\",\"position\":2,\"name\":\"Secesn\u00e9 klav\u00edrne kr\u00eddlo z\u00a0roku 1905\"}]},{\"@type\":\"Article\",\"@id\":\"https:\/\/www.muzeumtrebisov.sk\/blog\/secesne-klavirne-kridlo-z-roku-1905\/#article\",\"isPartOf\":{\"@id\":\"https:\/\/www.muzeumtrebisov.sk\/blog\/secesne-klavirne-kridlo-z-roku-1905\/#webpage\"},\"author\":{\"@id\":\"https:\/\/www.muzeumtrebisov.sk\/#\/schema\/person\/498fbdce37ccf4bfc570ecb7682ae4b1\"},\"headline\":\"Secesn\u00e9 klav\u00edrne kr\u00eddlo z\u00a0roku 1905\",\"datePublished\":\"2022-02-15T20:05:15+00:00\",\"dateModified\":\"2022-02-26T20:47:10+00:00\",\"mainEntityOfPage\":{\"@id\":\"https:\/\/www.muzeumtrebisov.sk\/blog\/secesne-klavirne-kridlo-z-roku-1905\/#webpage\"},\"wordCount\":599,\"commentCount\":0,\"publisher\":{\"@id\":\"https:\/\/www.muzeumtrebisov.sk\/#organization\"},\"image\":{\"@id\":\"https:\/\/www.muzeumtrebisov.sk\/blog\/secesne-klavirne-kridlo-z-roku-1905\/#primaryimage\"},\"thumbnailUrl\":\"https:\/\/www.muzeumtrebisov.sk\/wp-content\/uploads\/2022\/02\/208547459_118987207082057_5223916470792598631_n.jpg\",\"articleSection\":[\"Blog\"],\"inLanguage\":\"hu\",\"potentialAction\":[{\"@type\":\"CommentAction\",\"name\":\"Comment\",\"target\":[\"https:\/\/www.muzeumtrebisov.sk\/blog\/secesne-klavirne-kridlo-z-roku-1905\/#respond\"]}]},{\"@type\":\"Person\",\"@id\":\"https:\/\/www.muzeumtrebisov.sk\/#\/schema\/person\/498fbdce37ccf4bfc570ecb7682ae4b1\",\"name\":\"Nikola Radov\u00e1\",\"image\":{\"@type\":\"ImageObject\",\"@id\":\"https:\/\/www.muzeumtrebisov.sk\/#personlogo\",\"inLanguage\":\"hu\",\"url\":\"https:\/\/secure.gravatar.com\/avatar\/a95079a4c17fd6a22f73c945d0e9191f?s=96&d=mm&r=g\",\"contentUrl\":\"https:\/\/secure.gravatar.com\/avatar\/a95079a4c17fd6a22f73c945d0e9191f?s=96&d=mm&r=g\",\"caption\":\"Nikola Radov\u00e1\"},\"url\":\"https:\/\/www.muzeumtrebisov.sk\/hu\/author\/nikolaradova\/\"}]}<\/script>\n<!-- \/ Yoast SEO plugin. -->","yoast_head_json":{"title":"Secesn\u00e9 klav\u00edrne kr\u00eddlo z\u00a0roku 1905 | M\u00fazeum Trebi\u0161ov - Ka\u0161tie\u013e Andr\u00e1ssyovcov","robots":{"index":"index","follow":"follow","max-snippet":"max-snippet:-1","max-image-preview":"max-image-preview:large","max-video-preview":"max-video-preview:-1"},"canonical":"https:\/\/www.muzeumtrebisov.sk\/hu\/blog\/secesne-klavirne-kridlo-z-roku-1905\/","og_locale":"hu_HU","og_type":"article","og_title":"Secesn\u00e9 klav\u00edrne kr\u00eddlo z\u00a0roku 1905 | M\u00fazeum Trebi\u0161ov - Ka\u0161tie\u013e Andr\u00e1ssyovcov","og_description":"Klav\u00edrne kr\u00eddlo bolo vyroben\u00e9 vo viedenskej\u00a0fabrike bratov Stinglovcov v roku 1905. Na skl\u00e1pacej doske klav\u00edra chr\u00e1niacej kl\u00e1vesy je na\u00a0jej vn\u00fatornej strane vyobrazen\u00fd n\u00e1pis K. u. K. \u00a0Hof-Clavier-Fabrikanten, \u010do v preklade znamen\u00e1 Cis\u00e1rski a kr\u00e1\u013eovsk\u00ed dvorn\u00ed v\u00fdrobcovia klav\u00edrov. Okr\u00fahla kovov\u00e1 pe\u010da\u0165 cis\u00e1rskeho dvora (s vyobrazen\u00edm dvojhlav\u00e9ho orla dr\u017eiaceho me\u010d a\u00a0jablko v paz\u00faroch, s\u00a0erbom na hrudi a\u00a0cis\u00e1rskou","og_url":"https:\/\/www.muzeumtrebisov.sk\/hu\/blog\/secesne-klavirne-kridlo-z-roku-1905\/","og_site_name":"M\u00fazeum Trebi\u0161ov - Ka\u0161tie\u013e Andr\u00e1ssyovcov","article_publisher":"https:\/\/www.facebook.com\/muzeumtvkastielandrassyovcov","article_published_time":"2022-02-15T20:05:15+00:00","article_modified_time":"2022-02-26T20:47:10+00:00","og_image":[{"width":2048,"height":1536,"url":"https:\/\/www.muzeumtrebisov.sk\/wp-content\/uploads\/2022\/02\/208547459_118987207082057_5223916470792598631_n.jpg","type":"image\/jpeg"}],"twitter_card":"summary_large_image","twitter_misc":{"Szerz\u0151:":"Nikola Radov\u00e1","Becs\u00fclt olvas\u00e1si id\u0151":"2 perc"},"schema":{"@context":"https:\/\/schema.org","@graph":[{"@type":"Organization","@id":"https:\/\/www.muzeumtrebisov.sk\/#organization","name":"M\u00fazeum Trebi\u0161ov - Ka\u0161tie\u013e Andr\u00e1ssyovcov","url":"https:\/\/www.muzeumtrebisov.sk\/","sameAs":["https:\/\/www.facebook.com\/muzeumtvkastielandrassyovcov","https:\/\/www.instagram.com\/muzeumtrebisovkastielandrassy\/","https:\/\/www.youtube.com\/channel\/UCprfZHvPNIxqZ2IHCDwfv1w"],"logo":{"@type":"ImageObject","@id":"https:\/\/www.muzeumtrebisov.sk\/#logo","inLanguage":"hu","url":"https:\/\/www.muzeumtrebisov.sk\/wp-content\/uploads\/2022\/04\/dual-logo-color-hor.png","contentUrl":"https:\/\/www.muzeumtrebisov.sk\/wp-content\/uploads\/2022\/04\/dual-logo-color-hor.png","width":749,"height":140,"caption":"M\u00fazeum Trebi\u0161ov - Ka\u0161tie\u013e Andr\u00e1ssyovcov"},"image":{"@id":"https:\/\/www.muzeumtrebisov.sk\/#logo"}},{"@type":"WebSite","@id":"https:\/\/www.muzeumtrebisov.sk\/#website","url":"https:\/\/www.muzeumtrebisov.sk\/","name":"M\u00fazeum Trebi\u0161ov - Ka\u0161tie\u013e Andr\u00e1ssyovcov","description":"Hist\u00f3ria Andr\u00e1ssyovcov a ju\u017en\u00e9ho Zempl\u00edna","publisher":{"@id":"https:\/\/www.muzeumtrebisov.sk\/#organization"},"potentialAction":[{"@type":"SearchAction","target":{"@type":"EntryPoint","urlTemplate":"https:\/\/www.muzeumtrebisov.sk\/?s={search_term_string}"},"query-input":"required name=search_term_string"}],"inLanguage":"hu"},{"@type":"ImageObject","@id":"https:\/\/www.muzeumtrebisov.sk\/blog\/secesne-klavirne-kridlo-z-roku-1905\/#primaryimage","inLanguage":"hu","url":"https:\/\/www.muzeumtrebisov.sk\/wp-content\/uploads\/2022\/02\/208547459_118987207082057_5223916470792598631_n.jpg","contentUrl":"https:\/\/www.muzeumtrebisov.sk\/wp-content\/uploads\/2022\/02\/208547459_118987207082057_5223916470792598631_n.jpg","width":2048,"height":1536},{"@type":"WebPage","@id":"https:\/\/www.muzeumtrebisov.sk\/blog\/secesne-klavirne-kridlo-z-roku-1905\/#webpage","url":"https:\/\/www.muzeumtrebisov.sk\/blog\/secesne-klavirne-kridlo-z-roku-1905\/","name":"Secesn\u00e9 klav\u00edrne kr\u00eddlo z\u00a0roku 1905 | M\u00fazeum Trebi\u0161ov - Ka\u0161tie\u013e Andr\u00e1ssyovcov","isPartOf":{"@id":"https:\/\/www.muzeumtrebisov.sk\/#website"},"primaryImageOfPage":{"@id":"https:\/\/www.muzeumtrebisov.sk\/blog\/secesne-klavirne-kridlo-z-roku-1905\/#primaryimage"},"datePublished":"2022-02-15T20:05:15+00:00","dateModified":"2022-02-26T20:47:10+00:00","breadcrumb":{"@id":"https:\/\/www.muzeumtrebisov.sk\/blog\/secesne-klavirne-kridlo-z-roku-1905\/#breadcrumb"},"inLanguage":"hu","potentialAction":[{"@type":"ReadAction","target":["https:\/\/www.muzeumtrebisov.sk\/blog\/secesne-klavirne-kridlo-z-roku-1905\/"]}]},{"@type":"BreadcrumbList","@id":"https:\/\/www.muzeumtrebisov.sk\/blog\/secesne-klavirne-kridlo-z-roku-1905\/#breadcrumb","itemListElement":[{"@type":"ListItem","position":1,"name":"Home","item":"https:\/\/www.muzeumtrebisov.sk\/"},{"@type":"ListItem","position":2,"name":"Secesn\u00e9 klav\u00edrne kr\u00eddlo z\u00a0roku 1905"}]},{"@type":"Article","@id":"https:\/\/www.muzeumtrebisov.sk\/blog\/secesne-klavirne-kridlo-z-roku-1905\/#article","isPartOf":{"@id":"https:\/\/www.muzeumtrebisov.sk\/blog\/secesne-klavirne-kridlo-z-roku-1905\/#webpage"},"author":{"@id":"https:\/\/www.muzeumtrebisov.sk\/#\/schema\/person\/498fbdce37ccf4bfc570ecb7682ae4b1"},"headline":"Secesn\u00e9 klav\u00edrne kr\u00eddlo z\u00a0roku 1905","datePublished":"2022-02-15T20:05:15+00:00","dateModified":"2022-02-26T20:47:10+00:00","mainEntityOfPage":{"@id":"https:\/\/www.muzeumtrebisov.sk\/blog\/secesne-klavirne-kridlo-z-roku-1905\/#webpage"},"wordCount":599,"commentCount":0,"publisher":{"@id":"https:\/\/www.muzeumtrebisov.sk\/#organization"},"image":{"@id":"https:\/\/www.muzeumtrebisov.sk\/blog\/secesne-klavirne-kridlo-z-roku-1905\/#primaryimage"},"thumbnailUrl":"https:\/\/www.muzeumtrebisov.sk\/wp-content\/uploads\/2022\/02\/208547459_118987207082057_5223916470792598631_n.jpg","articleSection":["Blog"],"inLanguage":"hu","potentialAction":[{"@type":"CommentAction","name":"Comment","target":["https:\/\/www.muzeumtrebisov.sk\/blog\/secesne-klavirne-kridlo-z-roku-1905\/#respond"]}]},{"@type":"Person","@id":"https:\/\/www.muzeumtrebisov.sk\/#\/schema\/person\/498fbdce37ccf4bfc570ecb7682ae4b1","name":"Nikola Radov\u00e1","image":{"@type":"ImageObject","@id":"https:\/\/www.muzeumtrebisov.sk\/#personlogo","inLanguage":"hu","url":"https:\/\/secure.gravatar.com\/avatar\/a95079a4c17fd6a22f73c945d0e9191f?s=96&d=mm&r=g","contentUrl":"https:\/\/secure.gravatar.com\/avatar\/a95079a4c17fd6a22f73c945d0e9191f?s=96&d=mm&r=g","caption":"Nikola Radov\u00e1"},"url":"https:\/\/www.muzeumtrebisov.sk\/hu\/author\/nikolaradova\/"}]}},"_links":{"self":[{"href":"https:\/\/www.muzeumtrebisov.sk\/hu\/wp-json\/wp\/v2\/posts\/1958"}],"collection":[{"href":"https:\/\/www.muzeumtrebisov.sk\/hu\/wp-json\/wp\/v2\/posts"}],"about":[{"href":"https:\/\/www.muzeumtrebisov.sk\/hu\/wp-json\/wp\/v2\/types\/post"}],"author":[{"embeddable":true,"href":"https:\/\/www.muzeumtrebisov.sk\/hu\/wp-json\/wp\/v2\/users\/2"}],"replies":[{"embeddable":true,"href":"https:\/\/www.muzeumtrebisov.sk\/hu\/wp-json\/wp\/v2\/comments?post=1958"}],"version-history":[{"count":2,"href":"https:\/\/www.muzeumtrebisov.sk\/hu\/wp-json\/wp\/v2\/posts\/1958\/revisions"}],"predecessor-version":[{"id":1961,"href":"https:\/\/www.muzeumtrebisov.sk\/hu\/wp-json\/wp\/v2\/posts\/1958\/revisions\/1961"}],"wp:featuredmedia":[{"embeddable":true,"href":"https:\/\/www.muzeumtrebisov.sk\/hu\/wp-json\/wp\/v2\/media\/1959"}],"wp:attachment":[{"href":"https:\/\/www.muzeumtrebisov.sk\/hu\/wp-json\/wp\/v2\/media?parent=1958"}],"wp:term":[{"taxonomy":"category","embeddable":true,"href":"https:\/\/www.muzeumtrebisov.sk\/hu\/wp-json\/wp\/v2\/categories?post=1958"},{"taxonomy":"post_tag","embeddable":true,"href":"https:\/\/www.muzeumtrebisov.sk\/hu\/wp-json\/wp\/v2\/tags?post=1958"}],"curies":[{"name":"wp","href":"https:\/\/api.w.org\/{rel}","templated":true}]}}