{"id":103,"date":"2022-02-17T08:36:17","date_gmt":"2022-02-17T07:36:17","guid":{"rendered":"http:\/\/el.commonsupport.com\/newwp\/egypt\/?p=103"},"modified":"2022-02-18T08:47:23","modified_gmt":"2022-02-18T07:47:23","slug":"zapojte-sa-do-sutaze-slovom-a-obrazom","status":"publish","type":"post","link":"https:\/\/www.muzeumtrebisov.sk\/hu\/spravy\/zapojte-sa-do-sutaze-slovom-a-obrazom\/","title":{"rendered":"Zapojte sa do s\u00fa\u0165a\u017ee slovom a obrazom"},"content":{"rendered":"<section class=\"kc-elm kc-css-261252 kc_row\"><div class=\"kc-row-container  kc-container\"><div class=\"kc-wrap-columns\"><div class=\"kc-elm kc-css-856048 kc_col-sm-12 kc_column kc_col-sm-12\"><div class=\"kc-col-container\"><div class=\"kc-elm kc-css-435305 kc_text_block\"><\/p>\n<p>Centrum kult\u00fary Ko\u0161ick\u00e9ho kraja, kult\u00farne zariadenie Ko\u0161ick\u00e9ho samospr\u00e1vneho kraja, je organiz\u00e1torom s\u00fa\u0165a\u017ee talentov Ko\u0161ick\u00e9ho kraja v oblasti vizu\u00e1lneho umenia a liter\u00e1rnej tvorby pod n\u00e1zvom SLOVOM a OBRAZOM.<\/p>\n<p>Obraciame sa na v\u00e1s s prosbou o zapojenie do s\u00fa\u0165a\u017ee va\u0161ich \u0161tudentov, \u010dlenov klubov, kr\u00fa\u017ekov, ale aj v\u0161etk\u00fdch talentovan\u00fdch autorov so z\u00e1ujmom o tvorbu po\u00e9zie, fotografick\u00fdch aj v\u00fdtvarn\u00fdch diel. S\u00fa\u0165a\u017e je rozdelen\u00e1 do dvoch kateg\u00f3rii Po\u00e9zia \u2013 ur\u010den\u00e1 pre stredo\u0161kol\u00e1kov a vysoko\u0161kol\u00e1kov od 15 do 25 rokov, dospel\u00ed nad 25 rokov a Vizu\u00e1lna tvorba \u2013 fotografia \u2013 ilustr\u00e1cia k po\u00e9zi\u00ed, v\u00fdtvarn\u00e9 dielo \u2013 ilustr\u00e1cia k po\u00e9zii. \u00da\u010das\u0165 autorov vo vizu\u00e1lnej tvorbe je podmienen\u00e1 dolnou vekovou hranicou 15 rokov, horn\u00e1 je bez obmedzen\u00ed.<\/p>\n<p>S\u00fa\u0165a\u017eiaci pre liter\u00e1rnu tvorbu a vizu\u00e1lnu tvorbu sa prihlasuj\u00fa elektronicky, vyplnen\u00edm formul\u00e1ra na str\u00e1nke Centra kult\u00fary Ko\u0161ick\u00e9ho kraja. Uz\u00e1vierka s\u00fa\u0165a\u017ee liter\u00e1rnej tvorby je 15.5.2022. S\u00fa\u0165a\u017en\u00e9 pr\u00e1ce bude hodnoti\u0165 odborn\u00e1 porota.<\/p>\n<p>Naj\u00faspe\u0161nej\u0161ie b\u00e1snick\u00e9 diela, ktor\u00e9 navrhla porota na ocenenie, bud\u00fa zverejnen\u00e9 na web str\u00e1nke organiz\u00e1tora do 9.6.2022, kde k nim fotografi a v\u00fdtvarn\u00edci bud\u00fa m\u00f4c\u0165 priradi\u0165 svoje ilustr\u00e1cie najnesk\u00f4r do 9.9.2022.<\/p>\n<p>Po vyhodnoten\u00ed druhej \u010dasti s\u00fa\u0165a\u017ee Vizu\u00e1lna tvorba :<\/p>\n<ul>\n<li>a \/ vyd\u00e1 organiz\u00e1tor ocenen\u00fa TOP po\u00e9ziu s ocenen\u00fdmi TOP ilustr\u00e1ciami v zborn\u00edku<\/li>\n<li>b \/ odprezentuje diela elektronicky v online priestore<\/li>\n<li>c \/ odprezentuje liter\u00e1rne aj vizu\u00e1lne diela v tla\u010denej forme, z ktor\u00fdch organiz\u00e1tor priprav\u00ed putovn\u00fa v\u00fdstavu v r\u00e1mci Ko\u0161ick\u00e9ho kraja<\/li>\n<\/ul>\n<p>Autori, ktor\u00ed sa do s\u00fa\u0165a\u017ee zapoja, bud\u00fa pozvan\u00ed na z\u00e1vere\u010dn\u00e9 vyhodnotenie a sl\u00e1vnostn\u00e9 odovzd\u00e1vanie cien.<\/p>\n<p>Propoz\u00edcie si m\u00f4\u017eete pre\u010d\u00edta\u0165 tu:<br \/><a href=\"https:\/\/www.ckkk.sk\/wp-content\/uploads\/Propozicie-SLOVOM-a-OBRAZOM-1.pdf\">https:\/\/www.ckkk.sk\/wp-content\/uploads\/Propozicie-SLOVOM-a-OBRAZOM-1.pdf<\/a>\u00a0<\/p>\n<p>Link na elektronick\u00e9 prihl\u00e1senie sa do s\u00fa\u0165a\u017ee:<br \/><a href=\"https:\/\/airtable.com\/shr0qgDqUrHdcAABg\">https:\/\/airtable.com\/shr0qgDqUrHdcAABg<\/a>\u00a0<\/p>\n<div class=\"blog-details__gallery\">\n<div class=\"row low-gutter masonry-layout\">\n<div class=\"col-lg-5 masonry-item\">\u00a0<\/div>\n<div class=\"col-lg-7 masonry-item\">\u00a0<\/div>\n<div class=\"col-lg-12 masonry-item\"><img loading=\"lazy\" class=\"alignnone size-full\" src=\"https:\/\/www.muzeumtrebisov.sk\/wp-content\/uploads\/2020\/01\/274309799_257915686522541_5248956144548458180_n.jpg\" alt=\"\" width=\"1200\" height=\"628\" \/><\/div>\n<\/div>\n<\/div>\n<p>\n<\/div><\/div><\/div><\/div><\/div><\/section>","protected":false},"excerpt":{"rendered":"","protected":false},"author":1,"featured_media":1207,"comment_status":"open","ping_status":"open","sticky":false,"template":"","format":"standard","meta":{"om_disable_all_campaigns":false,"_vp_format_video_url":"","_vp_image_focal_point":[]},"categories":[19],"tags":[],"aioseo_notices":[],"yoast_head":"<!-- This site is optimized with the Yoast SEO plugin v18.5.1 - https:\/\/yoast.com\/wordpress\/plugins\/seo\/ -->\n<title>Zapojte sa do s\u00fa\u0165a\u017ee slovom a obrazom | M\u00fazeum Trebi\u0161ov - Ka\u0161tie\u013e Andr\u00e1ssyovcov<\/title>\n<meta name=\"robots\" content=\"index, follow, max-snippet:-1, max-image-preview:large, max-video-preview:-1\" \/>\n<link rel=\"canonical\" href=\"https:\/\/www.muzeumtrebisov.sk\/hu\/spravy\/zapojte-sa-do-sutaze-slovom-a-obrazom\/\" \/>\n<meta property=\"og:locale\" content=\"hu_HU\" \/>\n<meta property=\"og:type\" content=\"article\" \/>\n<meta property=\"og:title\" content=\"Zapojte sa do s\u00fa\u0165a\u017ee slovom a obrazom | M\u00fazeum Trebi\u0161ov - Ka\u0161tie\u013e Andr\u00e1ssyovcov\" \/>\n<meta property=\"og:description\" content=\"Centrum kult\u00fary Ko\u0161ick\u00e9ho kraja, kult\u00farne zariadenie Ko\u0161ick\u00e9ho samospr\u00e1vneho kraja, je organiz\u00e1torom s\u00fa\u0165a\u017ee talentov Ko\u0161ick\u00e9ho kraja v oblasti vizu\u00e1lneho umenia a liter\u00e1rnej tvorby pod n\u00e1zvom SLOVOM a OBRAZOM. Obraciame sa na v\u00e1s s prosbou o zapojenie do s\u00fa\u0165a\u017ee va\u0161ich \u0161tudentov, \u010dlenov klubov, kr\u00fa\u017ekov, ale aj v\u0161etk\u00fdch talentovan\u00fdch autorov so z\u00e1ujmom o tvorbu po\u00e9zie, fotografick\u00fdch aj v\u00fdtvarn\u00fdch\" \/>\n<meta property=\"og:url\" content=\"https:\/\/www.muzeumtrebisov.sk\/hu\/spravy\/zapojte-sa-do-sutaze-slovom-a-obrazom\/\" \/>\n<meta property=\"og:site_name\" content=\"M\u00fazeum Trebi\u0161ov - Ka\u0161tie\u013e Andr\u00e1ssyovcov\" \/>\n<meta property=\"article:publisher\" content=\"https:\/\/www.facebook.com\/muzeumtvkastielandrassyovcov\" \/>\n<meta property=\"article:published_time\" content=\"2022-02-17T07:36:17+00:00\" \/>\n<meta property=\"article:modified_time\" content=\"2022-02-18T07:47:23+00:00\" \/>\n<meta property=\"og:image\" content=\"https:\/\/www.muzeumtrebisov.sk\/wp-content\/uploads\/2020\/01\/274309799_257915686522541_5248956144548458180_n.jpg\" \/>\n\t<meta property=\"og:image:width\" content=\"1200\" \/>\n\t<meta property=\"og:image:height\" content=\"628\" \/>\n\t<meta property=\"og:image:type\" content=\"image\/jpeg\" \/>\n<meta name=\"twitter:card\" content=\"summary_large_image\" \/>\n<meta name=\"twitter:label1\" content=\"Szerz\u0151:\" \/>\n\t<meta name=\"twitter:data1\" content=\"muzeumtvadmin\" \/>\n\t<meta name=\"twitter:label2\" content=\"Becs\u00fclt olvas\u00e1si id\u0151\" \/>\n\t<meta name=\"twitter:data2\" content=\"2 perc\" \/>\n<script type=\"application\/ld+json\" class=\"yoast-schema-graph\">{\"@context\":\"https:\/\/schema.org\",\"@graph\":[{\"@type\":\"Organization\",\"@id\":\"https:\/\/www.muzeumtrebisov.sk\/#organization\",\"name\":\"M\u00fazeum Trebi\u0161ov - Ka\u0161tie\u013e Andr\u00e1ssyovcov\",\"url\":\"https:\/\/www.muzeumtrebisov.sk\/\",\"sameAs\":[\"https:\/\/www.facebook.com\/muzeumtvkastielandrassyovcov\",\"https:\/\/www.instagram.com\/muzeumtrebisovkastielandrassy\/\",\"https:\/\/www.youtube.com\/channel\/UCprfZHvPNIxqZ2IHCDwfv1w\"],\"logo\":{\"@type\":\"ImageObject\",\"@id\":\"https:\/\/www.muzeumtrebisov.sk\/#logo\",\"inLanguage\":\"hu\",\"url\":\"https:\/\/www.muzeumtrebisov.sk\/wp-content\/uploads\/2022\/04\/dual-logo-color-hor.png\",\"contentUrl\":\"https:\/\/www.muzeumtrebisov.sk\/wp-content\/uploads\/2022\/04\/dual-logo-color-hor.png\",\"width\":749,\"height\":140,\"caption\":\"M\u00fazeum Trebi\u0161ov - Ka\u0161tie\u013e Andr\u00e1ssyovcov\"},\"image\":{\"@id\":\"https:\/\/www.muzeumtrebisov.sk\/#logo\"}},{\"@type\":\"WebSite\",\"@id\":\"https:\/\/www.muzeumtrebisov.sk\/#website\",\"url\":\"https:\/\/www.muzeumtrebisov.sk\/\",\"name\":\"M\u00fazeum Trebi\u0161ov - Ka\u0161tie\u013e Andr\u00e1ssyovcov\",\"description\":\"Hist\u00f3ria Andr\u00e1ssyovcov a ju\u017en\u00e9ho Zempl\u00edna\",\"publisher\":{\"@id\":\"https:\/\/www.muzeumtrebisov.sk\/#organization\"},\"potentialAction\":[{\"@type\":\"SearchAction\",\"target\":{\"@type\":\"EntryPoint\",\"urlTemplate\":\"https:\/\/www.muzeumtrebisov.sk\/?s={search_term_string}\"},\"query-input\":\"required name=search_term_string\"}],\"inLanguage\":\"hu\"},{\"@type\":\"ImageObject\",\"@id\":\"https:\/\/www.muzeumtrebisov.sk\/spravy\/zapojte-sa-do-sutaze-slovom-a-obrazom\/#primaryimage\",\"inLanguage\":\"hu\",\"url\":\"https:\/\/www.muzeumtrebisov.sk\/wp-content\/uploads\/2020\/01\/274309799_257915686522541_5248956144548458180_n.jpg\",\"contentUrl\":\"https:\/\/www.muzeumtrebisov.sk\/wp-content\/uploads\/2020\/01\/274309799_257915686522541_5248956144548458180_n.jpg\",\"width\":1200,\"height\":628},{\"@type\":\"WebPage\",\"@id\":\"https:\/\/www.muzeumtrebisov.sk\/spravy\/zapojte-sa-do-sutaze-slovom-a-obrazom\/#webpage\",\"url\":\"https:\/\/www.muzeumtrebisov.sk\/spravy\/zapojte-sa-do-sutaze-slovom-a-obrazom\/\",\"name\":\"Zapojte sa do s\u00fa\u0165a\u017ee slovom a obrazom | M\u00fazeum Trebi\u0161ov - Ka\u0161tie\u013e Andr\u00e1ssyovcov\",\"isPartOf\":{\"@id\":\"https:\/\/www.muzeumtrebisov.sk\/#website\"},\"primaryImageOfPage\":{\"@id\":\"https:\/\/www.muzeumtrebisov.sk\/spravy\/zapojte-sa-do-sutaze-slovom-a-obrazom\/#primaryimage\"},\"datePublished\":\"2022-02-17T07:36:17+00:00\",\"dateModified\":\"2022-02-18T07:47:23+00:00\",\"breadcrumb\":{\"@id\":\"https:\/\/www.muzeumtrebisov.sk\/spravy\/zapojte-sa-do-sutaze-slovom-a-obrazom\/#breadcrumb\"},\"inLanguage\":\"hu\",\"potentialAction\":[{\"@type\":\"ReadAction\",\"target\":[\"https:\/\/www.muzeumtrebisov.sk\/spravy\/zapojte-sa-do-sutaze-slovom-a-obrazom\/\"]}]},{\"@type\":\"BreadcrumbList\",\"@id\":\"https:\/\/www.muzeumtrebisov.sk\/spravy\/zapojte-sa-do-sutaze-slovom-a-obrazom\/#breadcrumb\",\"itemListElement\":[{\"@type\":\"ListItem\",\"position\":1,\"name\":\"Home\",\"item\":\"https:\/\/www.muzeumtrebisov.sk\/\"},{\"@type\":\"ListItem\",\"position\":2,\"name\":\"Zapojte sa do s\u00fa\u0165a\u017ee slovom a obrazom\"}]},{\"@type\":\"Article\",\"@id\":\"https:\/\/www.muzeumtrebisov.sk\/spravy\/zapojte-sa-do-sutaze-slovom-a-obrazom\/#article\",\"isPartOf\":{\"@id\":\"https:\/\/www.muzeumtrebisov.sk\/spravy\/zapojte-sa-do-sutaze-slovom-a-obrazom\/#webpage\"},\"author\":{\"@id\":\"https:\/\/www.muzeumtrebisov.sk\/#\/schema\/person\/e020f4c0852b191613d063438d60ae6b\"},\"headline\":\"Zapojte sa do s\u00fa\u0165a\u017ee slovom a obrazom\",\"datePublished\":\"2022-02-17T07:36:17+00:00\",\"dateModified\":\"2022-02-18T07:47:23+00:00\",\"mainEntityOfPage\":{\"@id\":\"https:\/\/www.muzeumtrebisov.sk\/spravy\/zapojte-sa-do-sutaze-slovom-a-obrazom\/#webpage\"},\"wordCount\":352,\"commentCount\":0,\"publisher\":{\"@id\":\"https:\/\/www.muzeumtrebisov.sk\/#organization\"},\"image\":{\"@id\":\"https:\/\/www.muzeumtrebisov.sk\/spravy\/zapojte-sa-do-sutaze-slovom-a-obrazom\/#primaryimage\"},\"thumbnailUrl\":\"https:\/\/www.muzeumtrebisov.sk\/wp-content\/uploads\/2020\/01\/274309799_257915686522541_5248956144548458180_n.jpg\",\"articleSection\":[\"Spr\u00e1vy\"],\"inLanguage\":\"hu\",\"potentialAction\":[{\"@type\":\"CommentAction\",\"name\":\"Comment\",\"target\":[\"https:\/\/www.muzeumtrebisov.sk\/spravy\/zapojte-sa-do-sutaze-slovom-a-obrazom\/#respond\"]}]},{\"@type\":\"Person\",\"@id\":\"https:\/\/www.muzeumtrebisov.sk\/#\/schema\/person\/e020f4c0852b191613d063438d60ae6b\",\"name\":\"muzeumtvadmin\",\"image\":{\"@type\":\"ImageObject\",\"@id\":\"https:\/\/www.muzeumtrebisov.sk\/#personlogo\",\"inLanguage\":\"hu\",\"url\":\"https:\/\/secure.gravatar.com\/avatar\/115030f8384675efad0cc99183d7cd51?s=96&d=mm&r=g\",\"contentUrl\":\"https:\/\/secure.gravatar.com\/avatar\/115030f8384675efad0cc99183d7cd51?s=96&d=mm&r=g\",\"caption\":\"muzeumtvadmin\"},\"sameAs\":[\"https:\/\/www.muzeumtrebisov.sk\"],\"url\":\"https:\/\/www.muzeumtrebisov.sk\/hu\/author\/muzeumtvadmin\/\"}]}<\/script>\n<!-- \/ Yoast SEO plugin. -->","yoast_head_json":{"title":"Zapojte sa do s\u00fa\u0165a\u017ee slovom a obrazom | M\u00fazeum Trebi\u0161ov - Ka\u0161tie\u013e Andr\u00e1ssyovcov","robots":{"index":"index","follow":"follow","max-snippet":"max-snippet:-1","max-image-preview":"max-image-preview:large","max-video-preview":"max-video-preview:-1"},"canonical":"https:\/\/www.muzeumtrebisov.sk\/hu\/spravy\/zapojte-sa-do-sutaze-slovom-a-obrazom\/","og_locale":"hu_HU","og_type":"article","og_title":"Zapojte sa do s\u00fa\u0165a\u017ee slovom a obrazom | M\u00fazeum Trebi\u0161ov - Ka\u0161tie\u013e Andr\u00e1ssyovcov","og_description":"Centrum kult\u00fary Ko\u0161ick\u00e9ho kraja, kult\u00farne zariadenie Ko\u0161ick\u00e9ho samospr\u00e1vneho kraja, je organiz\u00e1torom s\u00fa\u0165a\u017ee talentov Ko\u0161ick\u00e9ho kraja v oblasti vizu\u00e1lneho umenia a liter\u00e1rnej tvorby pod n\u00e1zvom SLOVOM a OBRAZOM. Obraciame sa na v\u00e1s s prosbou o zapojenie do s\u00fa\u0165a\u017ee va\u0161ich \u0161tudentov, \u010dlenov klubov, kr\u00fa\u017ekov, ale aj v\u0161etk\u00fdch talentovan\u00fdch autorov so z\u00e1ujmom o tvorbu po\u00e9zie, fotografick\u00fdch aj v\u00fdtvarn\u00fdch","og_url":"https:\/\/www.muzeumtrebisov.sk\/hu\/spravy\/zapojte-sa-do-sutaze-slovom-a-obrazom\/","og_site_name":"M\u00fazeum Trebi\u0161ov - Ka\u0161tie\u013e Andr\u00e1ssyovcov","article_publisher":"https:\/\/www.facebook.com\/muzeumtvkastielandrassyovcov","article_published_time":"2022-02-17T07:36:17+00:00","article_modified_time":"2022-02-18T07:47:23+00:00","og_image":[{"width":1200,"height":628,"url":"https:\/\/www.muzeumtrebisov.sk\/wp-content\/uploads\/2020\/01\/274309799_257915686522541_5248956144548458180_n.jpg","type":"image\/jpeg"}],"twitter_card":"summary_large_image","twitter_misc":{"Szerz\u0151:":"muzeumtvadmin","Becs\u00fclt olvas\u00e1si id\u0151":"2 perc"},"schema":{"@context":"https:\/\/schema.org","@graph":[{"@type":"Organization","@id":"https:\/\/www.muzeumtrebisov.sk\/#organization","name":"M\u00fazeum Trebi\u0161ov - Ka\u0161tie\u013e Andr\u00e1ssyovcov","url":"https:\/\/www.muzeumtrebisov.sk\/","sameAs":["https:\/\/www.facebook.com\/muzeumtvkastielandrassyovcov","https:\/\/www.instagram.com\/muzeumtrebisovkastielandrassy\/","https:\/\/www.youtube.com\/channel\/UCprfZHvPNIxqZ2IHCDwfv1w"],"logo":{"@type":"ImageObject","@id":"https:\/\/www.muzeumtrebisov.sk\/#logo","inLanguage":"hu","url":"https:\/\/www.muzeumtrebisov.sk\/wp-content\/uploads\/2022\/04\/dual-logo-color-hor.png","contentUrl":"https:\/\/www.muzeumtrebisov.sk\/wp-content\/uploads\/2022\/04\/dual-logo-color-hor.png","width":749,"height":140,"caption":"M\u00fazeum Trebi\u0161ov - Ka\u0161tie\u013e Andr\u00e1ssyovcov"},"image":{"@id":"https:\/\/www.muzeumtrebisov.sk\/#logo"}},{"@type":"WebSite","@id":"https:\/\/www.muzeumtrebisov.sk\/#website","url":"https:\/\/www.muzeumtrebisov.sk\/","name":"M\u00fazeum Trebi\u0161ov - Ka\u0161tie\u013e Andr\u00e1ssyovcov","description":"Hist\u00f3ria Andr\u00e1ssyovcov a ju\u017en\u00e9ho Zempl\u00edna","publisher":{"@id":"https:\/\/www.muzeumtrebisov.sk\/#organization"},"potentialAction":[{"@type":"SearchAction","target":{"@type":"EntryPoint","urlTemplate":"https:\/\/www.muzeumtrebisov.sk\/?s={search_term_string}"},"query-input":"required name=search_term_string"}],"inLanguage":"hu"},{"@type":"ImageObject","@id":"https:\/\/www.muzeumtrebisov.sk\/spravy\/zapojte-sa-do-sutaze-slovom-a-obrazom\/#primaryimage","inLanguage":"hu","url":"https:\/\/www.muzeumtrebisov.sk\/wp-content\/uploads\/2020\/01\/274309799_257915686522541_5248956144548458180_n.jpg","contentUrl":"https:\/\/www.muzeumtrebisov.sk\/wp-content\/uploads\/2020\/01\/274309799_257915686522541_5248956144548458180_n.jpg","width":1200,"height":628},{"@type":"WebPage","@id":"https:\/\/www.muzeumtrebisov.sk\/spravy\/zapojte-sa-do-sutaze-slovom-a-obrazom\/#webpage","url":"https:\/\/www.muzeumtrebisov.sk\/spravy\/zapojte-sa-do-sutaze-slovom-a-obrazom\/","name":"Zapojte sa do s\u00fa\u0165a\u017ee slovom a obrazom | M\u00fazeum Trebi\u0161ov - Ka\u0161tie\u013e Andr\u00e1ssyovcov","isPartOf":{"@id":"https:\/\/www.muzeumtrebisov.sk\/#website"},"primaryImageOfPage":{"@id":"https:\/\/www.muzeumtrebisov.sk\/spravy\/zapojte-sa-do-sutaze-slovom-a-obrazom\/#primaryimage"},"datePublished":"2022-02-17T07:36:17+00:00","dateModified":"2022-02-18T07:47:23+00:00","breadcrumb":{"@id":"https:\/\/www.muzeumtrebisov.sk\/spravy\/zapojte-sa-do-sutaze-slovom-a-obrazom\/#breadcrumb"},"inLanguage":"hu","potentialAction":[{"@type":"ReadAction","target":["https:\/\/www.muzeumtrebisov.sk\/spravy\/zapojte-sa-do-sutaze-slovom-a-obrazom\/"]}]},{"@type":"BreadcrumbList","@id":"https:\/\/www.muzeumtrebisov.sk\/spravy\/zapojte-sa-do-sutaze-slovom-a-obrazom\/#breadcrumb","itemListElement":[{"@type":"ListItem","position":1,"name":"Home","item":"https:\/\/www.muzeumtrebisov.sk\/"},{"@type":"ListItem","position":2,"name":"Zapojte sa do s\u00fa\u0165a\u017ee slovom a obrazom"}]},{"@type":"Article","@id":"https:\/\/www.muzeumtrebisov.sk\/spravy\/zapojte-sa-do-sutaze-slovom-a-obrazom\/#article","isPartOf":{"@id":"https:\/\/www.muzeumtrebisov.sk\/spravy\/zapojte-sa-do-sutaze-slovom-a-obrazom\/#webpage"},"author":{"@id":"https:\/\/www.muzeumtrebisov.sk\/#\/schema\/person\/e020f4c0852b191613d063438d60ae6b"},"headline":"Zapojte sa do s\u00fa\u0165a\u017ee slovom a obrazom","datePublished":"2022-02-17T07:36:17+00:00","dateModified":"2022-02-18T07:47:23+00:00","mainEntityOfPage":{"@id":"https:\/\/www.muzeumtrebisov.sk\/spravy\/zapojte-sa-do-sutaze-slovom-a-obrazom\/#webpage"},"wordCount":352,"commentCount":0,"publisher":{"@id":"https:\/\/www.muzeumtrebisov.sk\/#organization"},"image":{"@id":"https:\/\/www.muzeumtrebisov.sk\/spravy\/zapojte-sa-do-sutaze-slovom-a-obrazom\/#primaryimage"},"thumbnailUrl":"https:\/\/www.muzeumtrebisov.sk\/wp-content\/uploads\/2020\/01\/274309799_257915686522541_5248956144548458180_n.jpg","articleSection":["Spr\u00e1vy"],"inLanguage":"hu","potentialAction":[{"@type":"CommentAction","name":"Comment","target":["https:\/\/www.muzeumtrebisov.sk\/spravy\/zapojte-sa-do-sutaze-slovom-a-obrazom\/#respond"]}]},{"@type":"Person","@id":"https:\/\/www.muzeumtrebisov.sk\/#\/schema\/person\/e020f4c0852b191613d063438d60ae6b","name":"muzeumtvadmin","image":{"@type":"ImageObject","@id":"https:\/\/www.muzeumtrebisov.sk\/#personlogo","inLanguage":"hu","url":"https:\/\/secure.gravatar.com\/avatar\/115030f8384675efad0cc99183d7cd51?s=96&d=mm&r=g","contentUrl":"https:\/\/secure.gravatar.com\/avatar\/115030f8384675efad0cc99183d7cd51?s=96&d=mm&r=g","caption":"muzeumtvadmin"},"sameAs":["https:\/\/www.muzeumtrebisov.sk"],"url":"https:\/\/www.muzeumtrebisov.sk\/hu\/author\/muzeumtvadmin\/"}]}},"_links":{"self":[{"href":"https:\/\/www.muzeumtrebisov.sk\/hu\/wp-json\/wp\/v2\/posts\/103"}],"collection":[{"href":"https:\/\/www.muzeumtrebisov.sk\/hu\/wp-json\/wp\/v2\/posts"}],"about":[{"href":"https:\/\/www.muzeumtrebisov.sk\/hu\/wp-json\/wp\/v2\/types\/post"}],"author":[{"embeddable":true,"href":"https:\/\/www.muzeumtrebisov.sk\/hu\/wp-json\/wp\/v2\/users\/1"}],"replies":[{"embeddable":true,"href":"https:\/\/www.muzeumtrebisov.sk\/hu\/wp-json\/wp\/v2\/comments?post=103"}],"version-history":[{"count":6,"href":"https:\/\/www.muzeumtrebisov.sk\/hu\/wp-json\/wp\/v2\/posts\/103\/revisions"}],"predecessor-version":[{"id":1214,"href":"https:\/\/www.muzeumtrebisov.sk\/hu\/wp-json\/wp\/v2\/posts\/103\/revisions\/1214"}],"wp:featuredmedia":[{"embeddable":true,"href":"https:\/\/www.muzeumtrebisov.sk\/hu\/wp-json\/wp\/v2\/media\/1207"}],"wp:attachment":[{"href":"https:\/\/www.muzeumtrebisov.sk\/hu\/wp-json\/wp\/v2\/media?parent=103"}],"wp:term":[{"taxonomy":"category","embeddable":true,"href":"https:\/\/www.muzeumtrebisov.sk\/hu\/wp-json\/wp\/v2\/categories?post=103"},{"taxonomy":"post_tag","embeddable":true,"href":"https:\/\/www.muzeumtrebisov.sk\/hu\/wp-json\/wp\/v2\/tags?post=103"}],"curies":[{"name":"wp","href":"https:\/\/api.w.org\/{rel}","templated":true}]}}